{"id":8775,"date":"2023-01-30T14:15:00","date_gmt":"2023-01-30T20:15:00","guid":{"rendered":"http:\/\/10.103.20.84\/?p=8775"},"modified":"2023-03-24T13:24:32","modified_gmt":"2023-03-24T19:24:32","slug":"el-salvador-oirsa-y-mag-realizan-gira-de-campo-para-reforzar-prevencion-ante-influenza-aviar","status":"publish","type":"post","link":"https:\/\/web.oirsa.org\/en\/archivos\/8775","title":{"rendered":"El Salvador: OIRSA y MAG realizan gira de campo para reforzar prevenci\u00f3n ante influenza aviar"},"content":{"rendered":"<p class=\"wp-block-paragraph\"><em>Como parte de la gira de trabajo se eval\u00faa la vigilancia, la caracterizaci\u00f3n general de la avicultura local y las normativas del sector av\u00edcola del pa\u00eds.<\/em><\/p>\n\n\n\n<p class=\"wp-block-paragraph\">En el norte del departamento de Santa Ana, t\u00e9cnicos del OIRSA y el Ministerio de Agricultura y Ganader\u00eda (MAG) realizaron una gira de campo para evaluar la bioseguridad de las explotaciones av\u00edcolas en la zona y reforzar la vigilancia ante enfermedades av\u00edcolas. La actividad se realiz\u00f3 el 8 de diciembre de 2022.<\/p>\n\n\n\n<p class=\"wp-block-paragraph\">La gira fue parte del acompa\u00f1amiento del OIRSA al Programa Av\u00edcola del MAG. Durante la visita al occidente del pa\u00eds se pudo evaluar las poblaciones av\u00edcolas de traspatio, para avanzar en el dise\u00f1o de una estrategia de sensibilizaci\u00f3n de las comunidades ante enfermedades como la influenza aviar.<\/p>\n\n\n\n<figure class=\"wp-block-embed is-type-rich is-provider-twitter wp-block-embed-twitter\"><div class=\"wp-block-embed__wrapper\">\n<blockquote class=\"twitter-tweet\" data-width=\"525\" data-dnt=\"true\"><p lang=\"es\" dir=\"ltr\">Junto con <a href=\"https:\/\/twitter.com\/OIRSAoficial?ref_src=twsrc%5Etfw\">@OIRSAoficial<\/a> trabajamos para evitar que el virus de la influenza aviar llegue a nuestro pa\u00eds, por eso hacemos el llamado a todos los productores para que notifiquen cualquier anomal\u00eda en sus animales. Entra en el enlace: <a href=\"https:\/\/t.co\/MPqMQERTJP\">https:\/\/t.co\/MPqMQERTJP<\/a>. <a href=\"https:\/\/t.co\/QWJhucGRYk\">pic.twitter.com\/QWJhucGRYk<\/a><\/p>\u2014 Ministerio de Agricultura y Ganader\u00eda ?? (@AgriculturaSV) <a href=\"https:\/\/twitter.com\/AgriculturaSV\/status\/1638270000057450497?ref_src=twsrc%5Etfw\">March 21, 2023<\/a><\/blockquote><script async src=\"https:\/\/platform.twitter.com\/widgets.js\" charset=\"utf-8\"><\/script>\n<\/div><\/figure>\n\n\n\n<p class=\"wp-block-paragraph\">El objetivo del OIRSA es fortalecer capacidades y promover una mayor vigilancia para una respuesta r\u00e1pida en caso de presentarse la enfermedad, considerando la alerta en la regi\u00f3n ante la influenza aviar de alta patogenicidad. El coordinador regional de Sanidad Av\u00edcola del OIRSA, Carlos Moreno, y la oficial de Salud Animal del Organismo en El Salvador, Karina Maza, fueron parte de la gira de campo.<\/p>\n\n\n\n<p class=\"wp-block-paragraph\">Como producto de la misi\u00f3n se inici\u00f3 la elaboraci\u00f3n de una propuesta t\u00e9cnica de vigilancia sanitaria focalizada a las zonas de riesgo, y que tambi\u00e9n incluye la preparaci\u00f3n de la estrategia de divulgaci\u00f3n, la integraci\u00f3n de los actores estrat\u00e9gicos e identificaci\u00f3n de oportunidades de mejoras operativas y t\u00e9cnicas en el programa av\u00edcola de El Salvador.<\/p>","protected":false},"excerpt":{"rendered":"<p>Como parte de la gira de trabajo se eval\u00faa la vigilancia, la caracterizaci\u00f3n general de la avicultura local y las [&hellip;]<\/p>\n","protected":false},"author":213237738,"featured_media":9580,"comment_status":"closed","ping_status":"open","sticky":false,"template":"","format":"standard","meta":{"_coblocks_attr":"","_coblocks_dimensions":"","_coblocks_responsive_height":"","_coblocks_accordion_ie_support":"","_crdt_document":"","_jetpack_memberships_contains_paid_content":false,"footnotes":""},"categories":[121903],"tags":[121942,121954,121939],"class_list":["post-8775","post","type-post","status-publish","format-standard","has-post-thumbnail","hentry","category-noticias","tag-el-salvador","tag-influenza-aviar","tag-salud-animal"],"yoast_head":"<!-- This site is optimized with the Yoast SEO plugin v27.5 - https:\/\/yoast.com\/product\/yoast-seo-wordpress\/ -->\n<title>El Salvador: OIRSA y MAG realizan gira de campo para reforzar prevenci\u00f3n ante influenza aviar - OIRSA<\/title>\n<meta name=\"description\" content=\"Como parte de la gira de trabajo se eval\u00faa la vigilancia, la caracterizaci\u00f3n general de la avicultura local y las normativas del sector av\u00edcola del pa\u00eds.\" \/>\n<meta name=\"robots\" content=\"index, follow, max-snippet:-1, max-image-preview:large, max-video-preview:-1\" \/>\n<link rel=\"canonical\" href=\"https:\/\/web.oirsa.org\/en\/archivos\/8775\/\" \/>\n<meta property=\"og:locale\" content=\"en_US\" \/>\n<meta property=\"og:type\" content=\"article\" \/>\n<meta property=\"og:title\" content=\"El Salvador: OIRSA y MAG realizan gira de campo para reforzar prevenci\u00f3n ante influenza aviar - OIRSA\" \/>\n<meta property=\"og:description\" content=\"Como parte de la gira de trabajo se eval\u00faa la vigilancia, la caracterizaci\u00f3n general de la avicultura local y las normativas del sector av\u00edcola del pa\u00eds.\" \/>\n<meta property=\"og:url\" content=\"https:\/\/web.oirsa.org\/en\/archivos\/8775\/\" \/>\n<meta property=\"og:site_name\" content=\"OIRSA\" \/>\n<meta property=\"article:publisher\" content=\"https:\/\/www.facebook.com\/OIRSAoficial\" \/>\n<meta property=\"article:published_time\" content=\"2023-01-30T20:15:00+00:00\" \/>\n<meta property=\"article:modified_time\" content=\"2023-03-24T19:24:32+00:00\" \/>\n<meta property=\"og:image\" content=\"https:\/\/i0.wp.com\/web.oirsa.org\/wp-content\/uploads\/2023\/01\/Metapan-web.jpg?fit=1200%2C675&ssl=1\" \/>\n\t<meta property=\"og:image:width\" content=\"1200\" \/>\n\t<meta property=\"og:image:height\" content=\"675\" \/>\n\t<meta property=\"og:image:type\" content=\"image\/jpeg\" \/>\n<meta name=\"author\" content=\"sigfredoramirez\" \/>\n<meta name=\"twitter:card\" content=\"summary_large_image\" \/>\n<meta name=\"twitter:creator\" content=\"@OIRSAoficial\" \/>\n<meta name=\"twitter:site\" content=\"@OIRSAoficial\" \/>\n<meta name=\"twitter:label1\" content=\"Written by\" \/>\n\t<meta name=\"twitter:data1\" content=\"sigfredoramirez\" \/>\n\t<meta name=\"twitter:label2\" content=\"Est. reading time\" \/>\n\t<meta name=\"twitter:data2\" content=\"1 minute\" \/>\n<script type=\"application\/ld+json\" class=\"yoast-schema-graph\">{\"@context\":\"https:\\\/\\\/schema.org\",\"@graph\":[{\"@type\":\"Article\",\"@id\":\"https:\\\/\\\/web.oirsa.org\\\/archivos\\\/8775#article\",\"isPartOf\":{\"@id\":\"https:\\\/\\\/web.oirsa.org\\\/archivos\\\/8775\"},\"author\":{\"name\":\"sigfredoramirez\",\"@id\":\"https:\\\/\\\/web.oirsa.org\\\/#\\\/schema\\\/person\\\/698e7776162ddf630ab36c5946d818ab\"},\"headline\":\"El Salvador: OIRSA y MAG realizan gira de campo para reforzar prevenci\u00f3n ante influenza aviar\",\"datePublished\":\"2023-01-30T20:15:00+00:00\",\"dateModified\":\"2023-03-24T19:24:32+00:00\",\"mainEntityOfPage\":{\"@id\":\"https:\\\/\\\/web.oirsa.org\\\/archivos\\\/8775\"},\"wordCount\":292,\"publisher\":{\"@id\":\"https:\\\/\\\/web.oirsa.org\\\/#organization\"},\"image\":{\"@id\":\"https:\\\/\\\/web.oirsa.org\\\/archivos\\\/8775#primaryimage\"},\"thumbnailUrl\":\"https:\\\/\\\/i0.wp.com\\\/web.oirsa.org\\\/wp-content\\\/uploads\\\/2023\\\/01\\\/Metapan-web.jpg?fit=1200%2C675&ssl=1\",\"keywords\":[\"El Salvador\",\"Influenza Aviar\",\"Salud Animal\"],\"articleSection\":[\"Noticias\"],\"inLanguage\":\"en-US\"},{\"@type\":\"WebPage\",\"@id\":\"https:\\\/\\\/web.oirsa.org\\\/archivos\\\/8775\",\"url\":\"https:\\\/\\\/web.oirsa.org\\\/archivos\\\/8775\",\"name\":\"El Salvador: OIRSA y MAG realizan gira de campo para reforzar prevenci\u00f3n ante influenza aviar - OIRSA\",\"isPartOf\":{\"@id\":\"https:\\\/\\\/web.oirsa.org\\\/#website\"},\"primaryImageOfPage\":{\"@id\":\"https:\\\/\\\/web.oirsa.org\\\/archivos\\\/8775#primaryimage\"},\"image\":{\"@id\":\"https:\\\/\\\/web.oirsa.org\\\/archivos\\\/8775#primaryimage\"},\"thumbnailUrl\":\"https:\\\/\\\/i0.wp.com\\\/web.oirsa.org\\\/wp-content\\\/uploads\\\/2023\\\/01\\\/Metapan-web.jpg?fit=1200%2C675&ssl=1\",\"datePublished\":\"2023-01-30T20:15:00+00:00\",\"dateModified\":\"2023-03-24T19:24:32+00:00\",\"description\":\"Como parte de la gira de trabajo se eval\u00faa la vigilancia, la caracterizaci\u00f3n general de la avicultura local y las normativas del sector av\u00edcola del pa\u00eds.\",\"breadcrumb\":{\"@id\":\"https:\\\/\\\/web.oirsa.org\\\/archivos\\\/8775#breadcrumb\"},\"inLanguage\":\"en-US\",\"potentialAction\":[{\"@type\":\"ReadAction\",\"target\":[\"https:\\\/\\\/web.oirsa.org\\\/archivos\\\/8775\"]}]},{\"@type\":\"ImageObject\",\"inLanguage\":\"en-US\",\"@id\":\"https:\\\/\\\/web.oirsa.org\\\/archivos\\\/8775#primaryimage\",\"url\":\"https:\\\/\\\/i0.wp.com\\\/web.oirsa.org\\\/wp-content\\\/uploads\\\/2023\\\/01\\\/Metapan-web.jpg?fit=1200%2C675&ssl=1\",\"contentUrl\":\"https:\\\/\\\/i0.wp.com\\\/web.oirsa.org\\\/wp-content\\\/uploads\\\/2023\\\/01\\\/Metapan-web.jpg?fit=1200%2C675&ssl=1\",\"width\":1200,\"height\":675},{\"@type\":\"BreadcrumbList\",\"@id\":\"https:\\\/\\\/web.oirsa.org\\\/archivos\\\/8775#breadcrumb\",\"itemListElement\":[{\"@type\":\"ListItem\",\"position\":1,\"name\":\"Portada\",\"item\":\"https:\\\/\\\/web.oirsa.org\\\/\"},{\"@type\":\"ListItem\",\"position\":2,\"name\":\"El Salvador: OIRSA y MAG realizan gira de campo para reforzar prevenci\u00f3n ante influenza aviar\"}]},{\"@type\":\"WebSite\",\"@id\":\"https:\\\/\\\/web.oirsa.org\\\/#website\",\"url\":\"https:\\\/\\\/web.oirsa.org\\\/\",\"name\":\"OIRSA\",\"description\":\"Organismo Internacional Regional de Sanidad Agropecuaria\",\"publisher\":{\"@id\":\"https:\\\/\\\/web.oirsa.org\\\/#organization\"},\"potentialAction\":[{\"@type\":\"SearchAction\",\"target\":{\"@type\":\"EntryPoint\",\"urlTemplate\":\"https:\\\/\\\/web.oirsa.org\\\/?s={search_term_string}\"},\"query-input\":{\"@type\":\"PropertyValueSpecification\",\"valueRequired\":true,\"valueName\":\"search_term_string\"}}],\"inLanguage\":\"en-US\"},{\"@type\":\"Organization\",\"@id\":\"https:\\\/\\\/web.oirsa.org\\\/#organization\",\"name\":\"OIRSA\",\"url\":\"https:\\\/\\\/web.oirsa.org\\\/\",\"logo\":{\"@type\":\"ImageObject\",\"inLanguage\":\"en-US\",\"@id\":\"https:\\\/\\\/web.oirsa.org\\\/#\\\/schema\\\/logo\\\/image\\\/\",\"url\":\"https:\\\/\\\/web.oirsa.org\\\/wp-content\\\/uploads\\\/2024\\\/01\\\/cropped-LOGO-OIRSA-2023.png\",\"contentUrl\":\"https:\\\/\\\/web.oirsa.org\\\/wp-content\\\/uploads\\\/2024\\\/01\\\/cropped-LOGO-OIRSA-2023.png\",\"width\":512,\"height\":512,\"caption\":\"OIRSA\"},\"image\":{\"@id\":\"https:\\\/\\\/web.oirsa.org\\\/#\\\/schema\\\/logo\\\/image\\\/\"},\"sameAs\":[\"https:\\\/\\\/www.facebook.com\\\/OIRSAoficial\",\"https:\\\/\\\/x.com\\\/OIRSAoficial\"]},{\"@type\":\"Person\",\"@id\":\"https:\\\/\\\/web.oirsa.org\\\/#\\\/schema\\\/person\\\/698e7776162ddf630ab36c5946d818ab\",\"name\":\"sigfredoramirez\",\"image\":{\"@type\":\"ImageObject\",\"inLanguage\":\"en-US\",\"@id\":\"https:\\\/\\\/secure.gravatar.com\\\/avatar\\\/cff1a22def7b03563530f2ba16145a6b6b5acbabc1f530f59eb045d7e21222e2?s=96&d=identicon&r=g\",\"url\":\"https:\\\/\\\/secure.gravatar.com\\\/avatar\\\/cff1a22def7b03563530f2ba16145a6b6b5acbabc1f530f59eb045d7e21222e2?s=96&d=identicon&r=g\",\"contentUrl\":\"https:\\\/\\\/secure.gravatar.com\\\/avatar\\\/cff1a22def7b03563530f2ba16145a6b6b5acbabc1f530f59eb045d7e21222e2?s=96&d=identicon&r=g\",\"caption\":\"sigfredoramirez\"}}]}<\/script>\n<!-- \/ Yoast SEO plugin. -->","yoast_head_json":{"title":"El Salvador: OIRSA y MAG realizan gira de campo para reforzar prevenci\u00f3n ante influenza aviar - OIRSA","description":"Como parte de la gira de trabajo se eval\u00faa la vigilancia, la caracterizaci\u00f3n general de la avicultura local y las normativas del sector av\u00edcola del pa\u00eds.","robots":{"index":"index","follow":"follow","max-snippet":"max-snippet:-1","max-image-preview":"max-image-preview:large","max-video-preview":"max-video-preview:-1"},"canonical":"https:\/\/web.oirsa.org\/en\/archivos\/8775\/","og_locale":"en_US","og_type":"article","og_title":"El Salvador: OIRSA y MAG realizan gira de campo para reforzar prevenci\u00f3n ante influenza aviar - OIRSA","og_description":"Como parte de la gira de trabajo se eval\u00faa la vigilancia, la caracterizaci\u00f3n general de la avicultura local y las normativas del sector av\u00edcola del pa\u00eds.","og_url":"https:\/\/web.oirsa.org\/en\/archivos\/8775\/","og_site_name":"OIRSA","article_publisher":"https:\/\/www.facebook.com\/OIRSAoficial","article_published_time":"2023-01-30T20:15:00+00:00","article_modified_time":"2023-03-24T19:24:32+00:00","og_image":[{"width":1200,"height":675,"url":"https:\/\/i0.wp.com\/web.oirsa.org\/wp-content\/uploads\/2023\/01\/Metapan-web.jpg?fit=1200%2C675&ssl=1","type":"image\/jpeg"}],"author":"sigfredoramirez","twitter_card":"summary_large_image","twitter_creator":"@OIRSAoficial","twitter_site":"@OIRSAoficial","twitter_misc":{"Written by":"sigfredoramirez","Est. reading time":"1 minute"},"schema":{"@context":"https:\/\/schema.org","@graph":[{"@type":"Article","@id":"https:\/\/web.oirsa.org\/archivos\/8775#article","isPartOf":{"@id":"https:\/\/web.oirsa.org\/archivos\/8775"},"author":{"name":"sigfredoramirez","@id":"https:\/\/web.oirsa.org\/#\/schema\/person\/698e7776162ddf630ab36c5946d818ab"},"headline":"El Salvador: OIRSA y MAG realizan gira de campo para reforzar prevenci\u00f3n ante influenza aviar","datePublished":"2023-01-30T20:15:00+00:00","dateModified":"2023-03-24T19:24:32+00:00","mainEntityOfPage":{"@id":"https:\/\/web.oirsa.org\/archivos\/8775"},"wordCount":292,"publisher":{"@id":"https:\/\/web.oirsa.org\/#organization"},"image":{"@id":"https:\/\/web.oirsa.org\/archivos\/8775#primaryimage"},"thumbnailUrl":"https:\/\/i0.wp.com\/web.oirsa.org\/wp-content\/uploads\/2023\/01\/Metapan-web.jpg?fit=1200%2C675&ssl=1","keywords":["El Salvador","Influenza Aviar","Salud Animal"],"articleSection":["Noticias"],"inLanguage":"en-US"},{"@type":"WebPage","@id":"https:\/\/web.oirsa.org\/archivos\/8775","url":"https:\/\/web.oirsa.org\/archivos\/8775","name":"El Salvador: OIRSA y MAG realizan gira de campo para reforzar prevenci\u00f3n ante influenza aviar - OIRSA","isPartOf":{"@id":"https:\/\/web.oirsa.org\/#website"},"primaryImageOfPage":{"@id":"https:\/\/web.oirsa.org\/archivos\/8775#primaryimage"},"image":{"@id":"https:\/\/web.oirsa.org\/archivos\/8775#primaryimage"},"thumbnailUrl":"https:\/\/i0.wp.com\/web.oirsa.org\/wp-content\/uploads\/2023\/01\/Metapan-web.jpg?fit=1200%2C675&ssl=1","datePublished":"2023-01-30T20:15:00+00:00","dateModified":"2023-03-24T19:24:32+00:00","description":"Como parte de la gira de trabajo se eval\u00faa la vigilancia, la caracterizaci\u00f3n general de la avicultura local y las normativas del sector av\u00edcola del pa\u00eds.","breadcrumb":{"@id":"https:\/\/web.oirsa.org\/archivos\/8775#breadcrumb"},"inLanguage":"en-US","potentialAction":[{"@type":"ReadAction","target":["https:\/\/web.oirsa.org\/archivos\/8775"]}]},{"@type":"ImageObject","inLanguage":"en-US","@id":"https:\/\/web.oirsa.org\/archivos\/8775#primaryimage","url":"https:\/\/i0.wp.com\/web.oirsa.org\/wp-content\/uploads\/2023\/01\/Metapan-web.jpg?fit=1200%2C675&ssl=1","contentUrl":"https:\/\/i0.wp.com\/web.oirsa.org\/wp-content\/uploads\/2023\/01\/Metapan-web.jpg?fit=1200%2C675&ssl=1","width":1200,"height":675},{"@type":"BreadcrumbList","@id":"https:\/\/web.oirsa.org\/archivos\/8775#breadcrumb","itemListElement":[{"@type":"ListItem","position":1,"name":"Portada","item":"https:\/\/web.oirsa.org\/"},{"@type":"ListItem","position":2,"name":"El Salvador: OIRSA y MAG realizan gira de campo para reforzar prevenci\u00f3n ante influenza aviar"}]},{"@type":"WebSite","@id":"https:\/\/web.oirsa.org\/#website","url":"https:\/\/web.oirsa.org\/","name":"OIRSA","description":"Organismo Internacional Regional de Sanidad Agropecuaria","publisher":{"@id":"https:\/\/web.oirsa.org\/#organization"},"potentialAction":[{"@type":"SearchAction","target":{"@type":"EntryPoint","urlTemplate":"https:\/\/web.oirsa.org\/?s={search_term_string}"},"query-input":{"@type":"PropertyValueSpecification","valueRequired":true,"valueName":"search_term_string"}}],"inLanguage":"en-US"},{"@type":"Organization","@id":"https:\/\/web.oirsa.org\/#organization","name":"OIRSA","url":"https:\/\/web.oirsa.org\/","logo":{"@type":"ImageObject","inLanguage":"en-US","@id":"https:\/\/web.oirsa.org\/#\/schema\/logo\/image\/","url":"https:\/\/web.oirsa.org\/wp-content\/uploads\/2024\/01\/cropped-LOGO-OIRSA-2023.png","contentUrl":"https:\/\/web.oirsa.org\/wp-content\/uploads\/2024\/01\/cropped-LOGO-OIRSA-2023.png","width":512,"height":512,"caption":"OIRSA"},"image":{"@id":"https:\/\/web.oirsa.org\/#\/schema\/logo\/image\/"},"sameAs":["https:\/\/www.facebook.com\/OIRSAoficial","https:\/\/x.com\/OIRSAoficial"]},{"@type":"Person","@id":"https:\/\/web.oirsa.org\/#\/schema\/person\/698e7776162ddf630ab36c5946d818ab","name":"sigfredoramirez","image":{"@type":"ImageObject","inLanguage":"en-US","@id":"https:\/\/secure.gravatar.com\/avatar\/cff1a22def7b03563530f2ba16145a6b6b5acbabc1f530f59eb045d7e21222e2?s=96&d=identicon&r=g","url":"https:\/\/secure.gravatar.com\/avatar\/cff1a22def7b03563530f2ba16145a6b6b5acbabc1f530f59eb045d7e21222e2?s=96&d=identicon&r=g","contentUrl":"https:\/\/secure.gravatar.com\/avatar\/cff1a22def7b03563530f2ba16145a6b6b5acbabc1f530f59eb045d7e21222e2?s=96&d=identicon&r=g","caption":"sigfredoramirez"}}]}},"jetpack_featured_media_url":"https:\/\/i0.wp.com\/web.oirsa.org\/wp-content\/uploads\/2023\/01\/Metapan-web.jpg?fit=1200%2C675&ssl=1","jetpack_sharing_enabled":true,"_links":{"self":[{"href":"https:\/\/web.oirsa.org\/en\/wp-json\/wp\/v2\/posts\/8775","targetHints":{"allow":["GET"]}}],"collection":[{"href":"https:\/\/web.oirsa.org\/en\/wp-json\/wp\/v2\/posts"}],"about":[{"href":"https:\/\/web.oirsa.org\/en\/wp-json\/wp\/v2\/types\/post"}],"author":[{"embeddable":true,"href":"https:\/\/web.oirsa.org\/en\/wp-json\/wp\/v2\/users\/213237738"}],"replies":[{"embeddable":true,"href":"https:\/\/web.oirsa.org\/en\/wp-json\/wp\/v2\/comments?post=8775"}],"version-history":[{"count":3,"href":"https:\/\/web.oirsa.org\/en\/wp-json\/wp\/v2\/posts\/8775\/revisions"}],"predecessor-version":[{"id":9579,"href":"https:\/\/web.oirsa.org\/en\/wp-json\/wp\/v2\/posts\/8775\/revisions\/9579"}],"wp:featuredmedia":[{"embeddable":true,"href":"https:\/\/web.oirsa.org\/en\/wp-json\/wp\/v2\/media\/9580"}],"wp:attachment":[{"href":"https:\/\/web.oirsa.org\/en\/wp-json\/wp\/v2\/media?parent=8775"}],"wp:term":[{"taxonomy":"category","embeddable":true,"href":"https:\/\/web.oirsa.org\/en\/wp-json\/wp\/v2\/categories?post=8775"},{"taxonomy":"post_tag","embeddable":true,"href":"https:\/\/web.oirsa.org\/en\/wp-json\/wp\/v2\/tags?post=8775"}],"curies":[{"name":"wp","href":"https:\/\/api.w.org\/{rel}","templated":true}]}}