{"id":4829,"date":"2021-12-14T17:14:50","date_gmt":"2021-12-14T23:14:50","guid":{"rendered":"http:\/\/10.103.20.84\/?p=4829"},"modified":"2021-12-14T17:14:51","modified_gmt":"2021-12-14T23:14:51","slug":"conmemoran-dia-regional-de-sanidad-agropecuaria-2021","status":"publish","type":"post","link":"https:\/\/web.oirsa.org\/en\/archivos\/4829","title":{"rendered":"Conmemoran D\u00eda Regional de Sanidad Agropecuaria 2021"},"content":{"rendered":"<p class=\"wp-block-paragraph\"><em>La conmemoraci\u00f3n del D\u00eda Regional de la Sanidad Agropecuaria y el\u00a068\u00ba aniversario del OIRSA\u00a0fue efectuada en una serie de eventos simult\u00e1neos en M\u00e9xico, Centroam\u00e9rica y la Rep\u00fablica Dominicana.<\/em><\/p>\n\n\n\n<p class=\"wp-block-paragraph\"><strong>Viernes, 29 de octubre de 2021.\u00a0<\/strong>El combate frontal a la plaga del caracol gigante africano y la prevenci\u00f3n de enfermedades como el Fusarium R4T del cultivo del banano y la Peste Porcina Africana (PPA) se destacaron durante la conmemoraci\u00f3n del D\u00eda Regional de la Sanidad Agropecuaria.\u00a0<\/p>\n\n\n\n<div class=\"wp-block-image\"><figure class=\"alignleft size-large is-resized\"><img data-recalc-dims=\"1\" loading=\"lazy\" decoding=\"async\" src=\"https:\/\/i0.wp.com\/web.oirsa.org\/wp-content\/uploads\/2021\/12\/MEX-SA.jpg?resize=410%2C182&ssl=1\" alt=\"\" class=\"wp-image-4830\" width=\"410\" height=\"182\" srcset=\"https:\/\/i0.wp.com\/web.oirsa.org\/wp-content\/uploads\/2021\/12\/MEX-SA.jpg?resize=1024%2C455&ssl=1 1024w, https:\/\/i0.wp.com\/web.oirsa.org\/wp-content\/uploads\/2021\/12\/MEX-SA.jpg?resize=300%2C133&ssl=1 300w, https:\/\/i0.wp.com\/web.oirsa.org\/wp-content\/uploads\/2021\/12\/MEX-SA.jpg?resize=768%2C341&ssl=1 768w, https:\/\/i0.wp.com\/web.oirsa.org\/wp-content\/uploads\/2021\/12\/MEX-SA.jpg?resize=1200%2C533&ssl=1 1200w, https:\/\/i0.wp.com\/web.oirsa.org\/wp-content\/uploads\/2021\/12\/MEX-SA.jpg?w=1350&ssl=1 1350w\" sizes=\"auto, (max-width: 410px) 100vw, 410px\" \/><\/figure><\/div>\n\n\n\n<p class=\"wp-block-paragraph\"><strong>MEXICO\u00a0<\/strong><\/p>\n\n\n\n<p class=\"wp-block-paragraph\">En el marco del 68 aniversario del OIRSA y el D\u00eda Regional de la Sanidad Agropecuaria, la Secretar\u00eda de Agricultura y Desarrollo Rural (SADER) refrend\u00f3 su compromiso con los pa\u00edses centroamericanos y del Caribe, para trabajar juntos en el control y erradicaci\u00f3n de plagas y enfermedades. En representaci\u00f3n del titular de la dependencia federal, V\u00edctor Villalobos, el director en jefe del Servicio Nacional de Sanidad, Inocuidad y Calidad Agroalimentaria (SENASICA), Javier Trujillo, expres\u00f3 el compromiso de M\u00e9xico al formar parte del OIRSA. \u201cSe ha puesto al servicio de los dem\u00e1s gobiernos, programas de capacitaci\u00f3n t\u00e9cnica, red de laboratorios y experiencia en la integraci\u00f3n y operaci\u00f3n de binomios caninos, con lo cual se busca homologar las t\u00e9cnicas de prevenci\u00f3n, control y erradicaci\u00f3n de problemas sanitarios end\u00e9micos y ex\u00f3ticos para la regi\u00f3n\u201d, expres\u00f3 Trujillo.<\/p>\n\n\n\n<div class=\"wp-block-image\"><figure class=\"alignleft size-large is-resized\"><img data-recalc-dims=\"1\" loading=\"lazy\" decoding=\"async\" src=\"https:\/\/i0.wp.com\/web.oirsa.org\/wp-content\/uploads\/2021\/12\/belize-SA.jpg?resize=414%2C184&ssl=1\" alt=\"\" class=\"wp-image-4832\" width=\"414\" height=\"184\" srcset=\"https:\/\/i0.wp.com\/web.oirsa.org\/wp-content\/uploads\/2021\/12\/belize-SA.jpg?resize=1024%2C455&ssl=1 1024w, https:\/\/i0.wp.com\/web.oirsa.org\/wp-content\/uploads\/2021\/12\/belize-SA.jpg?resize=300%2C133&ssl=1 300w, https:\/\/i0.wp.com\/web.oirsa.org\/wp-content\/uploads\/2021\/12\/belize-SA.jpg?resize=768%2C341&ssl=1 768w, https:\/\/i0.wp.com\/web.oirsa.org\/wp-content\/uploads\/2021\/12\/belize-SA.jpg?resize=1200%2C533&ssl=1 1200w, https:\/\/i0.wp.com\/web.oirsa.org\/wp-content\/uploads\/2021\/12\/belize-SA.jpg?w=1350&ssl=1 1350w\" sizes=\"auto, (max-width: 414px) 100vw, 414px\" \/><\/figure><\/div>\n\n\n\n<p class=\"wp-block-paragraph\"><strong>Belize\u00a0<\/strong><\/p>\n\n\n\n<p class=\"wp-block-paragraph\">La representaci\u00f3n del OIRSA en Belize celebr\u00f3 el D\u00eda Regional de la Sanidad Agropecuaria y el 68\u00ba Aniversario del Organismo en un acto que fue presidido por el ministro de Agricultura, Seguridad Alimentaria y Empresa de Belize, Jos\u00e9 Abelardo Mai, y el director general de la Autoridad de Sanidad Agropecuaria del pa\u00eds (BAHA por sus siglas en ingl\u00e9s), Francisco Guti\u00e9rrez. En defensa del patrimonio agropecuario de istmo, un 29 de octubre hace 68 a\u00f1os, los Ministerios de Agricultura y Ganader\u00eda de M\u00e9xico y Centroam\u00e9rica fundaron el OIRSA, al que posteriormente se sumaron Belize en 1996 y Rep\u00fablica Dominicana en 2003. Desde entonces, el Organismo apoya a sus nueve estados miembros en sus planes de Sanidad Vegetal, Salud Animal, Servicios Cuarentenarios e Inocuidad de los Alimentos.<\/p>\n\n\n\n<div class=\"wp-block-image\"><figure class=\"alignleft size-large is-resized\"><img data-recalc-dims=\"1\" loading=\"lazy\" decoding=\"async\" src=\"https:\/\/i0.wp.com\/web.oirsa.org\/wp-content\/uploads\/2021\/12\/GUA-SA.jpg?resize=414%2C184&ssl=1\" alt=\"\" class=\"wp-image-4833\" width=\"414\" height=\"184\" srcset=\"https:\/\/i0.wp.com\/web.oirsa.org\/wp-content\/uploads\/2021\/12\/GUA-SA.jpg?resize=1024%2C455&ssl=1 1024w, https:\/\/i0.wp.com\/web.oirsa.org\/wp-content\/uploads\/2021\/12\/GUA-SA.jpg?resize=300%2C133&ssl=1 300w, https:\/\/i0.wp.com\/web.oirsa.org\/wp-content\/uploads\/2021\/12\/GUA-SA.jpg?resize=768%2C341&ssl=1 768w, https:\/\/i0.wp.com\/web.oirsa.org\/wp-content\/uploads\/2021\/12\/GUA-SA.jpg?resize=1200%2C533&ssl=1 1200w, https:\/\/i0.wp.com\/web.oirsa.org\/wp-content\/uploads\/2021\/12\/GUA-SA.jpg?w=1350&ssl=1 1350w\" sizes=\"auto, (max-width: 414px) 100vw, 414px\" \/><\/figure><\/div>\n\n\n\n<p class=\"wp-block-paragraph\"><strong>GUATEMALA<\/strong><\/p>\n\n\n\n<p class=\"wp-block-paragraph\">El ministro de Agricultura, Ganader\u00eda y Alimentaci\u00f3n, Jos\u00e9 \u00c1ngel L\u00f3pez; la directora ejecutiva de Camagro, Carla Caballeros; y el director ejecutivo y la representante de OIRSA en el pa\u00eds, Efra\u00edn Medina y Nidia Sandoval, encabezaron la celebraci\u00f3n del D\u00eda Regional de la Sanidad Agropecuaria. El ministro L\u00f3pez reconoci\u00f3 el apoyo del OIRSA para el control de enfermedades y asegur\u00f3 que, desde el MAGA, se impulsan las medidas para reforzar y modernizar la protecci\u00f3n del patrimonio agropecuario, hoy amenazado por una serie de plagas y enfermedades en todo el mundo. \u201cHoy m\u00e1s que nunca, debemos unirnos para garantizar la seguridad alimentaria de nuestros pueblos, facilitar el comercio nacional, regional e internacional y primordialmente salvaguardar el patrimonio productivo de las presentes y futuras generaciones\u201d, concluy\u00f3 L\u00f3pez.<\/p>\n\n\n\n<div class=\"wp-block-image\"><figure class=\"alignleft size-large is-resized\"><img data-recalc-dims=\"1\" loading=\"lazy\" decoding=\"async\" src=\"https:\/\/i0.wp.com\/web.oirsa.org\/wp-content\/uploads\/2021\/12\/ES-SA.jpg?resize=412%2C183&ssl=1\" alt=\"\" class=\"wp-image-4835\" width=\"412\" height=\"183\" srcset=\"https:\/\/i0.wp.com\/web.oirsa.org\/wp-content\/uploads\/2021\/12\/ES-SA.jpg?resize=1024%2C455&ssl=1 1024w, https:\/\/i0.wp.com\/web.oirsa.org\/wp-content\/uploads\/2021\/12\/ES-SA.jpg?resize=300%2C133&ssl=1 300w, https:\/\/i0.wp.com\/web.oirsa.org\/wp-content\/uploads\/2021\/12\/ES-SA.jpg?resize=768%2C341&ssl=1 768w, https:\/\/i0.wp.com\/web.oirsa.org\/wp-content\/uploads\/2021\/12\/ES-SA.jpg?resize=1200%2C533&ssl=1 1200w, https:\/\/i0.wp.com\/web.oirsa.org\/wp-content\/uploads\/2021\/12\/ES-SA.jpg?w=1350&ssl=1 1350w\" sizes=\"auto, (max-width: 412px) 100vw, 412px\" \/><\/figure><\/div>\n\n\n\n<p class=\"wp-block-paragraph\"><strong>EL SALVADOR\u00a0<\/strong><\/p>\n\n\n\n<p class=\"wp-block-paragraph\">Se conmemor\u00f3 el D\u00eda Regional de la Sanidad Agropecuaria en El Salvador con un acto que fue presidido por el director ejecutivo y representante pa\u00eds del OIRSA, Efra\u00edn Medina y Alex Hasb\u00fan; el vicepresidente de la Federaci\u00f3n Centroamericana de C\u00e1maras Agropecuarias y Agroindustriales (FECAGRO), Agust\u00edn Mart\u00ednez; y el representante del Ministerio de Agricultura y Ganader\u00eda (MAG), Medardo Lizano. \u201cFortalecer las capacidades de nuestros Gobiernos es una de las partes importantes del OIRSA, pero tambi\u00e9n debemos reflexionar sobre la importancia de la sanidad agropecuaria. Agradecerles por todo lo que ha brindado en estos a\u00f1os\u201d, precis\u00f3 Lizano. Por su parte, el director ejecutivo del OIRSA, Efra\u00edn Medina, asegur\u00f3 que alianzas entre productores, Estados y organismos internacionales son importantes para la producci\u00f3n de alimentos, la seguridad alimentaria y buenas pr\u00e1cticas agr\u00edcolas.<\/p>\n\n\n\n<div class=\"wp-block-image\"><figure class=\"alignleft size-large is-resized\"><img data-recalc-dims=\"1\" loading=\"lazy\" decoding=\"async\" src=\"https:\/\/i0.wp.com\/web.oirsa.org\/wp-content\/uploads\/2021\/12\/CR-SA.jpg?resize=414%2C184&ssl=1\" alt=\"\" class=\"wp-image-4836\" width=\"414\" height=\"184\" srcset=\"https:\/\/i0.wp.com\/web.oirsa.org\/wp-content\/uploads\/2021\/12\/CR-SA.jpg?resize=1024%2C455&ssl=1 1024w, https:\/\/i0.wp.com\/web.oirsa.org\/wp-content\/uploads\/2021\/12\/CR-SA.jpg?resize=300%2C133&ssl=1 300w, https:\/\/i0.wp.com\/web.oirsa.org\/wp-content\/uploads\/2021\/12\/CR-SA.jpg?resize=768%2C341&ssl=1 768w, https:\/\/i0.wp.com\/web.oirsa.org\/wp-content\/uploads\/2021\/12\/CR-SA.jpg?resize=1200%2C533&ssl=1 1200w, https:\/\/i0.wp.com\/web.oirsa.org\/wp-content\/uploads\/2021\/12\/CR-SA.jpg?w=1350&ssl=1 1350w\" sizes=\"auto, (max-width: 414px) 100vw, 414px\" \/><\/figure><\/div>\n\n\n\n<p class=\"wp-block-paragraph\"><strong>COSTA RICA\u00a0<\/strong><\/p>\n\n\n\n<p class=\"wp-block-paragraph\">Las autoridades costarricenses conmemoraron el 68 aniversario del OIRSA y el D\u00eda Regional de la Sanidad Agropecuaria con un acto realizado en la ciudad de San Jos\u00e9. La actividad fue presidida por el ministro de Agricultura y Ganader\u00eda del pa\u00eds, Renato Alvarado, y la representante del OIRSA en Costa Rica, Gabriela Z\u00fa\u00f1iga. El combate frontal al caracol gigante africano, la prevenci\u00f3n de enfermedades como el Fusarium R4T de las mus\u00e1ceas y la Peste Porcina Africana (PPA), se destacaron durante la conmemoraci\u00f3n. \u201cEn 2021 he tenido el honor de presidir el CIRSA, \u00f3rgano rector del OIRSA, y junto a los dem\u00e1s ministros de Agricultura de la regi\u00f3n hemos coordinado acciones para garantizar la sanidad agropecuaria, como el apoyo a la Rep\u00fablica Dominicana ante la Peste Porcina Africana, y el combate al caracol gigante africano, aqu\u00ed, en Costa Rica\u201d, destac\u00f3 Alvarado.<\/p>\n\n\n\n<div class=\"wp-block-image\"><figure class=\"alignleft size-large is-resized\"><img data-recalc-dims=\"1\" loading=\"lazy\" decoding=\"async\" src=\"https:\/\/i0.wp.com\/web.oirsa.org\/wp-content\/uploads\/2021\/12\/PAN-SA.jpg?resize=416%2C185&ssl=1\" alt=\"\" class=\"wp-image-4838\" width=\"416\" height=\"185\" srcset=\"https:\/\/i0.wp.com\/web.oirsa.org\/wp-content\/uploads\/2021\/12\/PAN-SA.jpg?resize=1024%2C455&ssl=1 1024w, https:\/\/i0.wp.com\/web.oirsa.org\/wp-content\/uploads\/2021\/12\/PAN-SA.jpg?resize=300%2C133&ssl=1 300w, https:\/\/i0.wp.com\/web.oirsa.org\/wp-content\/uploads\/2021\/12\/PAN-SA.jpg?resize=768%2C341&ssl=1 768w, https:\/\/i0.wp.com\/web.oirsa.org\/wp-content\/uploads\/2021\/12\/PAN-SA.jpg?resize=1200%2C533&ssl=1 1200w, https:\/\/i0.wp.com\/web.oirsa.org\/wp-content\/uploads\/2021\/12\/PAN-SA.jpg?w=1350&ssl=1 1350w\" sizes=\"auto, (max-width: 416px) 100vw, 416px\" \/><\/figure><\/div>\n\n\n\n<p class=\"wp-block-paragraph\"><strong>PANAMA<\/strong><\/p>\n\n\n\n<p class=\"wp-block-paragraph\">La importancia de la sanidad agropecuaria y del trabajo que realiza el OIRSA como apoyo a los pa\u00edses de la regi\u00f3n fue resaltado durante el acto en conmemoraci\u00f3n del D\u00eda Regional de la Sanidad Agropecuaria Regional y el aniversario 68 del Organismo, el cual cont\u00f3 con la participaci\u00f3n del ministro de Desarrollo Agropecuario, Augusto Valderrama. El titular de la cartera de Estado se\u00f1al\u00f3 que la certeza cient\u00edfica, el profesionalismo, la capacidad, la eficiencia y eficacia con que OIRSA ha podido apoyar a la regi\u00f3n a enfrentar los grandes retos de la sanidad vegetal y animal han sido trascendentales para que los pa\u00edses puedan contar hoy en d\u00eda con los niveles de salud animal y vegetal que existen. \u201cTenemos en OIRSA a un gran aliado que nos da seguridad para enfrentar esta dura situaci\u00f3n de pandemia y donde adem\u00e1s estamos siendo azotados por enfermedades agropecuarias\u201d, puntualiz\u00f3.<\/p>","protected":false},"excerpt":{"rendered":"<p>La conmemoraci\u00f3n del D\u00eda Regional de la Sanidad Agropecuaria y el\u00a068\u00ba aniversario del OIRSA\u00a0fue efectuada en una serie de eventos [&hellip;]<\/p>\n","protected":false},"author":213237738,"featured_media":0,"comment_status":"open","ping_status":"open","sticky":false,"template":"","format":"standard","meta":{"_coblocks_attr":"","_coblocks_dimensions":"","_coblocks_responsive_height":"","_coblocks_accordion_ie_support":"","_crdt_document":"","_jetpack_memberships_contains_paid_content":false,"footnotes":""},"categories":[121903],"tags":[],"class_list":["post-4829","post","type-post","status-publish","format-standard","hentry","category-noticias"],"yoast_head":"<!-- This site is optimized with the Yoast SEO plugin v27.5 - https:\/\/yoast.com\/product\/yoast-seo-wordpress\/ -->\n<title>Conmemoran D\u00eda Regional de Sanidad Agropecuaria 2021 - OIRSA<\/title>\n<meta name=\"description\" content=\"La conmemoraci\u00f3n del D\u00eda Regional de la Sanidad Agropecuaria y el&nbsp;68\u00ba aniversario del OIRSA&nbsp;fue efectuada en una serie de eventos simult\u00e1neos en\" \/>\n<meta name=\"robots\" content=\"index, follow, max-snippet:-1, max-image-preview:large, max-video-preview:-1\" \/>\n<link rel=\"canonical\" href=\"https:\/\/web.oirsa.org\/en\/archivos\/4829\/\" \/>\n<meta property=\"og:locale\" content=\"en_US\" \/>\n<meta property=\"og:type\" content=\"article\" \/>\n<meta property=\"og:title\" content=\"Conmemoran D\u00eda Regional de Sanidad Agropecuaria 2021 - OIRSA\" \/>\n<meta property=\"og:description\" content=\"La conmemoraci\u00f3n del D\u00eda Regional de la Sanidad Agropecuaria y el&nbsp;68\u00ba aniversario del OIRSA&nbsp;fue efectuada en una serie de eventos simult\u00e1neos en\" \/>\n<meta property=\"og:url\" content=\"https:\/\/web.oirsa.org\/en\/archivos\/4829\/\" \/>\n<meta property=\"og:site_name\" content=\"OIRSA\" \/>\n<meta property=\"article:publisher\" content=\"https:\/\/www.facebook.com\/OIRSAoficial\" \/>\n<meta property=\"article:published_time\" content=\"2021-12-14T23:14:50+00:00\" \/>\n<meta property=\"article:modified_time\" content=\"2021-12-14T23:14:51+00:00\" \/>\n<meta property=\"og:image\" content=\"https:\/\/web.oirsa.org\/wp-content\/uploads\/2021\/12\/MEX-SA-1024x455.jpg\" \/>\n<meta name=\"author\" content=\"sigfredoramirez\" \/>\n<meta name=\"twitter:card\" content=\"summary_large_image\" \/>\n<meta name=\"twitter:creator\" content=\"@OIRSAoficial\" \/>\n<meta name=\"twitter:site\" content=\"@OIRSAoficial\" \/>\n<meta name=\"twitter:label1\" content=\"Written by\" \/>\n\t<meta name=\"twitter:data1\" content=\"sigfredoramirez\" \/>\n\t<meta name=\"twitter:label2\" content=\"Est. reading time\" \/>\n\t<meta name=\"twitter:data2\" content=\"5 minutes\" \/>\n<script type=\"application\/ld+json\" class=\"yoast-schema-graph\">{\"@context\":\"https:\\\/\\\/schema.org\",\"@graph\":[{\"@type\":\"Article\",\"@id\":\"https:\\\/\\\/web.oirsa.org\\\/archivos\\\/4829#article\",\"isPartOf\":{\"@id\":\"https:\\\/\\\/web.oirsa.org\\\/archivos\\\/4829\"},\"author\":{\"name\":\"sigfredoramirez\",\"@id\":\"https:\\\/\\\/web.oirsa.org\\\/#\\\/schema\\\/person\\\/698e7776162ddf630ab36c5946d818ab\"},\"headline\":\"Conmemoran D\u00eda Regional de Sanidad Agropecuaria 2021\",\"datePublished\":\"2021-12-14T23:14:50+00:00\",\"dateModified\":\"2021-12-14T23:14:51+00:00\",\"mainEntityOfPage\":{\"@id\":\"https:\\\/\\\/web.oirsa.org\\\/archivos\\\/4829\"},\"wordCount\":969,\"commentCount\":0,\"publisher\":{\"@id\":\"https:\\\/\\\/web.oirsa.org\\\/#organization\"},\"image\":{\"@id\":\"https:\\\/\\\/web.oirsa.org\\\/archivos\\\/4829#primaryimage\"},\"thumbnailUrl\":\"https:\\\/\\\/web.oirsa.org\\\/wp-content\\\/uploads\\\/2021\\\/12\\\/MEX-SA-1024x455.jpg\",\"articleSection\":[\"Noticias\"],\"inLanguage\":\"en-US\",\"potentialAction\":[{\"@type\":\"CommentAction\",\"name\":\"Comment\",\"target\":[\"https:\\\/\\\/web.oirsa.org\\\/archivos\\\/4829#respond\"]}]},{\"@type\":\"WebPage\",\"@id\":\"https:\\\/\\\/web.oirsa.org\\\/archivos\\\/4829\",\"url\":\"https:\\\/\\\/web.oirsa.org\\\/archivos\\\/4829\",\"name\":\"Conmemoran D\u00eda Regional de Sanidad Agropecuaria 2021 - OIRSA\",\"isPartOf\":{\"@id\":\"https:\\\/\\\/web.oirsa.org\\\/#website\"},\"primaryImageOfPage\":{\"@id\":\"https:\\\/\\\/web.oirsa.org\\\/archivos\\\/4829#primaryimage\"},\"image\":{\"@id\":\"https:\\\/\\\/web.oirsa.org\\\/archivos\\\/4829#primaryimage\"},\"thumbnailUrl\":\"https:\\\/\\\/web.oirsa.org\\\/wp-content\\\/uploads\\\/2021\\\/12\\\/MEX-SA-1024x455.jpg\",\"datePublished\":\"2021-12-14T23:14:50+00:00\",\"dateModified\":\"2021-12-14T23:14:51+00:00\",\"description\":\"La conmemoraci\u00f3n del D\u00eda Regional de la Sanidad Agropecuaria y el&nbsp;68\u00ba aniversario del OIRSA&nbsp;fue efectuada en una serie de eventos simult\u00e1neos en\",\"breadcrumb\":{\"@id\":\"https:\\\/\\\/web.oirsa.org\\\/archivos\\\/4829#breadcrumb\"},\"inLanguage\":\"en-US\",\"potentialAction\":[{\"@type\":\"ReadAction\",\"target\":[\"https:\\\/\\\/web.oirsa.org\\\/archivos\\\/4829\"]}]},{\"@type\":\"ImageObject\",\"inLanguage\":\"en-US\",\"@id\":\"https:\\\/\\\/web.oirsa.org\\\/archivos\\\/4829#primaryimage\",\"url\":\"https:\\\/\\\/web.oirsa.org\\\/wp-content\\\/uploads\\\/2021\\\/12\\\/MEX-SA-1024x455.jpg\",\"contentUrl\":\"https:\\\/\\\/web.oirsa.org\\\/wp-content\\\/uploads\\\/2021\\\/12\\\/MEX-SA-1024x455.jpg\"},{\"@type\":\"BreadcrumbList\",\"@id\":\"https:\\\/\\\/web.oirsa.org\\\/archivos\\\/4829#breadcrumb\",\"itemListElement\":[{\"@type\":\"ListItem\",\"position\":1,\"name\":\"Portada\",\"item\":\"https:\\\/\\\/web.oirsa.org\\\/\"},{\"@type\":\"ListItem\",\"position\":2,\"name\":\"Conmemoran D\u00eda Regional de Sanidad Agropecuaria 2021\"}]},{\"@type\":\"WebSite\",\"@id\":\"https:\\\/\\\/web.oirsa.org\\\/#website\",\"url\":\"https:\\\/\\\/web.oirsa.org\\\/\",\"name\":\"OIRSA\",\"description\":\"Organismo Internacional Regional de Sanidad Agropecuaria\",\"publisher\":{\"@id\":\"https:\\\/\\\/web.oirsa.org\\\/#organization\"},\"potentialAction\":[{\"@type\":\"SearchAction\",\"target\":{\"@type\":\"EntryPoint\",\"urlTemplate\":\"https:\\\/\\\/web.oirsa.org\\\/?s={search_term_string}\"},\"query-input\":{\"@type\":\"PropertyValueSpecification\",\"valueRequired\":true,\"valueName\":\"search_term_string\"}}],\"inLanguage\":\"en-US\"},{\"@type\":\"Organization\",\"@id\":\"https:\\\/\\\/web.oirsa.org\\\/#organization\",\"name\":\"OIRSA\",\"url\":\"https:\\\/\\\/web.oirsa.org\\\/\",\"logo\":{\"@type\":\"ImageObject\",\"inLanguage\":\"en-US\",\"@id\":\"https:\\\/\\\/web.oirsa.org\\\/#\\\/schema\\\/logo\\\/image\\\/\",\"url\":\"https:\\\/\\\/web.oirsa.org\\\/wp-content\\\/uploads\\\/2024\\\/01\\\/cropped-LOGO-OIRSA-2023.png\",\"contentUrl\":\"https:\\\/\\\/web.oirsa.org\\\/wp-content\\\/uploads\\\/2024\\\/01\\\/cropped-LOGO-OIRSA-2023.png\",\"width\":512,\"height\":512,\"caption\":\"OIRSA\"},\"image\":{\"@id\":\"https:\\\/\\\/web.oirsa.org\\\/#\\\/schema\\\/logo\\\/image\\\/\"},\"sameAs\":[\"https:\\\/\\\/www.facebook.com\\\/OIRSAoficial\",\"https:\\\/\\\/x.com\\\/OIRSAoficial\"]},{\"@type\":\"Person\",\"@id\":\"https:\\\/\\\/web.oirsa.org\\\/#\\\/schema\\\/person\\\/698e7776162ddf630ab36c5946d818ab\",\"name\":\"sigfredoramirez\",\"image\":{\"@type\":\"ImageObject\",\"inLanguage\":\"en-US\",\"@id\":\"https:\\\/\\\/secure.gravatar.com\\\/avatar\\\/cff1a22def7b03563530f2ba16145a6b6b5acbabc1f530f59eb045d7e21222e2?s=96&d=identicon&r=g\",\"url\":\"https:\\\/\\\/secure.gravatar.com\\\/avatar\\\/cff1a22def7b03563530f2ba16145a6b6b5acbabc1f530f59eb045d7e21222e2?s=96&d=identicon&r=g\",\"contentUrl\":\"https:\\\/\\\/secure.gravatar.com\\\/avatar\\\/cff1a22def7b03563530f2ba16145a6b6b5acbabc1f530f59eb045d7e21222e2?s=96&d=identicon&r=g\",\"caption\":\"sigfredoramirez\"}}]}<\/script>\n<!-- \/ Yoast SEO plugin. -->","yoast_head_json":{"title":"Conmemoran D\u00eda Regional de Sanidad Agropecuaria 2021 - OIRSA","description":"La conmemoraci\u00f3n del D\u00eda Regional de la Sanidad Agropecuaria y el&nbsp;68\u00ba aniversario del OIRSA&nbsp;fue efectuada en una serie de eventos simult\u00e1neos en","robots":{"index":"index","follow":"follow","max-snippet":"max-snippet:-1","max-image-preview":"max-image-preview:large","max-video-preview":"max-video-preview:-1"},"canonical":"https:\/\/web.oirsa.org\/en\/archivos\/4829\/","og_locale":"en_US","og_type":"article","og_title":"Conmemoran D\u00eda Regional de Sanidad Agropecuaria 2021 - OIRSA","og_description":"La conmemoraci\u00f3n del D\u00eda Regional de la Sanidad Agropecuaria y el&nbsp;68\u00ba aniversario del OIRSA&nbsp;fue efectuada en una serie de eventos simult\u00e1neos en","og_url":"https:\/\/web.oirsa.org\/en\/archivos\/4829\/","og_site_name":"OIRSA","article_publisher":"https:\/\/www.facebook.com\/OIRSAoficial","article_published_time":"2021-12-14T23:14:50+00:00","article_modified_time":"2021-12-14T23:14:51+00:00","og_image":[{"url":"https:\/\/web.oirsa.org\/wp-content\/uploads\/2021\/12\/MEX-SA-1024x455.jpg","type":"","width":"","height":""}],"author":"sigfredoramirez","twitter_card":"summary_large_image","twitter_creator":"@OIRSAoficial","twitter_site":"@OIRSAoficial","twitter_misc":{"Written by":"sigfredoramirez","Est. reading time":"5 minutes"},"schema":{"@context":"https:\/\/schema.org","@graph":[{"@type":"Article","@id":"https:\/\/web.oirsa.org\/archivos\/4829#article","isPartOf":{"@id":"https:\/\/web.oirsa.org\/archivos\/4829"},"author":{"name":"sigfredoramirez","@id":"https:\/\/web.oirsa.org\/#\/schema\/person\/698e7776162ddf630ab36c5946d818ab"},"headline":"Conmemoran D\u00eda Regional de Sanidad Agropecuaria 2021","datePublished":"2021-12-14T23:14:50+00:00","dateModified":"2021-12-14T23:14:51+00:00","mainEntityOfPage":{"@id":"https:\/\/web.oirsa.org\/archivos\/4829"},"wordCount":969,"commentCount":0,"publisher":{"@id":"https:\/\/web.oirsa.org\/#organization"},"image":{"@id":"https:\/\/web.oirsa.org\/archivos\/4829#primaryimage"},"thumbnailUrl":"https:\/\/web.oirsa.org\/wp-content\/uploads\/2021\/12\/MEX-SA-1024x455.jpg","articleSection":["Noticias"],"inLanguage":"en-US","potentialAction":[{"@type":"CommentAction","name":"Comment","target":["https:\/\/web.oirsa.org\/archivos\/4829#respond"]}]},{"@type":"WebPage","@id":"https:\/\/web.oirsa.org\/archivos\/4829","url":"https:\/\/web.oirsa.org\/archivos\/4829","name":"Conmemoran D\u00eda Regional de Sanidad Agropecuaria 2021 - OIRSA","isPartOf":{"@id":"https:\/\/web.oirsa.org\/#website"},"primaryImageOfPage":{"@id":"https:\/\/web.oirsa.org\/archivos\/4829#primaryimage"},"image":{"@id":"https:\/\/web.oirsa.org\/archivos\/4829#primaryimage"},"thumbnailUrl":"https:\/\/web.oirsa.org\/wp-content\/uploads\/2021\/12\/MEX-SA-1024x455.jpg","datePublished":"2021-12-14T23:14:50+00:00","dateModified":"2021-12-14T23:14:51+00:00","description":"La conmemoraci\u00f3n del D\u00eda Regional de la Sanidad Agropecuaria y el&nbsp;68\u00ba aniversario del OIRSA&nbsp;fue efectuada en una serie de eventos simult\u00e1neos en","breadcrumb":{"@id":"https:\/\/web.oirsa.org\/archivos\/4829#breadcrumb"},"inLanguage":"en-US","potentialAction":[{"@type":"ReadAction","target":["https:\/\/web.oirsa.org\/archivos\/4829"]}]},{"@type":"ImageObject","inLanguage":"en-US","@id":"https:\/\/web.oirsa.org\/archivos\/4829#primaryimage","url":"https:\/\/web.oirsa.org\/wp-content\/uploads\/2021\/12\/MEX-SA-1024x455.jpg","contentUrl":"https:\/\/web.oirsa.org\/wp-content\/uploads\/2021\/12\/MEX-SA-1024x455.jpg"},{"@type":"BreadcrumbList","@id":"https:\/\/web.oirsa.org\/archivos\/4829#breadcrumb","itemListElement":[{"@type":"ListItem","position":1,"name":"Portada","item":"https:\/\/web.oirsa.org\/"},{"@type":"ListItem","position":2,"name":"Conmemoran D\u00eda Regional de Sanidad Agropecuaria 2021"}]},{"@type":"WebSite","@id":"https:\/\/web.oirsa.org\/#website","url":"https:\/\/web.oirsa.org\/","name":"OIRSA","description":"Organismo Internacional Regional de Sanidad Agropecuaria","publisher":{"@id":"https:\/\/web.oirsa.org\/#organization"},"potentialAction":[{"@type":"SearchAction","target":{"@type":"EntryPoint","urlTemplate":"https:\/\/web.oirsa.org\/?s={search_term_string}"},"query-input":{"@type":"PropertyValueSpecification","valueRequired":true,"valueName":"search_term_string"}}],"inLanguage":"en-US"},{"@type":"Organization","@id":"https:\/\/web.oirsa.org\/#organization","name":"OIRSA","url":"https:\/\/web.oirsa.org\/","logo":{"@type":"ImageObject","inLanguage":"en-US","@id":"https:\/\/web.oirsa.org\/#\/schema\/logo\/image\/","url":"https:\/\/web.oirsa.org\/wp-content\/uploads\/2024\/01\/cropped-LOGO-OIRSA-2023.png","contentUrl":"https:\/\/web.oirsa.org\/wp-content\/uploads\/2024\/01\/cropped-LOGO-OIRSA-2023.png","width":512,"height":512,"caption":"OIRSA"},"image":{"@id":"https:\/\/web.oirsa.org\/#\/schema\/logo\/image\/"},"sameAs":["https:\/\/www.facebook.com\/OIRSAoficial","https:\/\/x.com\/OIRSAoficial"]},{"@type":"Person","@id":"https:\/\/web.oirsa.org\/#\/schema\/person\/698e7776162ddf630ab36c5946d818ab","name":"sigfredoramirez","image":{"@type":"ImageObject","inLanguage":"en-US","@id":"https:\/\/secure.gravatar.com\/avatar\/cff1a22def7b03563530f2ba16145a6b6b5acbabc1f530f59eb045d7e21222e2?s=96&d=identicon&r=g","url":"https:\/\/secure.gravatar.com\/avatar\/cff1a22def7b03563530f2ba16145a6b6b5acbabc1f530f59eb045d7e21222e2?s=96&d=identicon&r=g","contentUrl":"https:\/\/secure.gravatar.com\/avatar\/cff1a22def7b03563530f2ba16145a6b6b5acbabc1f530f59eb045d7e21222e2?s=96&d=identicon&r=g","caption":"sigfredoramirez"}}]}},"jetpack_featured_media_url":"","jetpack_sharing_enabled":true,"_links":{"self":[{"href":"https:\/\/web.oirsa.org\/en\/wp-json\/wp\/v2\/posts\/4829","targetHints":{"allow":["GET"]}}],"collection":[{"href":"https:\/\/web.oirsa.org\/en\/wp-json\/wp\/v2\/posts"}],"about":[{"href":"https:\/\/web.oirsa.org\/en\/wp-json\/wp\/v2\/types\/post"}],"author":[{"embeddable":true,"href":"https:\/\/web.oirsa.org\/en\/wp-json\/wp\/v2\/users\/213237738"}],"replies":[{"embeddable":true,"href":"https:\/\/web.oirsa.org\/en\/wp-json\/wp\/v2\/comments?post=4829"}],"version-history":[{"count":4,"href":"https:\/\/web.oirsa.org\/en\/wp-json\/wp\/v2\/posts\/4829\/revisions"}],"predecessor-version":[{"id":4839,"href":"https:\/\/web.oirsa.org\/en\/wp-json\/wp\/v2\/posts\/4829\/revisions\/4839"}],"wp:attachment":[{"href":"https:\/\/web.oirsa.org\/en\/wp-json\/wp\/v2\/media?parent=4829"}],"wp:term":[{"taxonomy":"category","embeddable":true,"href":"https:\/\/web.oirsa.org\/en\/wp-json\/wp\/v2\/categories?post=4829"},{"taxonomy":"post_tag","embeddable":true,"href":"https:\/\/web.oirsa.org\/en\/wp-json\/wp\/v2\/tags?post=4829"}],"curies":[{"name":"wp","href":"https:\/\/api.w.org\/{rel}","templated":true}]}}