{"id":4717,"date":"2021-12-14T16:32:33","date_gmt":"2021-12-14T22:32:33","guid":{"rendered":"http:\/\/10.103.20.84\/?p=4717"},"modified":"2021-12-14T16:32:34","modified_gmt":"2021-12-14T22:32:34","slug":"oirsa-coordina-mesa-de-variables-climaticas-y-sanidad-agropecuaria-en-44o-foro-de-aplicaciones","status":"publish","type":"post","link":"https:\/\/web.oirsa.org\/en\/archivos\/4717","title":{"rendered":"OIRSA coordina mesa de Variables Clim\u00e1ticas y Sanidad Agropecuaria en 44\u00ba Foro de Aplicaciones"},"content":{"rendered":"<p class=\"wp-block-paragraph\"><em>Se gener\u00f3 informaci\u00f3n estrat\u00e9gica para la prevenci\u00f3n y manejo de plagas y enfermedades emergentes, as\u00ed como la adaptaci\u00f3n agr\u00edcola y pecuaria a la variabilidad clim\u00e1tica.<\/em><\/p>\n\n\n\n<div class=\"wp-block-image\"><figure class=\"alignright size-large is-resized\"><img data-recalc-dims=\"1\" loading=\"lazy\" decoding=\"async\" src=\"https:\/\/i0.wp.com\/web.oirsa.org\/wp-content\/uploads\/2021\/12\/Contra-foro-clima.jpg?resize=496%2C203&ssl=1\" alt=\"\" class=\"wp-image-4718\" width=\"496\" height=\"203\" srcset=\"https:\/\/i0.wp.com\/web.oirsa.org\/wp-content\/uploads\/2021\/12\/Contra-foro-clima.jpg?resize=1024%2C419&ssl=1 1024w, https:\/\/i0.wp.com\/web.oirsa.org\/wp-content\/uploads\/2021\/12\/Contra-foro-clima.jpg?resize=300%2C123&ssl=1 300w, https:\/\/i0.wp.com\/web.oirsa.org\/wp-content\/uploads\/2021\/12\/Contra-foro-clima.jpg?resize=768%2C315&ssl=1 768w, https:\/\/i0.wp.com\/web.oirsa.org\/wp-content\/uploads\/2021\/12\/Contra-foro-clima.jpg?resize=1200%2C492&ssl=1 1200w, https:\/\/i0.wp.com\/web.oirsa.org\/wp-content\/uploads\/2021\/12\/Contra-foro-clima.jpg?w=1350&ssl=1 1350w\" sizes=\"auto, (max-width: 496px) 100vw, 496px\" \/><\/figure><\/div>\n\n\n\n<p class=\"wp-block-paragraph\"><strong>Mi\u00e9rcoles, 28 de julio de 2021<\/strong>.\u00a0El director ejecutivo del OIRSA, Efra\u00edn Medina, presidi\u00f3 la mesa de Variables Clim\u00e1ticas y Sanidad Agropecuaria durante el\u00a0<a href=\"https:\/\/www.sica.int\/noticias\/sica-analizan-impactos-climatologicos-de-agosto-octubre-2021-en-seguridad-alimentaria-y-nutricional_1_127872.html\">44\u00ba Foro de Aplicaci\u00f3n<\/a>\u00a0de los Pron\u00f3sticos Clim\u00e1ticos a la Seguridad Alimentaria y Nutricional. Una actividad que se desarroll\u00f3 -en modalidad virtual el 21 de julio de 2021 y en la que participaron t\u00e9cnicos de los institutos de meteorolog\u00eda de Centroam\u00e9rica, directores regionales del OIRSA y otros funcionarios del Organismo.<\/p>\n\n\n\n<p class=\"wp-block-paragraph\">En base a los pron\u00f3sticos clim\u00e1ticos de agosto a octubre 2021, en la mesa de Variables Clim\u00e1ticas y Sanidad Agropecuaria se analizaron los riesgos que se pueden tener para la Salud Animal, Sanidad Vegetal y la Inocuidad de los Alimentos, brindando, a la vez, recomendaciones pr\u00e1cticas en t\u00e9rminos de prevenci\u00f3n, manejo y adaptaci\u00f3n.<\/p>\n\n\n\n<p class=\"wp-block-paragraph\">Los servicios meteorol\u00f3gicos de Centroam\u00e9rica\u00a0<a href=\"https:\/\/twitter.com\/OIRSAoficial\/status\/1417512318339096584\">pronosticaron lluvias<\/a>\u00a0dentro del par\u00e1metro hist\u00f3rico en la mayor\u00eda de la regi\u00f3n. Solo se contemplan precipitaciones arriba del promedio en la zona fronteriza de la Rep\u00fablica de Guatemala con M\u00e9xico; El Trifinio en El Salvador; los departamentos de Atl\u00e1ntida, Col\u00f3n y Francisco Moraz\u00e1n de Honduras; el Pac\u00edfico de Costa Rica; y Veraguas y tierras altas de Panam\u00e1. Asimismo, prevalecer\u00e1 la fase Neutra del Fen\u00f3meno El Ni\u00f1o. Hay alta probabilidad de que un nuevo episodio de La Ni\u00f1a se desarrolle en octubre.<\/p>\n\n\n\n<p class=\"wp-block-paragraph\">En ese sentido, los principales riesgos en Salud Animal est\u00e1n asociados a que las lluvias favorecen el desarrollo de par\u00e1sitos y aumenta la proliferaci\u00f3n de vectores. Es necesario proceder a la vacunaci\u00f3n de todos los animales, reforzar las medidas de bioseguridad b\u00e1sica en granjas y la vigilancia epidemiol\u00f3gica para encefalitis equina.<\/p>\n\n\n\n<p class=\"wp-block-paragraph\">Por su parte, en Sanidad Vegetal, los principales riesgos est\u00e1n asociados al aumento en las precipitaciones. Esto constituye un factor para el incremento de las poblaciones de insectos, hongos y bacterias que afectan a las plantas cuando la humedad relativa incrementa por las lluvias. Es importante la vigilancia de la langosta centroamericana; roya y broca en caf\u00e9; las pudriciones radiculares en frijol y el complejo de mancha de asfalto en ma\u00edz.<\/p>\n\n\n\n<p class=\"wp-block-paragraph\">El 19 de julio de 2021, el director ejecutivo del OIRSA, Efra\u00edn Medina, tambi\u00e9n particip\u00f3 en la inauguraci\u00f3n del 65\u00ba Foro del Clima de Am\u00e9rica Central junto a la secretaria ejecutiva del Comit\u00e9 Regional de Recursos Hidr\u00e1ulicos (<a href=\"https:\/\/www.sica.int\/consulta\/entidad.aspx?IdEnt=32&Idm=1\">CRRH<\/a>), Berta Olmedo; la directora del Programa de Sistemas de Informaci\u00f3n para la Resiliencia (PROGRESAN-SICA), Patricia Palma; entre otros.<\/p>","protected":false},"excerpt":{"rendered":"<p>Se gener\u00f3 informaci\u00f3n estrat\u00e9gica para la prevenci\u00f3n y manejo de plagas y enfermedades emergentes, as\u00ed como la adaptaci\u00f3n agr\u00edcola y [&hellip;]<\/p>\n","protected":false},"author":213237738,"featured_media":0,"comment_status":"open","ping_status":"open","sticky":false,"template":"","format":"standard","meta":{"_coblocks_attr":"","_coblocks_dimensions":"","_coblocks_responsive_height":"","_coblocks_accordion_ie_support":"","_crdt_document":"","_jetpack_memberships_contains_paid_content":false,"footnotes":""},"categories":[121903],"tags":[],"class_list":["post-4717","post","type-post","status-publish","format-standard","hentry","category-noticias"],"yoast_head":"<!-- This site is optimized with the Yoast SEO plugin v27.5 - https:\/\/yoast.com\/product\/yoast-seo-wordpress\/ -->\n<title>OIRSA coordina mesa de Variables Clim\u00e1ticas y Sanidad Agropecuaria en 44\u00ba Foro de Aplicaciones - OIRSA<\/title>\n<meta name=\"description\" content=\"Se gener\u00f3 informaci\u00f3n estrat\u00e9gica para la prevenci\u00f3n y manejo de plagas y enfermedades emergentes, as\u00ed como la adaptaci\u00f3n agr\u00edcola y pecuaria a la\" \/>\n<meta name=\"robots\" content=\"index, follow, max-snippet:-1, max-image-preview:large, max-video-preview:-1\" \/>\n<link rel=\"canonical\" href=\"https:\/\/web.oirsa.org\/en\/archivos\/4717\/\" \/>\n<meta property=\"og:locale\" content=\"en_US\" \/>\n<meta property=\"og:type\" content=\"article\" \/>\n<meta property=\"og:title\" content=\"OIRSA coordina mesa de Variables Clim\u00e1ticas y Sanidad Agropecuaria en 44\u00ba Foro de Aplicaciones - OIRSA\" \/>\n<meta property=\"og:description\" content=\"Se gener\u00f3 informaci\u00f3n estrat\u00e9gica para la prevenci\u00f3n y manejo de plagas y enfermedades emergentes, as\u00ed como la adaptaci\u00f3n agr\u00edcola y pecuaria a la\" \/>\n<meta property=\"og:url\" content=\"https:\/\/web.oirsa.org\/en\/archivos\/4717\/\" \/>\n<meta property=\"og:site_name\" content=\"OIRSA\" \/>\n<meta property=\"article:publisher\" content=\"https:\/\/www.facebook.com\/OIRSAoficial\" \/>\n<meta property=\"article:published_time\" content=\"2021-12-14T22:32:33+00:00\" \/>\n<meta property=\"article:modified_time\" content=\"2021-12-14T22:32:34+00:00\" \/>\n<meta property=\"og:image\" content=\"https:\/\/web.oirsa.org\/wp-content\/uploads\/2021\/12\/Contra-foro-clima-1024x419.jpg\" \/>\n<meta name=\"author\" content=\"sigfredoramirez\" \/>\n<meta name=\"twitter:card\" content=\"summary_large_image\" \/>\n<meta name=\"twitter:creator\" content=\"@OIRSAoficial\" \/>\n<meta name=\"twitter:site\" content=\"@OIRSAoficial\" \/>\n<meta name=\"twitter:label1\" content=\"Written by\" \/>\n\t<meta name=\"twitter:data1\" content=\"sigfredoramirez\" \/>\n\t<meta name=\"twitter:label2\" content=\"Est. reading time\" \/>\n\t<meta name=\"twitter:data2\" content=\"2 minutes\" \/>\n<script type=\"application\/ld+json\" class=\"yoast-schema-graph\">{\"@context\":\"https:\\\/\\\/schema.org\",\"@graph\":[{\"@type\":\"Article\",\"@id\":\"https:\\\/\\\/web.oirsa.org\\\/archivos\\\/4717#article\",\"isPartOf\":{\"@id\":\"https:\\\/\\\/web.oirsa.org\\\/archivos\\\/4717\"},\"author\":{\"name\":\"sigfredoramirez\",\"@id\":\"https:\\\/\\\/web.oirsa.org\\\/#\\\/schema\\\/person\\\/698e7776162ddf630ab36c5946d818ab\"},\"headline\":\"OIRSA coordina mesa de Variables Clim\u00e1ticas y Sanidad Agropecuaria en 44\u00ba Foro de Aplicaciones\",\"datePublished\":\"2021-12-14T22:32:33+00:00\",\"dateModified\":\"2021-12-14T22:32:34+00:00\",\"mainEntityOfPage\":{\"@id\":\"https:\\\/\\\/web.oirsa.org\\\/archivos\\\/4717\"},\"wordCount\":477,\"commentCount\":0,\"publisher\":{\"@id\":\"https:\\\/\\\/web.oirsa.org\\\/#organization\"},\"image\":{\"@id\":\"https:\\\/\\\/web.oirsa.org\\\/archivos\\\/4717#primaryimage\"},\"thumbnailUrl\":\"https:\\\/\\\/web.oirsa.org\\\/wp-content\\\/uploads\\\/2021\\\/12\\\/Contra-foro-clima-1024x419.jpg\",\"articleSection\":[\"Noticias\"],\"inLanguage\":\"en-US\",\"potentialAction\":[{\"@type\":\"CommentAction\",\"name\":\"Comment\",\"target\":[\"https:\\\/\\\/web.oirsa.org\\\/archivos\\\/4717#respond\"]}]},{\"@type\":\"WebPage\",\"@id\":\"https:\\\/\\\/web.oirsa.org\\\/archivos\\\/4717\",\"url\":\"https:\\\/\\\/web.oirsa.org\\\/archivos\\\/4717\",\"name\":\"OIRSA coordina mesa de Variables Clim\u00e1ticas y Sanidad Agropecuaria en 44\u00ba Foro de Aplicaciones - OIRSA\",\"isPartOf\":{\"@id\":\"https:\\\/\\\/web.oirsa.org\\\/#website\"},\"primaryImageOfPage\":{\"@id\":\"https:\\\/\\\/web.oirsa.org\\\/archivos\\\/4717#primaryimage\"},\"image\":{\"@id\":\"https:\\\/\\\/web.oirsa.org\\\/archivos\\\/4717#primaryimage\"},\"thumbnailUrl\":\"https:\\\/\\\/web.oirsa.org\\\/wp-content\\\/uploads\\\/2021\\\/12\\\/Contra-foro-clima-1024x419.jpg\",\"datePublished\":\"2021-12-14T22:32:33+00:00\",\"dateModified\":\"2021-12-14T22:32:34+00:00\",\"description\":\"Se gener\u00f3 informaci\u00f3n estrat\u00e9gica para la prevenci\u00f3n y manejo de plagas y enfermedades emergentes, as\u00ed como la adaptaci\u00f3n agr\u00edcola y pecuaria a la\",\"breadcrumb\":{\"@id\":\"https:\\\/\\\/web.oirsa.org\\\/archivos\\\/4717#breadcrumb\"},\"inLanguage\":\"en-US\",\"potentialAction\":[{\"@type\":\"ReadAction\",\"target\":[\"https:\\\/\\\/web.oirsa.org\\\/archivos\\\/4717\"]}]},{\"@type\":\"ImageObject\",\"inLanguage\":\"en-US\",\"@id\":\"https:\\\/\\\/web.oirsa.org\\\/archivos\\\/4717#primaryimage\",\"url\":\"https:\\\/\\\/web.oirsa.org\\\/wp-content\\\/uploads\\\/2021\\\/12\\\/Contra-foro-clima-1024x419.jpg\",\"contentUrl\":\"https:\\\/\\\/web.oirsa.org\\\/wp-content\\\/uploads\\\/2021\\\/12\\\/Contra-foro-clima-1024x419.jpg\"},{\"@type\":\"BreadcrumbList\",\"@id\":\"https:\\\/\\\/web.oirsa.org\\\/archivos\\\/4717#breadcrumb\",\"itemListElement\":[{\"@type\":\"ListItem\",\"position\":1,\"name\":\"Portada\",\"item\":\"https:\\\/\\\/web.oirsa.org\\\/\"},{\"@type\":\"ListItem\",\"position\":2,\"name\":\"OIRSA coordina mesa de Variables Clim\u00e1ticas y Sanidad Agropecuaria en 44\u00ba Foro de Aplicaciones\"}]},{\"@type\":\"WebSite\",\"@id\":\"https:\\\/\\\/web.oirsa.org\\\/#website\",\"url\":\"https:\\\/\\\/web.oirsa.org\\\/\",\"name\":\"OIRSA\",\"description\":\"Organismo Internacional Regional de Sanidad Agropecuaria\",\"publisher\":{\"@id\":\"https:\\\/\\\/web.oirsa.org\\\/#organization\"},\"potentialAction\":[{\"@type\":\"SearchAction\",\"target\":{\"@type\":\"EntryPoint\",\"urlTemplate\":\"https:\\\/\\\/web.oirsa.org\\\/?s={search_term_string}\"},\"query-input\":{\"@type\":\"PropertyValueSpecification\",\"valueRequired\":true,\"valueName\":\"search_term_string\"}}],\"inLanguage\":\"en-US\"},{\"@type\":\"Organization\",\"@id\":\"https:\\\/\\\/web.oirsa.org\\\/#organization\",\"name\":\"OIRSA\",\"url\":\"https:\\\/\\\/web.oirsa.org\\\/\",\"logo\":{\"@type\":\"ImageObject\",\"inLanguage\":\"en-US\",\"@id\":\"https:\\\/\\\/web.oirsa.org\\\/#\\\/schema\\\/logo\\\/image\\\/\",\"url\":\"https:\\\/\\\/web.oirsa.org\\\/wp-content\\\/uploads\\\/2024\\\/01\\\/cropped-LOGO-OIRSA-2023.png\",\"contentUrl\":\"https:\\\/\\\/web.oirsa.org\\\/wp-content\\\/uploads\\\/2024\\\/01\\\/cropped-LOGO-OIRSA-2023.png\",\"width\":512,\"height\":512,\"caption\":\"OIRSA\"},\"image\":{\"@id\":\"https:\\\/\\\/web.oirsa.org\\\/#\\\/schema\\\/logo\\\/image\\\/\"},\"sameAs\":[\"https:\\\/\\\/www.facebook.com\\\/OIRSAoficial\",\"https:\\\/\\\/x.com\\\/OIRSAoficial\"]},{\"@type\":\"Person\",\"@id\":\"https:\\\/\\\/web.oirsa.org\\\/#\\\/schema\\\/person\\\/698e7776162ddf630ab36c5946d818ab\",\"name\":\"sigfredoramirez\",\"image\":{\"@type\":\"ImageObject\",\"inLanguage\":\"en-US\",\"@id\":\"https:\\\/\\\/secure.gravatar.com\\\/avatar\\\/cff1a22def7b03563530f2ba16145a6b6b5acbabc1f530f59eb045d7e21222e2?s=96&d=identicon&r=g\",\"url\":\"https:\\\/\\\/secure.gravatar.com\\\/avatar\\\/cff1a22def7b03563530f2ba16145a6b6b5acbabc1f530f59eb045d7e21222e2?s=96&d=identicon&r=g\",\"contentUrl\":\"https:\\\/\\\/secure.gravatar.com\\\/avatar\\\/cff1a22def7b03563530f2ba16145a6b6b5acbabc1f530f59eb045d7e21222e2?s=96&d=identicon&r=g\",\"caption\":\"sigfredoramirez\"}}]}<\/script>\n<!-- \/ Yoast SEO plugin. -->","yoast_head_json":{"title":"OIRSA coordina mesa de Variables Clim\u00e1ticas y Sanidad Agropecuaria en 44\u00ba Foro de Aplicaciones - OIRSA","description":"Se gener\u00f3 informaci\u00f3n estrat\u00e9gica para la prevenci\u00f3n y manejo de plagas y enfermedades emergentes, as\u00ed como la adaptaci\u00f3n agr\u00edcola y pecuaria a la","robots":{"index":"index","follow":"follow","max-snippet":"max-snippet:-1","max-image-preview":"max-image-preview:large","max-video-preview":"max-video-preview:-1"},"canonical":"https:\/\/web.oirsa.org\/en\/archivos\/4717\/","og_locale":"en_US","og_type":"article","og_title":"OIRSA coordina mesa de Variables Clim\u00e1ticas y Sanidad Agropecuaria en 44\u00ba Foro de Aplicaciones - OIRSA","og_description":"Se gener\u00f3 informaci\u00f3n estrat\u00e9gica para la prevenci\u00f3n y manejo de plagas y enfermedades emergentes, as\u00ed como la adaptaci\u00f3n agr\u00edcola y pecuaria a la","og_url":"https:\/\/web.oirsa.org\/en\/archivos\/4717\/","og_site_name":"OIRSA","article_publisher":"https:\/\/www.facebook.com\/OIRSAoficial","article_published_time":"2021-12-14T22:32:33+00:00","article_modified_time":"2021-12-14T22:32:34+00:00","og_image":[{"url":"https:\/\/web.oirsa.org\/wp-content\/uploads\/2021\/12\/Contra-foro-clima-1024x419.jpg","type":"","width":"","height":""}],"author":"sigfredoramirez","twitter_card":"summary_large_image","twitter_creator":"@OIRSAoficial","twitter_site":"@OIRSAoficial","twitter_misc":{"Written by":"sigfredoramirez","Est. reading time":"2 minutes"},"schema":{"@context":"https:\/\/schema.org","@graph":[{"@type":"Article","@id":"https:\/\/web.oirsa.org\/archivos\/4717#article","isPartOf":{"@id":"https:\/\/web.oirsa.org\/archivos\/4717"},"author":{"name":"sigfredoramirez","@id":"https:\/\/web.oirsa.org\/#\/schema\/person\/698e7776162ddf630ab36c5946d818ab"},"headline":"OIRSA coordina mesa de Variables Clim\u00e1ticas y Sanidad Agropecuaria en 44\u00ba Foro de Aplicaciones","datePublished":"2021-12-14T22:32:33+00:00","dateModified":"2021-12-14T22:32:34+00:00","mainEntityOfPage":{"@id":"https:\/\/web.oirsa.org\/archivos\/4717"},"wordCount":477,"commentCount":0,"publisher":{"@id":"https:\/\/web.oirsa.org\/#organization"},"image":{"@id":"https:\/\/web.oirsa.org\/archivos\/4717#primaryimage"},"thumbnailUrl":"https:\/\/web.oirsa.org\/wp-content\/uploads\/2021\/12\/Contra-foro-clima-1024x419.jpg","articleSection":["Noticias"],"inLanguage":"en-US","potentialAction":[{"@type":"CommentAction","name":"Comment","target":["https:\/\/web.oirsa.org\/archivos\/4717#respond"]}]},{"@type":"WebPage","@id":"https:\/\/web.oirsa.org\/archivos\/4717","url":"https:\/\/web.oirsa.org\/archivos\/4717","name":"OIRSA coordina mesa de Variables Clim\u00e1ticas y Sanidad Agropecuaria en 44\u00ba Foro de Aplicaciones - OIRSA","isPartOf":{"@id":"https:\/\/web.oirsa.org\/#website"},"primaryImageOfPage":{"@id":"https:\/\/web.oirsa.org\/archivos\/4717#primaryimage"},"image":{"@id":"https:\/\/web.oirsa.org\/archivos\/4717#primaryimage"},"thumbnailUrl":"https:\/\/web.oirsa.org\/wp-content\/uploads\/2021\/12\/Contra-foro-clima-1024x419.jpg","datePublished":"2021-12-14T22:32:33+00:00","dateModified":"2021-12-14T22:32:34+00:00","description":"Se gener\u00f3 informaci\u00f3n estrat\u00e9gica para la prevenci\u00f3n y manejo de plagas y enfermedades emergentes, as\u00ed como la adaptaci\u00f3n agr\u00edcola y pecuaria a la","breadcrumb":{"@id":"https:\/\/web.oirsa.org\/archivos\/4717#breadcrumb"},"inLanguage":"en-US","potentialAction":[{"@type":"ReadAction","target":["https:\/\/web.oirsa.org\/archivos\/4717"]}]},{"@type":"ImageObject","inLanguage":"en-US","@id":"https:\/\/web.oirsa.org\/archivos\/4717#primaryimage","url":"https:\/\/web.oirsa.org\/wp-content\/uploads\/2021\/12\/Contra-foro-clima-1024x419.jpg","contentUrl":"https:\/\/web.oirsa.org\/wp-content\/uploads\/2021\/12\/Contra-foro-clima-1024x419.jpg"},{"@type":"BreadcrumbList","@id":"https:\/\/web.oirsa.org\/archivos\/4717#breadcrumb","itemListElement":[{"@type":"ListItem","position":1,"name":"Portada","item":"https:\/\/web.oirsa.org\/"},{"@type":"ListItem","position":2,"name":"OIRSA coordina mesa de Variables Clim\u00e1ticas y Sanidad Agropecuaria en 44\u00ba Foro de Aplicaciones"}]},{"@type":"WebSite","@id":"https:\/\/web.oirsa.org\/#website","url":"https:\/\/web.oirsa.org\/","name":"OIRSA","description":"Organismo Internacional Regional de Sanidad Agropecuaria","publisher":{"@id":"https:\/\/web.oirsa.org\/#organization"},"potentialAction":[{"@type":"SearchAction","target":{"@type":"EntryPoint","urlTemplate":"https:\/\/web.oirsa.org\/?s={search_term_string}"},"query-input":{"@type":"PropertyValueSpecification","valueRequired":true,"valueName":"search_term_string"}}],"inLanguage":"en-US"},{"@type":"Organization","@id":"https:\/\/web.oirsa.org\/#organization","name":"OIRSA","url":"https:\/\/web.oirsa.org\/","logo":{"@type":"ImageObject","inLanguage":"en-US","@id":"https:\/\/web.oirsa.org\/#\/schema\/logo\/image\/","url":"https:\/\/web.oirsa.org\/wp-content\/uploads\/2024\/01\/cropped-LOGO-OIRSA-2023.png","contentUrl":"https:\/\/web.oirsa.org\/wp-content\/uploads\/2024\/01\/cropped-LOGO-OIRSA-2023.png","width":512,"height":512,"caption":"OIRSA"},"image":{"@id":"https:\/\/web.oirsa.org\/#\/schema\/logo\/image\/"},"sameAs":["https:\/\/www.facebook.com\/OIRSAoficial","https:\/\/x.com\/OIRSAoficial"]},{"@type":"Person","@id":"https:\/\/web.oirsa.org\/#\/schema\/person\/698e7776162ddf630ab36c5946d818ab","name":"sigfredoramirez","image":{"@type":"ImageObject","inLanguage":"en-US","@id":"https:\/\/secure.gravatar.com\/avatar\/cff1a22def7b03563530f2ba16145a6b6b5acbabc1f530f59eb045d7e21222e2?s=96&d=identicon&r=g","url":"https:\/\/secure.gravatar.com\/avatar\/cff1a22def7b03563530f2ba16145a6b6b5acbabc1f530f59eb045d7e21222e2?s=96&d=identicon&r=g","contentUrl":"https:\/\/secure.gravatar.com\/avatar\/cff1a22def7b03563530f2ba16145a6b6b5acbabc1f530f59eb045d7e21222e2?s=96&d=identicon&r=g","caption":"sigfredoramirez"}}]}},"jetpack_featured_media_url":"","jetpack_sharing_enabled":true,"_links":{"self":[{"href":"https:\/\/web.oirsa.org\/en\/wp-json\/wp\/v2\/posts\/4717","targetHints":{"allow":["GET"]}}],"collection":[{"href":"https:\/\/web.oirsa.org\/en\/wp-json\/wp\/v2\/posts"}],"about":[{"href":"https:\/\/web.oirsa.org\/en\/wp-json\/wp\/v2\/types\/post"}],"author":[{"embeddable":true,"href":"https:\/\/web.oirsa.org\/en\/wp-json\/wp\/v2\/users\/213237738"}],"replies":[{"embeddable":true,"href":"https:\/\/web.oirsa.org\/en\/wp-json\/wp\/v2\/comments?post=4717"}],"version-history":[{"count":1,"href":"https:\/\/web.oirsa.org\/en\/wp-json\/wp\/v2\/posts\/4717\/revisions"}],"predecessor-version":[{"id":4719,"href":"https:\/\/web.oirsa.org\/en\/wp-json\/wp\/v2\/posts\/4717\/revisions\/4719"}],"wp:attachment":[{"href":"https:\/\/web.oirsa.org\/en\/wp-json\/wp\/v2\/media?parent=4717"}],"wp:term":[{"taxonomy":"category","embeddable":true,"href":"https:\/\/web.oirsa.org\/en\/wp-json\/wp\/v2\/categories?post=4717"},{"taxonomy":"post_tag","embeddable":true,"href":"https:\/\/web.oirsa.org\/en\/wp-json\/wp\/v2\/tags?post=4717"}],"curies":[{"name":"wp","href":"https:\/\/api.w.org\/{rel}","templated":true}]}}