{"id":4708,"date":"2021-12-14T16:29:56","date_gmt":"2021-12-14T22:29:56","guid":{"rendered":"http:\/\/10.103.20.84\/?p=4708"},"modified":"2024-02-05T10:54:24","modified_gmt":"2024-02-05T16:54:24","slug":"cirsa-declara-emergencia-fitosanitaria-regional-ante-caracol-gigante-africano","status":"publish","type":"post","link":"https:\/\/web.oirsa.org\/en\/archivos\/4708","title":{"rendered":"CIRSA declara emergencia fitosanitaria regional ante caracol gigante africano"},"content":{"rendered":"<p class=\"wp-block-paragraph\"><em>El caracol gigante africano (Achatina fulica) es una plaga muy perjudicial para cultivos de importancia econ\u00f3mica, ornamental, medicinal y potencial transmisor de enfermedades a los humanos.\u00a0<\/em><\/p>\n\n\n<div class=\"wp-block-image\">\n<figure class=\"alignright size-large is-resized\"><img data-recalc-dims=\"1\" loading=\"lazy\" decoding=\"async\" width=\"525\" height=\"229\" src=\"https:\/\/i0.wp.com\/web.oirsa.org\/wp-content\/uploads\/2021\/12\/CIRSA-LXXIII.jpg?resize=525%2C229&ssl=1\" alt=\"\" class=\"wp-image-4709\" style=\"width:547px;height:238px\" srcset=\"https:\/\/i0.wp.com\/web.oirsa.org\/wp-content\/uploads\/2021\/12\/CIRSA-LXXIII-scaled.jpg?resize=1024%2C447&ssl=1 1024w, https:\/\/i0.wp.com\/web.oirsa.org\/wp-content\/uploads\/2021\/12\/CIRSA-LXXIII-scaled.jpg?resize=300%2C131&ssl=1 300w, https:\/\/i0.wp.com\/web.oirsa.org\/wp-content\/uploads\/2021\/12\/CIRSA-LXXIII-scaled.jpg?resize=768%2C335&ssl=1 768w, https:\/\/i0.wp.com\/web.oirsa.org\/wp-content\/uploads\/2021\/12\/CIRSA-LXXIII-scaled.jpg?resize=1536%2C671&ssl=1 1536w, https:\/\/i0.wp.com\/web.oirsa.org\/wp-content\/uploads\/2021\/12\/CIRSA-LXXIII-scaled.jpg?resize=2048%2C895&ssl=1 2048w, https:\/\/i0.wp.com\/web.oirsa.org\/wp-content\/uploads\/2021\/12\/CIRSA-LXXIII-scaled.jpg?resize=1200%2C524&ssl=1 1200w\" sizes=\"auto, (max-width: 525px) 100vw, 525px\" \/><\/figure>\n<\/div>\n\n\n<p class=\"wp-block-paragraph\"><strong>Mi\u00e9rcoles, 7 de julio de 2021<\/strong>.\u00a0Los ministros y secretarios de Agricultura y Ganader\u00eda de M\u00e9xico, Belize, Guatemala, Honduras, El Salvador, Nicaragua, Costa Rica, Panam\u00e1 y la Rep\u00fablica Dominicana \u2013o sus representantes\u2013 participaron en la LXXIII reuni\u00f3n extraordinaria del Comit\u00e9 Internacional Regional de Sanidad Agropecuaria (<a href=\"https:\/\/www.oirsa.org\/informacion.aspx?id=13\">CIRSA<\/a>). Reuni\u00f3n\u00a0en la que se declar\u00f3\u00a0emergencia regional para el control, contenci\u00f3n, prevenci\u00f3n de la dispersi\u00f3n y erradicaci\u00f3n del caracol gigante africano(<em>Achatinafulica<\/em>).<\/p>\n\n\n\n<p class=\"wp-block-paragraph\">La reuni\u00f3n se desarroll\u00f3 \u2013en modalidad virtual\u2013 el pasado 10 de junio de 2021. El presidente del CIRSA y ministro de Agricultura y Ganader\u00eda de Costa Rica, Renato Alvarado, presidi\u00f3 la 73\u00aa reuni\u00f3n extraordinaria que tuvo como punto \u00fanico la declaratoria de emergencia ante el caracol gigante africano que ya est\u00e1 presente en Costa Rica y Rep\u00fablica Dominicana. \u00a0<\/p>\n\n\n\n<p class=\"wp-block-paragraph\">El 1\u00ba de junio del 2021, el presidente de la Rep\u00fablica de Costa Rica, Carlos Alvarado, declar\u00f3 Estado de\u00a0<a href=\"https:\/\/www.oirsa.org\/noticia-detalle.aspx?id=8066\">Emergencia Fitosanitaria<\/a>\u00a0Nacional, para la prevenci\u00f3n y control de caracol gigante africano ante la detecci\u00f3n de un foco de la plaga en la comunidad de Curuband\u00e9, cant\u00f3n de Liberia, en Guanacaste. La plaga fue notificada a la Convenci\u00f3n Internacional de Protecci\u00f3n Fitosanitaria (<a href=\"https:\/\/www.ippc.int\/es\/\">CIPF<\/a>). \u00a0<\/p>\n\n\n\n<p class=\"wp-block-paragraph\">La declaratoria de emergencia del CIRSA permitir\u00e1 sumar esfuerzos para la prevenci\u00f3n, detecci\u00f3n, control, contenci\u00f3n, dispersi\u00f3n y erradicaci\u00f3n del caracol gigante africano en los pa\u00edses de la regi\u00f3n. Adem\u00e1s, apoyar\u00e1 \u2013a trav\u00e9s de las Direcciones Regionales de Sanidad Vegetal, Servicios Cuarentenarios y Administraci\u00f3n y Finanzas\u2013 a los funcionarios de los Ministerios y Secretar\u00edas de Agricultura para la elaboraci\u00f3n del plan de acci\u00f3n regional.<\/p>\n\n\n\n<p class=\"wp-block-paragraph\">El director ejecutivo del OIRSA, Efra\u00edn Medina, inst\u00f3 a los pa\u00edses de la regi\u00f3n a enfocarse en elaborar campa\u00f1as de comunicaci\u00f3n, prevenci\u00f3n y vigilancia. En la 67\u00aa Reuni\u00f3n del CIRSA participaron: el director en jefe del SENASICA de M\u00e9xico, Javier Trujillo; el viceministro de Agricultura, Seguridad Alimentaria y Empresa de Belize, Servulo Mat\u00edas Baeza; el viceministro de Sanidad Agropecuaria y Regulaciones del MAGA de Guatemala, V\u00edctor Hugo Guzm\u00e1n.<\/p>\n\n\n\n<p class=\"wp-block-paragraph\">Asimismo, el jefe de la Divisi\u00f3n de Vigilancia Sanitaria del MAG de El Salvador, Douglas Navarro; el director general del SENASA de Honduras, Juan Ram\u00f3n Vel\u00e1squez; el director ejecutivo del IPSA de Nicaragua, Ricardo Somarriba; el ministro de Agricultura y Ganader\u00eda de Costa Rica, Renato Alvarado; el director de Sanidad Vegetal de Panam\u00e1, Pablo Rodr\u00edguez; el viceministro de Extensi\u00f3n y Capacitaci\u00f3n Agropecuaria de Rep\u00fablica Dominicana; y el director ejecutivo del OIRSA, Efra\u00edn Medina.<\/p>","protected":false},"excerpt":{"rendered":"<p>El caracol gigante africano (Achatina fulica) es una plaga muy perjudicial para cultivos de importancia econ\u00f3mica, ornamental, medicinal y potencial [&hellip;]<\/p>\n","protected":false},"author":213237738,"featured_media":0,"comment_status":"open","ping_status":"open","sticky":false,"template":"","format":"standard","meta":{"_coblocks_attr":"","_coblocks_dimensions":"","_coblocks_responsive_height":"","_coblocks_accordion_ie_support":"","_crdt_document":"","_jetpack_memberships_contains_paid_content":false,"footnotes":""},"categories":[121903],"tags":[],"class_list":["post-4708","post","type-post","status-publish","format-standard","hentry","category-noticias"],"yoast_head":"<!-- This site is optimized with the Yoast SEO plugin v27.5 - https:\/\/yoast.com\/product\/yoast-seo-wordpress\/ -->\n<title>CIRSA declara emergencia fitosanitaria regional ante caracol gigante africano - OIRSA<\/title>\n<meta name=\"description\" content=\"El caracol gigante africano (Achatina fulica) es una plaga muy perjudicial para cultivos de importancia econ\u00f3mica, ornamental, medicinal y potencial\" \/>\n<meta name=\"robots\" content=\"index, follow, max-snippet:-1, max-image-preview:large, max-video-preview:-1\" \/>\n<link rel=\"canonical\" href=\"https:\/\/web.oirsa.org\/en\/archivos\/4708\/\" \/>\n<meta property=\"og:locale\" content=\"en_US\" \/>\n<meta property=\"og:type\" content=\"article\" \/>\n<meta property=\"og:title\" content=\"CIRSA declara emergencia fitosanitaria regional ante caracol gigante africano - OIRSA\" \/>\n<meta property=\"og:description\" content=\"El caracol gigante africano (Achatina fulica) es una plaga muy perjudicial para cultivos de importancia econ\u00f3mica, ornamental, medicinal y potencial\" \/>\n<meta property=\"og:url\" content=\"https:\/\/web.oirsa.org\/en\/archivos\/4708\/\" \/>\n<meta property=\"og:site_name\" content=\"OIRSA\" \/>\n<meta property=\"article:publisher\" content=\"https:\/\/www.facebook.com\/OIRSAoficial\" \/>\n<meta property=\"article:published_time\" content=\"2021-12-14T22:29:56+00:00\" \/>\n<meta property=\"article:modified_time\" content=\"2024-02-05T16:54:24+00:00\" \/>\n<meta property=\"og:image\" content=\"https:\/\/web.oirsa.org\/wp-content\/uploads\/2021\/12\/CIRSA-LXXIII-1024x447.jpg\" \/>\n<meta name=\"author\" content=\"sigfredoramirez\" \/>\n<meta name=\"twitter:card\" content=\"summary_large_image\" \/>\n<meta name=\"twitter:creator\" content=\"@OIRSAoficial\" \/>\n<meta name=\"twitter:site\" content=\"@OIRSAoficial\" \/>\n<meta name=\"twitter:label1\" content=\"Written by\" \/>\n\t<meta name=\"twitter:data1\" content=\"sigfredoramirez\" \/>\n\t<meta name=\"twitter:label2\" content=\"Est. reading time\" \/>\n\t<meta name=\"twitter:data2\" content=\"2 minutes\" \/>\n<script type=\"application\/ld+json\" class=\"yoast-schema-graph\">{\"@context\":\"https:\\\/\\\/schema.org\",\"@graph\":[{\"@type\":\"Article\",\"@id\":\"https:\\\/\\\/web.oirsa.org\\\/archivos\\\/4708#article\",\"isPartOf\":{\"@id\":\"https:\\\/\\\/web.oirsa.org\\\/archivos\\\/4708\"},\"author\":{\"name\":\"sigfredoramirez\",\"@id\":\"https:\\\/\\\/web.oirsa.org\\\/#\\\/schema\\\/person\\\/698e7776162ddf630ab36c5946d818ab\"},\"headline\":\"CIRSA declara emergencia fitosanitaria regional ante caracol gigante africano\",\"datePublished\":\"2021-12-14T22:29:56+00:00\",\"dateModified\":\"2024-02-05T16:54:24+00:00\",\"mainEntityOfPage\":{\"@id\":\"https:\\\/\\\/web.oirsa.org\\\/archivos\\\/4708\"},\"wordCount\":479,\"commentCount\":0,\"publisher\":{\"@id\":\"https:\\\/\\\/web.oirsa.org\\\/#organization\"},\"image\":{\"@id\":\"https:\\\/\\\/web.oirsa.org\\\/archivos\\\/4708#primaryimage\"},\"thumbnailUrl\":\"https:\\\/\\\/web.oirsa.org\\\/wp-content\\\/uploads\\\/2021\\\/12\\\/CIRSA-LXXIII-1024x447.jpg\",\"articleSection\":[\"Noticias\"],\"inLanguage\":\"en-US\",\"potentialAction\":[{\"@type\":\"CommentAction\",\"name\":\"Comment\",\"target\":[\"https:\\\/\\\/web.oirsa.org\\\/archivos\\\/4708#respond\"]}]},{\"@type\":\"WebPage\",\"@id\":\"https:\\\/\\\/web.oirsa.org\\\/archivos\\\/4708\",\"url\":\"https:\\\/\\\/web.oirsa.org\\\/archivos\\\/4708\",\"name\":\"CIRSA declara emergencia fitosanitaria regional ante caracol gigante africano - OIRSA\",\"isPartOf\":{\"@id\":\"https:\\\/\\\/web.oirsa.org\\\/#website\"},\"primaryImageOfPage\":{\"@id\":\"https:\\\/\\\/web.oirsa.org\\\/archivos\\\/4708#primaryimage\"},\"image\":{\"@id\":\"https:\\\/\\\/web.oirsa.org\\\/archivos\\\/4708#primaryimage\"},\"thumbnailUrl\":\"https:\\\/\\\/web.oirsa.org\\\/wp-content\\\/uploads\\\/2021\\\/12\\\/CIRSA-LXXIII-1024x447.jpg\",\"datePublished\":\"2021-12-14T22:29:56+00:00\",\"dateModified\":\"2024-02-05T16:54:24+00:00\",\"description\":\"El caracol gigante africano (Achatina fulica) es una plaga muy perjudicial para cultivos de importancia econ\u00f3mica, ornamental, medicinal y potencial\",\"breadcrumb\":{\"@id\":\"https:\\\/\\\/web.oirsa.org\\\/archivos\\\/4708#breadcrumb\"},\"inLanguage\":\"en-US\",\"potentialAction\":[{\"@type\":\"ReadAction\",\"target\":[\"https:\\\/\\\/web.oirsa.org\\\/archivos\\\/4708\"]}]},{\"@type\":\"ImageObject\",\"inLanguage\":\"en-US\",\"@id\":\"https:\\\/\\\/web.oirsa.org\\\/archivos\\\/4708#primaryimage\",\"url\":\"https:\\\/\\\/web.oirsa.org\\\/wp-content\\\/uploads\\\/2021\\\/12\\\/CIRSA-LXXIII-1024x447.jpg\",\"contentUrl\":\"https:\\\/\\\/web.oirsa.org\\\/wp-content\\\/uploads\\\/2021\\\/12\\\/CIRSA-LXXIII-1024x447.jpg\"},{\"@type\":\"BreadcrumbList\",\"@id\":\"https:\\\/\\\/web.oirsa.org\\\/archivos\\\/4708#breadcrumb\",\"itemListElement\":[{\"@type\":\"ListItem\",\"position\":1,\"name\":\"Portada\",\"item\":\"https:\\\/\\\/web.oirsa.org\\\/\"},{\"@type\":\"ListItem\",\"position\":2,\"name\":\"CIRSA declara emergencia fitosanitaria regional ante caracol gigante africano\"}]},{\"@type\":\"WebSite\",\"@id\":\"https:\\\/\\\/web.oirsa.org\\\/#website\",\"url\":\"https:\\\/\\\/web.oirsa.org\\\/\",\"name\":\"OIRSA\",\"description\":\"Organismo Internacional Regional de Sanidad Agropecuaria\",\"publisher\":{\"@id\":\"https:\\\/\\\/web.oirsa.org\\\/#organization\"},\"potentialAction\":[{\"@type\":\"SearchAction\",\"target\":{\"@type\":\"EntryPoint\",\"urlTemplate\":\"https:\\\/\\\/web.oirsa.org\\\/?s={search_term_string}\"},\"query-input\":{\"@type\":\"PropertyValueSpecification\",\"valueRequired\":true,\"valueName\":\"search_term_string\"}}],\"inLanguage\":\"en-US\"},{\"@type\":\"Organization\",\"@id\":\"https:\\\/\\\/web.oirsa.org\\\/#organization\",\"name\":\"OIRSA\",\"url\":\"https:\\\/\\\/web.oirsa.org\\\/\",\"logo\":{\"@type\":\"ImageObject\",\"inLanguage\":\"en-US\",\"@id\":\"https:\\\/\\\/web.oirsa.org\\\/#\\\/schema\\\/logo\\\/image\\\/\",\"url\":\"https:\\\/\\\/web.oirsa.org\\\/wp-content\\\/uploads\\\/2024\\\/01\\\/cropped-LOGO-OIRSA-2023.png\",\"contentUrl\":\"https:\\\/\\\/web.oirsa.org\\\/wp-content\\\/uploads\\\/2024\\\/01\\\/cropped-LOGO-OIRSA-2023.png\",\"width\":512,\"height\":512,\"caption\":\"OIRSA\"},\"image\":{\"@id\":\"https:\\\/\\\/web.oirsa.org\\\/#\\\/schema\\\/logo\\\/image\\\/\"},\"sameAs\":[\"https:\\\/\\\/www.facebook.com\\\/OIRSAoficial\",\"https:\\\/\\\/x.com\\\/OIRSAoficial\"]},{\"@type\":\"Person\",\"@id\":\"https:\\\/\\\/web.oirsa.org\\\/#\\\/schema\\\/person\\\/698e7776162ddf630ab36c5946d818ab\",\"name\":\"sigfredoramirez\",\"image\":{\"@type\":\"ImageObject\",\"inLanguage\":\"en-US\",\"@id\":\"https:\\\/\\\/secure.gravatar.com\\\/avatar\\\/cff1a22def7b03563530f2ba16145a6b6b5acbabc1f530f59eb045d7e21222e2?s=96&d=identicon&r=g\",\"url\":\"https:\\\/\\\/secure.gravatar.com\\\/avatar\\\/cff1a22def7b03563530f2ba16145a6b6b5acbabc1f530f59eb045d7e21222e2?s=96&d=identicon&r=g\",\"contentUrl\":\"https:\\\/\\\/secure.gravatar.com\\\/avatar\\\/cff1a22def7b03563530f2ba16145a6b6b5acbabc1f530f59eb045d7e21222e2?s=96&d=identicon&r=g\",\"caption\":\"sigfredoramirez\"}}]}<\/script>\n<!-- \/ Yoast SEO plugin. -->","yoast_head_json":{"title":"CIRSA declara emergencia fitosanitaria regional ante caracol gigante africano - OIRSA","description":"El caracol gigante africano (Achatina fulica) es una plaga muy perjudicial para cultivos de importancia econ\u00f3mica, ornamental, medicinal y potencial","robots":{"index":"index","follow":"follow","max-snippet":"max-snippet:-1","max-image-preview":"max-image-preview:large","max-video-preview":"max-video-preview:-1"},"canonical":"https:\/\/web.oirsa.org\/en\/archivos\/4708\/","og_locale":"en_US","og_type":"article","og_title":"CIRSA declara emergencia fitosanitaria regional ante caracol gigante africano - OIRSA","og_description":"El caracol gigante africano (Achatina fulica) es una plaga muy perjudicial para cultivos de importancia econ\u00f3mica, ornamental, medicinal y potencial","og_url":"https:\/\/web.oirsa.org\/en\/archivos\/4708\/","og_site_name":"OIRSA","article_publisher":"https:\/\/www.facebook.com\/OIRSAoficial","article_published_time":"2021-12-14T22:29:56+00:00","article_modified_time":"2024-02-05T16:54:24+00:00","og_image":[{"url":"https:\/\/web.oirsa.org\/wp-content\/uploads\/2021\/12\/CIRSA-LXXIII-1024x447.jpg","type":"","width":"","height":""}],"author":"sigfredoramirez","twitter_card":"summary_large_image","twitter_creator":"@OIRSAoficial","twitter_site":"@OIRSAoficial","twitter_misc":{"Written by":"sigfredoramirez","Est. reading time":"2 minutes"},"schema":{"@context":"https:\/\/schema.org","@graph":[{"@type":"Article","@id":"https:\/\/web.oirsa.org\/archivos\/4708#article","isPartOf":{"@id":"https:\/\/web.oirsa.org\/archivos\/4708"},"author":{"name":"sigfredoramirez","@id":"https:\/\/web.oirsa.org\/#\/schema\/person\/698e7776162ddf630ab36c5946d818ab"},"headline":"CIRSA declara emergencia fitosanitaria regional ante caracol gigante africano","datePublished":"2021-12-14T22:29:56+00:00","dateModified":"2024-02-05T16:54:24+00:00","mainEntityOfPage":{"@id":"https:\/\/web.oirsa.org\/archivos\/4708"},"wordCount":479,"commentCount":0,"publisher":{"@id":"https:\/\/web.oirsa.org\/#organization"},"image":{"@id":"https:\/\/web.oirsa.org\/archivos\/4708#primaryimage"},"thumbnailUrl":"https:\/\/web.oirsa.org\/wp-content\/uploads\/2021\/12\/CIRSA-LXXIII-1024x447.jpg","articleSection":["Noticias"],"inLanguage":"en-US","potentialAction":[{"@type":"CommentAction","name":"Comment","target":["https:\/\/web.oirsa.org\/archivos\/4708#respond"]}]},{"@type":"WebPage","@id":"https:\/\/web.oirsa.org\/archivos\/4708","url":"https:\/\/web.oirsa.org\/archivos\/4708","name":"CIRSA declara emergencia fitosanitaria regional ante caracol gigante africano - OIRSA","isPartOf":{"@id":"https:\/\/web.oirsa.org\/#website"},"primaryImageOfPage":{"@id":"https:\/\/web.oirsa.org\/archivos\/4708#primaryimage"},"image":{"@id":"https:\/\/web.oirsa.org\/archivos\/4708#primaryimage"},"thumbnailUrl":"https:\/\/web.oirsa.org\/wp-content\/uploads\/2021\/12\/CIRSA-LXXIII-1024x447.jpg","datePublished":"2021-12-14T22:29:56+00:00","dateModified":"2024-02-05T16:54:24+00:00","description":"El caracol gigante africano (Achatina fulica) es una plaga muy perjudicial para cultivos de importancia econ\u00f3mica, ornamental, medicinal y potencial","breadcrumb":{"@id":"https:\/\/web.oirsa.org\/archivos\/4708#breadcrumb"},"inLanguage":"en-US","potentialAction":[{"@type":"ReadAction","target":["https:\/\/web.oirsa.org\/archivos\/4708"]}]},{"@type":"ImageObject","inLanguage":"en-US","@id":"https:\/\/web.oirsa.org\/archivos\/4708#primaryimage","url":"https:\/\/web.oirsa.org\/wp-content\/uploads\/2021\/12\/CIRSA-LXXIII-1024x447.jpg","contentUrl":"https:\/\/web.oirsa.org\/wp-content\/uploads\/2021\/12\/CIRSA-LXXIII-1024x447.jpg"},{"@type":"BreadcrumbList","@id":"https:\/\/web.oirsa.org\/archivos\/4708#breadcrumb","itemListElement":[{"@type":"ListItem","position":1,"name":"Portada","item":"https:\/\/web.oirsa.org\/"},{"@type":"ListItem","position":2,"name":"CIRSA declara emergencia fitosanitaria regional ante caracol gigante africano"}]},{"@type":"WebSite","@id":"https:\/\/web.oirsa.org\/#website","url":"https:\/\/web.oirsa.org\/","name":"OIRSA","description":"Organismo Internacional Regional de Sanidad Agropecuaria","publisher":{"@id":"https:\/\/web.oirsa.org\/#organization"},"potentialAction":[{"@type":"SearchAction","target":{"@type":"EntryPoint","urlTemplate":"https:\/\/web.oirsa.org\/?s={search_term_string}"},"query-input":{"@type":"PropertyValueSpecification","valueRequired":true,"valueName":"search_term_string"}}],"inLanguage":"en-US"},{"@type":"Organization","@id":"https:\/\/web.oirsa.org\/#organization","name":"OIRSA","url":"https:\/\/web.oirsa.org\/","logo":{"@type":"ImageObject","inLanguage":"en-US","@id":"https:\/\/web.oirsa.org\/#\/schema\/logo\/image\/","url":"https:\/\/web.oirsa.org\/wp-content\/uploads\/2024\/01\/cropped-LOGO-OIRSA-2023.png","contentUrl":"https:\/\/web.oirsa.org\/wp-content\/uploads\/2024\/01\/cropped-LOGO-OIRSA-2023.png","width":512,"height":512,"caption":"OIRSA"},"image":{"@id":"https:\/\/web.oirsa.org\/#\/schema\/logo\/image\/"},"sameAs":["https:\/\/www.facebook.com\/OIRSAoficial","https:\/\/x.com\/OIRSAoficial"]},{"@type":"Person","@id":"https:\/\/web.oirsa.org\/#\/schema\/person\/698e7776162ddf630ab36c5946d818ab","name":"sigfredoramirez","image":{"@type":"ImageObject","inLanguage":"en-US","@id":"https:\/\/secure.gravatar.com\/avatar\/cff1a22def7b03563530f2ba16145a6b6b5acbabc1f530f59eb045d7e21222e2?s=96&d=identicon&r=g","url":"https:\/\/secure.gravatar.com\/avatar\/cff1a22def7b03563530f2ba16145a6b6b5acbabc1f530f59eb045d7e21222e2?s=96&d=identicon&r=g","contentUrl":"https:\/\/secure.gravatar.com\/avatar\/cff1a22def7b03563530f2ba16145a6b6b5acbabc1f530f59eb045d7e21222e2?s=96&d=identicon&r=g","caption":"sigfredoramirez"}}]}},"jetpack_featured_media_url":"","jetpack_sharing_enabled":true,"_links":{"self":[{"href":"https:\/\/web.oirsa.org\/en\/wp-json\/wp\/v2\/posts\/4708","targetHints":{"allow":["GET"]}}],"collection":[{"href":"https:\/\/web.oirsa.org\/en\/wp-json\/wp\/v2\/posts"}],"about":[{"href":"https:\/\/web.oirsa.org\/en\/wp-json\/wp\/v2\/types\/post"}],"author":[{"embeddable":true,"href":"https:\/\/web.oirsa.org\/en\/wp-json\/wp\/v2\/users\/213237738"}],"replies":[{"embeddable":true,"href":"https:\/\/web.oirsa.org\/en\/wp-json\/wp\/v2\/comments?post=4708"}],"version-history":[{"count":2,"href":"https:\/\/web.oirsa.org\/en\/wp-json\/wp\/v2\/posts\/4708\/revisions"}],"predecessor-version":[{"id":14400,"href":"https:\/\/web.oirsa.org\/en\/wp-json\/wp\/v2\/posts\/4708\/revisions\/14400"}],"wp:attachment":[{"href":"https:\/\/web.oirsa.org\/en\/wp-json\/wp\/v2\/media?parent=4708"}],"wp:term":[{"taxonomy":"category","embeddable":true,"href":"https:\/\/web.oirsa.org\/en\/wp-json\/wp\/v2\/categories?post=4708"},{"taxonomy":"post_tag","embeddable":true,"href":"https:\/\/web.oirsa.org\/en\/wp-json\/wp\/v2\/tags?post=4708"}],"curies":[{"name":"wp","href":"https:\/\/api.w.org\/{rel}","templated":true}]}}