{"id":4658,"date":"2021-12-14T16:07:41","date_gmt":"2021-12-14T22:07:41","guid":{"rendered":"http:\/\/10.103.20.84\/?p=4658"},"modified":"2021-12-14T16:07:42","modified_gmt":"2021-12-14T22:07:42","slug":"costa-rica-oirsa-participa-en-conmemoracion-del-15o-aniversario-de-senasa","status":"publish","type":"post","link":"https:\/\/web.oirsa.org\/en\/archivos\/4658","title":{"rendered":"Costa Rica: OIRSA participa en conmemoraci\u00f3n del 15\u00ba aniversario de SENASA"},"content":{"rendered":"<p class=\"wp-block-paragraph\"><em>Se conmemor\u00f3 el trabajo de SENASA para cumplir con sus servicios en la prevenci\u00f3n, control y erradicaci\u00f3n de plagas y enfermedades de los animales; as\u00ed como los controles sanitarios en plantas de sacrificio, proceso e industrializaci\u00f3n.<\/em><\/p>\n\n\n\n<div class=\"wp-block-image\"><figure class=\"alignright size-large is-resized\"><img data-recalc-dims=\"1\" loading=\"lazy\" decoding=\"async\" src=\"https:\/\/i0.wp.com\/web.oirsa.org\/wp-content\/uploads\/2021\/12\/contraportda-78.jpg?resize=525%2C233&ssl=1\" alt=\"\" class=\"wp-image-4659\" width=\"525\" height=\"233\" srcset=\"https:\/\/i0.wp.com\/web.oirsa.org\/wp-content\/uploads\/2021\/12\/contraportda-78.jpg?resize=1024%2C455&ssl=1 1024w, https:\/\/i0.wp.com\/web.oirsa.org\/wp-content\/uploads\/2021\/12\/contraportda-78.jpg?resize=300%2C133&ssl=1 300w, https:\/\/i0.wp.com\/web.oirsa.org\/wp-content\/uploads\/2021\/12\/contraportda-78.jpg?resize=768%2C341&ssl=1 768w, https:\/\/i0.wp.com\/web.oirsa.org\/wp-content\/uploads\/2021\/12\/contraportda-78.jpg?resize=1536%2C683&ssl=1 1536w, https:\/\/i0.wp.com\/web.oirsa.org\/wp-content\/uploads\/2021\/12\/contraportda-78.jpg?resize=1200%2C533&ssl=1 1200w, https:\/\/i0.wp.com\/web.oirsa.org\/wp-content\/uploads\/2021\/12\/contraportda-78.jpg?w=1800&ssl=1 1800w\" sizes=\"auto, (max-width: 525px) 100vw, 525px\" \/><\/figure><\/div>\n\n\n\n<p class=\"wp-block-paragraph\"><strong>Jueves, 3 de junio de 2021<\/strong>.\u00a0El director ejecutivo del OIRSA, Efra\u00edn Medina Guerra, particip\u00f3 en el acto virtual en el que se conmemor\u00f3 el XV Aniversario del Servicio Nacional de Salud Animal (<a href=\"http:\/\/www.senasa.go.cr\/\">SENASA<\/a>) de Costa Rica. Una actividad que fue presidida por el ministro de Agricultura y Ganader\u00eda del pa\u00eds, Renato Alvarado; el director general del SENASA, German Rojas; y que se efectu\u00f3 el pasado 17 de mayo de 2021.<\/p>\n\n\n\n<p class=\"wp-block-paragraph\">Durante la actividad, Alvarado destac\u00f3 el trabajo de SENASA, en sus\u00a0<a href=\"http:\/\/www.senasa.go.cr\/institucion\/senasa\/historia\">15 a\u00f1os de existencia<\/a>, en los que ha brindado servicios de calidad que permiten al sector pecuario costarricense integrarse al plan de desarrollo del pa\u00eds y facilitan el comercio de animales, productos y subproductos pecuarios en los mercados internacionales.<\/p>\n\n\n\n<p class=\"wp-block-paragraph\">En ese sentido, SENASA es garante de las medidas veterinarias en base a la evaluaci\u00f3n de riesgos para la salud animal y la salud p\u00fablica veterinaria; gozando as\u00ed del respeto y confianza de la comunidad nacional e internacional. En el acto de conmemoraci\u00f3n, por parte del OIRSA, tambi\u00e9n participaron el director t\u00e9cnico del Organismo, \u00d3scar Zelaya Estrad\u00e9; el director de Administraci\u00f3n y Finanzas, Marco Castro Garnier; y los directores regionales de Salud Animal, Sanidad Vegetal, Cuarentena e Inocuidad.<\/p>\n\n\n\n<p class=\"wp-block-paragraph\">Como parte de la conmemoraci\u00f3n del SENASA, del 17 al 21 de mayo, se desarrollaron actividades virtuales como una exposici\u00f3n sobre la importancia de los Servicios Veterinarios, una charla sobre la producci\u00f3n y consumo sostenible, un conversatorio sobre la medicina veterinaria del futuro, una ponencia sobre el sistema de inspecci\u00f3n y control sanitario de establecimientos, entre otras.<\/p>\n\n\n\n<p class=\"wp-block-paragraph\">En Costa Rica,\u00a0<a href=\"https:\/\/www.oirsa.org\/informacion.aspx?id=53\">OIRSA y SENASA<\/a>\u00a0trabajan de manera conjunta, en el marco de un\u00a0<a href=\"https:\/\/www.oirsa.org\/noticia-detalle.aspx?id=1285\">convenio de cooperaci\u00f3n<\/a>, para administrar y coordinar a los m\u00e9dicos veterinarios e inspectores de inocuidad encargados de revisar que los establecimientos que sacrifiquen, procesen y almacenen productos de origen animal cumplan las normativas. Esto en concordancia de exigencias internacionales de car\u00e1cter comercial.<\/p>\n\n\n\n<p class=\"wp-block-paragraph\">Costa Rica cuenta con un Servicio Veterinario Oficial desde la d\u00e9cada de los 70, el cual ha venido evolucionando, y para el a\u00f1o 2006, mediante la Ley 8495, se cre\u00f3 el SENASA, adscrito al Ministerio de Agricultura y Ganader\u00eda, adjudic\u00e1ndole competencias en salud animal, salud p\u00fablica veterinaria y ambiental.<\/p>","protected":false},"excerpt":{"rendered":"<p>Se conmemor\u00f3 el trabajo de SENASA para cumplir con sus servicios en la prevenci\u00f3n, control y erradicaci\u00f3n de plagas y [&hellip;]<\/p>\n","protected":false},"author":213237738,"featured_media":0,"comment_status":"open","ping_status":"open","sticky":false,"template":"","format":"standard","meta":{"_coblocks_attr":"","_coblocks_dimensions":"","_coblocks_responsive_height":"","_coblocks_accordion_ie_support":"","_crdt_document":"","_jetpack_memberships_contains_paid_content":false,"footnotes":""},"categories":[121903],"tags":[],"class_list":["post-4658","post","type-post","status-publish","format-standard","hentry","category-noticias"],"yoast_head":"<!-- This site is optimized with the Yoast SEO plugin v27.5 - https:\/\/yoast.com\/product\/yoast-seo-wordpress\/ -->\n<title>Costa Rica: OIRSA participa en conmemoraci\u00f3n del 15\u00ba aniversario de SENASA - OIRSA<\/title>\n<meta name=\"description\" content=\"Se conmemor\u00f3 el trabajo de SENASA para cumplir con sus servicios en la prevenci\u00f3n, control y erradicaci\u00f3n de plagas y enfermedades de los animales; as\u00ed\" \/>\n<meta name=\"robots\" content=\"index, follow, max-snippet:-1, max-image-preview:large, max-video-preview:-1\" \/>\n<link rel=\"canonical\" href=\"https:\/\/web.oirsa.org\/en\/archivos\/4658\/\" \/>\n<meta property=\"og:locale\" content=\"en_US\" \/>\n<meta property=\"og:type\" content=\"article\" \/>\n<meta property=\"og:title\" content=\"Costa Rica: OIRSA participa en conmemoraci\u00f3n del 15\u00ba aniversario de SENASA - OIRSA\" \/>\n<meta property=\"og:description\" content=\"Se conmemor\u00f3 el trabajo de SENASA para cumplir con sus servicios en la prevenci\u00f3n, control y erradicaci\u00f3n de plagas y enfermedades de los animales; as\u00ed\" \/>\n<meta property=\"og:url\" content=\"https:\/\/web.oirsa.org\/en\/archivos\/4658\/\" \/>\n<meta property=\"og:site_name\" content=\"OIRSA\" \/>\n<meta property=\"article:publisher\" content=\"https:\/\/www.facebook.com\/OIRSAoficial\" \/>\n<meta property=\"article:published_time\" content=\"2021-12-14T22:07:41+00:00\" \/>\n<meta property=\"article:modified_time\" content=\"2021-12-14T22:07:42+00:00\" \/>\n<meta property=\"og:image\" content=\"https:\/\/web.oirsa.org\/wp-content\/uploads\/2021\/12\/contraportda-78-1024x455.jpg\" \/>\n<meta name=\"author\" content=\"sigfredoramirez\" \/>\n<meta name=\"twitter:card\" content=\"summary_large_image\" \/>\n<meta name=\"twitter:creator\" content=\"@OIRSAoficial\" \/>\n<meta name=\"twitter:site\" content=\"@OIRSAoficial\" \/>\n<meta name=\"twitter:label1\" content=\"Written by\" \/>\n\t<meta name=\"twitter:data1\" content=\"sigfredoramirez\" \/>\n\t<meta name=\"twitter:label2\" content=\"Est. reading time\" \/>\n\t<meta name=\"twitter:data2\" content=\"2 minutes\" \/>\n<script type=\"application\/ld+json\" class=\"yoast-schema-graph\">{\"@context\":\"https:\\\/\\\/schema.org\",\"@graph\":[{\"@type\":\"Article\",\"@id\":\"https:\\\/\\\/web.oirsa.org\\\/archivos\\\/4658#article\",\"isPartOf\":{\"@id\":\"https:\\\/\\\/web.oirsa.org\\\/archivos\\\/4658\"},\"author\":{\"name\":\"sigfredoramirez\",\"@id\":\"https:\\\/\\\/web.oirsa.org\\\/#\\\/schema\\\/person\\\/698e7776162ddf630ab36c5946d818ab\"},\"headline\":\"Costa Rica: OIRSA participa en conmemoraci\u00f3n del 15\u00ba aniversario de SENASA\",\"datePublished\":\"2021-12-14T22:07:41+00:00\",\"dateModified\":\"2021-12-14T22:07:42+00:00\",\"mainEntityOfPage\":{\"@id\":\"https:\\\/\\\/web.oirsa.org\\\/archivos\\\/4658\"},\"wordCount\":430,\"commentCount\":0,\"publisher\":{\"@id\":\"https:\\\/\\\/web.oirsa.org\\\/#organization\"},\"image\":{\"@id\":\"https:\\\/\\\/web.oirsa.org\\\/archivos\\\/4658#primaryimage\"},\"thumbnailUrl\":\"https:\\\/\\\/web.oirsa.org\\\/wp-content\\\/uploads\\\/2021\\\/12\\\/contraportda-78-1024x455.jpg\",\"articleSection\":[\"Noticias\"],\"inLanguage\":\"en-US\",\"potentialAction\":[{\"@type\":\"CommentAction\",\"name\":\"Comment\",\"target\":[\"https:\\\/\\\/web.oirsa.org\\\/archivos\\\/4658#respond\"]}]},{\"@type\":\"WebPage\",\"@id\":\"https:\\\/\\\/web.oirsa.org\\\/archivos\\\/4658\",\"url\":\"https:\\\/\\\/web.oirsa.org\\\/archivos\\\/4658\",\"name\":\"Costa Rica: OIRSA participa en conmemoraci\u00f3n del 15\u00ba aniversario de SENASA - OIRSA\",\"isPartOf\":{\"@id\":\"https:\\\/\\\/web.oirsa.org\\\/#website\"},\"primaryImageOfPage\":{\"@id\":\"https:\\\/\\\/web.oirsa.org\\\/archivos\\\/4658#primaryimage\"},\"image\":{\"@id\":\"https:\\\/\\\/web.oirsa.org\\\/archivos\\\/4658#primaryimage\"},\"thumbnailUrl\":\"https:\\\/\\\/web.oirsa.org\\\/wp-content\\\/uploads\\\/2021\\\/12\\\/contraportda-78-1024x455.jpg\",\"datePublished\":\"2021-12-14T22:07:41+00:00\",\"dateModified\":\"2021-12-14T22:07:42+00:00\",\"description\":\"Se conmemor\u00f3 el trabajo de SENASA para cumplir con sus servicios en la prevenci\u00f3n, control y erradicaci\u00f3n de plagas y enfermedades de los animales; as\u00ed\",\"breadcrumb\":{\"@id\":\"https:\\\/\\\/web.oirsa.org\\\/archivos\\\/4658#breadcrumb\"},\"inLanguage\":\"en-US\",\"potentialAction\":[{\"@type\":\"ReadAction\",\"target\":[\"https:\\\/\\\/web.oirsa.org\\\/archivos\\\/4658\"]}]},{\"@type\":\"ImageObject\",\"inLanguage\":\"en-US\",\"@id\":\"https:\\\/\\\/web.oirsa.org\\\/archivos\\\/4658#primaryimage\",\"url\":\"https:\\\/\\\/web.oirsa.org\\\/wp-content\\\/uploads\\\/2021\\\/12\\\/contraportda-78-1024x455.jpg\",\"contentUrl\":\"https:\\\/\\\/web.oirsa.org\\\/wp-content\\\/uploads\\\/2021\\\/12\\\/contraportda-78-1024x455.jpg\"},{\"@type\":\"BreadcrumbList\",\"@id\":\"https:\\\/\\\/web.oirsa.org\\\/archivos\\\/4658#breadcrumb\",\"itemListElement\":[{\"@type\":\"ListItem\",\"position\":1,\"name\":\"Portada\",\"item\":\"https:\\\/\\\/web.oirsa.org\\\/\"},{\"@type\":\"ListItem\",\"position\":2,\"name\":\"Costa Rica: OIRSA participa en conmemoraci\u00f3n del 15\u00ba aniversario de SENASA\"}]},{\"@type\":\"WebSite\",\"@id\":\"https:\\\/\\\/web.oirsa.org\\\/#website\",\"url\":\"https:\\\/\\\/web.oirsa.org\\\/\",\"name\":\"OIRSA\",\"description\":\"Organismo Internacional Regional de Sanidad Agropecuaria\",\"publisher\":{\"@id\":\"https:\\\/\\\/web.oirsa.org\\\/#organization\"},\"potentialAction\":[{\"@type\":\"SearchAction\",\"target\":{\"@type\":\"EntryPoint\",\"urlTemplate\":\"https:\\\/\\\/web.oirsa.org\\\/?s={search_term_string}\"},\"query-input\":{\"@type\":\"PropertyValueSpecification\",\"valueRequired\":true,\"valueName\":\"search_term_string\"}}],\"inLanguage\":\"en-US\"},{\"@type\":\"Organization\",\"@id\":\"https:\\\/\\\/web.oirsa.org\\\/#organization\",\"name\":\"OIRSA\",\"url\":\"https:\\\/\\\/web.oirsa.org\\\/\",\"logo\":{\"@type\":\"ImageObject\",\"inLanguage\":\"en-US\",\"@id\":\"https:\\\/\\\/web.oirsa.org\\\/#\\\/schema\\\/logo\\\/image\\\/\",\"url\":\"https:\\\/\\\/web.oirsa.org\\\/wp-content\\\/uploads\\\/2024\\\/01\\\/cropped-LOGO-OIRSA-2023.png\",\"contentUrl\":\"https:\\\/\\\/web.oirsa.org\\\/wp-content\\\/uploads\\\/2024\\\/01\\\/cropped-LOGO-OIRSA-2023.png\",\"width\":512,\"height\":512,\"caption\":\"OIRSA\"},\"image\":{\"@id\":\"https:\\\/\\\/web.oirsa.org\\\/#\\\/schema\\\/logo\\\/image\\\/\"},\"sameAs\":[\"https:\\\/\\\/www.facebook.com\\\/OIRSAoficial\",\"https:\\\/\\\/x.com\\\/OIRSAoficial\"]},{\"@type\":\"Person\",\"@id\":\"https:\\\/\\\/web.oirsa.org\\\/#\\\/schema\\\/person\\\/698e7776162ddf630ab36c5946d818ab\",\"name\":\"sigfredoramirez\",\"image\":{\"@type\":\"ImageObject\",\"inLanguage\":\"en-US\",\"@id\":\"https:\\\/\\\/secure.gravatar.com\\\/avatar\\\/cff1a22def7b03563530f2ba16145a6b6b5acbabc1f530f59eb045d7e21222e2?s=96&d=identicon&r=g\",\"url\":\"https:\\\/\\\/secure.gravatar.com\\\/avatar\\\/cff1a22def7b03563530f2ba16145a6b6b5acbabc1f530f59eb045d7e21222e2?s=96&d=identicon&r=g\",\"contentUrl\":\"https:\\\/\\\/secure.gravatar.com\\\/avatar\\\/cff1a22def7b03563530f2ba16145a6b6b5acbabc1f530f59eb045d7e21222e2?s=96&d=identicon&r=g\",\"caption\":\"sigfredoramirez\"}}]}<\/script>\n<!-- \/ Yoast SEO plugin. -->","yoast_head_json":{"title":"Costa Rica: OIRSA participa en conmemoraci\u00f3n del 15\u00ba aniversario de SENASA - OIRSA","description":"Se conmemor\u00f3 el trabajo de SENASA para cumplir con sus servicios en la prevenci\u00f3n, control y erradicaci\u00f3n de plagas y enfermedades de los animales; as\u00ed","robots":{"index":"index","follow":"follow","max-snippet":"max-snippet:-1","max-image-preview":"max-image-preview:large","max-video-preview":"max-video-preview:-1"},"canonical":"https:\/\/web.oirsa.org\/en\/archivos\/4658\/","og_locale":"en_US","og_type":"article","og_title":"Costa Rica: OIRSA participa en conmemoraci\u00f3n del 15\u00ba aniversario de SENASA - OIRSA","og_description":"Se conmemor\u00f3 el trabajo de SENASA para cumplir con sus servicios en la prevenci\u00f3n, control y erradicaci\u00f3n de plagas y enfermedades de los animales; as\u00ed","og_url":"https:\/\/web.oirsa.org\/en\/archivos\/4658\/","og_site_name":"OIRSA","article_publisher":"https:\/\/www.facebook.com\/OIRSAoficial","article_published_time":"2021-12-14T22:07:41+00:00","article_modified_time":"2021-12-14T22:07:42+00:00","og_image":[{"url":"https:\/\/web.oirsa.org\/wp-content\/uploads\/2021\/12\/contraportda-78-1024x455.jpg","type":"","width":"","height":""}],"author":"sigfredoramirez","twitter_card":"summary_large_image","twitter_creator":"@OIRSAoficial","twitter_site":"@OIRSAoficial","twitter_misc":{"Written by":"sigfredoramirez","Est. reading time":"2 minutes"},"schema":{"@context":"https:\/\/schema.org","@graph":[{"@type":"Article","@id":"https:\/\/web.oirsa.org\/archivos\/4658#article","isPartOf":{"@id":"https:\/\/web.oirsa.org\/archivos\/4658"},"author":{"name":"sigfredoramirez","@id":"https:\/\/web.oirsa.org\/#\/schema\/person\/698e7776162ddf630ab36c5946d818ab"},"headline":"Costa Rica: OIRSA participa en conmemoraci\u00f3n del 15\u00ba aniversario de SENASA","datePublished":"2021-12-14T22:07:41+00:00","dateModified":"2021-12-14T22:07:42+00:00","mainEntityOfPage":{"@id":"https:\/\/web.oirsa.org\/archivos\/4658"},"wordCount":430,"commentCount":0,"publisher":{"@id":"https:\/\/web.oirsa.org\/#organization"},"image":{"@id":"https:\/\/web.oirsa.org\/archivos\/4658#primaryimage"},"thumbnailUrl":"https:\/\/web.oirsa.org\/wp-content\/uploads\/2021\/12\/contraportda-78-1024x455.jpg","articleSection":["Noticias"],"inLanguage":"en-US","potentialAction":[{"@type":"CommentAction","name":"Comment","target":["https:\/\/web.oirsa.org\/archivos\/4658#respond"]}]},{"@type":"WebPage","@id":"https:\/\/web.oirsa.org\/archivos\/4658","url":"https:\/\/web.oirsa.org\/archivos\/4658","name":"Costa Rica: OIRSA participa en conmemoraci\u00f3n del 15\u00ba aniversario de SENASA - OIRSA","isPartOf":{"@id":"https:\/\/web.oirsa.org\/#website"},"primaryImageOfPage":{"@id":"https:\/\/web.oirsa.org\/archivos\/4658#primaryimage"},"image":{"@id":"https:\/\/web.oirsa.org\/archivos\/4658#primaryimage"},"thumbnailUrl":"https:\/\/web.oirsa.org\/wp-content\/uploads\/2021\/12\/contraportda-78-1024x455.jpg","datePublished":"2021-12-14T22:07:41+00:00","dateModified":"2021-12-14T22:07:42+00:00","description":"Se conmemor\u00f3 el trabajo de SENASA para cumplir con sus servicios en la prevenci\u00f3n, control y erradicaci\u00f3n de plagas y enfermedades de los animales; as\u00ed","breadcrumb":{"@id":"https:\/\/web.oirsa.org\/archivos\/4658#breadcrumb"},"inLanguage":"en-US","potentialAction":[{"@type":"ReadAction","target":["https:\/\/web.oirsa.org\/archivos\/4658"]}]},{"@type":"ImageObject","inLanguage":"en-US","@id":"https:\/\/web.oirsa.org\/archivos\/4658#primaryimage","url":"https:\/\/web.oirsa.org\/wp-content\/uploads\/2021\/12\/contraportda-78-1024x455.jpg","contentUrl":"https:\/\/web.oirsa.org\/wp-content\/uploads\/2021\/12\/contraportda-78-1024x455.jpg"},{"@type":"BreadcrumbList","@id":"https:\/\/web.oirsa.org\/archivos\/4658#breadcrumb","itemListElement":[{"@type":"ListItem","position":1,"name":"Portada","item":"https:\/\/web.oirsa.org\/"},{"@type":"ListItem","position":2,"name":"Costa Rica: OIRSA participa en conmemoraci\u00f3n del 15\u00ba aniversario de SENASA"}]},{"@type":"WebSite","@id":"https:\/\/web.oirsa.org\/#website","url":"https:\/\/web.oirsa.org\/","name":"OIRSA","description":"Organismo Internacional Regional de Sanidad Agropecuaria","publisher":{"@id":"https:\/\/web.oirsa.org\/#organization"},"potentialAction":[{"@type":"SearchAction","target":{"@type":"EntryPoint","urlTemplate":"https:\/\/web.oirsa.org\/?s={search_term_string}"},"query-input":{"@type":"PropertyValueSpecification","valueRequired":true,"valueName":"search_term_string"}}],"inLanguage":"en-US"},{"@type":"Organization","@id":"https:\/\/web.oirsa.org\/#organization","name":"OIRSA","url":"https:\/\/web.oirsa.org\/","logo":{"@type":"ImageObject","inLanguage":"en-US","@id":"https:\/\/web.oirsa.org\/#\/schema\/logo\/image\/","url":"https:\/\/web.oirsa.org\/wp-content\/uploads\/2024\/01\/cropped-LOGO-OIRSA-2023.png","contentUrl":"https:\/\/web.oirsa.org\/wp-content\/uploads\/2024\/01\/cropped-LOGO-OIRSA-2023.png","width":512,"height":512,"caption":"OIRSA"},"image":{"@id":"https:\/\/web.oirsa.org\/#\/schema\/logo\/image\/"},"sameAs":["https:\/\/www.facebook.com\/OIRSAoficial","https:\/\/x.com\/OIRSAoficial"]},{"@type":"Person","@id":"https:\/\/web.oirsa.org\/#\/schema\/person\/698e7776162ddf630ab36c5946d818ab","name":"sigfredoramirez","image":{"@type":"ImageObject","inLanguage":"en-US","@id":"https:\/\/secure.gravatar.com\/avatar\/cff1a22def7b03563530f2ba16145a6b6b5acbabc1f530f59eb045d7e21222e2?s=96&d=identicon&r=g","url":"https:\/\/secure.gravatar.com\/avatar\/cff1a22def7b03563530f2ba16145a6b6b5acbabc1f530f59eb045d7e21222e2?s=96&d=identicon&r=g","contentUrl":"https:\/\/secure.gravatar.com\/avatar\/cff1a22def7b03563530f2ba16145a6b6b5acbabc1f530f59eb045d7e21222e2?s=96&d=identicon&r=g","caption":"sigfredoramirez"}}]}},"jetpack_featured_media_url":"","jetpack_sharing_enabled":true,"_links":{"self":[{"href":"https:\/\/web.oirsa.org\/en\/wp-json\/wp\/v2\/posts\/4658","targetHints":{"allow":["GET"]}}],"collection":[{"href":"https:\/\/web.oirsa.org\/en\/wp-json\/wp\/v2\/posts"}],"about":[{"href":"https:\/\/web.oirsa.org\/en\/wp-json\/wp\/v2\/types\/post"}],"author":[{"embeddable":true,"href":"https:\/\/web.oirsa.org\/en\/wp-json\/wp\/v2\/users\/213237738"}],"replies":[{"embeddable":true,"href":"https:\/\/web.oirsa.org\/en\/wp-json\/wp\/v2\/comments?post=4658"}],"version-history":[{"count":1,"href":"https:\/\/web.oirsa.org\/en\/wp-json\/wp\/v2\/posts\/4658\/revisions"}],"predecessor-version":[{"id":4660,"href":"https:\/\/web.oirsa.org\/en\/wp-json\/wp\/v2\/posts\/4658\/revisions\/4660"}],"wp:attachment":[{"href":"https:\/\/web.oirsa.org\/en\/wp-json\/wp\/v2\/media?parent=4658"}],"wp:term":[{"taxonomy":"category","embeddable":true,"href":"https:\/\/web.oirsa.org\/en\/wp-json\/wp\/v2\/categories?post=4658"},{"taxonomy":"post_tag","embeddable":true,"href":"https:\/\/web.oirsa.org\/en\/wp-json\/wp\/v2\/tags?post=4658"}],"curies":[{"name":"wp","href":"https:\/\/api.w.org\/{rel}","templated":true}]}}