{"id":4640,"date":"2021-12-14T15:39:06","date_gmt":"2021-12-14T21:39:06","guid":{"rendered":"http:\/\/10.103.20.84\/?p=4640"},"modified":"2021-12-14T15:39:07","modified_gmt":"2021-12-14T21:39:07","slug":"costa-rica-mag-y-oirsa-inauguran-remodelacion-de-arco-de-aspersion-en-puerto-caldera","status":"publish","type":"post","link":"https:\/\/web.oirsa.org\/en\/archivos\/4640","title":{"rendered":"Costa Rica: MAG y OIRSA inauguran remodelaci\u00f3n de arco de aspersi\u00f3n en puerto Caldera"},"content":{"rendered":"<p class=\"wp-block-paragraph\"><em>La remozada infraestructura aumenta capacidad instalada y mejora condiciones de tratamientos cuarentenarios que se realizan en uno de los principales puntos de ingreso del pa\u00eds.<\/em><\/p>\n\n\n\n<div class=\"wp-block-image\"><figure class=\"alignright size-large is-resized\"><img data-recalc-dims=\"1\" loading=\"lazy\" decoding=\"async\" src=\"https:\/\/i0.wp.com\/web.oirsa.org\/wp-content\/uploads\/2021\/12\/portada2.jpg?resize=525%2C233&ssl=1\" alt=\"\" class=\"wp-image-4641\" width=\"525\" height=\"233\" srcset=\"https:\/\/i0.wp.com\/web.oirsa.org\/wp-content\/uploads\/2021\/12\/portada2.jpg?resize=1024%2C455&ssl=1 1024w, https:\/\/i0.wp.com\/web.oirsa.org\/wp-content\/uploads\/2021\/12\/portada2.jpg?resize=300%2C133&ssl=1 300w, https:\/\/i0.wp.com\/web.oirsa.org\/wp-content\/uploads\/2021\/12\/portada2.jpg?resize=768%2C341&ssl=1 768w, https:\/\/i0.wp.com\/web.oirsa.org\/wp-content\/uploads\/2021\/12\/portada2.jpg?resize=1200%2C533&ssl=1 1200w, https:\/\/i0.wp.com\/web.oirsa.org\/wp-content\/uploads\/2021\/12\/portada2.jpg?w=1350&ssl=1 1350w\" sizes=\"auto, (max-width: 525px) 100vw, 525px\" \/><\/figure><\/div>\n\n\n\n<p class=\"wp-block-paragraph\"><strong>Viernes, 7 de mayo de 2021.\u00a0<\/strong>El ministro de Agricultura y Ganader\u00eda de Costa Rica, Renato Alvarado, y el director ejecutivo del OIRSA, Efra\u00edn Medina, presidieron la inauguraci\u00f3n del remodelado arco de aspersi\u00f3n para tratamientos cuarentenarios en\u00a0<a href=\"https:\/\/incop.go.cr\/puerto-caldera\/\">Puerto Caldera<\/a>, en la costa del Pac\u00edfico del pa\u00eds. El acto inaugural se desarroll\u00f3 el 23 de abril de 2021 y durante el mismo se destac\u00f3 que la remozada infraestructura ayudar\u00e1 al fortalecimiento a la bioseguridad del pa\u00eds.<\/p>\n\n\n\n<p class=\"wp-block-paragraph\">La remodelaci\u00f3n es resultado del trabajo conjunto entre el Ministerio de Agricultura y Ganader\u00eda (MAG), el OIRSA, el Servicio Nacional de Salud Animal (SENASA), el Servicio Fitosanitario del Estado (SFE) y la Corporaci\u00f3n Bananera Nacional (<a href=\"http:\/\/www.corbana.co.cr\/\">CORBANA<\/a>) de Costa Rica. El OIRSA brind\u00f3 asistencia t\u00e9cnica por su experiencia en la construcci\u00f3n y administraci\u00f3n de arcos de aspersi\u00f3n en sus Estados miembros.<\/p>\n\n\n\n<p class=\"wp-block-paragraph\">La infraestructura permite el tratamiento eficaz de contenedores y contribuye a la fluidez de los medios de transporte. Realizar tratamientos cuarentenarios en los puntos de ingreso o salida al pa\u00eds facilita el comercio de productos agropecuarios, porque es un mecanismo normado internacionalmente para proteger a los pa\u00edses de la introducci\u00f3n de plagas y enfermedades que pueden afectar a la agricultura y ganader\u00eda.<\/p>\n\n\n\n<p class=\"wp-block-paragraph\">Al igual que el arco de puerto Caldera tambi\u00e9n se remozaron otros en los puntos de ingreso a Costa Rica. La renovaci\u00f3n se da ante la alerta regional por plagas como la marchitez por fusariosis de las mus\u00e1ceas, raza 4 tropical (<a href=\"https:\/\/www.oirsa.org\/informacion.aspx?id=86\">Foc R4T<\/a>). Colombia y Per\u00fa ya han confirmado la existencia de la plaga en su territorio, por lo que el OIRSA inst\u00f3 a sus Estados miembros a intensificar sus medidas de bioseguridad, vigilancia e inspecciones en los puntos de control fronterizo (puertos, aeropuertos y fronteras terrestres).<\/p>\n\n\n\n<p class=\"wp-block-paragraph\">Con los remozados arcos de aspersi\u00f3n, en el caso de Costa Rica, el\u00a0<a href=\"http:\/\/www.mag.go.cr\/\">MAG<\/a>\u00a0apoya al sector importador y exportador de productos y subproductos agropecuarios, poniendo a su disposici\u00f3n infraestructura, equipo y personal calificado para la aplicaci\u00f3n de tratamientos cuarentenarios, siendo el SENASA quien administra los arcos de aspersi\u00f3n del pa\u00eds. En el acto de inauguraci\u00f3n del arco de puerto Caldera tambi\u00e9n participaron el gerente general de CORBANA, Jorge Sauma; el director general del SENASA, German Rojas; y el director ejecutivo del SFE, Fernando Araya.<\/p>\n\n\n\n<p class=\"wp-block-paragraph\"><em>La remozada infraestructura aumenta capacidad instalada y mejora condiciones de tratamientos cuarentenarios que se realizan en uno de los principales puntos de ingreso del pa\u00eds.<\/em><\/p>\n\n\n\n<p class=\"wp-block-paragraph\"><strong>Viernes, 7 de mayo de 2021.\u00a0<\/strong>El ministro de Agricultura y Ganader\u00eda de Costa Rica, Renato Alvarado, y el director ejecutivo del OIRSA, Efra\u00edn Medina, presidieron la inauguraci\u00f3n del remodelado arco de aspersi\u00f3n para tratamientos cuarentenarios en\u00a0<a href=\"https:\/\/incop.go.cr\/puerto-caldera\/\">Puerto Caldera<\/a>, en la costa del Pac\u00edfico del pa\u00eds. El acto inaugural se desarroll\u00f3 el 23 de abril de 2021 y durante el mismo se destac\u00f3 que la remozada infraestructura ayudar\u00e1 al fortalecimiento a la bioseguridad del pa\u00eds.<\/p>\n\n\n\n<p class=\"wp-block-paragraph\">La remodelaci\u00f3n es resultado del trabajo conjunto entre el Ministerio de Agricultura y Ganader\u00eda (MAG), el OIRSA, el Servicio Nacional de Salud Animal (SENASA), el Servicio Fitosanitario del Estado (SFE) y la Corporaci\u00f3n Bananera Nacional (<a href=\"http:\/\/www.corbana.co.cr\/\">CORBANA<\/a>) de Costa Rica. El OIRSA brind\u00f3 asistencia t\u00e9cnica por su experiencia en la construcci\u00f3n y administraci\u00f3n de arcos de aspersi\u00f3n en sus Estados miembros.<\/p>\n\n\n\n<p class=\"wp-block-paragraph\">La infraestructura permite el tratamiento eficaz de contenedores y contribuye a la fluidez de los medios de transporte. Realizar tratamientos cuarentenarios en los puntos de ingreso o salida al pa\u00eds facilita el comercio de productos agropecuarios, porque es un mecanismo normado internacionalmente para proteger a los pa\u00edses de la introducci\u00f3n de plagas y enfermedades que pueden afectar a la agricultura y ganader\u00eda.<\/p>\n\n\n\n<p class=\"wp-block-paragraph\">Al igual que el arco de puerto Caldera tambi\u00e9n se remozaron otros en los puntos de ingreso a Costa Rica. La renovaci\u00f3n se da ante la alerta regional por plagas como la marchitez por fusariosis de las mus\u00e1ceas, raza 4 tropical (<a href=\"https:\/\/www.oirsa.org\/informacion.aspx?id=86\">Foc R4T<\/a>). Colombia y Per\u00fa ya han confirmado la existencia de la plaga en su territorio, por lo que el OIRSA inst\u00f3 a sus Estados miembros a intensificar sus medidas de bioseguridad, vigilancia e inspecciones en los puntos de control fronterizo (puertos, aeropuertos y fronteras terrestres).<\/p>\n\n\n\n<p class=\"wp-block-paragraph\">Con los remozados arcos de aspersi\u00f3n, en el caso de Costa Rica, el\u00a0<a href=\"http:\/\/www.mag.go.cr\/\">MAG<\/a>\u00a0apoya al sector importador y exportador de productos y subproductos agropecuarios, poniendo a su disposici\u00f3n infraestructura, equipo y personal calificado para la aplicaci\u00f3n de tratamientos cuarentenarios, siendo el SENASA quien administra los arcos de aspersi\u00f3n del pa\u00eds. En el acto de inauguraci\u00f3n del arco de puerto Caldera tambi\u00e9n participaron el gerente general de CORBANA, Jorge Sauma; el director general del SENASA, German Rojas; y el director ejecutivo del SFE, Fernando Araya.<\/p>","protected":false},"excerpt":{"rendered":"<p>La remozada infraestructura aumenta capacidad instalada y mejora condiciones de tratamientos cuarentenarios que se realizan en uno de los principales [&hellip;]<\/p>\n","protected":false},"author":213237738,"featured_media":0,"comment_status":"open","ping_status":"open","sticky":false,"template":"","format":"standard","meta":{"_coblocks_attr":"","_coblocks_dimensions":"","_coblocks_responsive_height":"","_coblocks_accordion_ie_support":"","_crdt_document":"","_jetpack_memberships_contains_paid_content":false,"footnotes":""},"categories":[121903],"tags":[],"class_list":["post-4640","post","type-post","status-publish","format-standard","hentry","category-noticias"],"yoast_head":"<!-- This site is optimized with the Yoast SEO plugin v27.5 - https:\/\/yoast.com\/product\/yoast-seo-wordpress\/ -->\n<title>Costa Rica: MAG y OIRSA inauguran remodelaci\u00f3n de arco de aspersi\u00f3n en puerto Caldera - OIRSA<\/title>\n<meta name=\"description\" content=\"La remozada infraestructura aumenta capacidad instalada y mejora condiciones de tratamientos cuarentenarios que se realizan en uno de los principales\" \/>\n<meta name=\"robots\" content=\"index, follow, max-snippet:-1, max-image-preview:large, max-video-preview:-1\" \/>\n<link rel=\"canonical\" href=\"https:\/\/web.oirsa.org\/en\/archivos\/4640\/\" \/>\n<meta property=\"og:locale\" content=\"en_US\" \/>\n<meta property=\"og:type\" content=\"article\" \/>\n<meta property=\"og:title\" content=\"Costa Rica: MAG y OIRSA inauguran remodelaci\u00f3n de arco de aspersi\u00f3n en puerto Caldera - OIRSA\" \/>\n<meta property=\"og:description\" content=\"La remozada infraestructura aumenta capacidad instalada y mejora condiciones de tratamientos cuarentenarios que se realizan en uno de los principales\" \/>\n<meta property=\"og:url\" content=\"https:\/\/web.oirsa.org\/en\/archivos\/4640\/\" \/>\n<meta property=\"og:site_name\" content=\"OIRSA\" \/>\n<meta property=\"article:publisher\" content=\"https:\/\/www.facebook.com\/OIRSAoficial\" \/>\n<meta property=\"article:published_time\" content=\"2021-12-14T21:39:06+00:00\" \/>\n<meta property=\"article:modified_time\" content=\"2021-12-14T21:39:07+00:00\" \/>\n<meta property=\"og:image\" content=\"https:\/\/web.oirsa.org\/wp-content\/uploads\/2021\/12\/portada2-1024x455.jpg\" \/>\n<meta name=\"author\" content=\"sigfredoramirez\" \/>\n<meta name=\"twitter:card\" content=\"summary_large_image\" \/>\n<meta name=\"twitter:creator\" content=\"@OIRSAoficial\" \/>\n<meta name=\"twitter:site\" content=\"@OIRSAoficial\" \/>\n<meta name=\"twitter:label1\" content=\"Written by\" \/>\n\t<meta name=\"twitter:data1\" content=\"sigfredoramirez\" \/>\n\t<meta name=\"twitter:label2\" content=\"Est. reading time\" \/>\n\t<meta name=\"twitter:data2\" content=\"4 minutes\" \/>\n<script type=\"application\/ld+json\" class=\"yoast-schema-graph\">{\"@context\":\"https:\\\/\\\/schema.org\",\"@graph\":[{\"@type\":\"Article\",\"@id\":\"https:\\\/\\\/web.oirsa.org\\\/archivos\\\/4640#article\",\"isPartOf\":{\"@id\":\"https:\\\/\\\/web.oirsa.org\\\/archivos\\\/4640\"},\"author\":{\"name\":\"sigfredoramirez\",\"@id\":\"https:\\\/\\\/web.oirsa.org\\\/#\\\/schema\\\/person\\\/698e7776162ddf630ab36c5946d818ab\"},\"headline\":\"Costa Rica: MAG y OIRSA inauguran remodelaci\u00f3n de arco de aspersi\u00f3n en puerto Caldera\",\"datePublished\":\"2021-12-14T21:39:06+00:00\",\"dateModified\":\"2021-12-14T21:39:07+00:00\",\"mainEntityOfPage\":{\"@id\":\"https:\\\/\\\/web.oirsa.org\\\/archivos\\\/4640\"},\"wordCount\":860,\"commentCount\":0,\"publisher\":{\"@id\":\"https:\\\/\\\/web.oirsa.org\\\/#organization\"},\"image\":{\"@id\":\"https:\\\/\\\/web.oirsa.org\\\/archivos\\\/4640#primaryimage\"},\"thumbnailUrl\":\"https:\\\/\\\/web.oirsa.org\\\/wp-content\\\/uploads\\\/2021\\\/12\\\/portada2-1024x455.jpg\",\"articleSection\":[\"Noticias\"],\"inLanguage\":\"en-US\",\"potentialAction\":[{\"@type\":\"CommentAction\",\"name\":\"Comment\",\"target\":[\"https:\\\/\\\/web.oirsa.org\\\/archivos\\\/4640#respond\"]}]},{\"@type\":\"WebPage\",\"@id\":\"https:\\\/\\\/web.oirsa.org\\\/archivos\\\/4640\",\"url\":\"https:\\\/\\\/web.oirsa.org\\\/archivos\\\/4640\",\"name\":\"Costa Rica: MAG y OIRSA inauguran remodelaci\u00f3n de arco de aspersi\u00f3n en puerto Caldera - OIRSA\",\"isPartOf\":{\"@id\":\"https:\\\/\\\/web.oirsa.org\\\/#website\"},\"primaryImageOfPage\":{\"@id\":\"https:\\\/\\\/web.oirsa.org\\\/archivos\\\/4640#primaryimage\"},\"image\":{\"@id\":\"https:\\\/\\\/web.oirsa.org\\\/archivos\\\/4640#primaryimage\"},\"thumbnailUrl\":\"https:\\\/\\\/web.oirsa.org\\\/wp-content\\\/uploads\\\/2021\\\/12\\\/portada2-1024x455.jpg\",\"datePublished\":\"2021-12-14T21:39:06+00:00\",\"dateModified\":\"2021-12-14T21:39:07+00:00\",\"description\":\"La remozada infraestructura aumenta capacidad instalada y mejora condiciones de tratamientos cuarentenarios que se realizan en uno de los principales\",\"breadcrumb\":{\"@id\":\"https:\\\/\\\/web.oirsa.org\\\/archivos\\\/4640#breadcrumb\"},\"inLanguage\":\"en-US\",\"potentialAction\":[{\"@type\":\"ReadAction\",\"target\":[\"https:\\\/\\\/web.oirsa.org\\\/archivos\\\/4640\"]}]},{\"@type\":\"ImageObject\",\"inLanguage\":\"en-US\",\"@id\":\"https:\\\/\\\/web.oirsa.org\\\/archivos\\\/4640#primaryimage\",\"url\":\"https:\\\/\\\/web.oirsa.org\\\/wp-content\\\/uploads\\\/2021\\\/12\\\/portada2-1024x455.jpg\",\"contentUrl\":\"https:\\\/\\\/web.oirsa.org\\\/wp-content\\\/uploads\\\/2021\\\/12\\\/portada2-1024x455.jpg\"},{\"@type\":\"BreadcrumbList\",\"@id\":\"https:\\\/\\\/web.oirsa.org\\\/archivos\\\/4640#breadcrumb\",\"itemListElement\":[{\"@type\":\"ListItem\",\"position\":1,\"name\":\"Portada\",\"item\":\"https:\\\/\\\/web.oirsa.org\\\/\"},{\"@type\":\"ListItem\",\"position\":2,\"name\":\"Costa Rica: MAG y OIRSA inauguran remodelaci\u00f3n de arco de aspersi\u00f3n en puerto Caldera\"}]},{\"@type\":\"WebSite\",\"@id\":\"https:\\\/\\\/web.oirsa.org\\\/#website\",\"url\":\"https:\\\/\\\/web.oirsa.org\\\/\",\"name\":\"OIRSA\",\"description\":\"Organismo Internacional Regional de Sanidad Agropecuaria\",\"publisher\":{\"@id\":\"https:\\\/\\\/web.oirsa.org\\\/#organization\"},\"potentialAction\":[{\"@type\":\"SearchAction\",\"target\":{\"@type\":\"EntryPoint\",\"urlTemplate\":\"https:\\\/\\\/web.oirsa.org\\\/?s={search_term_string}\"},\"query-input\":{\"@type\":\"PropertyValueSpecification\",\"valueRequired\":true,\"valueName\":\"search_term_string\"}}],\"inLanguage\":\"en-US\"},{\"@type\":\"Organization\",\"@id\":\"https:\\\/\\\/web.oirsa.org\\\/#organization\",\"name\":\"OIRSA\",\"url\":\"https:\\\/\\\/web.oirsa.org\\\/\",\"logo\":{\"@type\":\"ImageObject\",\"inLanguage\":\"en-US\",\"@id\":\"https:\\\/\\\/web.oirsa.org\\\/#\\\/schema\\\/logo\\\/image\\\/\",\"url\":\"https:\\\/\\\/web.oirsa.org\\\/wp-content\\\/uploads\\\/2024\\\/01\\\/cropped-LOGO-OIRSA-2023.png\",\"contentUrl\":\"https:\\\/\\\/web.oirsa.org\\\/wp-content\\\/uploads\\\/2024\\\/01\\\/cropped-LOGO-OIRSA-2023.png\",\"width\":512,\"height\":512,\"caption\":\"OIRSA\"},\"image\":{\"@id\":\"https:\\\/\\\/web.oirsa.org\\\/#\\\/schema\\\/logo\\\/image\\\/\"},\"sameAs\":[\"https:\\\/\\\/www.facebook.com\\\/OIRSAoficial\",\"https:\\\/\\\/x.com\\\/OIRSAoficial\"]},{\"@type\":\"Person\",\"@id\":\"https:\\\/\\\/web.oirsa.org\\\/#\\\/schema\\\/person\\\/698e7776162ddf630ab36c5946d818ab\",\"name\":\"sigfredoramirez\",\"image\":{\"@type\":\"ImageObject\",\"inLanguage\":\"en-US\",\"@id\":\"https:\\\/\\\/secure.gravatar.com\\\/avatar\\\/cff1a22def7b03563530f2ba16145a6b6b5acbabc1f530f59eb045d7e21222e2?s=96&d=identicon&r=g\",\"url\":\"https:\\\/\\\/secure.gravatar.com\\\/avatar\\\/cff1a22def7b03563530f2ba16145a6b6b5acbabc1f530f59eb045d7e21222e2?s=96&d=identicon&r=g\",\"contentUrl\":\"https:\\\/\\\/secure.gravatar.com\\\/avatar\\\/cff1a22def7b03563530f2ba16145a6b6b5acbabc1f530f59eb045d7e21222e2?s=96&d=identicon&r=g\",\"caption\":\"sigfredoramirez\"}}]}<\/script>\n<!-- \/ Yoast SEO plugin. -->","yoast_head_json":{"title":"Costa Rica: MAG y OIRSA inauguran remodelaci\u00f3n de arco de aspersi\u00f3n en puerto Caldera - OIRSA","description":"La remozada infraestructura aumenta capacidad instalada y mejora condiciones de tratamientos cuarentenarios que se realizan en uno de los principales","robots":{"index":"index","follow":"follow","max-snippet":"max-snippet:-1","max-image-preview":"max-image-preview:large","max-video-preview":"max-video-preview:-1"},"canonical":"https:\/\/web.oirsa.org\/en\/archivos\/4640\/","og_locale":"en_US","og_type":"article","og_title":"Costa Rica: MAG y OIRSA inauguran remodelaci\u00f3n de arco de aspersi\u00f3n en puerto Caldera - OIRSA","og_description":"La remozada infraestructura aumenta capacidad instalada y mejora condiciones de tratamientos cuarentenarios que se realizan en uno de los principales","og_url":"https:\/\/web.oirsa.org\/en\/archivos\/4640\/","og_site_name":"OIRSA","article_publisher":"https:\/\/www.facebook.com\/OIRSAoficial","article_published_time":"2021-12-14T21:39:06+00:00","article_modified_time":"2021-12-14T21:39:07+00:00","og_image":[{"url":"https:\/\/web.oirsa.org\/wp-content\/uploads\/2021\/12\/portada2-1024x455.jpg","type":"","width":"","height":""}],"author":"sigfredoramirez","twitter_card":"summary_large_image","twitter_creator":"@OIRSAoficial","twitter_site":"@OIRSAoficial","twitter_misc":{"Written by":"sigfredoramirez","Est. reading time":"4 minutes"},"schema":{"@context":"https:\/\/schema.org","@graph":[{"@type":"Article","@id":"https:\/\/web.oirsa.org\/archivos\/4640#article","isPartOf":{"@id":"https:\/\/web.oirsa.org\/archivos\/4640"},"author":{"name":"sigfredoramirez","@id":"https:\/\/web.oirsa.org\/#\/schema\/person\/698e7776162ddf630ab36c5946d818ab"},"headline":"Costa Rica: MAG y OIRSA inauguran remodelaci\u00f3n de arco de aspersi\u00f3n en puerto Caldera","datePublished":"2021-12-14T21:39:06+00:00","dateModified":"2021-12-14T21:39:07+00:00","mainEntityOfPage":{"@id":"https:\/\/web.oirsa.org\/archivos\/4640"},"wordCount":860,"commentCount":0,"publisher":{"@id":"https:\/\/web.oirsa.org\/#organization"},"image":{"@id":"https:\/\/web.oirsa.org\/archivos\/4640#primaryimage"},"thumbnailUrl":"https:\/\/web.oirsa.org\/wp-content\/uploads\/2021\/12\/portada2-1024x455.jpg","articleSection":["Noticias"],"inLanguage":"en-US","potentialAction":[{"@type":"CommentAction","name":"Comment","target":["https:\/\/web.oirsa.org\/archivos\/4640#respond"]}]},{"@type":"WebPage","@id":"https:\/\/web.oirsa.org\/archivos\/4640","url":"https:\/\/web.oirsa.org\/archivos\/4640","name":"Costa Rica: MAG y OIRSA inauguran remodelaci\u00f3n de arco de aspersi\u00f3n en puerto Caldera - OIRSA","isPartOf":{"@id":"https:\/\/web.oirsa.org\/#website"},"primaryImageOfPage":{"@id":"https:\/\/web.oirsa.org\/archivos\/4640#primaryimage"},"image":{"@id":"https:\/\/web.oirsa.org\/archivos\/4640#primaryimage"},"thumbnailUrl":"https:\/\/web.oirsa.org\/wp-content\/uploads\/2021\/12\/portada2-1024x455.jpg","datePublished":"2021-12-14T21:39:06+00:00","dateModified":"2021-12-14T21:39:07+00:00","description":"La remozada infraestructura aumenta capacidad instalada y mejora condiciones de tratamientos cuarentenarios que se realizan en uno de los principales","breadcrumb":{"@id":"https:\/\/web.oirsa.org\/archivos\/4640#breadcrumb"},"inLanguage":"en-US","potentialAction":[{"@type":"ReadAction","target":["https:\/\/web.oirsa.org\/archivos\/4640"]}]},{"@type":"ImageObject","inLanguage":"en-US","@id":"https:\/\/web.oirsa.org\/archivos\/4640#primaryimage","url":"https:\/\/web.oirsa.org\/wp-content\/uploads\/2021\/12\/portada2-1024x455.jpg","contentUrl":"https:\/\/web.oirsa.org\/wp-content\/uploads\/2021\/12\/portada2-1024x455.jpg"},{"@type":"BreadcrumbList","@id":"https:\/\/web.oirsa.org\/archivos\/4640#breadcrumb","itemListElement":[{"@type":"ListItem","position":1,"name":"Portada","item":"https:\/\/web.oirsa.org\/"},{"@type":"ListItem","position":2,"name":"Costa Rica: MAG y OIRSA inauguran remodelaci\u00f3n de arco de aspersi\u00f3n en puerto Caldera"}]},{"@type":"WebSite","@id":"https:\/\/web.oirsa.org\/#website","url":"https:\/\/web.oirsa.org\/","name":"OIRSA","description":"Organismo Internacional Regional de Sanidad Agropecuaria","publisher":{"@id":"https:\/\/web.oirsa.org\/#organization"},"potentialAction":[{"@type":"SearchAction","target":{"@type":"EntryPoint","urlTemplate":"https:\/\/web.oirsa.org\/?s={search_term_string}"},"query-input":{"@type":"PropertyValueSpecification","valueRequired":true,"valueName":"search_term_string"}}],"inLanguage":"en-US"},{"@type":"Organization","@id":"https:\/\/web.oirsa.org\/#organization","name":"OIRSA","url":"https:\/\/web.oirsa.org\/","logo":{"@type":"ImageObject","inLanguage":"en-US","@id":"https:\/\/web.oirsa.org\/#\/schema\/logo\/image\/","url":"https:\/\/web.oirsa.org\/wp-content\/uploads\/2024\/01\/cropped-LOGO-OIRSA-2023.png","contentUrl":"https:\/\/web.oirsa.org\/wp-content\/uploads\/2024\/01\/cropped-LOGO-OIRSA-2023.png","width":512,"height":512,"caption":"OIRSA"},"image":{"@id":"https:\/\/web.oirsa.org\/#\/schema\/logo\/image\/"},"sameAs":["https:\/\/www.facebook.com\/OIRSAoficial","https:\/\/x.com\/OIRSAoficial"]},{"@type":"Person","@id":"https:\/\/web.oirsa.org\/#\/schema\/person\/698e7776162ddf630ab36c5946d818ab","name":"sigfredoramirez","image":{"@type":"ImageObject","inLanguage":"en-US","@id":"https:\/\/secure.gravatar.com\/avatar\/cff1a22def7b03563530f2ba16145a6b6b5acbabc1f530f59eb045d7e21222e2?s=96&d=identicon&r=g","url":"https:\/\/secure.gravatar.com\/avatar\/cff1a22def7b03563530f2ba16145a6b6b5acbabc1f530f59eb045d7e21222e2?s=96&d=identicon&r=g","contentUrl":"https:\/\/secure.gravatar.com\/avatar\/cff1a22def7b03563530f2ba16145a6b6b5acbabc1f530f59eb045d7e21222e2?s=96&d=identicon&r=g","caption":"sigfredoramirez"}}]}},"jetpack_featured_media_url":"","jetpack_sharing_enabled":true,"_links":{"self":[{"href":"https:\/\/web.oirsa.org\/en\/wp-json\/wp\/v2\/posts\/4640","targetHints":{"allow":["GET"]}}],"collection":[{"href":"https:\/\/web.oirsa.org\/en\/wp-json\/wp\/v2\/posts"}],"about":[{"href":"https:\/\/web.oirsa.org\/en\/wp-json\/wp\/v2\/types\/post"}],"author":[{"embeddable":true,"href":"https:\/\/web.oirsa.org\/en\/wp-json\/wp\/v2\/users\/213237738"}],"replies":[{"embeddable":true,"href":"https:\/\/web.oirsa.org\/en\/wp-json\/wp\/v2\/comments?post=4640"}],"version-history":[{"count":1,"href":"https:\/\/web.oirsa.org\/en\/wp-json\/wp\/v2\/posts\/4640\/revisions"}],"predecessor-version":[{"id":4642,"href":"https:\/\/web.oirsa.org\/en\/wp-json\/wp\/v2\/posts\/4640\/revisions\/4642"}],"wp:attachment":[{"href":"https:\/\/web.oirsa.org\/en\/wp-json\/wp\/v2\/media?parent=4640"}],"wp:term":[{"taxonomy":"category","embeddable":true,"href":"https:\/\/web.oirsa.org\/en\/wp-json\/wp\/v2\/categories?post=4640"},{"taxonomy":"post_tag","embeddable":true,"href":"https:\/\/web.oirsa.org\/en\/wp-json\/wp\/v2\/tags?post=4640"}],"curies":[{"name":"wp","href":"https:\/\/api.w.org\/{rel}","templated":true}]}}