{"id":4554,"date":"2021-12-14T15:13:07","date_gmt":"2021-12-14T21:13:07","guid":{"rendered":"http:\/\/10.103.20.84\/?p=4554"},"modified":"2021-12-14T15:13:08","modified_gmt":"2021-12-14T21:13:08","slug":"ministerios-de-agricultura-coordinan-esfuerzos-para-manejo-de-langosta-centroamericana","status":"publish","type":"post","link":"https:\/\/web.oirsa.org\/en\/archivos\/4554","title":{"rendered":"Ministerios de Agricultura coordinan esfuerzos para manejo de langosta centroamericana"},"content":{"rendered":"<p class=\"wp-block-paragraph\"><em>Se indic\u00f3 la importancia del fortalecimiento de capacidades al sector oficial y privado para el diagn\u00f3stico, monitoreo y atenci\u00f3n de infestaciones de la plaga de langosta voladora centroamericana.\u00a0<\/em><\/p>\n\n\n\n<div class=\"wp-block-image\"><figure class=\"alignright size-large is-resized\"><img data-recalc-dims=\"1\" loading=\"lazy\" decoding=\"async\" src=\"https:\/\/i0.wp.com\/web.oirsa.org\/wp-content\/uploads\/2021\/12\/portada-febrero1.jpg?resize=477%2C212&ssl=1\" alt=\"\" class=\"wp-image-4555\" width=\"477\" height=\"212\" srcset=\"https:\/\/i0.wp.com\/web.oirsa.org\/wp-content\/uploads\/2021\/12\/portada-febrero1.jpg?resize=1024%2C455&ssl=1 1024w, https:\/\/i0.wp.com\/web.oirsa.org\/wp-content\/uploads\/2021\/12\/portada-febrero1.jpg?resize=300%2C133&ssl=1 300w, https:\/\/i0.wp.com\/web.oirsa.org\/wp-content\/uploads\/2021\/12\/portada-febrero1.jpg?resize=768%2C341&ssl=1 768w, https:\/\/i0.wp.com\/web.oirsa.org\/wp-content\/uploads\/2021\/12\/portada-febrero1.jpg?resize=1200%2C533&ssl=1 1200w, https:\/\/i0.wp.com\/web.oirsa.org\/wp-content\/uploads\/2021\/12\/portada-febrero1.jpg?w=1350&ssl=1 1350w\" sizes=\"auto, (max-width: 477px) 100vw, 477px\" \/><\/figure><\/div>\n\n\n\n<p class=\"wp-block-paragraph\"><strong>Lunes, 1\u00ba de marzo de 2021.\u00a0<\/strong>Los ministros y secretarios de Agricultura y Ganader\u00eda de M\u00e9xico, Belize, Guatemala, El Salvador, Nicaragua y Costa Rica \u2013o sus representantes\u2013 participaron en una reuni\u00f3n virtual sobre la atenci\u00f3n a la emergencia fitosanitaria por la\u00a0<a href=\"https:\/\/www.oirsa.org\/contenido\/2020-2\/2021\/3ra%20alerta%20Langosta%20Voladora%2012.01.21.pdf\">plaga de la langosta<\/a>\u00a0voladora centroamericana. Una actividad que se desarroll\u00f3 el pasado 11 de febrero de 2021.<\/p>\n\n\n\n<p class=\"wp-block-paragraph\">La reuni\u00f3n virtual fue presidida por el presidente del Comit\u00e9 Internacional Regional de Sanidad Agropecuaria (<a href=\"https:\/\/www.oirsa.org\/informacion.aspx?id=13\">CIRSA<\/a>) y director ejecutivo del Instituto de Protecci\u00f3n y Sanidad Agropecuaria (IPSA) de Nicaragua, Ricardo Somarriba. Durante la reuni\u00f3n se conoci\u00f3 la situaci\u00f3n actual de la langosta voladora centroamericana y se coordinaron esfuerzos regionales para fortalecer los programas nacionales ante la plaga.<\/p>\n\n\n\n<p class=\"wp-block-paragraph\">Seg\u00fan se expuso durante la reuni\u00f3n, en pa\u00edses como M\u00e9xico, la langosta centroamericana est\u00e1\u00a0<a href=\"https:\/\/www.gob.mx\/senasica\/prensa\/reforzo-agricultura-acciones-contra-la-langosta-centroamericana-263278\">bajo control oficial<\/a>\u00a0y, en 2021, el gobierno ha destinado $1.1 millones en su manejo. Entre las acciones realizadas est\u00e1 el control en 166 hect\u00e1reas de 10 estados del pa\u00eds. El nivel de riesgo es m\u00e1s alto en la regi\u00f3n huasteca y la pen\u00ednsula de Yucat\u00e1n. En Guatemala, el Ministerio de Agricultura, Ganader\u00eda y Alimentaci\u00f3n (MAGA) determin\u00f3 la presencia de la plaga en 1076 hect\u00e1reas de terreno en Pet\u00e9n y decret\u00f3 el estado de emergencia fitosanitaria, lo que conllev\u00f3 el control de la plaga a trav\u00e9s de brigadas de control terrestre y a\u00e9reo. Se han asperjado 2737 hect\u00e1reas.<\/p>\n\n\n\n<p class=\"wp-block-paragraph\">Por su parte, en El Salvador se cuenta con reportes de\u00a0<a href=\"https:\/\/www.mag.gob.sv\/zona-oriental-reporta-baja-presencia-de-langosta-voladora\/\">bajas poblaciones de adultos<\/a>, sin considerarse una amenaza para el pa\u00eds. Mientras que en Belize no hay reportes de la plaga y en Nicaragua, durante 2021, se han presentado peque\u00f1os brotes en 4 hect\u00e1reas, que se encuentran bajo control oficial y no representan amenaza fitosanitaria.<\/p>\n\n\n\n<p class=\"wp-block-paragraph\">Ante esta situaci\u00f3n, el OIRSA recomend\u00f3 armonizar acciones de monitoreo para detecci\u00f3n y atenci\u00f3n oportuna de brotes de la plaga, el desarrollo de sistema de captura en l\u00ednea para contar con informaci\u00f3n cuasi real, preparaci\u00f3n para atenci\u00f3n a infestaciones con equipos de accionabilidad r\u00e1pida, la gesti\u00f3n de un proyecto de prevenci\u00f3n y control de langosta centroamericana en la regi\u00f3n de 2021 a 2023, entre otros. En la reuni\u00f3n virtual participaron: el director ejecutivo del OIRSA, Efra\u00edn Medina; el director regional de Sanidad Vegetal del Organismo, Carlos Ur\u00edas; el director general de Sanidad Vegetal del SENASICA de M\u00e9xico, Francisco Ram\u00edrez; el director ejecutivo del SFE de Costa Rica, Fernando Araya; el director de Sanidad Vegetal del MAGA de Guatemala, Jorge G\u00f3mez; entre otras autoridades.<\/p>","protected":false},"excerpt":{"rendered":"<p>Se indic\u00f3 la importancia del fortalecimiento de capacidades al sector oficial y privado para el diagn\u00f3stico, monitoreo y atenci\u00f3n de [&hellip;]<\/p>\n","protected":false},"author":213237738,"featured_media":0,"comment_status":"open","ping_status":"open","sticky":false,"template":"","format":"standard","meta":{"_coblocks_attr":"","_coblocks_dimensions":"","_coblocks_responsive_height":"","_coblocks_accordion_ie_support":"","_crdt_document":"","_jetpack_memberships_contains_paid_content":false,"footnotes":""},"categories":[121903],"tags":[],"class_list":["post-4554","post","type-post","status-publish","format-standard","hentry","category-noticias"],"yoast_head":"<!-- This site is optimized with the Yoast SEO plugin v27.5 - https:\/\/yoast.com\/product\/yoast-seo-wordpress\/ -->\n<title>Ministerios de Agricultura coordinan esfuerzos para manejo de langosta centroamericana - OIRSA<\/title>\n<meta name=\"description\" content=\"Se indic\u00f3 la importancia del fortalecimiento de capacidades al sector oficial y privado para el diagn\u00f3stico, monitoreo y atenci\u00f3n de infestaciones de la\" \/>\n<meta name=\"robots\" content=\"index, follow, max-snippet:-1, max-image-preview:large, max-video-preview:-1\" \/>\n<link rel=\"canonical\" href=\"https:\/\/web.oirsa.org\/en\/archivos\/4554\/\" \/>\n<meta property=\"og:locale\" content=\"en_US\" \/>\n<meta property=\"og:type\" content=\"article\" \/>\n<meta property=\"og:title\" content=\"Ministerios de Agricultura coordinan esfuerzos para manejo de langosta centroamericana - OIRSA\" \/>\n<meta property=\"og:description\" content=\"Se indic\u00f3 la importancia del fortalecimiento de capacidades al sector oficial y privado para el diagn\u00f3stico, monitoreo y atenci\u00f3n de infestaciones de la\" \/>\n<meta property=\"og:url\" content=\"https:\/\/web.oirsa.org\/en\/archivos\/4554\/\" \/>\n<meta property=\"og:site_name\" content=\"OIRSA\" \/>\n<meta property=\"article:publisher\" content=\"https:\/\/www.facebook.com\/OIRSAoficial\" \/>\n<meta property=\"article:published_time\" content=\"2021-12-14T21:13:07+00:00\" \/>\n<meta property=\"article:modified_time\" content=\"2021-12-14T21:13:08+00:00\" \/>\n<meta property=\"og:image\" content=\"https:\/\/web.oirsa.org\/wp-content\/uploads\/2021\/12\/portada-febrero1-1024x455.jpg\" \/>\n<meta name=\"author\" content=\"sigfredoramirez\" \/>\n<meta name=\"twitter:card\" content=\"summary_large_image\" \/>\n<meta name=\"twitter:creator\" content=\"@OIRSAoficial\" \/>\n<meta name=\"twitter:site\" content=\"@OIRSAoficial\" \/>\n<meta name=\"twitter:label1\" content=\"Written by\" \/>\n\t<meta name=\"twitter:data1\" content=\"sigfredoramirez\" \/>\n\t<meta name=\"twitter:label2\" content=\"Est. reading time\" \/>\n\t<meta name=\"twitter:data2\" content=\"2 minutes\" \/>\n<script type=\"application\/ld+json\" class=\"yoast-schema-graph\">{\"@context\":\"https:\\\/\\\/schema.org\",\"@graph\":[{\"@type\":\"Article\",\"@id\":\"https:\\\/\\\/web.oirsa.org\\\/archivos\\\/4554#article\",\"isPartOf\":{\"@id\":\"https:\\\/\\\/web.oirsa.org\\\/archivos\\\/4554\"},\"author\":{\"name\":\"sigfredoramirez\",\"@id\":\"https:\\\/\\\/web.oirsa.org\\\/#\\\/schema\\\/person\\\/698e7776162ddf630ab36c5946d818ab\"},\"headline\":\"Ministerios de Agricultura coordinan esfuerzos para manejo de langosta centroamericana\",\"datePublished\":\"2021-12-14T21:13:07+00:00\",\"dateModified\":\"2021-12-14T21:13:08+00:00\",\"mainEntityOfPage\":{\"@id\":\"https:\\\/\\\/web.oirsa.org\\\/archivos\\\/4554\"},\"wordCount\":485,\"commentCount\":0,\"publisher\":{\"@id\":\"https:\\\/\\\/web.oirsa.org\\\/#organization\"},\"image\":{\"@id\":\"https:\\\/\\\/web.oirsa.org\\\/archivos\\\/4554#primaryimage\"},\"thumbnailUrl\":\"https:\\\/\\\/web.oirsa.org\\\/wp-content\\\/uploads\\\/2021\\\/12\\\/portada-febrero1-1024x455.jpg\",\"articleSection\":[\"Noticias\"],\"inLanguage\":\"en-US\",\"potentialAction\":[{\"@type\":\"CommentAction\",\"name\":\"Comment\",\"target\":[\"https:\\\/\\\/web.oirsa.org\\\/archivos\\\/4554#respond\"]}]},{\"@type\":\"WebPage\",\"@id\":\"https:\\\/\\\/web.oirsa.org\\\/archivos\\\/4554\",\"url\":\"https:\\\/\\\/web.oirsa.org\\\/archivos\\\/4554\",\"name\":\"Ministerios de Agricultura coordinan esfuerzos para manejo de langosta centroamericana - OIRSA\",\"isPartOf\":{\"@id\":\"https:\\\/\\\/web.oirsa.org\\\/#website\"},\"primaryImageOfPage\":{\"@id\":\"https:\\\/\\\/web.oirsa.org\\\/archivos\\\/4554#primaryimage\"},\"image\":{\"@id\":\"https:\\\/\\\/web.oirsa.org\\\/archivos\\\/4554#primaryimage\"},\"thumbnailUrl\":\"https:\\\/\\\/web.oirsa.org\\\/wp-content\\\/uploads\\\/2021\\\/12\\\/portada-febrero1-1024x455.jpg\",\"datePublished\":\"2021-12-14T21:13:07+00:00\",\"dateModified\":\"2021-12-14T21:13:08+00:00\",\"description\":\"Se indic\u00f3 la importancia del fortalecimiento de capacidades al sector oficial y privado para el diagn\u00f3stico, monitoreo y atenci\u00f3n de infestaciones de la\",\"breadcrumb\":{\"@id\":\"https:\\\/\\\/web.oirsa.org\\\/archivos\\\/4554#breadcrumb\"},\"inLanguage\":\"en-US\",\"potentialAction\":[{\"@type\":\"ReadAction\",\"target\":[\"https:\\\/\\\/web.oirsa.org\\\/archivos\\\/4554\"]}]},{\"@type\":\"ImageObject\",\"inLanguage\":\"en-US\",\"@id\":\"https:\\\/\\\/web.oirsa.org\\\/archivos\\\/4554#primaryimage\",\"url\":\"https:\\\/\\\/web.oirsa.org\\\/wp-content\\\/uploads\\\/2021\\\/12\\\/portada-febrero1-1024x455.jpg\",\"contentUrl\":\"https:\\\/\\\/web.oirsa.org\\\/wp-content\\\/uploads\\\/2021\\\/12\\\/portada-febrero1-1024x455.jpg\"},{\"@type\":\"BreadcrumbList\",\"@id\":\"https:\\\/\\\/web.oirsa.org\\\/archivos\\\/4554#breadcrumb\",\"itemListElement\":[{\"@type\":\"ListItem\",\"position\":1,\"name\":\"Portada\",\"item\":\"https:\\\/\\\/web.oirsa.org\\\/\"},{\"@type\":\"ListItem\",\"position\":2,\"name\":\"Ministerios de Agricultura coordinan esfuerzos para manejo de langosta centroamericana\"}]},{\"@type\":\"WebSite\",\"@id\":\"https:\\\/\\\/web.oirsa.org\\\/#website\",\"url\":\"https:\\\/\\\/web.oirsa.org\\\/\",\"name\":\"OIRSA\",\"description\":\"Organismo Internacional Regional de Sanidad Agropecuaria\",\"publisher\":{\"@id\":\"https:\\\/\\\/web.oirsa.org\\\/#organization\"},\"potentialAction\":[{\"@type\":\"SearchAction\",\"target\":{\"@type\":\"EntryPoint\",\"urlTemplate\":\"https:\\\/\\\/web.oirsa.org\\\/?s={search_term_string}\"},\"query-input\":{\"@type\":\"PropertyValueSpecification\",\"valueRequired\":true,\"valueName\":\"search_term_string\"}}],\"inLanguage\":\"en-US\"},{\"@type\":\"Organization\",\"@id\":\"https:\\\/\\\/web.oirsa.org\\\/#organization\",\"name\":\"OIRSA\",\"url\":\"https:\\\/\\\/web.oirsa.org\\\/\",\"logo\":{\"@type\":\"ImageObject\",\"inLanguage\":\"en-US\",\"@id\":\"https:\\\/\\\/web.oirsa.org\\\/#\\\/schema\\\/logo\\\/image\\\/\",\"url\":\"https:\\\/\\\/web.oirsa.org\\\/wp-content\\\/uploads\\\/2024\\\/01\\\/cropped-LOGO-OIRSA-2023.png\",\"contentUrl\":\"https:\\\/\\\/web.oirsa.org\\\/wp-content\\\/uploads\\\/2024\\\/01\\\/cropped-LOGO-OIRSA-2023.png\",\"width\":512,\"height\":512,\"caption\":\"OIRSA\"},\"image\":{\"@id\":\"https:\\\/\\\/web.oirsa.org\\\/#\\\/schema\\\/logo\\\/image\\\/\"},\"sameAs\":[\"https:\\\/\\\/www.facebook.com\\\/OIRSAoficial\",\"https:\\\/\\\/x.com\\\/OIRSAoficial\"]},{\"@type\":\"Person\",\"@id\":\"https:\\\/\\\/web.oirsa.org\\\/#\\\/schema\\\/person\\\/698e7776162ddf630ab36c5946d818ab\",\"name\":\"sigfredoramirez\",\"image\":{\"@type\":\"ImageObject\",\"inLanguage\":\"en-US\",\"@id\":\"https:\\\/\\\/secure.gravatar.com\\\/avatar\\\/cff1a22def7b03563530f2ba16145a6b6b5acbabc1f530f59eb045d7e21222e2?s=96&d=identicon&r=g\",\"url\":\"https:\\\/\\\/secure.gravatar.com\\\/avatar\\\/cff1a22def7b03563530f2ba16145a6b6b5acbabc1f530f59eb045d7e21222e2?s=96&d=identicon&r=g\",\"contentUrl\":\"https:\\\/\\\/secure.gravatar.com\\\/avatar\\\/cff1a22def7b03563530f2ba16145a6b6b5acbabc1f530f59eb045d7e21222e2?s=96&d=identicon&r=g\",\"caption\":\"sigfredoramirez\"}}]}<\/script>\n<!-- \/ Yoast SEO plugin. -->","yoast_head_json":{"title":"Ministerios de Agricultura coordinan esfuerzos para manejo de langosta centroamericana - OIRSA","description":"Se indic\u00f3 la importancia del fortalecimiento de capacidades al sector oficial y privado para el diagn\u00f3stico, monitoreo y atenci\u00f3n de infestaciones de la","robots":{"index":"index","follow":"follow","max-snippet":"max-snippet:-1","max-image-preview":"max-image-preview:large","max-video-preview":"max-video-preview:-1"},"canonical":"https:\/\/web.oirsa.org\/en\/archivos\/4554\/","og_locale":"en_US","og_type":"article","og_title":"Ministerios de Agricultura coordinan esfuerzos para manejo de langosta centroamericana - OIRSA","og_description":"Se indic\u00f3 la importancia del fortalecimiento de capacidades al sector oficial y privado para el diagn\u00f3stico, monitoreo y atenci\u00f3n de infestaciones de la","og_url":"https:\/\/web.oirsa.org\/en\/archivos\/4554\/","og_site_name":"OIRSA","article_publisher":"https:\/\/www.facebook.com\/OIRSAoficial","article_published_time":"2021-12-14T21:13:07+00:00","article_modified_time":"2021-12-14T21:13:08+00:00","og_image":[{"url":"https:\/\/web.oirsa.org\/wp-content\/uploads\/2021\/12\/portada-febrero1-1024x455.jpg","type":"","width":"","height":""}],"author":"sigfredoramirez","twitter_card":"summary_large_image","twitter_creator":"@OIRSAoficial","twitter_site":"@OIRSAoficial","twitter_misc":{"Written by":"sigfredoramirez","Est. reading time":"2 minutes"},"schema":{"@context":"https:\/\/schema.org","@graph":[{"@type":"Article","@id":"https:\/\/web.oirsa.org\/archivos\/4554#article","isPartOf":{"@id":"https:\/\/web.oirsa.org\/archivos\/4554"},"author":{"name":"sigfredoramirez","@id":"https:\/\/web.oirsa.org\/#\/schema\/person\/698e7776162ddf630ab36c5946d818ab"},"headline":"Ministerios de Agricultura coordinan esfuerzos para manejo de langosta centroamericana","datePublished":"2021-12-14T21:13:07+00:00","dateModified":"2021-12-14T21:13:08+00:00","mainEntityOfPage":{"@id":"https:\/\/web.oirsa.org\/archivos\/4554"},"wordCount":485,"commentCount":0,"publisher":{"@id":"https:\/\/web.oirsa.org\/#organization"},"image":{"@id":"https:\/\/web.oirsa.org\/archivos\/4554#primaryimage"},"thumbnailUrl":"https:\/\/web.oirsa.org\/wp-content\/uploads\/2021\/12\/portada-febrero1-1024x455.jpg","articleSection":["Noticias"],"inLanguage":"en-US","potentialAction":[{"@type":"CommentAction","name":"Comment","target":["https:\/\/web.oirsa.org\/archivos\/4554#respond"]}]},{"@type":"WebPage","@id":"https:\/\/web.oirsa.org\/archivos\/4554","url":"https:\/\/web.oirsa.org\/archivos\/4554","name":"Ministerios de Agricultura coordinan esfuerzos para manejo de langosta centroamericana - OIRSA","isPartOf":{"@id":"https:\/\/web.oirsa.org\/#website"},"primaryImageOfPage":{"@id":"https:\/\/web.oirsa.org\/archivos\/4554#primaryimage"},"image":{"@id":"https:\/\/web.oirsa.org\/archivos\/4554#primaryimage"},"thumbnailUrl":"https:\/\/web.oirsa.org\/wp-content\/uploads\/2021\/12\/portada-febrero1-1024x455.jpg","datePublished":"2021-12-14T21:13:07+00:00","dateModified":"2021-12-14T21:13:08+00:00","description":"Se indic\u00f3 la importancia del fortalecimiento de capacidades al sector oficial y privado para el diagn\u00f3stico, monitoreo y atenci\u00f3n de infestaciones de la","breadcrumb":{"@id":"https:\/\/web.oirsa.org\/archivos\/4554#breadcrumb"},"inLanguage":"en-US","potentialAction":[{"@type":"ReadAction","target":["https:\/\/web.oirsa.org\/archivos\/4554"]}]},{"@type":"ImageObject","inLanguage":"en-US","@id":"https:\/\/web.oirsa.org\/archivos\/4554#primaryimage","url":"https:\/\/web.oirsa.org\/wp-content\/uploads\/2021\/12\/portada-febrero1-1024x455.jpg","contentUrl":"https:\/\/web.oirsa.org\/wp-content\/uploads\/2021\/12\/portada-febrero1-1024x455.jpg"},{"@type":"BreadcrumbList","@id":"https:\/\/web.oirsa.org\/archivos\/4554#breadcrumb","itemListElement":[{"@type":"ListItem","position":1,"name":"Portada","item":"https:\/\/web.oirsa.org\/"},{"@type":"ListItem","position":2,"name":"Ministerios de Agricultura coordinan esfuerzos para manejo de langosta centroamericana"}]},{"@type":"WebSite","@id":"https:\/\/web.oirsa.org\/#website","url":"https:\/\/web.oirsa.org\/","name":"OIRSA","description":"Organismo Internacional Regional de Sanidad Agropecuaria","publisher":{"@id":"https:\/\/web.oirsa.org\/#organization"},"potentialAction":[{"@type":"SearchAction","target":{"@type":"EntryPoint","urlTemplate":"https:\/\/web.oirsa.org\/?s={search_term_string}"},"query-input":{"@type":"PropertyValueSpecification","valueRequired":true,"valueName":"search_term_string"}}],"inLanguage":"en-US"},{"@type":"Organization","@id":"https:\/\/web.oirsa.org\/#organization","name":"OIRSA","url":"https:\/\/web.oirsa.org\/","logo":{"@type":"ImageObject","inLanguage":"en-US","@id":"https:\/\/web.oirsa.org\/#\/schema\/logo\/image\/","url":"https:\/\/web.oirsa.org\/wp-content\/uploads\/2024\/01\/cropped-LOGO-OIRSA-2023.png","contentUrl":"https:\/\/web.oirsa.org\/wp-content\/uploads\/2024\/01\/cropped-LOGO-OIRSA-2023.png","width":512,"height":512,"caption":"OIRSA"},"image":{"@id":"https:\/\/web.oirsa.org\/#\/schema\/logo\/image\/"},"sameAs":["https:\/\/www.facebook.com\/OIRSAoficial","https:\/\/x.com\/OIRSAoficial"]},{"@type":"Person","@id":"https:\/\/web.oirsa.org\/#\/schema\/person\/698e7776162ddf630ab36c5946d818ab","name":"sigfredoramirez","image":{"@type":"ImageObject","inLanguage":"en-US","@id":"https:\/\/secure.gravatar.com\/avatar\/cff1a22def7b03563530f2ba16145a6b6b5acbabc1f530f59eb045d7e21222e2?s=96&d=identicon&r=g","url":"https:\/\/secure.gravatar.com\/avatar\/cff1a22def7b03563530f2ba16145a6b6b5acbabc1f530f59eb045d7e21222e2?s=96&d=identicon&r=g","contentUrl":"https:\/\/secure.gravatar.com\/avatar\/cff1a22def7b03563530f2ba16145a6b6b5acbabc1f530f59eb045d7e21222e2?s=96&d=identicon&r=g","caption":"sigfredoramirez"}}]}},"jetpack_featured_media_url":"","jetpack_sharing_enabled":true,"_links":{"self":[{"href":"https:\/\/web.oirsa.org\/en\/wp-json\/wp\/v2\/posts\/4554","targetHints":{"allow":["GET"]}}],"collection":[{"href":"https:\/\/web.oirsa.org\/en\/wp-json\/wp\/v2\/posts"}],"about":[{"href":"https:\/\/web.oirsa.org\/en\/wp-json\/wp\/v2\/types\/post"}],"author":[{"embeddable":true,"href":"https:\/\/web.oirsa.org\/en\/wp-json\/wp\/v2\/users\/213237738"}],"replies":[{"embeddable":true,"href":"https:\/\/web.oirsa.org\/en\/wp-json\/wp\/v2\/comments?post=4554"}],"version-history":[{"count":1,"href":"https:\/\/web.oirsa.org\/en\/wp-json\/wp\/v2\/posts\/4554\/revisions"}],"predecessor-version":[{"id":4556,"href":"https:\/\/web.oirsa.org\/en\/wp-json\/wp\/v2\/posts\/4554\/revisions\/4556"}],"wp:attachment":[{"href":"https:\/\/web.oirsa.org\/en\/wp-json\/wp\/v2\/media?parent=4554"}],"wp:term":[{"taxonomy":"category","embeddable":true,"href":"https:\/\/web.oirsa.org\/en\/wp-json\/wp\/v2\/categories?post=4554"},{"taxonomy":"post_tag","embeddable":true,"href":"https:\/\/web.oirsa.org\/en\/wp-json\/wp\/v2\/tags?post=4554"}],"curies":[{"name":"wp","href":"https:\/\/api.w.org\/{rel}","templated":true}]}}