{"id":4515,"date":"2021-12-14T15:00:10","date_gmt":"2021-12-14T21:00:10","guid":{"rendered":"http:\/\/10.103.20.84\/?p=4515"},"modified":"2021-12-14T15:00:11","modified_gmt":"2021-12-14T21:00:11","slug":"juramentan-a-nuevo-director-tecnico-del-oirsa-oscar-zelaya-estrade","status":"publish","type":"post","link":"https:\/\/web.oirsa.org\/en\/archivos\/4515","title":{"rendered":"Juramentan a nuevo director t\u00e9cnico del OIRSA, \u00d3scar Zelaya Estrad\u00e9"},"content":{"rendered":"<p class=\"wp-block-paragraph\"><em>\u00d3scar Zelaya asumi\u00f3 como director t\u00e9cnico del OIRSA. Anteriormente fungi\u00f3 como director ejecutivo del Programa Moscamed de 2014 a 2019 y primer CEO del convenio trinacional para control y erradicaci\u00f3n de Moscamed.<\/em><\/p>\n\n\n\n<div class=\"wp-block-image\"><figure class=\"alignright size-large is-resized\"><img data-recalc-dims=\"1\" loading=\"lazy\" decoding=\"async\" src=\"https:\/\/i0.wp.com\/web.oirsa.org\/wp-content\/uploads\/2021\/12\/Ing-Zelaya.jpg?resize=525%2C233&ssl=1\" alt=\"\" class=\"wp-image-4516\" width=\"525\" height=\"233\" srcset=\"https:\/\/i0.wp.com\/web.oirsa.org\/wp-content\/uploads\/2021\/12\/Ing-Zelaya.jpg?resize=1024%2C455&ssl=1 1024w, https:\/\/i0.wp.com\/web.oirsa.org\/wp-content\/uploads\/2021\/12\/Ing-Zelaya.jpg?resize=300%2C133&ssl=1 300w, https:\/\/i0.wp.com\/web.oirsa.org\/wp-content\/uploads\/2021\/12\/Ing-Zelaya.jpg?resize=768%2C341&ssl=1 768w, https:\/\/i0.wp.com\/web.oirsa.org\/wp-content\/uploads\/2021\/12\/Ing-Zelaya.jpg?resize=1200%2C533&ssl=1 1200w, https:\/\/i0.wp.com\/web.oirsa.org\/wp-content\/uploads\/2021\/12\/Ing-Zelaya.jpg?w=1350&ssl=1 1350w\" sizes=\"auto, (max-width: 525px) 100vw, 525px\" \/><\/figure><\/div>\n\n\n\n<p class=\"wp-block-paragraph\"><strong>Mi\u00e9rcoles, 20 de enero de 2021.\u00a0<\/strong>El director ejecutivo del OIRSA, Efra\u00edn Medina Guerra, jurament\u00f3 al ingeniero agr\u00f3nomo y economista agr\u00edcola, con una maestr\u00eda en ciencias en \u201cAgribusiness\u201d de la Universidad de Ohio (Estados Unidos),\u00a0<a href=\"https:\/\/www.oirsa.org\/contenido\/2020-2\/2021\/O%CC%81scar%20Antonio%20Zelaya%20Estrade%CC%81.pdf\">\u00d3scar Antonio Zelaya Estrad\u00e9<\/a>, como director t\u00e9cnico del Organismo. El acto de juramentaci\u00f3n se realiz\u00f3 el 4 de enero de 2021 en San Salvador, El Salvador.<\/p>\n\n\n\n<p class=\"wp-block-paragraph\">Zelaya Estrad\u00e9 es guatemalteco y tiene m\u00e1s de 20 a\u00f1os de experiencia liderando organizaciones y proyectos agropecuarios y de inocuidad de alimentos a nivel nacional e internacional. Ha fungido como l\u00edder en la coordinaci\u00f3n y conducci\u00f3n de sistemas de investigaci\u00f3n con la Agencia Internacional de Energ\u00eda At\u00f3mica (<a href=\"https:\/\/www.iaea.org\/es\">AIEA<\/a>) y la FAO. Fue director ejecutivo del Programa\u00a0<a href=\"https:\/\/moscamed-guatemala.org.gt\/\">Moscamed<\/a>\u00a0(2014-2019) y primer CEO del nuevo convenio trinacional de cooperaci\u00f3n de Estados Unidos, M\u00e9xico y Guatemala para el control y erradicaci\u00f3n de la mosca mediterr\u00e1nea.<\/p>\n\n\n\n<p class=\"wp-block-paragraph\">El nuevo director t\u00e9cnico del OIRSA es graduado de la Universidad del Valle de Guatemala en 1987, con una maestr\u00eda en ciencias en \u201cAgribusiness\u201d de The Ohio State University, Estados Unidos, en 1992. Es un profesional orientado a resultados, la optimizaci\u00f3n de procesos y la creaci\u00f3n de metodolog\u00edas innovadoras a trav\u00e9s de cambios tecnol\u00f3gicos y administrativos, alcanzando altas eficiencias y productividad en las organizaciones.<\/p>","protected":false},"excerpt":{"rendered":"<p>\u00d3scar Zelaya asumi\u00f3 como director t\u00e9cnico del OIRSA. Anteriormente fungi\u00f3 como director ejecutivo del Programa Moscamed de 2014 a 2019 [&hellip;]<\/p>\n","protected":false},"author":213237738,"featured_media":0,"comment_status":"open","ping_status":"open","sticky":false,"template":"","format":"standard","meta":{"_coblocks_attr":"","_coblocks_dimensions":"","_coblocks_responsive_height":"","_coblocks_accordion_ie_support":"","_crdt_document":"","_jetpack_memberships_contains_paid_content":false,"footnotes":""},"categories":[121903],"tags":[],"class_list":["post-4515","post","type-post","status-publish","format-standard","hentry","category-noticias"],"yoast_head":"<!-- This site is optimized with the Yoast SEO plugin v27.5 - https:\/\/yoast.com\/product\/yoast-seo-wordpress\/ -->\n<title>Juramentan a nuevo director t\u00e9cnico del OIRSA, \u00d3scar Zelaya Estrad\u00e9 - OIRSA<\/title>\n<meta name=\"description\" content=\"\u00d3scar Zelaya asumi\u00f3 como director t\u00e9cnico del OIRSA. Anteriormente fungi\u00f3 como director ejecutivo del Programa Moscamed de 2014 a 2019 y primer CEO del\" \/>\n<meta name=\"robots\" content=\"index, follow, max-snippet:-1, max-image-preview:large, max-video-preview:-1\" \/>\n<link rel=\"canonical\" href=\"https:\/\/web.oirsa.org\/en\/archivos\/4515\/\" \/>\n<meta property=\"og:locale\" content=\"en_US\" \/>\n<meta property=\"og:type\" content=\"article\" \/>\n<meta property=\"og:title\" content=\"Juramentan a nuevo director t\u00e9cnico del OIRSA, \u00d3scar Zelaya Estrad\u00e9 - OIRSA\" \/>\n<meta property=\"og:description\" content=\"\u00d3scar Zelaya asumi\u00f3 como director t\u00e9cnico del OIRSA. Anteriormente fungi\u00f3 como director ejecutivo del Programa Moscamed de 2014 a 2019 y primer CEO del\" \/>\n<meta property=\"og:url\" content=\"https:\/\/web.oirsa.org\/en\/archivos\/4515\/\" \/>\n<meta property=\"og:site_name\" content=\"OIRSA\" \/>\n<meta property=\"article:publisher\" content=\"https:\/\/www.facebook.com\/OIRSAoficial\" \/>\n<meta property=\"article:published_time\" content=\"2021-12-14T21:00:10+00:00\" \/>\n<meta property=\"article:modified_time\" content=\"2021-12-14T21:00:11+00:00\" \/>\n<meta property=\"og:image\" content=\"https:\/\/web.oirsa.org\/wp-content\/uploads\/2021\/12\/Ing-Zelaya-1024x455.jpg\" \/>\n<meta name=\"author\" content=\"sigfredoramirez\" \/>\n<meta name=\"twitter:card\" content=\"summary_large_image\" \/>\n<meta name=\"twitter:creator\" content=\"@OIRSAoficial\" \/>\n<meta name=\"twitter:site\" content=\"@OIRSAoficial\" \/>\n<meta name=\"twitter:label1\" content=\"Written by\" \/>\n\t<meta name=\"twitter:data1\" content=\"sigfredoramirez\" \/>\n\t<meta name=\"twitter:label2\" content=\"Est. reading time\" \/>\n\t<meta name=\"twitter:data2\" content=\"1 minute\" \/>\n<script type=\"application\/ld+json\" class=\"yoast-schema-graph\">{\"@context\":\"https:\\\/\\\/schema.org\",\"@graph\":[{\"@type\":\"Article\",\"@id\":\"https:\\\/\\\/web.oirsa.org\\\/archivos\\\/4515#article\",\"isPartOf\":{\"@id\":\"https:\\\/\\\/web.oirsa.org\\\/archivos\\\/4515\"},\"author\":{\"name\":\"sigfredoramirez\",\"@id\":\"https:\\\/\\\/web.oirsa.org\\\/#\\\/schema\\\/person\\\/698e7776162ddf630ab36c5946d818ab\"},\"headline\":\"Juramentan a nuevo director t\u00e9cnico del OIRSA, \u00d3scar Zelaya Estrad\u00e9\",\"datePublished\":\"2021-12-14T21:00:10+00:00\",\"dateModified\":\"2021-12-14T21:00:11+00:00\",\"mainEntityOfPage\":{\"@id\":\"https:\\\/\\\/web.oirsa.org\\\/archivos\\\/4515\"},\"wordCount\":273,\"commentCount\":0,\"publisher\":{\"@id\":\"https:\\\/\\\/web.oirsa.org\\\/#organization\"},\"image\":{\"@id\":\"https:\\\/\\\/web.oirsa.org\\\/archivos\\\/4515#primaryimage\"},\"thumbnailUrl\":\"https:\\\/\\\/web.oirsa.org\\\/wp-content\\\/uploads\\\/2021\\\/12\\\/Ing-Zelaya-1024x455.jpg\",\"articleSection\":[\"Noticias\"],\"inLanguage\":\"en-US\",\"potentialAction\":[{\"@type\":\"CommentAction\",\"name\":\"Comment\",\"target\":[\"https:\\\/\\\/web.oirsa.org\\\/archivos\\\/4515#respond\"]}]},{\"@type\":\"WebPage\",\"@id\":\"https:\\\/\\\/web.oirsa.org\\\/archivos\\\/4515\",\"url\":\"https:\\\/\\\/web.oirsa.org\\\/archivos\\\/4515\",\"name\":\"Juramentan a nuevo director t\u00e9cnico del OIRSA, \u00d3scar Zelaya Estrad\u00e9 - OIRSA\",\"isPartOf\":{\"@id\":\"https:\\\/\\\/web.oirsa.org\\\/#website\"},\"primaryImageOfPage\":{\"@id\":\"https:\\\/\\\/web.oirsa.org\\\/archivos\\\/4515#primaryimage\"},\"image\":{\"@id\":\"https:\\\/\\\/web.oirsa.org\\\/archivos\\\/4515#primaryimage\"},\"thumbnailUrl\":\"https:\\\/\\\/web.oirsa.org\\\/wp-content\\\/uploads\\\/2021\\\/12\\\/Ing-Zelaya-1024x455.jpg\",\"datePublished\":\"2021-12-14T21:00:10+00:00\",\"dateModified\":\"2021-12-14T21:00:11+00:00\",\"description\":\"\u00d3scar Zelaya asumi\u00f3 como director t\u00e9cnico del OIRSA. Anteriormente fungi\u00f3 como director ejecutivo del Programa Moscamed de 2014 a 2019 y primer CEO del\",\"breadcrumb\":{\"@id\":\"https:\\\/\\\/web.oirsa.org\\\/archivos\\\/4515#breadcrumb\"},\"inLanguage\":\"en-US\",\"potentialAction\":[{\"@type\":\"ReadAction\",\"target\":[\"https:\\\/\\\/web.oirsa.org\\\/archivos\\\/4515\"]}]},{\"@type\":\"ImageObject\",\"inLanguage\":\"en-US\",\"@id\":\"https:\\\/\\\/web.oirsa.org\\\/archivos\\\/4515#primaryimage\",\"url\":\"https:\\\/\\\/web.oirsa.org\\\/wp-content\\\/uploads\\\/2021\\\/12\\\/Ing-Zelaya-1024x455.jpg\",\"contentUrl\":\"https:\\\/\\\/web.oirsa.org\\\/wp-content\\\/uploads\\\/2021\\\/12\\\/Ing-Zelaya-1024x455.jpg\"},{\"@type\":\"BreadcrumbList\",\"@id\":\"https:\\\/\\\/web.oirsa.org\\\/archivos\\\/4515#breadcrumb\",\"itemListElement\":[{\"@type\":\"ListItem\",\"position\":1,\"name\":\"Portada\",\"item\":\"https:\\\/\\\/web.oirsa.org\\\/\"},{\"@type\":\"ListItem\",\"position\":2,\"name\":\"Juramentan a nuevo director t\u00e9cnico del OIRSA, \u00d3scar Zelaya Estrad\u00e9\"}]},{\"@type\":\"WebSite\",\"@id\":\"https:\\\/\\\/web.oirsa.org\\\/#website\",\"url\":\"https:\\\/\\\/web.oirsa.org\\\/\",\"name\":\"OIRSA\",\"description\":\"Organismo Internacional Regional de Sanidad Agropecuaria\",\"publisher\":{\"@id\":\"https:\\\/\\\/web.oirsa.org\\\/#organization\"},\"potentialAction\":[{\"@type\":\"SearchAction\",\"target\":{\"@type\":\"EntryPoint\",\"urlTemplate\":\"https:\\\/\\\/web.oirsa.org\\\/?s={search_term_string}\"},\"query-input\":{\"@type\":\"PropertyValueSpecification\",\"valueRequired\":true,\"valueName\":\"search_term_string\"}}],\"inLanguage\":\"en-US\"},{\"@type\":\"Organization\",\"@id\":\"https:\\\/\\\/web.oirsa.org\\\/#organization\",\"name\":\"OIRSA\",\"url\":\"https:\\\/\\\/web.oirsa.org\\\/\",\"logo\":{\"@type\":\"ImageObject\",\"inLanguage\":\"en-US\",\"@id\":\"https:\\\/\\\/web.oirsa.org\\\/#\\\/schema\\\/logo\\\/image\\\/\",\"url\":\"https:\\\/\\\/web.oirsa.org\\\/wp-content\\\/uploads\\\/2024\\\/01\\\/cropped-LOGO-OIRSA-2023.png\",\"contentUrl\":\"https:\\\/\\\/web.oirsa.org\\\/wp-content\\\/uploads\\\/2024\\\/01\\\/cropped-LOGO-OIRSA-2023.png\",\"width\":512,\"height\":512,\"caption\":\"OIRSA\"},\"image\":{\"@id\":\"https:\\\/\\\/web.oirsa.org\\\/#\\\/schema\\\/logo\\\/image\\\/\"},\"sameAs\":[\"https:\\\/\\\/www.facebook.com\\\/OIRSAoficial\",\"https:\\\/\\\/x.com\\\/OIRSAoficial\"]},{\"@type\":\"Person\",\"@id\":\"https:\\\/\\\/web.oirsa.org\\\/#\\\/schema\\\/person\\\/698e7776162ddf630ab36c5946d818ab\",\"name\":\"sigfredoramirez\",\"image\":{\"@type\":\"ImageObject\",\"inLanguage\":\"en-US\",\"@id\":\"https:\\\/\\\/secure.gravatar.com\\\/avatar\\\/cff1a22def7b03563530f2ba16145a6b6b5acbabc1f530f59eb045d7e21222e2?s=96&d=identicon&r=g\",\"url\":\"https:\\\/\\\/secure.gravatar.com\\\/avatar\\\/cff1a22def7b03563530f2ba16145a6b6b5acbabc1f530f59eb045d7e21222e2?s=96&d=identicon&r=g\",\"contentUrl\":\"https:\\\/\\\/secure.gravatar.com\\\/avatar\\\/cff1a22def7b03563530f2ba16145a6b6b5acbabc1f530f59eb045d7e21222e2?s=96&d=identicon&r=g\",\"caption\":\"sigfredoramirez\"}}]}<\/script>\n<!-- \/ Yoast SEO plugin. -->","yoast_head_json":{"title":"Juramentan a nuevo director t\u00e9cnico del OIRSA, \u00d3scar Zelaya Estrad\u00e9 - OIRSA","description":"\u00d3scar Zelaya asumi\u00f3 como director t\u00e9cnico del OIRSA. Anteriormente fungi\u00f3 como director ejecutivo del Programa Moscamed de 2014 a 2019 y primer CEO del","robots":{"index":"index","follow":"follow","max-snippet":"max-snippet:-1","max-image-preview":"max-image-preview:large","max-video-preview":"max-video-preview:-1"},"canonical":"https:\/\/web.oirsa.org\/en\/archivos\/4515\/","og_locale":"en_US","og_type":"article","og_title":"Juramentan a nuevo director t\u00e9cnico del OIRSA, \u00d3scar Zelaya Estrad\u00e9 - OIRSA","og_description":"\u00d3scar Zelaya asumi\u00f3 como director t\u00e9cnico del OIRSA. Anteriormente fungi\u00f3 como director ejecutivo del Programa Moscamed de 2014 a 2019 y primer CEO del","og_url":"https:\/\/web.oirsa.org\/en\/archivos\/4515\/","og_site_name":"OIRSA","article_publisher":"https:\/\/www.facebook.com\/OIRSAoficial","article_published_time":"2021-12-14T21:00:10+00:00","article_modified_time":"2021-12-14T21:00:11+00:00","og_image":[{"url":"https:\/\/web.oirsa.org\/wp-content\/uploads\/2021\/12\/Ing-Zelaya-1024x455.jpg","type":"","width":"","height":""}],"author":"sigfredoramirez","twitter_card":"summary_large_image","twitter_creator":"@OIRSAoficial","twitter_site":"@OIRSAoficial","twitter_misc":{"Written by":"sigfredoramirez","Est. reading time":"1 minute"},"schema":{"@context":"https:\/\/schema.org","@graph":[{"@type":"Article","@id":"https:\/\/web.oirsa.org\/archivos\/4515#article","isPartOf":{"@id":"https:\/\/web.oirsa.org\/archivos\/4515"},"author":{"name":"sigfredoramirez","@id":"https:\/\/web.oirsa.org\/#\/schema\/person\/698e7776162ddf630ab36c5946d818ab"},"headline":"Juramentan a nuevo director t\u00e9cnico del OIRSA, \u00d3scar Zelaya Estrad\u00e9","datePublished":"2021-12-14T21:00:10+00:00","dateModified":"2021-12-14T21:00:11+00:00","mainEntityOfPage":{"@id":"https:\/\/web.oirsa.org\/archivos\/4515"},"wordCount":273,"commentCount":0,"publisher":{"@id":"https:\/\/web.oirsa.org\/#organization"},"image":{"@id":"https:\/\/web.oirsa.org\/archivos\/4515#primaryimage"},"thumbnailUrl":"https:\/\/web.oirsa.org\/wp-content\/uploads\/2021\/12\/Ing-Zelaya-1024x455.jpg","articleSection":["Noticias"],"inLanguage":"en-US","potentialAction":[{"@type":"CommentAction","name":"Comment","target":["https:\/\/web.oirsa.org\/archivos\/4515#respond"]}]},{"@type":"WebPage","@id":"https:\/\/web.oirsa.org\/archivos\/4515","url":"https:\/\/web.oirsa.org\/archivos\/4515","name":"Juramentan a nuevo director t\u00e9cnico del OIRSA, \u00d3scar Zelaya Estrad\u00e9 - OIRSA","isPartOf":{"@id":"https:\/\/web.oirsa.org\/#website"},"primaryImageOfPage":{"@id":"https:\/\/web.oirsa.org\/archivos\/4515#primaryimage"},"image":{"@id":"https:\/\/web.oirsa.org\/archivos\/4515#primaryimage"},"thumbnailUrl":"https:\/\/web.oirsa.org\/wp-content\/uploads\/2021\/12\/Ing-Zelaya-1024x455.jpg","datePublished":"2021-12-14T21:00:10+00:00","dateModified":"2021-12-14T21:00:11+00:00","description":"\u00d3scar Zelaya asumi\u00f3 como director t\u00e9cnico del OIRSA. Anteriormente fungi\u00f3 como director ejecutivo del Programa Moscamed de 2014 a 2019 y primer CEO del","breadcrumb":{"@id":"https:\/\/web.oirsa.org\/archivos\/4515#breadcrumb"},"inLanguage":"en-US","potentialAction":[{"@type":"ReadAction","target":["https:\/\/web.oirsa.org\/archivos\/4515"]}]},{"@type":"ImageObject","inLanguage":"en-US","@id":"https:\/\/web.oirsa.org\/archivos\/4515#primaryimage","url":"https:\/\/web.oirsa.org\/wp-content\/uploads\/2021\/12\/Ing-Zelaya-1024x455.jpg","contentUrl":"https:\/\/web.oirsa.org\/wp-content\/uploads\/2021\/12\/Ing-Zelaya-1024x455.jpg"},{"@type":"BreadcrumbList","@id":"https:\/\/web.oirsa.org\/archivos\/4515#breadcrumb","itemListElement":[{"@type":"ListItem","position":1,"name":"Portada","item":"https:\/\/web.oirsa.org\/"},{"@type":"ListItem","position":2,"name":"Juramentan a nuevo director t\u00e9cnico del OIRSA, \u00d3scar Zelaya Estrad\u00e9"}]},{"@type":"WebSite","@id":"https:\/\/web.oirsa.org\/#website","url":"https:\/\/web.oirsa.org\/","name":"OIRSA","description":"Organismo Internacional Regional de Sanidad Agropecuaria","publisher":{"@id":"https:\/\/web.oirsa.org\/#organization"},"potentialAction":[{"@type":"SearchAction","target":{"@type":"EntryPoint","urlTemplate":"https:\/\/web.oirsa.org\/?s={search_term_string}"},"query-input":{"@type":"PropertyValueSpecification","valueRequired":true,"valueName":"search_term_string"}}],"inLanguage":"en-US"},{"@type":"Organization","@id":"https:\/\/web.oirsa.org\/#organization","name":"OIRSA","url":"https:\/\/web.oirsa.org\/","logo":{"@type":"ImageObject","inLanguage":"en-US","@id":"https:\/\/web.oirsa.org\/#\/schema\/logo\/image\/","url":"https:\/\/web.oirsa.org\/wp-content\/uploads\/2024\/01\/cropped-LOGO-OIRSA-2023.png","contentUrl":"https:\/\/web.oirsa.org\/wp-content\/uploads\/2024\/01\/cropped-LOGO-OIRSA-2023.png","width":512,"height":512,"caption":"OIRSA"},"image":{"@id":"https:\/\/web.oirsa.org\/#\/schema\/logo\/image\/"},"sameAs":["https:\/\/www.facebook.com\/OIRSAoficial","https:\/\/x.com\/OIRSAoficial"]},{"@type":"Person","@id":"https:\/\/web.oirsa.org\/#\/schema\/person\/698e7776162ddf630ab36c5946d818ab","name":"sigfredoramirez","image":{"@type":"ImageObject","inLanguage":"en-US","@id":"https:\/\/secure.gravatar.com\/avatar\/cff1a22def7b03563530f2ba16145a6b6b5acbabc1f530f59eb045d7e21222e2?s=96&d=identicon&r=g","url":"https:\/\/secure.gravatar.com\/avatar\/cff1a22def7b03563530f2ba16145a6b6b5acbabc1f530f59eb045d7e21222e2?s=96&d=identicon&r=g","contentUrl":"https:\/\/secure.gravatar.com\/avatar\/cff1a22def7b03563530f2ba16145a6b6b5acbabc1f530f59eb045d7e21222e2?s=96&d=identicon&r=g","caption":"sigfredoramirez"}}]}},"jetpack_featured_media_url":"","jetpack_sharing_enabled":true,"_links":{"self":[{"href":"https:\/\/web.oirsa.org\/en\/wp-json\/wp\/v2\/posts\/4515","targetHints":{"allow":["GET"]}}],"collection":[{"href":"https:\/\/web.oirsa.org\/en\/wp-json\/wp\/v2\/posts"}],"about":[{"href":"https:\/\/web.oirsa.org\/en\/wp-json\/wp\/v2\/types\/post"}],"author":[{"embeddable":true,"href":"https:\/\/web.oirsa.org\/en\/wp-json\/wp\/v2\/users\/213237738"}],"replies":[{"embeddable":true,"href":"https:\/\/web.oirsa.org\/en\/wp-json\/wp\/v2\/comments?post=4515"}],"version-history":[{"count":1,"href":"https:\/\/web.oirsa.org\/en\/wp-json\/wp\/v2\/posts\/4515\/revisions"}],"predecessor-version":[{"id":4517,"href":"https:\/\/web.oirsa.org\/en\/wp-json\/wp\/v2\/posts\/4515\/revisions\/4517"}],"wp:attachment":[{"href":"https:\/\/web.oirsa.org\/en\/wp-json\/wp\/v2\/media?parent=4515"}],"wp:term":[{"taxonomy":"category","embeddable":true,"href":"https:\/\/web.oirsa.org\/en\/wp-json\/wp\/v2\/categories?post=4515"},{"taxonomy":"post_tag","embeddable":true,"href":"https:\/\/web.oirsa.org\/en\/wp-json\/wp\/v2\/tags?post=4515"}],"curies":[{"name":"wp","href":"https:\/\/api.w.org\/{rel}","templated":true}]}}