{"id":4500,"date":"2021-12-14T14:49:27","date_gmt":"2021-12-14T20:49:27","guid":{"rendered":"http:\/\/10.103.20.84\/?p=4500"},"modified":"2021-12-14T14:49:28","modified_gmt":"2021-12-14T20:49:28","slug":"republica-dominicana-agricultura-y-oirsa-articulan-esfuerzos-por-sanidad-agropecuaria","status":"publish","type":"post","link":"https:\/\/web.oirsa.org\/en\/archivos\/4500","title":{"rendered":"Rep\u00fablica Dominicana: Agricultura y OIRSA articulan esfuerzos por sanidad agropecuaria"},"content":{"rendered":"<p class=\"wp-block-paragraph\"><em>Se coordin\u00f3 el avance de programas y proyectos de inter\u00e9s local y regional, y se avanz\u00f3 en la planificaci\u00f3n del trabajo t\u00e9cnico de la mano de los funcionarios dominicanos.&nbsp;<\/em><\/p>\n\n\n\n<div class=\"wp-block-image\"><figure class=\"alignright size-full is-resized\"><img data-recalc-dims=\"1\" loading=\"lazy\" decoding=\"async\" src=\"https:\/\/i0.wp.com\/web.oirsa.org\/wp-content\/uploads\/2021\/12\/portada-boeltin.jpg?resize=525%2C233&#038;ssl=1\" alt=\"\" class=\"wp-image-4501\" width=\"525\" height=\"233\" srcset=\"https:\/\/i0.wp.com\/web.oirsa.org\/wp-content\/uploads\/2021\/12\/portada-boeltin.jpg?w=900&amp;ssl=1 900w, https:\/\/i0.wp.com\/web.oirsa.org\/wp-content\/uploads\/2021\/12\/portada-boeltin.jpg?resize=300%2C133&amp;ssl=1 300w, https:\/\/i0.wp.com\/web.oirsa.org\/wp-content\/uploads\/2021\/12\/portada-boeltin.jpg?resize=768%2C341&amp;ssl=1 768w\" sizes=\"auto, (max-width: 525px) 100vw, 525px\" \/><\/figure><\/div>\n\n\n\n<p class=\"wp-block-paragraph\"><strong>Jueves, 17 de diciembre de 2020.&nbsp;<\/strong>El ministro de&nbsp;<a href=\"http:\/\/agricultura.gob.do\/\">Agricultura<\/a>&nbsp;de Rep\u00fablica Dominicana, Limber Cruz L\u00f3pez, y el director ejecutivo del OIRSA, Efra\u00edn Medina, sostuvieron una reuni\u00f3n de trabajo para el fortalecimiento de la cuarentena agropecuaria en puertos, aeropuertos y fronteras terrestres del pa\u00eds y el apoyo a los programas agrosanitarios que se ejecutan en el pa\u00eds. La reuni\u00f3n se desarroll\u00f3 el 2 de diciembre en la ciudad de Santo Domingo, capital del pa\u00eds.<\/p>\n\n\n\n<p class=\"wp-block-paragraph\">Esta fue la primera reuni\u00f3n de Medina con el ministro Cruz L\u00f3pez \u2013quien asumi\u00f3 su cargo en agosto de 2020\u2013 y en la que dialogaron sobre la misi\u00f3n del OIRSA de apoyar los esfuerzos de los Estados miembros, para lograr el desarrollo de sus planes de salud animal, sanidad vegetal, servicios cuarentenarios e inocuidad de los alimentos. Asimismo, se hizo referencia a la ejecuci\u00f3n de los programas y proyectos que OIRSA realiza en Rep\u00fablica Dominicana.<\/p>\n\n\n\n<p class=\"wp-block-paragraph\">En espec\u00edfico, se dialog\u00f3 sobre temas de inter\u00e9s como un plan de acci\u00f3n y erradicaci\u00f3n de la Peste Porcina Cl\u00e1sica (<a href=\"https:\/\/www.oirsa.org\/informacion.aspx?idc=91&amp;id=57\">PPC<\/a>), la formaci\u00f3n de Unidades Caninas para apoyar las labores de inspecci\u00f3n fitosanitaria en los puntos de ingreso al pa\u00eds, el fortalecimiento de los servicios de cuarentena agropecuaria, entre otros. El ministro Cruz L\u00f3pez expres\u00f3 su satisfacci\u00f3n y deseo que se fortalezca el trabajo entre el Ministerio de Agricultura y el OIRSA, adem\u00e1s indic\u00f3 que las l\u00edneas de trabajo del Organismo est\u00e1n en consonancia con sus planes.<\/p>\n\n\n\n<p class=\"wp-block-paragraph\">En la reuni\u00f3n tambi\u00e9n particip\u00f3 la representante de OIRSA en el pa\u00eds, Ana Melo Cuevas, y funcionarios del gobierno. Como parte de la misma misi\u00f3n, el director ejecutivo del OIRSA sostuvo una reuni\u00f3n de trabajo con el viceministro de Extensi\u00f3n y Capacitaci\u00f3n de Agricultura, Miguel Cordero; el director de Ganader\u00eda, Geovanny Molina; y el director de Sanidad Animal, Rafael N\u00fa\u00f1ez.<\/p>\n\n\n\n<p class=\"wp-block-paragraph\">Un tema que se trat\u00f3 durante la reuni\u00f3n fue la necesidad de realizar una evaluaci\u00f3n de las plantas de alimentos en el pa\u00eds, considerando un posible financiamiento del Acuerdo de Donaci\u00f3n mediante el cual, el programa \u201cFood for Progress\u201d de los Estados Unidos de Am\u00e9rica designa una partida para el pa\u00eds. Como \u00faltimo punto de agenda se trat\u00f3 el tema del fortalecimiento del Laboratorio Control de Calidad del Laboratorio Veterinario Central (<a href=\"https:\/\/www.lavecen.gob.do\/index.php\">LAVECEN)<\/a>.<\/p>","protected":false},"excerpt":{"rendered":"<p>Se coordin\u00f3 el avance de programas y proyectos de inter\u00e9s local y regional, y se avanz\u00f3 en la planificaci\u00f3n del [&hellip;]<\/p>\n","protected":false},"author":213237738,"featured_media":0,"comment_status":"open","ping_status":"open","sticky":false,"template":"","format":"standard","meta":{"_coblocks_attr":"","_coblocks_dimensions":"","_coblocks_responsive_height":"","_coblocks_accordion_ie_support":"","_crdt_document":"","_jetpack_memberships_contains_paid_content":false,"footnotes":""},"categories":[121903],"tags":[],"class_list":["post-4500","post","type-post","status-publish","format-standard","hentry","category-noticias"],"yoast_head":"<!-- This site is optimized with the Yoast SEO plugin v27.5 - https:\/\/yoast.com\/product\/yoast-seo-wordpress\/ -->\n<title>Rep\u00fablica Dominicana: Agricultura y OIRSA articulan esfuerzos por sanidad agropecuaria - OIRSA<\/title>\n<meta name=\"description\" content=\"Se coordin\u00f3 el avance de programas y proyectos de inter\u00e9s local y regional, y se avanz\u00f3 en la planificaci\u00f3n del trabajo t\u00e9cnico de la mano de los\" \/>\n<meta name=\"robots\" content=\"index, follow, max-snippet:-1, max-image-preview:large, max-video-preview:-1\" \/>\n<link rel=\"canonical\" href=\"https:\/\/web.oirsa.org\/en\/archivos\/4500\/\" \/>\n<meta property=\"og:locale\" content=\"en_US\" \/>\n<meta property=\"og:type\" content=\"article\" \/>\n<meta property=\"og:title\" content=\"Rep\u00fablica Dominicana: Agricultura y OIRSA articulan esfuerzos por sanidad agropecuaria - OIRSA\" \/>\n<meta property=\"og:description\" content=\"Se coordin\u00f3 el avance de programas y proyectos de inter\u00e9s local y regional, y se avanz\u00f3 en la planificaci\u00f3n del trabajo t\u00e9cnico de la mano de los\" \/>\n<meta property=\"og:url\" content=\"https:\/\/web.oirsa.org\/en\/archivos\/4500\/\" \/>\n<meta property=\"og:site_name\" content=\"OIRSA\" \/>\n<meta property=\"article:publisher\" content=\"https:\/\/www.facebook.com\/OIRSAoficial\" \/>\n<meta property=\"article:published_time\" content=\"2021-12-14T20:49:27+00:00\" \/>\n<meta property=\"article:modified_time\" content=\"2021-12-14T20:49:28+00:00\" \/>\n<meta property=\"og:image\" content=\"https:\/\/web.oirsa.org\/wp-content\/uploads\/2021\/12\/portada-boeltin.jpg\" \/>\n<meta name=\"author\" content=\"sigfredoramirez\" \/>\n<meta name=\"twitter:card\" content=\"summary_large_image\" \/>\n<meta name=\"twitter:creator\" content=\"@OIRSAoficial\" \/>\n<meta name=\"twitter:site\" content=\"@OIRSAoficial\" \/>\n<meta name=\"twitter:label1\" content=\"Written by\" \/>\n\t<meta name=\"twitter:data1\" content=\"sigfredoramirez\" \/>\n\t<meta name=\"twitter:label2\" content=\"Est. reading time\" \/>\n\t<meta name=\"twitter:data2\" content=\"2 minutes\" \/>\n<script type=\"application\/ld+json\" class=\"yoast-schema-graph\">{\"@context\":\"https:\\\/\\\/schema.org\",\"@graph\":[{\"@type\":\"Article\",\"@id\":\"https:\\\/\\\/web.oirsa.org\\\/archivos\\\/4500#article\",\"isPartOf\":{\"@id\":\"https:\\\/\\\/web.oirsa.org\\\/archivos\\\/4500\"},\"author\":{\"name\":\"sigfredoramirez\",\"@id\":\"https:\\\/\\\/web.oirsa.org\\\/#\\\/schema\\\/person\\\/698e7776162ddf630ab36c5946d818ab\"},\"headline\":\"Rep\u00fablica Dominicana: Agricultura y OIRSA articulan esfuerzos por sanidad agropecuaria\",\"datePublished\":\"2021-12-14T20:49:27+00:00\",\"dateModified\":\"2021-12-14T20:49:28+00:00\",\"mainEntityOfPage\":{\"@id\":\"https:\\\/\\\/web.oirsa.org\\\/archivos\\\/4500\"},\"wordCount\":452,\"commentCount\":0,\"publisher\":{\"@id\":\"https:\\\/\\\/web.oirsa.org\\\/#organization\"},\"image\":{\"@id\":\"https:\\\/\\\/web.oirsa.org\\\/archivos\\\/4500#primaryimage\"},\"thumbnailUrl\":\"https:\\\/\\\/web.oirsa.org\\\/wp-content\\\/uploads\\\/2021\\\/12\\\/portada-boeltin.jpg\",\"articleSection\":[\"Noticias\"],\"inLanguage\":\"en-US\",\"potentialAction\":[{\"@type\":\"CommentAction\",\"name\":\"Comment\",\"target\":[\"https:\\\/\\\/web.oirsa.org\\\/archivos\\\/4500#respond\"]}]},{\"@type\":\"WebPage\",\"@id\":\"https:\\\/\\\/web.oirsa.org\\\/archivos\\\/4500\",\"url\":\"https:\\\/\\\/web.oirsa.org\\\/archivos\\\/4500\",\"name\":\"Rep\u00fablica Dominicana: Agricultura y OIRSA articulan esfuerzos por sanidad agropecuaria - OIRSA\",\"isPartOf\":{\"@id\":\"https:\\\/\\\/web.oirsa.org\\\/#website\"},\"primaryImageOfPage\":{\"@id\":\"https:\\\/\\\/web.oirsa.org\\\/archivos\\\/4500#primaryimage\"},\"image\":{\"@id\":\"https:\\\/\\\/web.oirsa.org\\\/archivos\\\/4500#primaryimage\"},\"thumbnailUrl\":\"https:\\\/\\\/web.oirsa.org\\\/wp-content\\\/uploads\\\/2021\\\/12\\\/portada-boeltin.jpg\",\"datePublished\":\"2021-12-14T20:49:27+00:00\",\"dateModified\":\"2021-12-14T20:49:28+00:00\",\"description\":\"Se coordin\u00f3 el avance de programas y proyectos de inter\u00e9s local y regional, y se avanz\u00f3 en la planificaci\u00f3n del trabajo t\u00e9cnico de la mano de los\",\"breadcrumb\":{\"@id\":\"https:\\\/\\\/web.oirsa.org\\\/archivos\\\/4500#breadcrumb\"},\"inLanguage\":\"en-US\",\"potentialAction\":[{\"@type\":\"ReadAction\",\"target\":[\"https:\\\/\\\/web.oirsa.org\\\/archivos\\\/4500\"]}]},{\"@type\":\"ImageObject\",\"inLanguage\":\"en-US\",\"@id\":\"https:\\\/\\\/web.oirsa.org\\\/archivos\\\/4500#primaryimage\",\"url\":\"https:\\\/\\\/web.oirsa.org\\\/wp-content\\\/uploads\\\/2021\\\/12\\\/portada-boeltin.jpg\",\"contentUrl\":\"https:\\\/\\\/web.oirsa.org\\\/wp-content\\\/uploads\\\/2021\\\/12\\\/portada-boeltin.jpg\"},{\"@type\":\"BreadcrumbList\",\"@id\":\"https:\\\/\\\/web.oirsa.org\\\/archivos\\\/4500#breadcrumb\",\"itemListElement\":[{\"@type\":\"ListItem\",\"position\":1,\"name\":\"Portada\",\"item\":\"https:\\\/\\\/web.oirsa.org\\\/\"},{\"@type\":\"ListItem\",\"position\":2,\"name\":\"Rep\u00fablica Dominicana: Agricultura y OIRSA articulan esfuerzos por sanidad agropecuaria\"}]},{\"@type\":\"WebSite\",\"@id\":\"https:\\\/\\\/web.oirsa.org\\\/#website\",\"url\":\"https:\\\/\\\/web.oirsa.org\\\/\",\"name\":\"OIRSA\",\"description\":\"Organismo Internacional Regional de Sanidad Agropecuaria\",\"publisher\":{\"@id\":\"https:\\\/\\\/web.oirsa.org\\\/#organization\"},\"potentialAction\":[{\"@type\":\"SearchAction\",\"target\":{\"@type\":\"EntryPoint\",\"urlTemplate\":\"https:\\\/\\\/web.oirsa.org\\\/?s={search_term_string}\"},\"query-input\":{\"@type\":\"PropertyValueSpecification\",\"valueRequired\":true,\"valueName\":\"search_term_string\"}}],\"inLanguage\":\"en-US\"},{\"@type\":\"Organization\",\"@id\":\"https:\\\/\\\/web.oirsa.org\\\/#organization\",\"name\":\"OIRSA\",\"url\":\"https:\\\/\\\/web.oirsa.org\\\/\",\"logo\":{\"@type\":\"ImageObject\",\"inLanguage\":\"en-US\",\"@id\":\"https:\\\/\\\/web.oirsa.org\\\/#\\\/schema\\\/logo\\\/image\\\/\",\"url\":\"https:\\\/\\\/web.oirsa.org\\\/wp-content\\\/uploads\\\/2024\\\/01\\\/cropped-LOGO-OIRSA-2023.png\",\"contentUrl\":\"https:\\\/\\\/web.oirsa.org\\\/wp-content\\\/uploads\\\/2024\\\/01\\\/cropped-LOGO-OIRSA-2023.png\",\"width\":512,\"height\":512,\"caption\":\"OIRSA\"},\"image\":{\"@id\":\"https:\\\/\\\/web.oirsa.org\\\/#\\\/schema\\\/logo\\\/image\\\/\"},\"sameAs\":[\"https:\\\/\\\/www.facebook.com\\\/OIRSAoficial\",\"https:\\\/\\\/x.com\\\/OIRSAoficial\"]},{\"@type\":\"Person\",\"@id\":\"https:\\\/\\\/web.oirsa.org\\\/#\\\/schema\\\/person\\\/698e7776162ddf630ab36c5946d818ab\",\"name\":\"sigfredoramirez\",\"image\":{\"@type\":\"ImageObject\",\"inLanguage\":\"en-US\",\"@id\":\"https:\\\/\\\/secure.gravatar.com\\\/avatar\\\/cff1a22def7b03563530f2ba16145a6b6b5acbabc1f530f59eb045d7e21222e2?s=96&d=identicon&r=g\",\"url\":\"https:\\\/\\\/secure.gravatar.com\\\/avatar\\\/cff1a22def7b03563530f2ba16145a6b6b5acbabc1f530f59eb045d7e21222e2?s=96&d=identicon&r=g\",\"contentUrl\":\"https:\\\/\\\/secure.gravatar.com\\\/avatar\\\/cff1a22def7b03563530f2ba16145a6b6b5acbabc1f530f59eb045d7e21222e2?s=96&d=identicon&r=g\",\"caption\":\"sigfredoramirez\"}}]}<\/script>\n<!-- \/ Yoast SEO plugin. -->","yoast_head_json":{"title":"Rep\u00fablica Dominicana: Agricultura y OIRSA articulan esfuerzos por sanidad agropecuaria - OIRSA","description":"Se coordin\u00f3 el avance de programas y proyectos de inter\u00e9s local y regional, y se avanz\u00f3 en la planificaci\u00f3n del trabajo t\u00e9cnico de la mano de los","robots":{"index":"index","follow":"follow","max-snippet":"max-snippet:-1","max-image-preview":"max-image-preview:large","max-video-preview":"max-video-preview:-1"},"canonical":"https:\/\/web.oirsa.org\/en\/archivos\/4500\/","og_locale":"en_US","og_type":"article","og_title":"Rep\u00fablica Dominicana: Agricultura y OIRSA articulan esfuerzos por sanidad agropecuaria - OIRSA","og_description":"Se coordin\u00f3 el avance de programas y proyectos de inter\u00e9s local y regional, y se avanz\u00f3 en la planificaci\u00f3n del trabajo t\u00e9cnico de la mano de los","og_url":"https:\/\/web.oirsa.org\/en\/archivos\/4500\/","og_site_name":"OIRSA","article_publisher":"https:\/\/www.facebook.com\/OIRSAoficial","article_published_time":"2021-12-14T20:49:27+00:00","article_modified_time":"2021-12-14T20:49:28+00:00","og_image":[{"url":"https:\/\/web.oirsa.org\/wp-content\/uploads\/2021\/12\/portada-boeltin.jpg","type":"","width":"","height":""}],"author":"sigfredoramirez","twitter_card":"summary_large_image","twitter_creator":"@OIRSAoficial","twitter_site":"@OIRSAoficial","twitter_misc":{"Written by":"sigfredoramirez","Est. reading time":"2 minutes"},"schema":{"@context":"https:\/\/schema.org","@graph":[{"@type":"Article","@id":"https:\/\/web.oirsa.org\/archivos\/4500#article","isPartOf":{"@id":"https:\/\/web.oirsa.org\/archivos\/4500"},"author":{"name":"sigfredoramirez","@id":"https:\/\/web.oirsa.org\/#\/schema\/person\/698e7776162ddf630ab36c5946d818ab"},"headline":"Rep\u00fablica Dominicana: Agricultura y OIRSA articulan esfuerzos por sanidad agropecuaria","datePublished":"2021-12-14T20:49:27+00:00","dateModified":"2021-12-14T20:49:28+00:00","mainEntityOfPage":{"@id":"https:\/\/web.oirsa.org\/archivos\/4500"},"wordCount":452,"commentCount":0,"publisher":{"@id":"https:\/\/web.oirsa.org\/#organization"},"image":{"@id":"https:\/\/web.oirsa.org\/archivos\/4500#primaryimage"},"thumbnailUrl":"https:\/\/web.oirsa.org\/wp-content\/uploads\/2021\/12\/portada-boeltin.jpg","articleSection":["Noticias"],"inLanguage":"en-US","potentialAction":[{"@type":"CommentAction","name":"Comment","target":["https:\/\/web.oirsa.org\/archivos\/4500#respond"]}]},{"@type":"WebPage","@id":"https:\/\/web.oirsa.org\/archivos\/4500","url":"https:\/\/web.oirsa.org\/archivos\/4500","name":"Rep\u00fablica Dominicana: Agricultura y OIRSA articulan esfuerzos por sanidad agropecuaria - OIRSA","isPartOf":{"@id":"https:\/\/web.oirsa.org\/#website"},"primaryImageOfPage":{"@id":"https:\/\/web.oirsa.org\/archivos\/4500#primaryimage"},"image":{"@id":"https:\/\/web.oirsa.org\/archivos\/4500#primaryimage"},"thumbnailUrl":"https:\/\/web.oirsa.org\/wp-content\/uploads\/2021\/12\/portada-boeltin.jpg","datePublished":"2021-12-14T20:49:27+00:00","dateModified":"2021-12-14T20:49:28+00:00","description":"Se coordin\u00f3 el avance de programas y proyectos de inter\u00e9s local y regional, y se avanz\u00f3 en la planificaci\u00f3n del trabajo t\u00e9cnico de la mano de los","breadcrumb":{"@id":"https:\/\/web.oirsa.org\/archivos\/4500#breadcrumb"},"inLanguage":"en-US","potentialAction":[{"@type":"ReadAction","target":["https:\/\/web.oirsa.org\/archivos\/4500"]}]},{"@type":"ImageObject","inLanguage":"en-US","@id":"https:\/\/web.oirsa.org\/archivos\/4500#primaryimage","url":"https:\/\/web.oirsa.org\/wp-content\/uploads\/2021\/12\/portada-boeltin.jpg","contentUrl":"https:\/\/web.oirsa.org\/wp-content\/uploads\/2021\/12\/portada-boeltin.jpg"},{"@type":"BreadcrumbList","@id":"https:\/\/web.oirsa.org\/archivos\/4500#breadcrumb","itemListElement":[{"@type":"ListItem","position":1,"name":"Portada","item":"https:\/\/web.oirsa.org\/"},{"@type":"ListItem","position":2,"name":"Rep\u00fablica Dominicana: Agricultura y OIRSA articulan esfuerzos por sanidad agropecuaria"}]},{"@type":"WebSite","@id":"https:\/\/web.oirsa.org\/#website","url":"https:\/\/web.oirsa.org\/","name":"OIRSA","description":"Organismo Internacional Regional de Sanidad Agropecuaria","publisher":{"@id":"https:\/\/web.oirsa.org\/#organization"},"potentialAction":[{"@type":"SearchAction","target":{"@type":"EntryPoint","urlTemplate":"https:\/\/web.oirsa.org\/?s={search_term_string}"},"query-input":{"@type":"PropertyValueSpecification","valueRequired":true,"valueName":"search_term_string"}}],"inLanguage":"en-US"},{"@type":"Organization","@id":"https:\/\/web.oirsa.org\/#organization","name":"OIRSA","url":"https:\/\/web.oirsa.org\/","logo":{"@type":"ImageObject","inLanguage":"en-US","@id":"https:\/\/web.oirsa.org\/#\/schema\/logo\/image\/","url":"https:\/\/web.oirsa.org\/wp-content\/uploads\/2024\/01\/cropped-LOGO-OIRSA-2023.png","contentUrl":"https:\/\/web.oirsa.org\/wp-content\/uploads\/2024\/01\/cropped-LOGO-OIRSA-2023.png","width":512,"height":512,"caption":"OIRSA"},"image":{"@id":"https:\/\/web.oirsa.org\/#\/schema\/logo\/image\/"},"sameAs":["https:\/\/www.facebook.com\/OIRSAoficial","https:\/\/x.com\/OIRSAoficial"]},{"@type":"Person","@id":"https:\/\/web.oirsa.org\/#\/schema\/person\/698e7776162ddf630ab36c5946d818ab","name":"sigfredoramirez","image":{"@type":"ImageObject","inLanguage":"en-US","@id":"https:\/\/secure.gravatar.com\/avatar\/cff1a22def7b03563530f2ba16145a6b6b5acbabc1f530f59eb045d7e21222e2?s=96&d=identicon&r=g","url":"https:\/\/secure.gravatar.com\/avatar\/cff1a22def7b03563530f2ba16145a6b6b5acbabc1f530f59eb045d7e21222e2?s=96&d=identicon&r=g","contentUrl":"https:\/\/secure.gravatar.com\/avatar\/cff1a22def7b03563530f2ba16145a6b6b5acbabc1f530f59eb045d7e21222e2?s=96&d=identicon&r=g","caption":"sigfredoramirez"}}]}},"jetpack_featured_media_url":"","jetpack_sharing_enabled":true,"_links":{"self":[{"href":"https:\/\/web.oirsa.org\/en\/wp-json\/wp\/v2\/posts\/4500","targetHints":{"allow":["GET"]}}],"collection":[{"href":"https:\/\/web.oirsa.org\/en\/wp-json\/wp\/v2\/posts"}],"about":[{"href":"https:\/\/web.oirsa.org\/en\/wp-json\/wp\/v2\/types\/post"}],"author":[{"embeddable":true,"href":"https:\/\/web.oirsa.org\/en\/wp-json\/wp\/v2\/users\/213237738"}],"replies":[{"embeddable":true,"href":"https:\/\/web.oirsa.org\/en\/wp-json\/wp\/v2\/comments?post=4500"}],"version-history":[{"count":1,"href":"https:\/\/web.oirsa.org\/en\/wp-json\/wp\/v2\/posts\/4500\/revisions"}],"predecessor-version":[{"id":4502,"href":"https:\/\/web.oirsa.org\/en\/wp-json\/wp\/v2\/posts\/4500\/revisions\/4502"}],"wp:attachment":[{"href":"https:\/\/web.oirsa.org\/en\/wp-json\/wp\/v2\/media?parent=4500"}],"wp:term":[{"taxonomy":"category","embeddable":true,"href":"https:\/\/web.oirsa.org\/en\/wp-json\/wp\/v2\/categories?post=4500"},{"taxonomy":"post_tag","embeddable":true,"href":"https:\/\/web.oirsa.org\/en\/wp-json\/wp\/v2\/tags?post=4500"}],"curies":[{"name":"wp","href":"https:\/\/api.w.org\/{rel}","templated":true}]}}