{"id":4461,"date":"2021-12-14T14:39:00","date_gmt":"2021-12-14T20:39:00","guid":{"rendered":"http:\/\/10.103.20.84\/?p=4461"},"modified":"2021-12-14T14:39:02","modified_gmt":"2021-12-14T20:39:02","slug":"conmemoran-67o-aniversario-de-fundacion-del-oirsa-y-dia-regional-de-sanidad-agropecuaria","status":"publish","type":"post","link":"https:\/\/web.oirsa.org\/en\/archivos\/4461","title":{"rendered":"Conmemoran 67\u00ba aniversario de fundaci\u00f3n del OIRSA y D\u00eda Regional de Sanidad Agropecuaria"},"content":{"rendered":"<p class=\"wp-block-paragraph\"><em>\u201cRecibimos con gratitud el 67 aniversario de fundaci\u00f3n del OIRSA, estamos fuertemente comprometidos en el fortalecimiento de la cooperaci\u00f3n t\u00e9cnica en apoyo a los Ministerios y Secretar\u00edas de Agricultura y Ganader\u00eda de M\u00e9xico, Centroam\u00e9rica y Rep\u00fablica Dominicana\u201d, precis\u00f3 el presidente del CIRSA, Ricardo Somarriba.<\/em><\/p>\n\n\n\n<div class=\"wp-block-image\"><figure class=\"alignright size-full is-resized\"><img data-recalc-dims=\"1\" loading=\"lazy\" decoding=\"async\" src=\"https:\/\/i0.wp.com\/web.oirsa.org\/wp-content\/uploads\/2021\/12\/29-de-octubre.jpg?resize=525%2C233&ssl=1\" alt=\"\" class=\"wp-image-4462\" width=\"525\" height=\"233\" srcset=\"https:\/\/i0.wp.com\/web.oirsa.org\/wp-content\/uploads\/2021\/12\/29-de-octubre.jpg?w=900&ssl=1 900w, https:\/\/i0.wp.com\/web.oirsa.org\/wp-content\/uploads\/2021\/12\/29-de-octubre.jpg?resize=300%2C133&ssl=1 300w, https:\/\/i0.wp.com\/web.oirsa.org\/wp-content\/uploads\/2021\/12\/29-de-octubre.jpg?resize=768%2C341&ssl=1 768w\" sizes=\"auto, (max-width: 525px) 100vw, 525px\" \/><\/figure><\/div>\n\n\n\n<p class=\"wp-block-paragraph\"><strong>Martes, 10 de noviembre de 2020<\/strong>.\u00a0Los pa\u00edses de la regi\u00f3n del OIRSA conmemoraron oficialmente el D\u00eda Regional de la Sanidad Agropecuaria y un nuevo aniversario de la fundaci\u00f3n del Organismo. Una fecha en la que se celebran los esfuerzos de apoyo para salvaguardar una agricultura y ganader\u00eda libre de plagas y enfermedades. Un trabajo que busca preservar el patrimonio productivo de las presentes y futuras generaciones, garantizar la seguridad alimentaria y facilitar el comercio.<\/p>\n\n\n\n<p class=\"wp-block-paragraph\">En un a\u00f1o 2020 marcado por la pandemia del COVID-19, el acto de la celebraci\u00f3n fue realizado de manera virtual y encabezado por el presidente del Comit\u00e9 Internacional Regional de Sanidad Agropecuaria (<a href=\"https:\/\/www.oirsa.org\/informacion.aspx?id=13\">CIRSA)<\/a>, Ricardo Somarriba; el presidente de la Federaci\u00f3n Centroamericana de C\u00e1maras del Agro (FECAGRO), Nils Leporowski; y el director ejecutivo del OIRSA, Efra\u00edn Medina.<\/p>\n\n\n\n<p class=\"wp-block-paragraph\">Al acto asistieron productores, funcionarios del sector p\u00fablico de los nueve pa\u00edses, representantes de organismos internacionales y funcionarios del OIRSA que trabajan en las \u00e1reas de Sanidad Vegetal, Salud Animal, Inocuidad de los Alimentos y Servicios Cuarentenarios. En defensa del patrimonio agropecuario del istmo, un 29 de octubre hace 67 a\u00f1os, los Ministerios de Agricultura y Ganader\u00eda de M\u00e9xico y Centroam\u00e9rica fundaron el OIRSA, al que despu\u00e9s se sumaron Belize y Rep\u00fablica Dominicana.<\/p>\n\n\n\n<p class=\"wp-block-paragraph\">Durante el acto virtual, se guard\u00f3 un minuto de silencio por las p\u00e9rdidas humanas en la pandemia. Adem\u00e1s, se otorg\u00f3 un reconocimiento a los funcionarios de los Ministerios y Secretar\u00edas de Agricultura y Ganader\u00eda y de las representaciones del OIRSA en los 9 pa\u00edses, por su esfuerzo y dedicaci\u00f3n al trabajo ininterrumpido durante la pandemia del\u00a0<a href=\"https:\/\/www.who.int\/es\/emergencies\/diseases\/novel-coronavirus-2019\">SARS-CoV-2<\/a>. De este modo, el OIRSA reconoci\u00f3 su labor manteniendo las operaciones y servicios en beneficio de la sanidad agropecuaria de la regi\u00f3n.<\/p>\n\n\n\n<p class=\"wp-block-paragraph\">Asimismo, en el marco del \u201cA\u00f1o Internacional de la Sanidad Vegetal\u201d, se hizo \u00e9nfasis en la importancia de la Sanidad Vegetal para garantizar la sostenibilidad alimentar\u00eda, econ\u00f3mica y ambiental de los pa\u00edses. En ese sentido, el OIRSA apoy\u00f3 talleres, jornadas fitosanitarias y otros eventos nacionales e internacionales en el marco del\u00a0<a href=\"https:\/\/www.unenvironment.org\/es\/noticias-y-reportajes\/reportajes\/2020-es-el-ano-internacional-de-la-sanidad-vegetal#:~:text=Esto%20puede%20tener%20resultados%20devastadores,y%20enfermedades%20de%20las%20plantas.\">A\u00f1o Internacional de la Sanidad Vegetal<\/a>, declarado as\u00ed por la Organizaci\u00f3n de las Naciones Unidas (ONU).<\/p>","protected":false},"excerpt":{"rendered":"<p>\u201cRecibimos con gratitud el 67 aniversario de fundaci\u00f3n del OIRSA, estamos fuertemente comprometidos en el fortalecimiento de la cooperaci\u00f3n t\u00e9cnica [&hellip;]<\/p>\n","protected":false},"author":213237738,"featured_media":0,"comment_status":"open","ping_status":"open","sticky":false,"template":"","format":"standard","meta":{"_coblocks_attr":"","_coblocks_dimensions":"","_coblocks_responsive_height":"","_coblocks_accordion_ie_support":"","_crdt_document":"","_jetpack_memberships_contains_paid_content":false,"footnotes":""},"categories":[121903],"tags":[],"class_list":["post-4461","post","type-post","status-publish","format-standard","hentry","category-noticias"],"yoast_head":"<!-- This site is optimized with the Yoast SEO plugin v27.5 - https:\/\/yoast.com\/product\/yoast-seo-wordpress\/ -->\n<title>Conmemoran 67\u00ba aniversario de fundaci\u00f3n del OIRSA y D\u00eda Regional de Sanidad Agropecuaria - OIRSA<\/title>\n<meta name=\"description\" content=\"\u201cRecibimos con gratitud el 67 aniversario de fundaci\u00f3n del OIRSA, estamos fuertemente comprometidos en el fortalecimiento de la cooperaci\u00f3n t\u00e9cnica en\" \/>\n<meta name=\"robots\" content=\"index, follow, max-snippet:-1, max-image-preview:large, max-video-preview:-1\" \/>\n<link rel=\"canonical\" href=\"https:\/\/web.oirsa.org\/en\/archivos\/4461\" \/>\n<meta property=\"og:locale\" content=\"en_US\" \/>\n<meta property=\"og:type\" content=\"article\" \/>\n<meta property=\"og:title\" content=\"Conmemoran 67\u00ba aniversario de fundaci\u00f3n del OIRSA y D\u00eda Regional de Sanidad Agropecuaria - OIRSA\" \/>\n<meta property=\"og:description\" content=\"\u201cRecibimos con gratitud el 67 aniversario de fundaci\u00f3n del OIRSA, estamos fuertemente comprometidos en el fortalecimiento de la cooperaci\u00f3n t\u00e9cnica en\" \/>\n<meta property=\"og:url\" content=\"https:\/\/web.oirsa.org\/en\/archivos\/4461\" \/>\n<meta property=\"og:site_name\" content=\"OIRSA\" \/>\n<meta property=\"article:publisher\" content=\"https:\/\/www.facebook.com\/OIRSAoficial\" \/>\n<meta property=\"article:published_time\" content=\"2021-12-14T20:39:00+00:00\" \/>\n<meta property=\"article:modified_time\" content=\"2021-12-14T20:39:02+00:00\" \/>\n<meta property=\"og:image\" content=\"https:\/\/web.oirsa.org\/wp-content\/uploads\/2021\/12\/29-de-octubre.jpg\" \/>\n<meta name=\"author\" content=\"sigfredoramirez\" \/>\n<meta name=\"twitter:card\" content=\"summary_large_image\" \/>\n<meta name=\"twitter:creator\" content=\"@OIRSAoficial\" \/>\n<meta name=\"twitter:site\" content=\"@OIRSAoficial\" \/>\n<meta name=\"twitter:label1\" content=\"Written by\" \/>\n\t<meta name=\"twitter:data1\" content=\"sigfredoramirez\" \/>\n\t<meta name=\"twitter:label2\" content=\"Est. reading time\" \/>\n\t<meta name=\"twitter:data2\" content=\"2 minutes\" \/>\n<script type=\"application\/ld+json\" class=\"yoast-schema-graph\">{\"@context\":\"https:\\\/\\\/schema.org\",\"@graph\":[{\"@type\":\"Article\",\"@id\":\"https:\\\/\\\/web.oirsa.org\\\/en\\\/archivos\\\/4461#article\",\"isPartOf\":{\"@id\":\"https:\\\/\\\/web.oirsa.org\\\/en\\\/archivos\\\/4461\"},\"author\":{\"name\":\"sigfredoramirez\",\"@id\":\"https:\\\/\\\/web.oirsa.org\\\/#\\\/schema\\\/person\\\/698e7776162ddf630ab36c5946d818ab\"},\"headline\":\"Conmemoran 67\u00ba aniversario de fundaci\u00f3n del OIRSA y D\u00eda Regional de Sanidad Agropecuaria\",\"datePublished\":\"2021-12-14T20:39:00+00:00\",\"dateModified\":\"2021-12-14T20:39:02+00:00\",\"mainEntityOfPage\":{\"@id\":\"https:\\\/\\\/web.oirsa.org\\\/en\\\/archivos\\\/4461\"},\"wordCount\":442,\"commentCount\":0,\"publisher\":{\"@id\":\"https:\\\/\\\/web.oirsa.org\\\/#organization\"},\"image\":{\"@id\":\"https:\\\/\\\/web.oirsa.org\\\/en\\\/archivos\\\/4461#primaryimage\"},\"thumbnailUrl\":\"https:\\\/\\\/web.oirsa.org\\\/wp-content\\\/uploads\\\/2021\\\/12\\\/29-de-octubre.jpg\",\"articleSection\":[\"Noticias\"],\"inLanguage\":\"en-US\",\"potentialAction\":[{\"@type\":\"CommentAction\",\"name\":\"Comment\",\"target\":[\"https:\\\/\\\/web.oirsa.org\\\/en\\\/archivos\\\/4461#respond\"]}]},{\"@type\":\"WebPage\",\"@id\":\"https:\\\/\\\/web.oirsa.org\\\/en\\\/archivos\\\/4461\",\"url\":\"https:\\\/\\\/web.oirsa.org\\\/en\\\/archivos\\\/4461\",\"name\":\"Conmemoran 67\u00ba aniversario de fundaci\u00f3n del OIRSA y D\u00eda Regional de Sanidad Agropecuaria - OIRSA\",\"isPartOf\":{\"@id\":\"https:\\\/\\\/web.oirsa.org\\\/#website\"},\"primaryImageOfPage\":{\"@id\":\"https:\\\/\\\/web.oirsa.org\\\/en\\\/archivos\\\/4461#primaryimage\"},\"image\":{\"@id\":\"https:\\\/\\\/web.oirsa.org\\\/en\\\/archivos\\\/4461#primaryimage\"},\"thumbnailUrl\":\"https:\\\/\\\/web.oirsa.org\\\/wp-content\\\/uploads\\\/2021\\\/12\\\/29-de-octubre.jpg\",\"datePublished\":\"2021-12-14T20:39:00+00:00\",\"dateModified\":\"2021-12-14T20:39:02+00:00\",\"description\":\"\u201cRecibimos con gratitud el 67 aniversario de fundaci\u00f3n del OIRSA, estamos fuertemente comprometidos en el fortalecimiento de la cooperaci\u00f3n t\u00e9cnica en\",\"breadcrumb\":{\"@id\":\"https:\\\/\\\/web.oirsa.org\\\/en\\\/archivos\\\/4461#breadcrumb\"},\"inLanguage\":\"en-US\",\"potentialAction\":[{\"@type\":\"ReadAction\",\"target\":[\"https:\\\/\\\/web.oirsa.org\\\/en\\\/archivos\\\/4461\"]}]},{\"@type\":\"ImageObject\",\"inLanguage\":\"en-US\",\"@id\":\"https:\\\/\\\/web.oirsa.org\\\/en\\\/archivos\\\/4461#primaryimage\",\"url\":\"https:\\\/\\\/web.oirsa.org\\\/wp-content\\\/uploads\\\/2021\\\/12\\\/29-de-octubre.jpg\",\"contentUrl\":\"https:\\\/\\\/web.oirsa.org\\\/wp-content\\\/uploads\\\/2021\\\/12\\\/29-de-octubre.jpg\"},{\"@type\":\"BreadcrumbList\",\"@id\":\"https:\\\/\\\/web.oirsa.org\\\/en\\\/archivos\\\/4461#breadcrumb\",\"itemListElement\":[{\"@type\":\"ListItem\",\"position\":1,\"name\":\"Portada\",\"item\":\"https:\\\/\\\/web.oirsa.org\\\/\"},{\"@type\":\"ListItem\",\"position\":2,\"name\":\"Conmemoran 67\u00ba aniversario de fundaci\u00f3n del OIRSA y D\u00eda Regional de Sanidad Agropecuaria\"}]},{\"@type\":\"WebSite\",\"@id\":\"https:\\\/\\\/web.oirsa.org\\\/#website\",\"url\":\"https:\\\/\\\/web.oirsa.org\\\/\",\"name\":\"OIRSA\",\"description\":\"Organismo Internacional Regional de Sanidad Agropecuaria\",\"publisher\":{\"@id\":\"https:\\\/\\\/web.oirsa.org\\\/#organization\"},\"potentialAction\":[{\"@type\":\"SearchAction\",\"target\":{\"@type\":\"EntryPoint\",\"urlTemplate\":\"https:\\\/\\\/web.oirsa.org\\\/?s={search_term_string}\"},\"query-input\":{\"@type\":\"PropertyValueSpecification\",\"valueRequired\":true,\"valueName\":\"search_term_string\"}}],\"inLanguage\":\"en-US\"},{\"@type\":\"Organization\",\"@id\":\"https:\\\/\\\/web.oirsa.org\\\/#organization\",\"name\":\"OIRSA\",\"url\":\"https:\\\/\\\/web.oirsa.org\\\/\",\"logo\":{\"@type\":\"ImageObject\",\"inLanguage\":\"en-US\",\"@id\":\"https:\\\/\\\/web.oirsa.org\\\/#\\\/schema\\\/logo\\\/image\\\/\",\"url\":\"https:\\\/\\\/web.oirsa.org\\\/wp-content\\\/uploads\\\/2024\\\/01\\\/cropped-LOGO-OIRSA-2023.png\",\"contentUrl\":\"https:\\\/\\\/web.oirsa.org\\\/wp-content\\\/uploads\\\/2024\\\/01\\\/cropped-LOGO-OIRSA-2023.png\",\"width\":512,\"height\":512,\"caption\":\"OIRSA\"},\"image\":{\"@id\":\"https:\\\/\\\/web.oirsa.org\\\/#\\\/schema\\\/logo\\\/image\\\/\"},\"sameAs\":[\"https:\\\/\\\/www.facebook.com\\\/OIRSAoficial\",\"https:\\\/\\\/x.com\\\/OIRSAoficial\"]},{\"@type\":\"Person\",\"@id\":\"https:\\\/\\\/web.oirsa.org\\\/#\\\/schema\\\/person\\\/698e7776162ddf630ab36c5946d818ab\",\"name\":\"sigfredoramirez\",\"image\":{\"@type\":\"ImageObject\",\"inLanguage\":\"en-US\",\"@id\":\"https:\\\/\\\/secure.gravatar.com\\\/avatar\\\/cff1a22def7b03563530f2ba16145a6b6b5acbabc1f530f59eb045d7e21222e2?s=96&d=identicon&r=g\",\"url\":\"https:\\\/\\\/secure.gravatar.com\\\/avatar\\\/cff1a22def7b03563530f2ba16145a6b6b5acbabc1f530f59eb045d7e21222e2?s=96&d=identicon&r=g\",\"contentUrl\":\"https:\\\/\\\/secure.gravatar.com\\\/avatar\\\/cff1a22def7b03563530f2ba16145a6b6b5acbabc1f530f59eb045d7e21222e2?s=96&d=identicon&r=g\",\"caption\":\"sigfredoramirez\"}}]}<\/script>\n<!-- \/ Yoast SEO plugin. -->","yoast_head_json":{"title":"Conmemoran 67\u00ba aniversario de fundaci\u00f3n del OIRSA y D\u00eda Regional de Sanidad Agropecuaria - OIRSA","description":"\u201cRecibimos con gratitud el 67 aniversario de fundaci\u00f3n del OIRSA, estamos fuertemente comprometidos en el fortalecimiento de la cooperaci\u00f3n t\u00e9cnica en","robots":{"index":"index","follow":"follow","max-snippet":"max-snippet:-1","max-image-preview":"max-image-preview:large","max-video-preview":"max-video-preview:-1"},"canonical":"https:\/\/web.oirsa.org\/en\/archivos\/4461","og_locale":"en_US","og_type":"article","og_title":"Conmemoran 67\u00ba aniversario de fundaci\u00f3n del OIRSA y D\u00eda Regional de Sanidad Agropecuaria - OIRSA","og_description":"\u201cRecibimos con gratitud el 67 aniversario de fundaci\u00f3n del OIRSA, estamos fuertemente comprometidos en el fortalecimiento de la cooperaci\u00f3n t\u00e9cnica en","og_url":"https:\/\/web.oirsa.org\/en\/archivos\/4461","og_site_name":"OIRSA","article_publisher":"https:\/\/www.facebook.com\/OIRSAoficial","article_published_time":"2021-12-14T20:39:00+00:00","article_modified_time":"2021-12-14T20:39:02+00:00","og_image":[{"url":"https:\/\/web.oirsa.org\/wp-content\/uploads\/2021\/12\/29-de-octubre.jpg","type":"","width":"","height":""}],"author":"sigfredoramirez","twitter_card":"summary_large_image","twitter_creator":"@OIRSAoficial","twitter_site":"@OIRSAoficial","twitter_misc":{"Written by":"sigfredoramirez","Est. reading time":"2 minutes"},"schema":{"@context":"https:\/\/schema.org","@graph":[{"@type":"Article","@id":"https:\/\/web.oirsa.org\/en\/archivos\/4461#article","isPartOf":{"@id":"https:\/\/web.oirsa.org\/en\/archivos\/4461"},"author":{"name":"sigfredoramirez","@id":"https:\/\/web.oirsa.org\/#\/schema\/person\/698e7776162ddf630ab36c5946d818ab"},"headline":"Conmemoran 67\u00ba aniversario de fundaci\u00f3n del OIRSA y D\u00eda Regional de Sanidad Agropecuaria","datePublished":"2021-12-14T20:39:00+00:00","dateModified":"2021-12-14T20:39:02+00:00","mainEntityOfPage":{"@id":"https:\/\/web.oirsa.org\/en\/archivos\/4461"},"wordCount":442,"commentCount":0,"publisher":{"@id":"https:\/\/web.oirsa.org\/#organization"},"image":{"@id":"https:\/\/web.oirsa.org\/en\/archivos\/4461#primaryimage"},"thumbnailUrl":"https:\/\/web.oirsa.org\/wp-content\/uploads\/2021\/12\/29-de-octubre.jpg","articleSection":["Noticias"],"inLanguage":"en-US","potentialAction":[{"@type":"CommentAction","name":"Comment","target":["https:\/\/web.oirsa.org\/en\/archivos\/4461#respond"]}]},{"@type":"WebPage","@id":"https:\/\/web.oirsa.org\/en\/archivos\/4461","url":"https:\/\/web.oirsa.org\/en\/archivos\/4461","name":"Conmemoran 67\u00ba aniversario de fundaci\u00f3n del OIRSA y D\u00eda Regional de Sanidad Agropecuaria - OIRSA","isPartOf":{"@id":"https:\/\/web.oirsa.org\/#website"},"primaryImageOfPage":{"@id":"https:\/\/web.oirsa.org\/en\/archivos\/4461#primaryimage"},"image":{"@id":"https:\/\/web.oirsa.org\/en\/archivos\/4461#primaryimage"},"thumbnailUrl":"https:\/\/web.oirsa.org\/wp-content\/uploads\/2021\/12\/29-de-octubre.jpg","datePublished":"2021-12-14T20:39:00+00:00","dateModified":"2021-12-14T20:39:02+00:00","description":"\u201cRecibimos con gratitud el 67 aniversario de fundaci\u00f3n del OIRSA, estamos fuertemente comprometidos en el fortalecimiento de la cooperaci\u00f3n t\u00e9cnica en","breadcrumb":{"@id":"https:\/\/web.oirsa.org\/en\/archivos\/4461#breadcrumb"},"inLanguage":"en-US","potentialAction":[{"@type":"ReadAction","target":["https:\/\/web.oirsa.org\/en\/archivos\/4461"]}]},{"@type":"ImageObject","inLanguage":"en-US","@id":"https:\/\/web.oirsa.org\/en\/archivos\/4461#primaryimage","url":"https:\/\/web.oirsa.org\/wp-content\/uploads\/2021\/12\/29-de-octubre.jpg","contentUrl":"https:\/\/web.oirsa.org\/wp-content\/uploads\/2021\/12\/29-de-octubre.jpg"},{"@type":"BreadcrumbList","@id":"https:\/\/web.oirsa.org\/en\/archivos\/4461#breadcrumb","itemListElement":[{"@type":"ListItem","position":1,"name":"Portada","item":"https:\/\/web.oirsa.org\/"},{"@type":"ListItem","position":2,"name":"Conmemoran 67\u00ba aniversario de fundaci\u00f3n del OIRSA y D\u00eda Regional de Sanidad Agropecuaria"}]},{"@type":"WebSite","@id":"https:\/\/web.oirsa.org\/#website","url":"https:\/\/web.oirsa.org\/","name":"OIRSA","description":"Organismo Internacional Regional de Sanidad Agropecuaria","publisher":{"@id":"https:\/\/web.oirsa.org\/#organization"},"potentialAction":[{"@type":"SearchAction","target":{"@type":"EntryPoint","urlTemplate":"https:\/\/web.oirsa.org\/?s={search_term_string}"},"query-input":{"@type":"PropertyValueSpecification","valueRequired":true,"valueName":"search_term_string"}}],"inLanguage":"en-US"},{"@type":"Organization","@id":"https:\/\/web.oirsa.org\/#organization","name":"OIRSA","url":"https:\/\/web.oirsa.org\/","logo":{"@type":"ImageObject","inLanguage":"en-US","@id":"https:\/\/web.oirsa.org\/#\/schema\/logo\/image\/","url":"https:\/\/web.oirsa.org\/wp-content\/uploads\/2024\/01\/cropped-LOGO-OIRSA-2023.png","contentUrl":"https:\/\/web.oirsa.org\/wp-content\/uploads\/2024\/01\/cropped-LOGO-OIRSA-2023.png","width":512,"height":512,"caption":"OIRSA"},"image":{"@id":"https:\/\/web.oirsa.org\/#\/schema\/logo\/image\/"},"sameAs":["https:\/\/www.facebook.com\/OIRSAoficial","https:\/\/x.com\/OIRSAoficial"]},{"@type":"Person","@id":"https:\/\/web.oirsa.org\/#\/schema\/person\/698e7776162ddf630ab36c5946d818ab","name":"sigfredoramirez","image":{"@type":"ImageObject","inLanguage":"en-US","@id":"https:\/\/secure.gravatar.com\/avatar\/cff1a22def7b03563530f2ba16145a6b6b5acbabc1f530f59eb045d7e21222e2?s=96&d=identicon&r=g","url":"https:\/\/secure.gravatar.com\/avatar\/cff1a22def7b03563530f2ba16145a6b6b5acbabc1f530f59eb045d7e21222e2?s=96&d=identicon&r=g","contentUrl":"https:\/\/secure.gravatar.com\/avatar\/cff1a22def7b03563530f2ba16145a6b6b5acbabc1f530f59eb045d7e21222e2?s=96&d=identicon&r=g","caption":"sigfredoramirez"}}]}},"jetpack_featured_media_url":"","jetpack_sharing_enabled":true,"_links":{"self":[{"href":"https:\/\/web.oirsa.org\/en\/wp-json\/wp\/v2\/posts\/4461","targetHints":{"allow":["GET"]}}],"collection":[{"href":"https:\/\/web.oirsa.org\/en\/wp-json\/wp\/v2\/posts"}],"about":[{"href":"https:\/\/web.oirsa.org\/en\/wp-json\/wp\/v2\/types\/post"}],"author":[{"embeddable":true,"href":"https:\/\/web.oirsa.org\/en\/wp-json\/wp\/v2\/users\/213237738"}],"replies":[{"embeddable":true,"href":"https:\/\/web.oirsa.org\/en\/wp-json\/wp\/v2\/comments?post=4461"}],"version-history":[{"count":1,"href":"https:\/\/web.oirsa.org\/en\/wp-json\/wp\/v2\/posts\/4461\/revisions"}],"predecessor-version":[{"id":4463,"href":"https:\/\/web.oirsa.org\/en\/wp-json\/wp\/v2\/posts\/4461\/revisions\/4463"}],"wp:attachment":[{"href":"https:\/\/web.oirsa.org\/en\/wp-json\/wp\/v2\/media?parent=4461"}],"wp:term":[{"taxonomy":"category","embeddable":true,"href":"https:\/\/web.oirsa.org\/en\/wp-json\/wp\/v2\/categories?post=4461"},{"taxonomy":"post_tag","embeddable":true,"href":"https:\/\/web.oirsa.org\/en\/wp-json\/wp\/v2\/tags?post=4461"}],"curies":[{"name":"wp","href":"https:\/\/api.w.org\/{rel}","templated":true}]}}