{"id":4416,"date":"2021-12-14T14:20:09","date_gmt":"2021-12-14T20:20:09","guid":{"rendered":"http:\/\/10.103.20.84\/?p=4416"},"modified":"2021-12-14T14:20:10","modified_gmt":"2021-12-14T20:20:10","slug":"costa-rica-senasa-y-oirsa-realizan-jornada-sanitaria-en-el-dia-mundial-de-lucha-contra-la-rabia","status":"publish","type":"post","link":"https:\/\/web.oirsa.org\/en\/archivos\/4416","title":{"rendered":"Costa Rica: SENASA y OIRSA realizan jornada sanitaria en el D\u00eda Mundial de Lucha contra la Rabia"},"content":{"rendered":"<p class=\"wp-block-paragraph\">Se realiz\u00f3 jornada sanitaria virtual para conmemorar d\u00eda en el que se promueve lucha contra la rabia, aumentar la concientizaci\u00f3n sobre su prevenci\u00f3n y destacar logros alcanzados.<\/p>\n\n\n\n<div class=\"wp-block-image\"><figure class=\"alignright size-full is-resized\"><img data-recalc-dims=\"1\" loading=\"lazy\" decoding=\"async\" src=\"https:\/\/i0.wp.com\/web.oirsa.org\/wp-content\/uploads\/2021\/12\/rabia.jpg?resize=500%2C222&ssl=1\" alt=\"\" class=\"wp-image-4417\" width=\"500\" height=\"222\" srcset=\"https:\/\/i0.wp.com\/web.oirsa.org\/wp-content\/uploads\/2021\/12\/rabia.jpg?w=900&ssl=1 900w, https:\/\/i0.wp.com\/web.oirsa.org\/wp-content\/uploads\/2021\/12\/rabia.jpg?resize=300%2C133&ssl=1 300w, https:\/\/i0.wp.com\/web.oirsa.org\/wp-content\/uploads\/2021\/12\/rabia.jpg?resize=768%2C341&ssl=1 768w\" sizes=\"auto, (max-width: 500px) 100vw, 500px\" \/><\/figure><\/div>\n\n\n\n<p class=\"wp-block-paragraph\"><strong>Mi\u00e9rcoles, 7 de octubre de 2020<\/strong>.\u00a0El Servicio Nacional de Salud Animal (<a href=\"http:\/\/www.senasa.go.cr\/\">SENASA<\/a>) de Costa Rica y el OIRSA realizaron una jornada sanitaria virtual en el marco de la celebraci\u00f3n del D\u00eda Mundial de la lucha contra la rabia. Una actividad que fue inaugurada por el director ejecutivo del OIRSA, Efra\u00edn Medina, y en la que particip\u00f3 el director de SENASA, German Rojas, y el director regional de Salud Animal, Abelardo De Gracia.<\/p>\n\n\n\n<p class=\"wp-block-paragraph\">Durante la jornada virtual, que se desarroll\u00f3 el 30 de septiembre de 2020, el investigador de la Escuela de Biolog\u00eda de la Universidad de Costa Rica, Bernal Rodr\u00edguez, expuso sobre los esfuerzos en Centroam\u00e9rica para la conservaci\u00f3n de los murci\u00e9lagos. Mientras que el jefe del Departamento de Rabia Paral\u00edtica y Garrapata del Servicio Nacional de Sanidad, Inocuidad y Calidad Agroalimentaria (<a href=\"https:\/\/www.gob.mx\/senasica\">SENASICA<\/a>) de M\u00e9xico, Baltazar Cort\u00e9s, realiz\u00f3 una presentaci\u00f3n sobre la campa\u00f1a para la prevenci\u00f3n y control de la rabia paral\u00edtica en M\u00e9xico.<\/p>\n\n\n\n<p class=\"wp-block-paragraph\">Seguidamente, el especialista en Sanidad Animal, Rabia, Vida Silvestre y Programas de Cerdos Salvajes del Servicio de Inspecci\u00f3n Zoosanitaria y Vegetal (<a href=\"https:\/\/www.usa.gov\/espanol\/agencias-federales\/servicio-de-inspeccion-sanitaria-de-animales-y-plantas\">APHIS<\/a>) del Departamento de Agricultura de Estados Unidos (USDA), Luis Lecuona, present\u00f3 los retos en el control de la rabia silvestre; y el investigador de la Universidad de Glasgow, Escocia, Daniel Streicker, expuso sobre la epidemiolog\u00eda molecular de la rabia: hacia un proyecto de vigilancia gen\u00f3mica en la regi\u00f3n del OIRSA.<\/p>","protected":false},"excerpt":{"rendered":"<p>Se realiz\u00f3 jornada sanitaria virtual para conmemorar d\u00eda en el que se promueve lucha contra la rabia, aumentar la concientizaci\u00f3n [&hellip;]<\/p>\n","protected":false},"author":213237738,"featured_media":0,"comment_status":"open","ping_status":"open","sticky":false,"template":"","format":"standard","meta":{"_coblocks_attr":"","_coblocks_dimensions":"","_coblocks_responsive_height":"","_coblocks_accordion_ie_support":"","_crdt_document":"","_jetpack_memberships_contains_paid_content":false,"footnotes":""},"categories":[121903],"tags":[],"class_list":["post-4416","post","type-post","status-publish","format-standard","hentry","category-noticias"],"yoast_head":"<!-- This site is optimized with the Yoast SEO plugin v27.5 - https:\/\/yoast.com\/product\/yoast-seo-wordpress\/ -->\n<title>Costa Rica: SENASA y OIRSA realizan jornada sanitaria en el D\u00eda Mundial de Lucha contra la Rabia - OIRSA<\/title>\n<meta name=\"description\" content=\"Se realiz\u00f3 jornada sanitaria virtual para conmemorar d\u00eda en el que se promueve lucha contra la rabia, aumentar la concientizaci\u00f3n sobre su prevenci\u00f3n y\" \/>\n<meta name=\"robots\" content=\"index, follow, max-snippet:-1, max-image-preview:large, max-video-preview:-1\" \/>\n<link rel=\"canonical\" href=\"https:\/\/web.oirsa.org\/en\/archivos\/4416\/\" \/>\n<meta property=\"og:locale\" content=\"en_US\" \/>\n<meta property=\"og:type\" content=\"article\" \/>\n<meta property=\"og:title\" content=\"Costa Rica: SENASA y OIRSA realizan jornada sanitaria en el D\u00eda Mundial de Lucha contra la Rabia - OIRSA\" \/>\n<meta property=\"og:description\" content=\"Se realiz\u00f3 jornada sanitaria virtual para conmemorar d\u00eda en el que se promueve lucha contra la rabia, aumentar la concientizaci\u00f3n sobre su prevenci\u00f3n y\" \/>\n<meta property=\"og:url\" content=\"https:\/\/web.oirsa.org\/en\/archivos\/4416\/\" \/>\n<meta property=\"og:site_name\" content=\"OIRSA\" \/>\n<meta property=\"article:publisher\" content=\"https:\/\/www.facebook.com\/OIRSAoficial\" \/>\n<meta property=\"article:published_time\" content=\"2021-12-14T20:20:09+00:00\" \/>\n<meta property=\"article:modified_time\" content=\"2021-12-14T20:20:10+00:00\" \/>\n<meta property=\"og:image\" content=\"https:\/\/web.oirsa.org\/wp-content\/uploads\/2021\/12\/rabia.jpg\" \/>\n<meta name=\"author\" content=\"sigfredoramirez\" \/>\n<meta name=\"twitter:card\" content=\"summary_large_image\" \/>\n<meta name=\"twitter:creator\" content=\"@OIRSAoficial\" \/>\n<meta name=\"twitter:site\" content=\"@OIRSAoficial\" \/>\n<meta name=\"twitter:label1\" content=\"Written by\" \/>\n\t<meta name=\"twitter:data1\" content=\"sigfredoramirez\" \/>\n\t<meta name=\"twitter:label2\" content=\"Est. reading time\" \/>\n\t<meta name=\"twitter:data2\" content=\"1 minute\" \/>\n<script type=\"application\/ld+json\" class=\"yoast-schema-graph\">{\"@context\":\"https:\\\/\\\/schema.org\",\"@graph\":[{\"@type\":\"Article\",\"@id\":\"https:\\\/\\\/web.oirsa.org\\\/archivos\\\/4416#article\",\"isPartOf\":{\"@id\":\"https:\\\/\\\/web.oirsa.org\\\/archivos\\\/4416\"},\"author\":{\"name\":\"sigfredoramirez\",\"@id\":\"https:\\\/\\\/web.oirsa.org\\\/#\\\/schema\\\/person\\\/698e7776162ddf630ab36c5946d818ab\"},\"headline\":\"Costa Rica: SENASA y OIRSA realizan jornada sanitaria en el D\u00eda Mundial de Lucha contra la Rabia\",\"datePublished\":\"2021-12-14T20:20:09+00:00\",\"dateModified\":\"2021-12-14T20:20:10+00:00\",\"mainEntityOfPage\":{\"@id\":\"https:\\\/\\\/web.oirsa.org\\\/archivos\\\/4416\"},\"wordCount\":293,\"commentCount\":0,\"publisher\":{\"@id\":\"https:\\\/\\\/web.oirsa.org\\\/#organization\"},\"image\":{\"@id\":\"https:\\\/\\\/web.oirsa.org\\\/archivos\\\/4416#primaryimage\"},\"thumbnailUrl\":\"https:\\\/\\\/web.oirsa.org\\\/wp-content\\\/uploads\\\/2021\\\/12\\\/rabia.jpg\",\"articleSection\":[\"Noticias\"],\"inLanguage\":\"en-US\",\"potentialAction\":[{\"@type\":\"CommentAction\",\"name\":\"Comment\",\"target\":[\"https:\\\/\\\/web.oirsa.org\\\/archivos\\\/4416#respond\"]}]},{\"@type\":\"WebPage\",\"@id\":\"https:\\\/\\\/web.oirsa.org\\\/archivos\\\/4416\",\"url\":\"https:\\\/\\\/web.oirsa.org\\\/archivos\\\/4416\",\"name\":\"Costa Rica: SENASA y OIRSA realizan jornada sanitaria en el D\u00eda Mundial de Lucha contra la Rabia - OIRSA\",\"isPartOf\":{\"@id\":\"https:\\\/\\\/web.oirsa.org\\\/#website\"},\"primaryImageOfPage\":{\"@id\":\"https:\\\/\\\/web.oirsa.org\\\/archivos\\\/4416#primaryimage\"},\"image\":{\"@id\":\"https:\\\/\\\/web.oirsa.org\\\/archivos\\\/4416#primaryimage\"},\"thumbnailUrl\":\"https:\\\/\\\/web.oirsa.org\\\/wp-content\\\/uploads\\\/2021\\\/12\\\/rabia.jpg\",\"datePublished\":\"2021-12-14T20:20:09+00:00\",\"dateModified\":\"2021-12-14T20:20:10+00:00\",\"description\":\"Se realiz\u00f3 jornada sanitaria virtual para conmemorar d\u00eda en el que se promueve lucha contra la rabia, aumentar la concientizaci\u00f3n sobre su prevenci\u00f3n y\",\"breadcrumb\":{\"@id\":\"https:\\\/\\\/web.oirsa.org\\\/archivos\\\/4416#breadcrumb\"},\"inLanguage\":\"en-US\",\"potentialAction\":[{\"@type\":\"ReadAction\",\"target\":[\"https:\\\/\\\/web.oirsa.org\\\/archivos\\\/4416\"]}]},{\"@type\":\"ImageObject\",\"inLanguage\":\"en-US\",\"@id\":\"https:\\\/\\\/web.oirsa.org\\\/archivos\\\/4416#primaryimage\",\"url\":\"https:\\\/\\\/web.oirsa.org\\\/wp-content\\\/uploads\\\/2021\\\/12\\\/rabia.jpg\",\"contentUrl\":\"https:\\\/\\\/web.oirsa.org\\\/wp-content\\\/uploads\\\/2021\\\/12\\\/rabia.jpg\"},{\"@type\":\"BreadcrumbList\",\"@id\":\"https:\\\/\\\/web.oirsa.org\\\/archivos\\\/4416#breadcrumb\",\"itemListElement\":[{\"@type\":\"ListItem\",\"position\":1,\"name\":\"Portada\",\"item\":\"https:\\\/\\\/web.oirsa.org\\\/\"},{\"@type\":\"ListItem\",\"position\":2,\"name\":\"Costa Rica: SENASA y OIRSA realizan jornada sanitaria en el D\u00eda Mundial de Lucha contra la Rabia\"}]},{\"@type\":\"WebSite\",\"@id\":\"https:\\\/\\\/web.oirsa.org\\\/#website\",\"url\":\"https:\\\/\\\/web.oirsa.org\\\/\",\"name\":\"OIRSA\",\"description\":\"Organismo Internacional Regional de Sanidad Agropecuaria\",\"publisher\":{\"@id\":\"https:\\\/\\\/web.oirsa.org\\\/#organization\"},\"potentialAction\":[{\"@type\":\"SearchAction\",\"target\":{\"@type\":\"EntryPoint\",\"urlTemplate\":\"https:\\\/\\\/web.oirsa.org\\\/?s={search_term_string}\"},\"query-input\":{\"@type\":\"PropertyValueSpecification\",\"valueRequired\":true,\"valueName\":\"search_term_string\"}}],\"inLanguage\":\"en-US\"},{\"@type\":\"Organization\",\"@id\":\"https:\\\/\\\/web.oirsa.org\\\/#organization\",\"name\":\"OIRSA\",\"url\":\"https:\\\/\\\/web.oirsa.org\\\/\",\"logo\":{\"@type\":\"ImageObject\",\"inLanguage\":\"en-US\",\"@id\":\"https:\\\/\\\/web.oirsa.org\\\/#\\\/schema\\\/logo\\\/image\\\/\",\"url\":\"https:\\\/\\\/web.oirsa.org\\\/wp-content\\\/uploads\\\/2024\\\/01\\\/cropped-LOGO-OIRSA-2023.png\",\"contentUrl\":\"https:\\\/\\\/web.oirsa.org\\\/wp-content\\\/uploads\\\/2024\\\/01\\\/cropped-LOGO-OIRSA-2023.png\",\"width\":512,\"height\":512,\"caption\":\"OIRSA\"},\"image\":{\"@id\":\"https:\\\/\\\/web.oirsa.org\\\/#\\\/schema\\\/logo\\\/image\\\/\"},\"sameAs\":[\"https:\\\/\\\/www.facebook.com\\\/OIRSAoficial\",\"https:\\\/\\\/x.com\\\/OIRSAoficial\"]},{\"@type\":\"Person\",\"@id\":\"https:\\\/\\\/web.oirsa.org\\\/#\\\/schema\\\/person\\\/698e7776162ddf630ab36c5946d818ab\",\"name\":\"sigfredoramirez\",\"image\":{\"@type\":\"ImageObject\",\"inLanguage\":\"en-US\",\"@id\":\"https:\\\/\\\/secure.gravatar.com\\\/avatar\\\/cff1a22def7b03563530f2ba16145a6b6b5acbabc1f530f59eb045d7e21222e2?s=96&d=identicon&r=g\",\"url\":\"https:\\\/\\\/secure.gravatar.com\\\/avatar\\\/cff1a22def7b03563530f2ba16145a6b6b5acbabc1f530f59eb045d7e21222e2?s=96&d=identicon&r=g\",\"contentUrl\":\"https:\\\/\\\/secure.gravatar.com\\\/avatar\\\/cff1a22def7b03563530f2ba16145a6b6b5acbabc1f530f59eb045d7e21222e2?s=96&d=identicon&r=g\",\"caption\":\"sigfredoramirez\"}}]}<\/script>\n<!-- \/ Yoast SEO plugin. -->","yoast_head_json":{"title":"Costa Rica: SENASA y OIRSA realizan jornada sanitaria en el D\u00eda Mundial de Lucha contra la Rabia - OIRSA","description":"Se realiz\u00f3 jornada sanitaria virtual para conmemorar d\u00eda en el que se promueve lucha contra la rabia, aumentar la concientizaci\u00f3n sobre su prevenci\u00f3n y","robots":{"index":"index","follow":"follow","max-snippet":"max-snippet:-1","max-image-preview":"max-image-preview:large","max-video-preview":"max-video-preview:-1"},"canonical":"https:\/\/web.oirsa.org\/en\/archivos\/4416\/","og_locale":"en_US","og_type":"article","og_title":"Costa Rica: SENASA y OIRSA realizan jornada sanitaria en el D\u00eda Mundial de Lucha contra la Rabia - OIRSA","og_description":"Se realiz\u00f3 jornada sanitaria virtual para conmemorar d\u00eda en el que se promueve lucha contra la rabia, aumentar la concientizaci\u00f3n sobre su prevenci\u00f3n y","og_url":"https:\/\/web.oirsa.org\/en\/archivos\/4416\/","og_site_name":"OIRSA","article_publisher":"https:\/\/www.facebook.com\/OIRSAoficial","article_published_time":"2021-12-14T20:20:09+00:00","article_modified_time":"2021-12-14T20:20:10+00:00","og_image":[{"url":"https:\/\/web.oirsa.org\/wp-content\/uploads\/2021\/12\/rabia.jpg","type":"","width":"","height":""}],"author":"sigfredoramirez","twitter_card":"summary_large_image","twitter_creator":"@OIRSAoficial","twitter_site":"@OIRSAoficial","twitter_misc":{"Written by":"sigfredoramirez","Est. reading time":"1 minute"},"schema":{"@context":"https:\/\/schema.org","@graph":[{"@type":"Article","@id":"https:\/\/web.oirsa.org\/archivos\/4416#article","isPartOf":{"@id":"https:\/\/web.oirsa.org\/archivos\/4416"},"author":{"name":"sigfredoramirez","@id":"https:\/\/web.oirsa.org\/#\/schema\/person\/698e7776162ddf630ab36c5946d818ab"},"headline":"Costa Rica: SENASA y OIRSA realizan jornada sanitaria en el D\u00eda Mundial de Lucha contra la Rabia","datePublished":"2021-12-14T20:20:09+00:00","dateModified":"2021-12-14T20:20:10+00:00","mainEntityOfPage":{"@id":"https:\/\/web.oirsa.org\/archivos\/4416"},"wordCount":293,"commentCount":0,"publisher":{"@id":"https:\/\/web.oirsa.org\/#organization"},"image":{"@id":"https:\/\/web.oirsa.org\/archivos\/4416#primaryimage"},"thumbnailUrl":"https:\/\/web.oirsa.org\/wp-content\/uploads\/2021\/12\/rabia.jpg","articleSection":["Noticias"],"inLanguage":"en-US","potentialAction":[{"@type":"CommentAction","name":"Comment","target":["https:\/\/web.oirsa.org\/archivos\/4416#respond"]}]},{"@type":"WebPage","@id":"https:\/\/web.oirsa.org\/archivos\/4416","url":"https:\/\/web.oirsa.org\/archivos\/4416","name":"Costa Rica: SENASA y OIRSA realizan jornada sanitaria en el D\u00eda Mundial de Lucha contra la Rabia - OIRSA","isPartOf":{"@id":"https:\/\/web.oirsa.org\/#website"},"primaryImageOfPage":{"@id":"https:\/\/web.oirsa.org\/archivos\/4416#primaryimage"},"image":{"@id":"https:\/\/web.oirsa.org\/archivos\/4416#primaryimage"},"thumbnailUrl":"https:\/\/web.oirsa.org\/wp-content\/uploads\/2021\/12\/rabia.jpg","datePublished":"2021-12-14T20:20:09+00:00","dateModified":"2021-12-14T20:20:10+00:00","description":"Se realiz\u00f3 jornada sanitaria virtual para conmemorar d\u00eda en el que se promueve lucha contra la rabia, aumentar la concientizaci\u00f3n sobre su prevenci\u00f3n y","breadcrumb":{"@id":"https:\/\/web.oirsa.org\/archivos\/4416#breadcrumb"},"inLanguage":"en-US","potentialAction":[{"@type":"ReadAction","target":["https:\/\/web.oirsa.org\/archivos\/4416"]}]},{"@type":"ImageObject","inLanguage":"en-US","@id":"https:\/\/web.oirsa.org\/archivos\/4416#primaryimage","url":"https:\/\/web.oirsa.org\/wp-content\/uploads\/2021\/12\/rabia.jpg","contentUrl":"https:\/\/web.oirsa.org\/wp-content\/uploads\/2021\/12\/rabia.jpg"},{"@type":"BreadcrumbList","@id":"https:\/\/web.oirsa.org\/archivos\/4416#breadcrumb","itemListElement":[{"@type":"ListItem","position":1,"name":"Portada","item":"https:\/\/web.oirsa.org\/"},{"@type":"ListItem","position":2,"name":"Costa Rica: SENASA y OIRSA realizan jornada sanitaria en el D\u00eda Mundial de Lucha contra la Rabia"}]},{"@type":"WebSite","@id":"https:\/\/web.oirsa.org\/#website","url":"https:\/\/web.oirsa.org\/","name":"OIRSA","description":"Organismo Internacional Regional de Sanidad Agropecuaria","publisher":{"@id":"https:\/\/web.oirsa.org\/#organization"},"potentialAction":[{"@type":"SearchAction","target":{"@type":"EntryPoint","urlTemplate":"https:\/\/web.oirsa.org\/?s={search_term_string}"},"query-input":{"@type":"PropertyValueSpecification","valueRequired":true,"valueName":"search_term_string"}}],"inLanguage":"en-US"},{"@type":"Organization","@id":"https:\/\/web.oirsa.org\/#organization","name":"OIRSA","url":"https:\/\/web.oirsa.org\/","logo":{"@type":"ImageObject","inLanguage":"en-US","@id":"https:\/\/web.oirsa.org\/#\/schema\/logo\/image\/","url":"https:\/\/web.oirsa.org\/wp-content\/uploads\/2024\/01\/cropped-LOGO-OIRSA-2023.png","contentUrl":"https:\/\/web.oirsa.org\/wp-content\/uploads\/2024\/01\/cropped-LOGO-OIRSA-2023.png","width":512,"height":512,"caption":"OIRSA"},"image":{"@id":"https:\/\/web.oirsa.org\/#\/schema\/logo\/image\/"},"sameAs":["https:\/\/www.facebook.com\/OIRSAoficial","https:\/\/x.com\/OIRSAoficial"]},{"@type":"Person","@id":"https:\/\/web.oirsa.org\/#\/schema\/person\/698e7776162ddf630ab36c5946d818ab","name":"sigfredoramirez","image":{"@type":"ImageObject","inLanguage":"en-US","@id":"https:\/\/secure.gravatar.com\/avatar\/cff1a22def7b03563530f2ba16145a6b6b5acbabc1f530f59eb045d7e21222e2?s=96&d=identicon&r=g","url":"https:\/\/secure.gravatar.com\/avatar\/cff1a22def7b03563530f2ba16145a6b6b5acbabc1f530f59eb045d7e21222e2?s=96&d=identicon&r=g","contentUrl":"https:\/\/secure.gravatar.com\/avatar\/cff1a22def7b03563530f2ba16145a6b6b5acbabc1f530f59eb045d7e21222e2?s=96&d=identicon&r=g","caption":"sigfredoramirez"}}]}},"jetpack_featured_media_url":"","jetpack_sharing_enabled":true,"_links":{"self":[{"href":"https:\/\/web.oirsa.org\/en\/wp-json\/wp\/v2\/posts\/4416","targetHints":{"allow":["GET"]}}],"collection":[{"href":"https:\/\/web.oirsa.org\/en\/wp-json\/wp\/v2\/posts"}],"about":[{"href":"https:\/\/web.oirsa.org\/en\/wp-json\/wp\/v2\/types\/post"}],"author":[{"embeddable":true,"href":"https:\/\/web.oirsa.org\/en\/wp-json\/wp\/v2\/users\/213237738"}],"replies":[{"embeddable":true,"href":"https:\/\/web.oirsa.org\/en\/wp-json\/wp\/v2\/comments?post=4416"}],"version-history":[{"count":1,"href":"https:\/\/web.oirsa.org\/en\/wp-json\/wp\/v2\/posts\/4416\/revisions"}],"predecessor-version":[{"id":4418,"href":"https:\/\/web.oirsa.org\/en\/wp-json\/wp\/v2\/posts\/4416\/revisions\/4418"}],"wp:attachment":[{"href":"https:\/\/web.oirsa.org\/en\/wp-json\/wp\/v2\/media?parent=4416"}],"wp:term":[{"taxonomy":"category","embeddable":true,"href":"https:\/\/web.oirsa.org\/en\/wp-json\/wp\/v2\/categories?post=4416"},{"taxonomy":"post_tag","embeddable":true,"href":"https:\/\/web.oirsa.org\/en\/wp-json\/wp\/v2\/tags?post=4416"}],"curies":[{"name":"wp","href":"https:\/\/api.w.org\/{rel}","templated":true}]}}