{"id":4381,"date":"2021-12-14T13:41:45","date_gmt":"2021-12-14T19:41:45","guid":{"rendered":"http:\/\/10.103.20.84\/?p=4381"},"modified":"2021-12-14T13:41:46","modified_gmt":"2021-12-14T19:41:46","slug":"expertos-de-oirsa-exponen-sobre-enfermedades-emergentes-en-jornada-sanitaria-virtual","status":"publish","type":"post","link":"https:\/\/web.oirsa.org\/en\/archivos\/4381","title":{"rendered":"Expertos de OIRSA exponen sobre enfermedades emergentes en Jornada Sanitaria Virtual"},"content":{"rendered":"<p class=\"wp-block-paragraph\"><em>El director ejecutivo del OIRSA, Efra\u00edn Medina Guerra, inaugur\u00f3 la tercera sesi\u00f3n sobre enfermedades emergentes en el \u00e1mbito de la Salud Animal.<\/em><\/p>\n\n\n\n<div class=\"wp-block-image\"><figure class=\"alignright size-full is-resized\"><img data-recalc-dims=\"1\" loading=\"lazy\" decoding=\"async\" src=\"https:\/\/i0.wp.com\/web.oirsa.org\/wp-content\/uploads\/2021\/12\/jornada-SA-12.jpg?resize=525%2C233&ssl=1\" alt=\"\" class=\"wp-image-4382\" width=\"525\" height=\"233\" srcset=\"https:\/\/i0.wp.com\/web.oirsa.org\/wp-content\/uploads\/2021\/12\/jornada-SA-12.jpg?w=900&ssl=1 900w, https:\/\/i0.wp.com\/web.oirsa.org\/wp-content\/uploads\/2021\/12\/jornada-SA-12.jpg?resize=300%2C133&ssl=1 300w, https:\/\/i0.wp.com\/web.oirsa.org\/wp-content\/uploads\/2021\/12\/jornada-SA-12.jpg?resize=768%2C341&ssl=1 768w\" sizes=\"auto, (max-width: 525px) 100vw, 525px\" \/><\/figure><\/div>\n\n\n\n<p class=\"wp-block-paragraph\"><strong>Martes, 1\u00ba de septiembre de 2020.\u00a0<\/strong>Con la participaci\u00f3n del director regional de Salud Animal del OIRSA, Abelardo De Gracia, se desarroll\u00f3 la tercera sesi\u00f3n de la\u00a0<a href=\"https:\/\/www.youtube.com\/watch?v=y6FUNgcsYP4\">Jornada Sanitaria Virtual<\/a>\u00a0que trat\u00f3 sobre las enfermedades emergentes y su posible impacto en la regi\u00f3n del OIRSA. Una actividad que se realiz\u00f3, en modalidad virtual, el pasado jueves, 20 de agosto de 2020.<\/p>\n\n\n\n<p class=\"wp-block-paragraph\">Durante la sesi\u00f3n, De Gracia expuso sobre los resultados del estudio del\u00a0<a href=\"https:\/\/www.oirsa.org\/contenido\/2020\/AR_PPA_Edici%C3%B3n%20revisada%2001_07_20.pdf\">an\u00e1lisis de riesgo<\/a>\u00a0de la Peste Porcina Africana (PPA) en los pa\u00edses miembros de la regi\u00f3n del OIRSA. Un estudio publicado en este 2020 que ahonda en las probabilidades de ingreso, el establecimiento y la diseminaci\u00f3n del virus de la PPA y su posible impacto en la porcicultura de M\u00e9xico, Centroam\u00e9rica y Rep\u00fablica Dominicana, si se presentase un brote.<\/p>\n\n\n\n<p class=\"wp-block-paragraph\">Seguidamente, la asistente regional de Salud Animal del OIRSA y responsable del Programa Regional de Sanidad Ap\u00edcola del Organismo, Marcela Marchelli, expuso sobre la\u00a0<a href=\"https:\/\/www.oirsa.org\/contenido\/2020\/Vespa%20mandarinia.pdf\">avisp\u00f3n gigante<\/a>\u00a0asi\u00e1tico (<em>Vespa mandarinia Smith<\/em>, 1852) y los reportes suscitados en Norteam\u00e9rica por su presencia. Mientras que el oficial de Salud Animal en Panam\u00e1 y coordinador del Programa Regional de Sanidad Av\u00edcola del OIRSA, Carlos Moreno, realiz\u00f3 una presentaci\u00f3n sobre la situaci\u00f3n mundial de la PPA.<\/p>","protected":false},"excerpt":{"rendered":"<p>El director ejecutivo del OIRSA, Efra\u00edn Medina Guerra, inaugur\u00f3 la tercera sesi\u00f3n sobre enfermedades emergentes en el \u00e1mbito de la [&hellip;]<\/p>\n","protected":false},"author":213237738,"featured_media":0,"comment_status":"open","ping_status":"open","sticky":false,"template":"","format":"standard","meta":{"_coblocks_attr":"","_coblocks_dimensions":"","_coblocks_responsive_height":"","_coblocks_accordion_ie_support":"","_crdt_document":"","_jetpack_memberships_contains_paid_content":false,"footnotes":""},"categories":[121903],"tags":[],"class_list":["post-4381","post","type-post","status-publish","format-standard","hentry","category-noticias"],"yoast_head":"<!-- This site is optimized with the Yoast SEO plugin v27.5 - https:\/\/yoast.com\/product\/yoast-seo-wordpress\/ -->\n<title>Expertos de OIRSA exponen sobre enfermedades emergentes en Jornada Sanitaria Virtual - OIRSA<\/title>\n<meta name=\"description\" content=\"El director ejecutivo del OIRSA, Efra\u00edn Medina Guerra, inaugur\u00f3 la tercera sesi\u00f3n sobre enfermedades emergentes en el \u00e1mbito de la Salud Animal. Martes,\" \/>\n<meta name=\"robots\" content=\"index, follow, max-snippet:-1, max-image-preview:large, max-video-preview:-1\" \/>\n<link rel=\"canonical\" href=\"https:\/\/web.oirsa.org\/en\/archivos\/4381\/\" \/>\n<meta property=\"og:locale\" content=\"en_US\" \/>\n<meta property=\"og:type\" content=\"article\" \/>\n<meta property=\"og:title\" content=\"Expertos de OIRSA exponen sobre enfermedades emergentes en Jornada Sanitaria Virtual - OIRSA\" \/>\n<meta property=\"og:description\" content=\"El director ejecutivo del OIRSA, Efra\u00edn Medina Guerra, inaugur\u00f3 la tercera sesi\u00f3n sobre enfermedades emergentes en el \u00e1mbito de la Salud Animal. Martes,\" \/>\n<meta property=\"og:url\" content=\"https:\/\/web.oirsa.org\/en\/archivos\/4381\/\" \/>\n<meta property=\"og:site_name\" content=\"OIRSA\" \/>\n<meta property=\"article:publisher\" content=\"https:\/\/www.facebook.com\/OIRSAoficial\" \/>\n<meta property=\"article:published_time\" content=\"2021-12-14T19:41:45+00:00\" \/>\n<meta property=\"article:modified_time\" content=\"2021-12-14T19:41:46+00:00\" \/>\n<meta property=\"og:image\" content=\"https:\/\/web.oirsa.org\/wp-content\/uploads\/2021\/12\/jornada-SA-12.jpg\" \/>\n<meta name=\"author\" content=\"sigfredoramirez\" \/>\n<meta name=\"twitter:card\" content=\"summary_large_image\" \/>\n<meta name=\"twitter:creator\" content=\"@OIRSAoficial\" \/>\n<meta name=\"twitter:site\" content=\"@OIRSAoficial\" \/>\n<meta name=\"twitter:label1\" content=\"Written by\" \/>\n\t<meta name=\"twitter:data1\" content=\"sigfredoramirez\" \/>\n\t<meta name=\"twitter:label2\" content=\"Est. reading time\" \/>\n\t<meta name=\"twitter:data2\" content=\"1 minute\" \/>\n<script type=\"application\/ld+json\" class=\"yoast-schema-graph\">{\"@context\":\"https:\\\/\\\/schema.org\",\"@graph\":[{\"@type\":\"Article\",\"@id\":\"https:\\\/\\\/web.oirsa.org\\\/archivos\\\/4381#article\",\"isPartOf\":{\"@id\":\"https:\\\/\\\/web.oirsa.org\\\/archivos\\\/4381\"},\"author\":{\"name\":\"sigfredoramirez\",\"@id\":\"https:\\\/\\\/web.oirsa.org\\\/#\\\/schema\\\/person\\\/698e7776162ddf630ab36c5946d818ab\"},\"headline\":\"Expertos de OIRSA exponen sobre enfermedades emergentes en Jornada Sanitaria Virtual\",\"datePublished\":\"2021-12-14T19:41:45+00:00\",\"dateModified\":\"2021-12-14T19:41:46+00:00\",\"mainEntityOfPage\":{\"@id\":\"https:\\\/\\\/web.oirsa.org\\\/archivos\\\/4381\"},\"wordCount\":255,\"commentCount\":0,\"publisher\":{\"@id\":\"https:\\\/\\\/web.oirsa.org\\\/#organization\"},\"image\":{\"@id\":\"https:\\\/\\\/web.oirsa.org\\\/archivos\\\/4381#primaryimage\"},\"thumbnailUrl\":\"https:\\\/\\\/web.oirsa.org\\\/wp-content\\\/uploads\\\/2021\\\/12\\\/jornada-SA-12.jpg\",\"articleSection\":[\"Noticias\"],\"inLanguage\":\"en-US\",\"potentialAction\":[{\"@type\":\"CommentAction\",\"name\":\"Comment\",\"target\":[\"https:\\\/\\\/web.oirsa.org\\\/archivos\\\/4381#respond\"]}]},{\"@type\":\"WebPage\",\"@id\":\"https:\\\/\\\/web.oirsa.org\\\/archivos\\\/4381\",\"url\":\"https:\\\/\\\/web.oirsa.org\\\/archivos\\\/4381\",\"name\":\"Expertos de OIRSA exponen sobre enfermedades emergentes en Jornada Sanitaria Virtual - OIRSA\",\"isPartOf\":{\"@id\":\"https:\\\/\\\/web.oirsa.org\\\/#website\"},\"primaryImageOfPage\":{\"@id\":\"https:\\\/\\\/web.oirsa.org\\\/archivos\\\/4381#primaryimage\"},\"image\":{\"@id\":\"https:\\\/\\\/web.oirsa.org\\\/archivos\\\/4381#primaryimage\"},\"thumbnailUrl\":\"https:\\\/\\\/web.oirsa.org\\\/wp-content\\\/uploads\\\/2021\\\/12\\\/jornada-SA-12.jpg\",\"datePublished\":\"2021-12-14T19:41:45+00:00\",\"dateModified\":\"2021-12-14T19:41:46+00:00\",\"description\":\"El director ejecutivo del OIRSA, Efra\u00edn Medina Guerra, inaugur\u00f3 la tercera sesi\u00f3n sobre enfermedades emergentes en el \u00e1mbito de la Salud Animal. Martes,\",\"breadcrumb\":{\"@id\":\"https:\\\/\\\/web.oirsa.org\\\/archivos\\\/4381#breadcrumb\"},\"inLanguage\":\"en-US\",\"potentialAction\":[{\"@type\":\"ReadAction\",\"target\":[\"https:\\\/\\\/web.oirsa.org\\\/archivos\\\/4381\"]}]},{\"@type\":\"ImageObject\",\"inLanguage\":\"en-US\",\"@id\":\"https:\\\/\\\/web.oirsa.org\\\/archivos\\\/4381#primaryimage\",\"url\":\"https:\\\/\\\/web.oirsa.org\\\/wp-content\\\/uploads\\\/2021\\\/12\\\/jornada-SA-12.jpg\",\"contentUrl\":\"https:\\\/\\\/web.oirsa.org\\\/wp-content\\\/uploads\\\/2021\\\/12\\\/jornada-SA-12.jpg\"},{\"@type\":\"BreadcrumbList\",\"@id\":\"https:\\\/\\\/web.oirsa.org\\\/archivos\\\/4381#breadcrumb\",\"itemListElement\":[{\"@type\":\"ListItem\",\"position\":1,\"name\":\"Portada\",\"item\":\"https:\\\/\\\/web.oirsa.org\\\/\"},{\"@type\":\"ListItem\",\"position\":2,\"name\":\"Expertos de OIRSA exponen sobre enfermedades emergentes en Jornada Sanitaria Virtual\"}]},{\"@type\":\"WebSite\",\"@id\":\"https:\\\/\\\/web.oirsa.org\\\/#website\",\"url\":\"https:\\\/\\\/web.oirsa.org\\\/\",\"name\":\"OIRSA\",\"description\":\"Organismo Internacional Regional de Sanidad Agropecuaria\",\"publisher\":{\"@id\":\"https:\\\/\\\/web.oirsa.org\\\/#organization\"},\"potentialAction\":[{\"@type\":\"SearchAction\",\"target\":{\"@type\":\"EntryPoint\",\"urlTemplate\":\"https:\\\/\\\/web.oirsa.org\\\/?s={search_term_string}\"},\"query-input\":{\"@type\":\"PropertyValueSpecification\",\"valueRequired\":true,\"valueName\":\"search_term_string\"}}],\"inLanguage\":\"en-US\"},{\"@type\":\"Organization\",\"@id\":\"https:\\\/\\\/web.oirsa.org\\\/#organization\",\"name\":\"OIRSA\",\"url\":\"https:\\\/\\\/web.oirsa.org\\\/\",\"logo\":{\"@type\":\"ImageObject\",\"inLanguage\":\"en-US\",\"@id\":\"https:\\\/\\\/web.oirsa.org\\\/#\\\/schema\\\/logo\\\/image\\\/\",\"url\":\"https:\\\/\\\/web.oirsa.org\\\/wp-content\\\/uploads\\\/2024\\\/01\\\/cropped-LOGO-OIRSA-2023.png\",\"contentUrl\":\"https:\\\/\\\/web.oirsa.org\\\/wp-content\\\/uploads\\\/2024\\\/01\\\/cropped-LOGO-OIRSA-2023.png\",\"width\":512,\"height\":512,\"caption\":\"OIRSA\"},\"image\":{\"@id\":\"https:\\\/\\\/web.oirsa.org\\\/#\\\/schema\\\/logo\\\/image\\\/\"},\"sameAs\":[\"https:\\\/\\\/www.facebook.com\\\/OIRSAoficial\",\"https:\\\/\\\/x.com\\\/OIRSAoficial\"]},{\"@type\":\"Person\",\"@id\":\"https:\\\/\\\/web.oirsa.org\\\/#\\\/schema\\\/person\\\/698e7776162ddf630ab36c5946d818ab\",\"name\":\"sigfredoramirez\",\"image\":{\"@type\":\"ImageObject\",\"inLanguage\":\"en-US\",\"@id\":\"https:\\\/\\\/secure.gravatar.com\\\/avatar\\\/cff1a22def7b03563530f2ba16145a6b6b5acbabc1f530f59eb045d7e21222e2?s=96&d=identicon&r=g\",\"url\":\"https:\\\/\\\/secure.gravatar.com\\\/avatar\\\/cff1a22def7b03563530f2ba16145a6b6b5acbabc1f530f59eb045d7e21222e2?s=96&d=identicon&r=g\",\"contentUrl\":\"https:\\\/\\\/secure.gravatar.com\\\/avatar\\\/cff1a22def7b03563530f2ba16145a6b6b5acbabc1f530f59eb045d7e21222e2?s=96&d=identicon&r=g\",\"caption\":\"sigfredoramirez\"}}]}<\/script>\n<!-- \/ Yoast SEO plugin. -->","yoast_head_json":{"title":"Expertos de OIRSA exponen sobre enfermedades emergentes en Jornada Sanitaria Virtual - OIRSA","description":"El director ejecutivo del OIRSA, Efra\u00edn Medina Guerra, inaugur\u00f3 la tercera sesi\u00f3n sobre enfermedades emergentes en el \u00e1mbito de la Salud Animal. Martes,","robots":{"index":"index","follow":"follow","max-snippet":"max-snippet:-1","max-image-preview":"max-image-preview:large","max-video-preview":"max-video-preview:-1"},"canonical":"https:\/\/web.oirsa.org\/en\/archivos\/4381\/","og_locale":"en_US","og_type":"article","og_title":"Expertos de OIRSA exponen sobre enfermedades emergentes en Jornada Sanitaria Virtual - OIRSA","og_description":"El director ejecutivo del OIRSA, Efra\u00edn Medina Guerra, inaugur\u00f3 la tercera sesi\u00f3n sobre enfermedades emergentes en el \u00e1mbito de la Salud Animal. Martes,","og_url":"https:\/\/web.oirsa.org\/en\/archivos\/4381\/","og_site_name":"OIRSA","article_publisher":"https:\/\/www.facebook.com\/OIRSAoficial","article_published_time":"2021-12-14T19:41:45+00:00","article_modified_time":"2021-12-14T19:41:46+00:00","og_image":[{"url":"https:\/\/web.oirsa.org\/wp-content\/uploads\/2021\/12\/jornada-SA-12.jpg","type":"","width":"","height":""}],"author":"sigfredoramirez","twitter_card":"summary_large_image","twitter_creator":"@OIRSAoficial","twitter_site":"@OIRSAoficial","twitter_misc":{"Written by":"sigfredoramirez","Est. reading time":"1 minute"},"schema":{"@context":"https:\/\/schema.org","@graph":[{"@type":"Article","@id":"https:\/\/web.oirsa.org\/archivos\/4381#article","isPartOf":{"@id":"https:\/\/web.oirsa.org\/archivos\/4381"},"author":{"name":"sigfredoramirez","@id":"https:\/\/web.oirsa.org\/#\/schema\/person\/698e7776162ddf630ab36c5946d818ab"},"headline":"Expertos de OIRSA exponen sobre enfermedades emergentes en Jornada Sanitaria Virtual","datePublished":"2021-12-14T19:41:45+00:00","dateModified":"2021-12-14T19:41:46+00:00","mainEntityOfPage":{"@id":"https:\/\/web.oirsa.org\/archivos\/4381"},"wordCount":255,"commentCount":0,"publisher":{"@id":"https:\/\/web.oirsa.org\/#organization"},"image":{"@id":"https:\/\/web.oirsa.org\/archivos\/4381#primaryimage"},"thumbnailUrl":"https:\/\/web.oirsa.org\/wp-content\/uploads\/2021\/12\/jornada-SA-12.jpg","articleSection":["Noticias"],"inLanguage":"en-US","potentialAction":[{"@type":"CommentAction","name":"Comment","target":["https:\/\/web.oirsa.org\/archivos\/4381#respond"]}]},{"@type":"WebPage","@id":"https:\/\/web.oirsa.org\/archivos\/4381","url":"https:\/\/web.oirsa.org\/archivos\/4381","name":"Expertos de OIRSA exponen sobre enfermedades emergentes en Jornada Sanitaria Virtual - OIRSA","isPartOf":{"@id":"https:\/\/web.oirsa.org\/#website"},"primaryImageOfPage":{"@id":"https:\/\/web.oirsa.org\/archivos\/4381#primaryimage"},"image":{"@id":"https:\/\/web.oirsa.org\/archivos\/4381#primaryimage"},"thumbnailUrl":"https:\/\/web.oirsa.org\/wp-content\/uploads\/2021\/12\/jornada-SA-12.jpg","datePublished":"2021-12-14T19:41:45+00:00","dateModified":"2021-12-14T19:41:46+00:00","description":"El director ejecutivo del OIRSA, Efra\u00edn Medina Guerra, inaugur\u00f3 la tercera sesi\u00f3n sobre enfermedades emergentes en el \u00e1mbito de la Salud Animal. Martes,","breadcrumb":{"@id":"https:\/\/web.oirsa.org\/archivos\/4381#breadcrumb"},"inLanguage":"en-US","potentialAction":[{"@type":"ReadAction","target":["https:\/\/web.oirsa.org\/archivos\/4381"]}]},{"@type":"ImageObject","inLanguage":"en-US","@id":"https:\/\/web.oirsa.org\/archivos\/4381#primaryimage","url":"https:\/\/web.oirsa.org\/wp-content\/uploads\/2021\/12\/jornada-SA-12.jpg","contentUrl":"https:\/\/web.oirsa.org\/wp-content\/uploads\/2021\/12\/jornada-SA-12.jpg"},{"@type":"BreadcrumbList","@id":"https:\/\/web.oirsa.org\/archivos\/4381#breadcrumb","itemListElement":[{"@type":"ListItem","position":1,"name":"Portada","item":"https:\/\/web.oirsa.org\/"},{"@type":"ListItem","position":2,"name":"Expertos de OIRSA exponen sobre enfermedades emergentes en Jornada Sanitaria Virtual"}]},{"@type":"WebSite","@id":"https:\/\/web.oirsa.org\/#website","url":"https:\/\/web.oirsa.org\/","name":"OIRSA","description":"Organismo Internacional Regional de Sanidad Agropecuaria","publisher":{"@id":"https:\/\/web.oirsa.org\/#organization"},"potentialAction":[{"@type":"SearchAction","target":{"@type":"EntryPoint","urlTemplate":"https:\/\/web.oirsa.org\/?s={search_term_string}"},"query-input":{"@type":"PropertyValueSpecification","valueRequired":true,"valueName":"search_term_string"}}],"inLanguage":"en-US"},{"@type":"Organization","@id":"https:\/\/web.oirsa.org\/#organization","name":"OIRSA","url":"https:\/\/web.oirsa.org\/","logo":{"@type":"ImageObject","inLanguage":"en-US","@id":"https:\/\/web.oirsa.org\/#\/schema\/logo\/image\/","url":"https:\/\/web.oirsa.org\/wp-content\/uploads\/2024\/01\/cropped-LOGO-OIRSA-2023.png","contentUrl":"https:\/\/web.oirsa.org\/wp-content\/uploads\/2024\/01\/cropped-LOGO-OIRSA-2023.png","width":512,"height":512,"caption":"OIRSA"},"image":{"@id":"https:\/\/web.oirsa.org\/#\/schema\/logo\/image\/"},"sameAs":["https:\/\/www.facebook.com\/OIRSAoficial","https:\/\/x.com\/OIRSAoficial"]},{"@type":"Person","@id":"https:\/\/web.oirsa.org\/#\/schema\/person\/698e7776162ddf630ab36c5946d818ab","name":"sigfredoramirez","image":{"@type":"ImageObject","inLanguage":"en-US","@id":"https:\/\/secure.gravatar.com\/avatar\/cff1a22def7b03563530f2ba16145a6b6b5acbabc1f530f59eb045d7e21222e2?s=96&d=identicon&r=g","url":"https:\/\/secure.gravatar.com\/avatar\/cff1a22def7b03563530f2ba16145a6b6b5acbabc1f530f59eb045d7e21222e2?s=96&d=identicon&r=g","contentUrl":"https:\/\/secure.gravatar.com\/avatar\/cff1a22def7b03563530f2ba16145a6b6b5acbabc1f530f59eb045d7e21222e2?s=96&d=identicon&r=g","caption":"sigfredoramirez"}}]}},"jetpack_featured_media_url":"","jetpack_sharing_enabled":true,"_links":{"self":[{"href":"https:\/\/web.oirsa.org\/en\/wp-json\/wp\/v2\/posts\/4381","targetHints":{"allow":["GET"]}}],"collection":[{"href":"https:\/\/web.oirsa.org\/en\/wp-json\/wp\/v2\/posts"}],"about":[{"href":"https:\/\/web.oirsa.org\/en\/wp-json\/wp\/v2\/types\/post"}],"author":[{"embeddable":true,"href":"https:\/\/web.oirsa.org\/en\/wp-json\/wp\/v2\/users\/213237738"}],"replies":[{"embeddable":true,"href":"https:\/\/web.oirsa.org\/en\/wp-json\/wp\/v2\/comments?post=4381"}],"version-history":[{"count":1,"href":"https:\/\/web.oirsa.org\/en\/wp-json\/wp\/v2\/posts\/4381\/revisions"}],"predecessor-version":[{"id":4383,"href":"https:\/\/web.oirsa.org\/en\/wp-json\/wp\/v2\/posts\/4381\/revisions\/4383"}],"wp:attachment":[{"href":"https:\/\/web.oirsa.org\/en\/wp-json\/wp\/v2\/media?parent=4381"}],"wp:term":[{"taxonomy":"category","embeddable":true,"href":"https:\/\/web.oirsa.org\/en\/wp-json\/wp\/v2\/categories?post=4381"},{"taxonomy":"post_tag","embeddable":true,"href":"https:\/\/web.oirsa.org\/en\/wp-json\/wp\/v2\/tags?post=4381"}],"curies":[{"name":"wp","href":"https:\/\/api.w.org\/{rel}","templated":true}]}}