{"id":4329,"date":"2021-12-14T13:27:19","date_gmt":"2021-12-14T19:27:19","guid":{"rendered":"http:\/\/10.103.20.84\/?p=4329"},"modified":"2021-12-14T13:27:20","modified_gmt":"2021-12-14T19:27:20","slug":"oirsa-participa-en-2a-reunion-hemisferica-de-ministros-y-secretarios-de-agricultura","status":"publish","type":"post","link":"https:\/\/web.oirsa.org\/en\/archivos\/4329","title":{"rendered":"OIRSA participa en 2\u00aa Reuni\u00f3n Hemisf\u00e9rica de ministros y secretarios de Agricultura"},"content":{"rendered":"<p class=\"wp-block-paragraph\"><em>El OIRSA particip\u00f3 como uno de los 11 organismos internacionales invitados a reuni\u00f3n hemisf\u00e9rica donde se prioriz\u00f3 fortalecimiento de flujo comercial y seguridad alimentaria a nivel continental.&nbsp;<\/em><\/p>\n\n\n\n<div class=\"wp-block-image\"><figure class=\"alignright size-full is-resized\"><img loading=\"lazy\" decoding=\"async\" src=\"https:\/\/web.oirsa.org\/wp-content\/uploads\/2021\/12\/Reunio?n-hermisfe?rica-IICA-FAO.jpg\" alt=\"\" class=\"wp-image-4330\" width=\"547\" height=\"243\"\/><\/figure><\/div>\n\n\n\n<p class=\"wp-block-paragraph\"><strong>Martes, 14 de julio de 2020<\/strong>. El director ejecutivo del OIRSA, Efra\u00edn Medina, particip\u00f3 en la Segunda Reuni\u00f3n Hemisf\u00e9rica de Ministros y Secretarios de Agricultura. La actividad fue organizada por la Junta Interamericana de Agricultura (JIA), el Instituto Interamericano de Cooperaci\u00f3n para la Agricultura (IICA), y la Organizaci\u00f3n de las Naciones Unidas para la Agricultura y la Alimentaci\u00f3n (<a href=\"http:\/\/www.fao.org\/home\/es\/\">FAO<\/a>).<\/p>\n\n\n\n<p class=\"wp-block-paragraph\">La reuni\u00f3n se desarroll\u00f3 el pasado 13 de julio de 2020, en modalidad virtual, y cont\u00f3 con la participaci\u00f3n de los ministros y secretarios de Agricultura -o sus representantes- de 34 pa\u00edses miembros. Durante la misma se abord\u00f3 lo referente al fortalecimiento del comercio continental de alimentos y materias primas agr\u00edcolas y la&nbsp;<a href=\"https:\/\/www.oirsa.org\/informacion.aspx?id=5\">sanidad agropecuaria<\/a>&nbsp;e inocuidad de los alimentos.<\/p>\n\n\n\n<p class=\"wp-block-paragraph\">Asimismo, se profundiz\u00f3 en la continuidad de los flujos comerciales de las cadenas agropecuarias en los mercados nacionales y el apoyo, a trav\u00e9s de pol\u00edticas dirigidas a productores agr\u00edcolas (peque\u00f1os y medianos), para la reactivaci\u00f3n en la post-pandemia del\u00a0<a href=\"https:\/\/www.who.int\/es\/emergencies\/diseases\/novel-coronavirus-2019?gclid=CjwKCAjw1ej5BRBhEiwAfHyh1H_znjT8zfZr7T-3zF78JDL9yHjsHtDRtmxv-E3-gu8zqKPS2N6MsxoCe_gQAvD_BwE\">COVID 19<\/a>. El secretario de Agricultura y Desarrollo Rural de M\u00e9xico, V\u00edctor Villalobos, dio la bienvenida a la reuni\u00f3n y el secretario de Agricultura y Ganader\u00eda de Honduras, Mauricio Guevara, expuso sobre el abastecimiento y seguridad alimentaria en Centroam\u00e9rica.<\/p>","protected":false},"excerpt":{"rendered":"<p>El OIRSA particip\u00f3 como uno de los 11 organismos internacionales invitados a reuni\u00f3n hemisf\u00e9rica donde se prioriz\u00f3 fortalecimiento de flujo [&hellip;]<\/p>\n","protected":false},"author":213237738,"featured_media":0,"comment_status":"open","ping_status":"open","sticky":false,"template":"","format":"standard","meta":{"_coblocks_attr":"","_coblocks_dimensions":"","_coblocks_responsive_height":"","_coblocks_accordion_ie_support":"","_crdt_document":"","_jetpack_memberships_contains_paid_content":false,"footnotes":""},"categories":[121903],"tags":[],"class_list":["post-4329","post","type-post","status-publish","format-standard","hentry","category-noticias"],"yoast_head":"<!-- This site is optimized with the Yoast SEO plugin v27.5 - https:\/\/yoast.com\/product\/yoast-seo-wordpress\/ -->\n<title>OIRSA participa en 2\u00aa Reuni\u00f3n Hemisf\u00e9rica de ministros y secretarios de Agricultura - OIRSA<\/title>\n<meta name=\"description\" content=\"El OIRSA particip\u00f3 como uno de los 11 organismos internacionales invitados a reuni\u00f3n hemisf\u00e9rica donde se prioriz\u00f3 fortalecimiento de flujo comercial y\" \/>\n<meta name=\"robots\" content=\"index, follow, max-snippet:-1, max-image-preview:large, max-video-preview:-1\" \/>\n<link rel=\"canonical\" href=\"https:\/\/web.oirsa.org\/en\/archivos\/4329\/\" \/>\n<meta property=\"og:locale\" content=\"en_US\" \/>\n<meta property=\"og:type\" content=\"article\" \/>\n<meta property=\"og:title\" content=\"OIRSA participa en 2\u00aa Reuni\u00f3n Hemisf\u00e9rica de ministros y secretarios de Agricultura - OIRSA\" \/>\n<meta property=\"og:description\" content=\"El OIRSA particip\u00f3 como uno de los 11 organismos internacionales invitados a reuni\u00f3n hemisf\u00e9rica donde se prioriz\u00f3 fortalecimiento de flujo comercial y\" \/>\n<meta property=\"og:url\" content=\"https:\/\/web.oirsa.org\/en\/archivos\/4329\/\" \/>\n<meta property=\"og:site_name\" content=\"OIRSA\" \/>\n<meta property=\"article:publisher\" content=\"https:\/\/www.facebook.com\/OIRSAoficial\" \/>\n<meta property=\"article:published_time\" content=\"2021-12-14T19:27:19+00:00\" \/>\n<meta property=\"article:modified_time\" content=\"2021-12-14T19:27:20+00:00\" \/>\n<meta property=\"og:image\" content=\"https:\/\/web.oirsa.org\/wp-content\/uploads\/2021\/12\/Reunio?n-hermisfe?rica-IICA-FAO.jpg\" \/>\n<meta name=\"author\" content=\"sigfredoramirez\" \/>\n<meta name=\"twitter:card\" content=\"summary_large_image\" \/>\n<meta name=\"twitter:creator\" content=\"@OIRSAoficial\" \/>\n<meta name=\"twitter:site\" content=\"@OIRSAoficial\" \/>\n<meta name=\"twitter:label1\" content=\"Written by\" \/>\n\t<meta name=\"twitter:data1\" content=\"sigfredoramirez\" \/>\n\t<meta name=\"twitter:label2\" content=\"Est. reading time\" \/>\n\t<meta name=\"twitter:data2\" content=\"1 minute\" \/>\n<script type=\"application\/ld+json\" class=\"yoast-schema-graph\">{\"@context\":\"https:\\\/\\\/schema.org\",\"@graph\":[{\"@type\":\"Article\",\"@id\":\"https:\\\/\\\/web.oirsa.org\\\/archivos\\\/4329#article\",\"isPartOf\":{\"@id\":\"https:\\\/\\\/web.oirsa.org\\\/archivos\\\/4329\"},\"author\":{\"name\":\"sigfredoramirez\",\"@id\":\"https:\\\/\\\/web.oirsa.org\\\/#\\\/schema\\\/person\\\/698e7776162ddf630ab36c5946d818ab\"},\"headline\":\"OIRSA participa en 2\u00aa Reuni\u00f3n Hemisf\u00e9rica de ministros y secretarios de Agricultura\",\"datePublished\":\"2021-12-14T19:27:19+00:00\",\"dateModified\":\"2021-12-14T19:27:20+00:00\",\"mainEntityOfPage\":{\"@id\":\"https:\\\/\\\/web.oirsa.org\\\/archivos\\\/4329\"},\"wordCount\":255,\"commentCount\":0,\"publisher\":{\"@id\":\"https:\\\/\\\/web.oirsa.org\\\/#organization\"},\"image\":{\"@id\":\"https:\\\/\\\/web.oirsa.org\\\/archivos\\\/4329#primaryimage\"},\"thumbnailUrl\":\"https:\\\/\\\/web.oirsa.org\\\/wp-content\\\/uploads\\\/2021\\\/12\\\/Reunio?n-hermisfe?rica-IICA-FAO.jpg\",\"articleSection\":[\"Noticias\"],\"inLanguage\":\"en-US\",\"potentialAction\":[{\"@type\":\"CommentAction\",\"name\":\"Comment\",\"target\":[\"https:\\\/\\\/web.oirsa.org\\\/archivos\\\/4329#respond\"]}]},{\"@type\":\"WebPage\",\"@id\":\"https:\\\/\\\/web.oirsa.org\\\/archivos\\\/4329\",\"url\":\"https:\\\/\\\/web.oirsa.org\\\/archivos\\\/4329\",\"name\":\"OIRSA participa en 2\u00aa Reuni\u00f3n Hemisf\u00e9rica de ministros y secretarios de Agricultura - OIRSA\",\"isPartOf\":{\"@id\":\"https:\\\/\\\/web.oirsa.org\\\/#website\"},\"primaryImageOfPage\":{\"@id\":\"https:\\\/\\\/web.oirsa.org\\\/archivos\\\/4329#primaryimage\"},\"image\":{\"@id\":\"https:\\\/\\\/web.oirsa.org\\\/archivos\\\/4329#primaryimage\"},\"thumbnailUrl\":\"https:\\\/\\\/web.oirsa.org\\\/wp-content\\\/uploads\\\/2021\\\/12\\\/Reunio?n-hermisfe?rica-IICA-FAO.jpg\",\"datePublished\":\"2021-12-14T19:27:19+00:00\",\"dateModified\":\"2021-12-14T19:27:20+00:00\",\"description\":\"El OIRSA particip\u00f3 como uno de los 11 organismos internacionales invitados a reuni\u00f3n hemisf\u00e9rica donde se prioriz\u00f3 fortalecimiento de flujo comercial y\",\"breadcrumb\":{\"@id\":\"https:\\\/\\\/web.oirsa.org\\\/archivos\\\/4329#breadcrumb\"},\"inLanguage\":\"en-US\",\"potentialAction\":[{\"@type\":\"ReadAction\",\"target\":[\"https:\\\/\\\/web.oirsa.org\\\/archivos\\\/4329\"]}]},{\"@type\":\"ImageObject\",\"inLanguage\":\"en-US\",\"@id\":\"https:\\\/\\\/web.oirsa.org\\\/archivos\\\/4329#primaryimage\",\"url\":\"https:\\\/\\\/web.oirsa.org\\\/wp-content\\\/uploads\\\/2021\\\/12\\\/Reunio?n-hermisfe?rica-IICA-FAO.jpg\",\"contentUrl\":\"https:\\\/\\\/web.oirsa.org\\\/wp-content\\\/uploads\\\/2021\\\/12\\\/Reunio?n-hermisfe?rica-IICA-FAO.jpg\"},{\"@type\":\"BreadcrumbList\",\"@id\":\"https:\\\/\\\/web.oirsa.org\\\/archivos\\\/4329#breadcrumb\",\"itemListElement\":[{\"@type\":\"ListItem\",\"position\":1,\"name\":\"Portada\",\"item\":\"https:\\\/\\\/web.oirsa.org\\\/\"},{\"@type\":\"ListItem\",\"position\":2,\"name\":\"OIRSA participa en 2\u00aa Reuni\u00f3n Hemisf\u00e9rica de ministros y secretarios de Agricultura\"}]},{\"@type\":\"WebSite\",\"@id\":\"https:\\\/\\\/web.oirsa.org\\\/#website\",\"url\":\"https:\\\/\\\/web.oirsa.org\\\/\",\"name\":\"OIRSA\",\"description\":\"Organismo Internacional Regional de Sanidad Agropecuaria\",\"publisher\":{\"@id\":\"https:\\\/\\\/web.oirsa.org\\\/#organization\"},\"potentialAction\":[{\"@type\":\"SearchAction\",\"target\":{\"@type\":\"EntryPoint\",\"urlTemplate\":\"https:\\\/\\\/web.oirsa.org\\\/?s={search_term_string}\"},\"query-input\":{\"@type\":\"PropertyValueSpecification\",\"valueRequired\":true,\"valueName\":\"search_term_string\"}}],\"inLanguage\":\"en-US\"},{\"@type\":\"Organization\",\"@id\":\"https:\\\/\\\/web.oirsa.org\\\/#organization\",\"name\":\"OIRSA\",\"url\":\"https:\\\/\\\/web.oirsa.org\\\/\",\"logo\":{\"@type\":\"ImageObject\",\"inLanguage\":\"en-US\",\"@id\":\"https:\\\/\\\/web.oirsa.org\\\/#\\\/schema\\\/logo\\\/image\\\/\",\"url\":\"https:\\\/\\\/web.oirsa.org\\\/wp-content\\\/uploads\\\/2024\\\/01\\\/cropped-LOGO-OIRSA-2023.png\",\"contentUrl\":\"https:\\\/\\\/web.oirsa.org\\\/wp-content\\\/uploads\\\/2024\\\/01\\\/cropped-LOGO-OIRSA-2023.png\",\"width\":512,\"height\":512,\"caption\":\"OIRSA\"},\"image\":{\"@id\":\"https:\\\/\\\/web.oirsa.org\\\/#\\\/schema\\\/logo\\\/image\\\/\"},\"sameAs\":[\"https:\\\/\\\/www.facebook.com\\\/OIRSAoficial\",\"https:\\\/\\\/x.com\\\/OIRSAoficial\"]},{\"@type\":\"Person\",\"@id\":\"https:\\\/\\\/web.oirsa.org\\\/#\\\/schema\\\/person\\\/698e7776162ddf630ab36c5946d818ab\",\"name\":\"sigfredoramirez\",\"image\":{\"@type\":\"ImageObject\",\"inLanguage\":\"en-US\",\"@id\":\"https:\\\/\\\/secure.gravatar.com\\\/avatar\\\/cff1a22def7b03563530f2ba16145a6b6b5acbabc1f530f59eb045d7e21222e2?s=96&d=identicon&r=g\",\"url\":\"https:\\\/\\\/secure.gravatar.com\\\/avatar\\\/cff1a22def7b03563530f2ba16145a6b6b5acbabc1f530f59eb045d7e21222e2?s=96&d=identicon&r=g\",\"contentUrl\":\"https:\\\/\\\/secure.gravatar.com\\\/avatar\\\/cff1a22def7b03563530f2ba16145a6b6b5acbabc1f530f59eb045d7e21222e2?s=96&d=identicon&r=g\",\"caption\":\"sigfredoramirez\"}}]}<\/script>\n<!-- \/ Yoast SEO plugin. -->","yoast_head_json":{"title":"OIRSA participa en 2\u00aa Reuni\u00f3n Hemisf\u00e9rica de ministros y secretarios de Agricultura - OIRSA","description":"El OIRSA particip\u00f3 como uno de los 11 organismos internacionales invitados a reuni\u00f3n hemisf\u00e9rica donde se prioriz\u00f3 fortalecimiento de flujo comercial y","robots":{"index":"index","follow":"follow","max-snippet":"max-snippet:-1","max-image-preview":"max-image-preview:large","max-video-preview":"max-video-preview:-1"},"canonical":"https:\/\/web.oirsa.org\/en\/archivos\/4329\/","og_locale":"en_US","og_type":"article","og_title":"OIRSA participa en 2\u00aa Reuni\u00f3n Hemisf\u00e9rica de ministros y secretarios de Agricultura - OIRSA","og_description":"El OIRSA particip\u00f3 como uno de los 11 organismos internacionales invitados a reuni\u00f3n hemisf\u00e9rica donde se prioriz\u00f3 fortalecimiento de flujo comercial y","og_url":"https:\/\/web.oirsa.org\/en\/archivos\/4329\/","og_site_name":"OIRSA","article_publisher":"https:\/\/www.facebook.com\/OIRSAoficial","article_published_time":"2021-12-14T19:27:19+00:00","article_modified_time":"2021-12-14T19:27:20+00:00","og_image":[{"url":"https:\/\/web.oirsa.org\/wp-content\/uploads\/2021\/12\/Reunio?n-hermisfe?rica-IICA-FAO.jpg","type":"","width":"","height":""}],"author":"sigfredoramirez","twitter_card":"summary_large_image","twitter_creator":"@OIRSAoficial","twitter_site":"@OIRSAoficial","twitter_misc":{"Written by":"sigfredoramirez","Est. reading time":"1 minute"},"schema":{"@context":"https:\/\/schema.org","@graph":[{"@type":"Article","@id":"https:\/\/web.oirsa.org\/archivos\/4329#article","isPartOf":{"@id":"https:\/\/web.oirsa.org\/archivos\/4329"},"author":{"name":"sigfredoramirez","@id":"https:\/\/web.oirsa.org\/#\/schema\/person\/698e7776162ddf630ab36c5946d818ab"},"headline":"OIRSA participa en 2\u00aa Reuni\u00f3n Hemisf\u00e9rica de ministros y secretarios de Agricultura","datePublished":"2021-12-14T19:27:19+00:00","dateModified":"2021-12-14T19:27:20+00:00","mainEntityOfPage":{"@id":"https:\/\/web.oirsa.org\/archivos\/4329"},"wordCount":255,"commentCount":0,"publisher":{"@id":"https:\/\/web.oirsa.org\/#organization"},"image":{"@id":"https:\/\/web.oirsa.org\/archivos\/4329#primaryimage"},"thumbnailUrl":"https:\/\/web.oirsa.org\/wp-content\/uploads\/2021\/12\/Reunio?n-hermisfe?rica-IICA-FAO.jpg","articleSection":["Noticias"],"inLanguage":"en-US","potentialAction":[{"@type":"CommentAction","name":"Comment","target":["https:\/\/web.oirsa.org\/archivos\/4329#respond"]}]},{"@type":"WebPage","@id":"https:\/\/web.oirsa.org\/archivos\/4329","url":"https:\/\/web.oirsa.org\/archivos\/4329","name":"OIRSA participa en 2\u00aa Reuni\u00f3n Hemisf\u00e9rica de ministros y secretarios de Agricultura - OIRSA","isPartOf":{"@id":"https:\/\/web.oirsa.org\/#website"},"primaryImageOfPage":{"@id":"https:\/\/web.oirsa.org\/archivos\/4329#primaryimage"},"image":{"@id":"https:\/\/web.oirsa.org\/archivos\/4329#primaryimage"},"thumbnailUrl":"https:\/\/web.oirsa.org\/wp-content\/uploads\/2021\/12\/Reunio?n-hermisfe?rica-IICA-FAO.jpg","datePublished":"2021-12-14T19:27:19+00:00","dateModified":"2021-12-14T19:27:20+00:00","description":"El OIRSA particip\u00f3 como uno de los 11 organismos internacionales invitados a reuni\u00f3n hemisf\u00e9rica donde se prioriz\u00f3 fortalecimiento de flujo comercial y","breadcrumb":{"@id":"https:\/\/web.oirsa.org\/archivos\/4329#breadcrumb"},"inLanguage":"en-US","potentialAction":[{"@type":"ReadAction","target":["https:\/\/web.oirsa.org\/archivos\/4329"]}]},{"@type":"ImageObject","inLanguage":"en-US","@id":"https:\/\/web.oirsa.org\/archivos\/4329#primaryimage","url":"https:\/\/web.oirsa.org\/wp-content\/uploads\/2021\/12\/Reunio?n-hermisfe?rica-IICA-FAO.jpg","contentUrl":"https:\/\/web.oirsa.org\/wp-content\/uploads\/2021\/12\/Reunio?n-hermisfe?rica-IICA-FAO.jpg"},{"@type":"BreadcrumbList","@id":"https:\/\/web.oirsa.org\/archivos\/4329#breadcrumb","itemListElement":[{"@type":"ListItem","position":1,"name":"Portada","item":"https:\/\/web.oirsa.org\/"},{"@type":"ListItem","position":2,"name":"OIRSA participa en 2\u00aa Reuni\u00f3n Hemisf\u00e9rica de ministros y secretarios de Agricultura"}]},{"@type":"WebSite","@id":"https:\/\/web.oirsa.org\/#website","url":"https:\/\/web.oirsa.org\/","name":"OIRSA","description":"Organismo Internacional Regional de Sanidad Agropecuaria","publisher":{"@id":"https:\/\/web.oirsa.org\/#organization"},"potentialAction":[{"@type":"SearchAction","target":{"@type":"EntryPoint","urlTemplate":"https:\/\/web.oirsa.org\/?s={search_term_string}"},"query-input":{"@type":"PropertyValueSpecification","valueRequired":true,"valueName":"search_term_string"}}],"inLanguage":"en-US"},{"@type":"Organization","@id":"https:\/\/web.oirsa.org\/#organization","name":"OIRSA","url":"https:\/\/web.oirsa.org\/","logo":{"@type":"ImageObject","inLanguage":"en-US","@id":"https:\/\/web.oirsa.org\/#\/schema\/logo\/image\/","url":"https:\/\/web.oirsa.org\/wp-content\/uploads\/2024\/01\/cropped-LOGO-OIRSA-2023.png","contentUrl":"https:\/\/web.oirsa.org\/wp-content\/uploads\/2024\/01\/cropped-LOGO-OIRSA-2023.png","width":512,"height":512,"caption":"OIRSA"},"image":{"@id":"https:\/\/web.oirsa.org\/#\/schema\/logo\/image\/"},"sameAs":["https:\/\/www.facebook.com\/OIRSAoficial","https:\/\/x.com\/OIRSAoficial"]},{"@type":"Person","@id":"https:\/\/web.oirsa.org\/#\/schema\/person\/698e7776162ddf630ab36c5946d818ab","name":"sigfredoramirez","image":{"@type":"ImageObject","inLanguage":"en-US","@id":"https:\/\/secure.gravatar.com\/avatar\/cff1a22def7b03563530f2ba16145a6b6b5acbabc1f530f59eb045d7e21222e2?s=96&d=identicon&r=g","url":"https:\/\/secure.gravatar.com\/avatar\/cff1a22def7b03563530f2ba16145a6b6b5acbabc1f530f59eb045d7e21222e2?s=96&d=identicon&r=g","contentUrl":"https:\/\/secure.gravatar.com\/avatar\/cff1a22def7b03563530f2ba16145a6b6b5acbabc1f530f59eb045d7e21222e2?s=96&d=identicon&r=g","caption":"sigfredoramirez"}}]}},"jetpack_featured_media_url":"","jetpack_sharing_enabled":true,"_links":{"self":[{"href":"https:\/\/web.oirsa.org\/en\/wp-json\/wp\/v2\/posts\/4329","targetHints":{"allow":["GET"]}}],"collection":[{"href":"https:\/\/web.oirsa.org\/en\/wp-json\/wp\/v2\/posts"}],"about":[{"href":"https:\/\/web.oirsa.org\/en\/wp-json\/wp\/v2\/types\/post"}],"author":[{"embeddable":true,"href":"https:\/\/web.oirsa.org\/en\/wp-json\/wp\/v2\/users\/213237738"}],"replies":[{"embeddable":true,"href":"https:\/\/web.oirsa.org\/en\/wp-json\/wp\/v2\/comments?post=4329"}],"version-history":[{"count":1,"href":"https:\/\/web.oirsa.org\/en\/wp-json\/wp\/v2\/posts\/4329\/revisions"}],"predecessor-version":[{"id":4331,"href":"https:\/\/web.oirsa.org\/en\/wp-json\/wp\/v2\/posts\/4329\/revisions\/4331"}],"wp:attachment":[{"href":"https:\/\/web.oirsa.org\/en\/wp-json\/wp\/v2\/media?parent=4329"}],"wp:term":[{"taxonomy":"category","embeddable":true,"href":"https:\/\/web.oirsa.org\/en\/wp-json\/wp\/v2\/categories?post=4329"},{"taxonomy":"post_tag","embeddable":true,"href":"https:\/\/web.oirsa.org\/en\/wp-json\/wp\/v2\/tags?post=4329"}],"curies":[{"name":"wp","href":"https:\/\/api.w.org\/{rel}","templated":true}]}}