{"id":4062,"date":"2021-12-13T20:06:24","date_gmt":"2021-12-14T02:06:24","guid":{"rendered":"http:\/\/10.103.20.84\/?p=4062"},"modified":"2021-12-13T20:06:25","modified_gmt":"2021-12-14T02:06:25","slug":"se-realiza-2o-foro-internacional-de-citricos-en-honduras","status":"publish","type":"post","link":"https:\/\/web.oirsa.org\/en\/archivos\/4062","title":{"rendered":"Se realiza 2\u00ba Foro Internacional de C\u00edtricos en Honduras"},"content":{"rendered":"<p class=\"wp-block-paragraph\"><em>M\u00e1s de 300 personas\u00a0<\/em><em>\u2013<\/em><em>entre citricultores, viveristas, exportadores y dem\u00e1s integrantes de la cadena citr\u00edcola de la regi\u00f3n<\/em><em>\u2013<\/em><em>\u00a0intercambiaron informaci\u00f3n del HLB y otros temas.\u00a0 \u00a0<\/em><\/p>\n\n\n\n<div class=\"wp-block-image\"><figure class=\"alignright size-full is-resized\"><img data-recalc-dims=\"1\" loading=\"lazy\" decoding=\"async\" src=\"https:\/\/i0.wp.com\/web.oirsa.org\/wp-content\/uploads\/2021\/12\/Foro.jpg?resize=525%2C233&ssl=1\" alt=\"\" class=\"wp-image-4063\" width=\"525\" height=\"233\" srcset=\"https:\/\/i0.wp.com\/web.oirsa.org\/wp-content\/uploads\/2021\/12\/Foro.jpg?w=900&ssl=1 900w, https:\/\/i0.wp.com\/web.oirsa.org\/wp-content\/uploads\/2021\/12\/Foro.jpg?resize=300%2C133&ssl=1 300w, https:\/\/i0.wp.com\/web.oirsa.org\/wp-content\/uploads\/2021\/12\/Foro.jpg?resize=768%2C341&ssl=1 768w\" sizes=\"auto, (max-width: 525px) 100vw, 525px\" \/><\/figure><\/div>\n\n\n\n<p class=\"wp-block-paragraph\"><strong>Martes, 22 de octubre de 2019.\u00a0<\/strong>El OIRSA, el Fondo para el Desarrollo y Cooperaci\u00f3n Internacional de Taiw\u00e1n (Taiw\u00e1n ICDF por sus siglas en ingl\u00e9s) y la Secretar\u00eda de Agricultura y Ganader\u00eda (<a href=\"https:\/\/sag.gob.hn\/#inline\">SAG<\/a>) de Honduras organizaron el II Foro Internacional de C\u00edtricos. Una actividad que se realiz\u00f3 del 22 al 23 de octubre del 2019 en la ciudad de San Pedro Sula, al norte del pa\u00eds centroamericano.<\/p>\n\n\n\n<p class=\"wp-block-paragraph\">El principal objetivo del foro fue compartir la experiencia de Centroam\u00e9rica en el manejo de la enfermedad del Huanglongbing (<a href=\"https:\/\/www.oirsa.org\/informacion.aspx?idc=64&id=57\">HLB<\/a>) de los c\u00edtricos y conocer las diferentes metodolog\u00edas implementadas para su control y otras plagas emergentes que han causado da\u00f1os en Brasil, Estados Unidos, M\u00e9xico y Taiw\u00e1n. Adem\u00e1s, se expuso sobre aspectos fitosanitarios, el mercado y sus tendencias y nuevas tecnolog\u00edas de producci\u00f3n. Tambi\u00e9n hubo un espacio denominado EXPOC\u00cdTRICO, en el que casas comerciales presentaron sus productos orientados a la cadena citr\u00edcola.<\/p>\n\n\n\n<p class=\"wp-block-paragraph\">La inauguraci\u00f3n del foro fue presidida por el director t\u00e9cnico del OIRSA, Octavio Carranza; el director general del Servicio Nacional de Sanidad e Inocuidad Agroalimentaria (<a href=\"https:\/\/www.senasa.gob.hn\/\">SENASA<\/a>) de Honduras, Carlos Ferrera; la designada presidencial de Honduras, Mar\u00eda Antonia Rivera; la embajadora de Taiw\u00e1n en Honduras, Ingrid Hsing; y el representante del OIRSA en Honduras, Mois\u00e9s Molina.<\/p>","protected":false},"excerpt":{"rendered":"<p>M\u00e1s de 300 personas\u00a0\u2013entre citricultores, viveristas, exportadores y dem\u00e1s integrantes de la cadena citr\u00edcola de la regi\u00f3n\u2013\u00a0intercambiaron informaci\u00f3n del HLB [&hellip;]<\/p>\n","protected":false},"author":213237738,"featured_media":0,"comment_status":"open","ping_status":"open","sticky":false,"template":"","format":"standard","meta":{"_coblocks_attr":"","_coblocks_dimensions":"","_coblocks_responsive_height":"","_coblocks_accordion_ie_support":"","_crdt_document":"","_jetpack_memberships_contains_paid_content":false,"footnotes":""},"categories":[121903],"tags":[],"class_list":["post-4062","post","type-post","status-publish","format-standard","hentry","category-noticias"],"yoast_head":"<!-- This site is optimized with the Yoast SEO plugin v27.5 - https:\/\/yoast.com\/product\/yoast-seo-wordpress\/ -->\n<title>Se realiza 2\u00ba Foro Internacional de C\u00edtricos en Honduras - OIRSA<\/title>\n<meta name=\"description\" content=\"M\u00e1s de 300 personas&nbsp;\u2013entre citricultores, viveristas, exportadores y dem\u00e1s integrantes de la cadena citr\u00edcola de la regi\u00f3n\u2013&nbsp;intercambiaron\" \/>\n<meta name=\"robots\" content=\"index, follow, max-snippet:-1, max-image-preview:large, max-video-preview:-1\" \/>\n<link rel=\"canonical\" href=\"https:\/\/web.oirsa.org\/en\/archivos\/4062\/\" \/>\n<meta property=\"og:locale\" content=\"en_US\" \/>\n<meta property=\"og:type\" content=\"article\" \/>\n<meta property=\"og:title\" content=\"Se realiza 2\u00ba Foro Internacional de C\u00edtricos en Honduras - OIRSA\" \/>\n<meta property=\"og:description\" content=\"M\u00e1s de 300 personas&nbsp;\u2013entre citricultores, viveristas, exportadores y dem\u00e1s integrantes de la cadena citr\u00edcola de la regi\u00f3n\u2013&nbsp;intercambiaron\" \/>\n<meta property=\"og:url\" content=\"https:\/\/web.oirsa.org\/en\/archivos\/4062\/\" \/>\n<meta property=\"og:site_name\" content=\"OIRSA\" \/>\n<meta property=\"article:publisher\" content=\"https:\/\/www.facebook.com\/OIRSAoficial\" \/>\n<meta property=\"article:published_time\" content=\"2021-12-14T02:06:24+00:00\" \/>\n<meta property=\"article:modified_time\" content=\"2021-12-14T02:06:25+00:00\" \/>\n<meta property=\"og:image\" content=\"https:\/\/web.oirsa.org\/wp-content\/uploads\/2021\/12\/Foro.jpg\" \/>\n<meta name=\"author\" content=\"sigfredoramirez\" \/>\n<meta name=\"twitter:card\" content=\"summary_large_image\" \/>\n<meta name=\"twitter:creator\" content=\"@OIRSAoficial\" \/>\n<meta name=\"twitter:site\" content=\"@OIRSAoficial\" \/>\n<meta name=\"twitter:label1\" content=\"Written by\" \/>\n\t<meta name=\"twitter:data1\" content=\"sigfredoramirez\" \/>\n\t<meta name=\"twitter:label2\" content=\"Est. reading time\" \/>\n\t<meta name=\"twitter:data2\" content=\"1 minute\" \/>\n<script type=\"application\/ld+json\" class=\"yoast-schema-graph\">{\"@context\":\"https:\\\/\\\/schema.org\",\"@graph\":[{\"@type\":\"Article\",\"@id\":\"https:\\\/\\\/web.oirsa.org\\\/archivos\\\/4062#article\",\"isPartOf\":{\"@id\":\"https:\\\/\\\/web.oirsa.org\\\/archivos\\\/4062\"},\"author\":{\"name\":\"sigfredoramirez\",\"@id\":\"https:\\\/\\\/web.oirsa.org\\\/#\\\/schema\\\/person\\\/698e7776162ddf630ab36c5946d818ab\"},\"headline\":\"Se realiza 2\u00ba Foro Internacional de C\u00edtricos en Honduras\",\"datePublished\":\"2021-12-14T02:06:24+00:00\",\"dateModified\":\"2021-12-14T02:06:25+00:00\",\"mainEntityOfPage\":{\"@id\":\"https:\\\/\\\/web.oirsa.org\\\/archivos\\\/4062\"},\"wordCount\":266,\"commentCount\":0,\"publisher\":{\"@id\":\"https:\\\/\\\/web.oirsa.org\\\/#organization\"},\"image\":{\"@id\":\"https:\\\/\\\/web.oirsa.org\\\/archivos\\\/4062#primaryimage\"},\"thumbnailUrl\":\"https:\\\/\\\/web.oirsa.org\\\/wp-content\\\/uploads\\\/2021\\\/12\\\/Foro.jpg\",\"articleSection\":[\"Noticias\"],\"inLanguage\":\"en-US\",\"potentialAction\":[{\"@type\":\"CommentAction\",\"name\":\"Comment\",\"target\":[\"https:\\\/\\\/web.oirsa.org\\\/archivos\\\/4062#respond\"]}]},{\"@type\":\"WebPage\",\"@id\":\"https:\\\/\\\/web.oirsa.org\\\/archivos\\\/4062\",\"url\":\"https:\\\/\\\/web.oirsa.org\\\/archivos\\\/4062\",\"name\":\"Se realiza 2\u00ba Foro Internacional de C\u00edtricos en Honduras - OIRSA\",\"isPartOf\":{\"@id\":\"https:\\\/\\\/web.oirsa.org\\\/#website\"},\"primaryImageOfPage\":{\"@id\":\"https:\\\/\\\/web.oirsa.org\\\/archivos\\\/4062#primaryimage\"},\"image\":{\"@id\":\"https:\\\/\\\/web.oirsa.org\\\/archivos\\\/4062#primaryimage\"},\"thumbnailUrl\":\"https:\\\/\\\/web.oirsa.org\\\/wp-content\\\/uploads\\\/2021\\\/12\\\/Foro.jpg\",\"datePublished\":\"2021-12-14T02:06:24+00:00\",\"dateModified\":\"2021-12-14T02:06:25+00:00\",\"description\":\"M\u00e1s de 300 personas&nbsp;\u2013entre citricultores, viveristas, exportadores y dem\u00e1s integrantes de la cadena citr\u00edcola de la regi\u00f3n\u2013&nbsp;intercambiaron\",\"breadcrumb\":{\"@id\":\"https:\\\/\\\/web.oirsa.org\\\/archivos\\\/4062#breadcrumb\"},\"inLanguage\":\"en-US\",\"potentialAction\":[{\"@type\":\"ReadAction\",\"target\":[\"https:\\\/\\\/web.oirsa.org\\\/archivos\\\/4062\"]}]},{\"@type\":\"ImageObject\",\"inLanguage\":\"en-US\",\"@id\":\"https:\\\/\\\/web.oirsa.org\\\/archivos\\\/4062#primaryimage\",\"url\":\"https:\\\/\\\/web.oirsa.org\\\/wp-content\\\/uploads\\\/2021\\\/12\\\/Foro.jpg\",\"contentUrl\":\"https:\\\/\\\/web.oirsa.org\\\/wp-content\\\/uploads\\\/2021\\\/12\\\/Foro.jpg\"},{\"@type\":\"BreadcrumbList\",\"@id\":\"https:\\\/\\\/web.oirsa.org\\\/archivos\\\/4062#breadcrumb\",\"itemListElement\":[{\"@type\":\"ListItem\",\"position\":1,\"name\":\"Portada\",\"item\":\"https:\\\/\\\/web.oirsa.org\\\/\"},{\"@type\":\"ListItem\",\"position\":2,\"name\":\"Se realiza 2\u00ba Foro Internacional de C\u00edtricos en Honduras\"}]},{\"@type\":\"WebSite\",\"@id\":\"https:\\\/\\\/web.oirsa.org\\\/#website\",\"url\":\"https:\\\/\\\/web.oirsa.org\\\/\",\"name\":\"OIRSA\",\"description\":\"Organismo Internacional Regional de Sanidad Agropecuaria\",\"publisher\":{\"@id\":\"https:\\\/\\\/web.oirsa.org\\\/#organization\"},\"potentialAction\":[{\"@type\":\"SearchAction\",\"target\":{\"@type\":\"EntryPoint\",\"urlTemplate\":\"https:\\\/\\\/web.oirsa.org\\\/?s={search_term_string}\"},\"query-input\":{\"@type\":\"PropertyValueSpecification\",\"valueRequired\":true,\"valueName\":\"search_term_string\"}}],\"inLanguage\":\"en-US\"},{\"@type\":\"Organization\",\"@id\":\"https:\\\/\\\/web.oirsa.org\\\/#organization\",\"name\":\"OIRSA\",\"url\":\"https:\\\/\\\/web.oirsa.org\\\/\",\"logo\":{\"@type\":\"ImageObject\",\"inLanguage\":\"en-US\",\"@id\":\"https:\\\/\\\/web.oirsa.org\\\/#\\\/schema\\\/logo\\\/image\\\/\",\"url\":\"https:\\\/\\\/web.oirsa.org\\\/wp-content\\\/uploads\\\/2024\\\/01\\\/cropped-LOGO-OIRSA-2023.png\",\"contentUrl\":\"https:\\\/\\\/web.oirsa.org\\\/wp-content\\\/uploads\\\/2024\\\/01\\\/cropped-LOGO-OIRSA-2023.png\",\"width\":512,\"height\":512,\"caption\":\"OIRSA\"},\"image\":{\"@id\":\"https:\\\/\\\/web.oirsa.org\\\/#\\\/schema\\\/logo\\\/image\\\/\"},\"sameAs\":[\"https:\\\/\\\/www.facebook.com\\\/OIRSAoficial\",\"https:\\\/\\\/x.com\\\/OIRSAoficial\"]},{\"@type\":\"Person\",\"@id\":\"https:\\\/\\\/web.oirsa.org\\\/#\\\/schema\\\/person\\\/698e7776162ddf630ab36c5946d818ab\",\"name\":\"sigfredoramirez\",\"image\":{\"@type\":\"ImageObject\",\"inLanguage\":\"en-US\",\"@id\":\"https:\\\/\\\/secure.gravatar.com\\\/avatar\\\/cff1a22def7b03563530f2ba16145a6b6b5acbabc1f530f59eb045d7e21222e2?s=96&d=identicon&r=g\",\"url\":\"https:\\\/\\\/secure.gravatar.com\\\/avatar\\\/cff1a22def7b03563530f2ba16145a6b6b5acbabc1f530f59eb045d7e21222e2?s=96&d=identicon&r=g\",\"contentUrl\":\"https:\\\/\\\/secure.gravatar.com\\\/avatar\\\/cff1a22def7b03563530f2ba16145a6b6b5acbabc1f530f59eb045d7e21222e2?s=96&d=identicon&r=g\",\"caption\":\"sigfredoramirez\"}}]}<\/script>\n<!-- \/ Yoast SEO plugin. -->","yoast_head_json":{"title":"Se realiza 2\u00ba Foro Internacional de C\u00edtricos en Honduras - OIRSA","description":"M\u00e1s de 300 personas&nbsp;\u2013entre citricultores, viveristas, exportadores y dem\u00e1s integrantes de la cadena citr\u00edcola de la regi\u00f3n\u2013&nbsp;intercambiaron","robots":{"index":"index","follow":"follow","max-snippet":"max-snippet:-1","max-image-preview":"max-image-preview:large","max-video-preview":"max-video-preview:-1"},"canonical":"https:\/\/web.oirsa.org\/en\/archivos\/4062\/","og_locale":"en_US","og_type":"article","og_title":"Se realiza 2\u00ba Foro Internacional de C\u00edtricos en Honduras - OIRSA","og_description":"M\u00e1s de 300 personas&nbsp;\u2013entre citricultores, viveristas, exportadores y dem\u00e1s integrantes de la cadena citr\u00edcola de la regi\u00f3n\u2013&nbsp;intercambiaron","og_url":"https:\/\/web.oirsa.org\/en\/archivos\/4062\/","og_site_name":"OIRSA","article_publisher":"https:\/\/www.facebook.com\/OIRSAoficial","article_published_time":"2021-12-14T02:06:24+00:00","article_modified_time":"2021-12-14T02:06:25+00:00","og_image":[{"url":"https:\/\/web.oirsa.org\/wp-content\/uploads\/2021\/12\/Foro.jpg","type":"","width":"","height":""}],"author":"sigfredoramirez","twitter_card":"summary_large_image","twitter_creator":"@OIRSAoficial","twitter_site":"@OIRSAoficial","twitter_misc":{"Written by":"sigfredoramirez","Est. reading time":"1 minute"},"schema":{"@context":"https:\/\/schema.org","@graph":[{"@type":"Article","@id":"https:\/\/web.oirsa.org\/archivos\/4062#article","isPartOf":{"@id":"https:\/\/web.oirsa.org\/archivos\/4062"},"author":{"name":"sigfredoramirez","@id":"https:\/\/web.oirsa.org\/#\/schema\/person\/698e7776162ddf630ab36c5946d818ab"},"headline":"Se realiza 2\u00ba Foro Internacional de C\u00edtricos en Honduras","datePublished":"2021-12-14T02:06:24+00:00","dateModified":"2021-12-14T02:06:25+00:00","mainEntityOfPage":{"@id":"https:\/\/web.oirsa.org\/archivos\/4062"},"wordCount":266,"commentCount":0,"publisher":{"@id":"https:\/\/web.oirsa.org\/#organization"},"image":{"@id":"https:\/\/web.oirsa.org\/archivos\/4062#primaryimage"},"thumbnailUrl":"https:\/\/web.oirsa.org\/wp-content\/uploads\/2021\/12\/Foro.jpg","articleSection":["Noticias"],"inLanguage":"en-US","potentialAction":[{"@type":"CommentAction","name":"Comment","target":["https:\/\/web.oirsa.org\/archivos\/4062#respond"]}]},{"@type":"WebPage","@id":"https:\/\/web.oirsa.org\/archivos\/4062","url":"https:\/\/web.oirsa.org\/archivos\/4062","name":"Se realiza 2\u00ba Foro Internacional de C\u00edtricos en Honduras - OIRSA","isPartOf":{"@id":"https:\/\/web.oirsa.org\/#website"},"primaryImageOfPage":{"@id":"https:\/\/web.oirsa.org\/archivos\/4062#primaryimage"},"image":{"@id":"https:\/\/web.oirsa.org\/archivos\/4062#primaryimage"},"thumbnailUrl":"https:\/\/web.oirsa.org\/wp-content\/uploads\/2021\/12\/Foro.jpg","datePublished":"2021-12-14T02:06:24+00:00","dateModified":"2021-12-14T02:06:25+00:00","description":"M\u00e1s de 300 personas&nbsp;\u2013entre citricultores, viveristas, exportadores y dem\u00e1s integrantes de la cadena citr\u00edcola de la regi\u00f3n\u2013&nbsp;intercambiaron","breadcrumb":{"@id":"https:\/\/web.oirsa.org\/archivos\/4062#breadcrumb"},"inLanguage":"en-US","potentialAction":[{"@type":"ReadAction","target":["https:\/\/web.oirsa.org\/archivos\/4062"]}]},{"@type":"ImageObject","inLanguage":"en-US","@id":"https:\/\/web.oirsa.org\/archivos\/4062#primaryimage","url":"https:\/\/web.oirsa.org\/wp-content\/uploads\/2021\/12\/Foro.jpg","contentUrl":"https:\/\/web.oirsa.org\/wp-content\/uploads\/2021\/12\/Foro.jpg"},{"@type":"BreadcrumbList","@id":"https:\/\/web.oirsa.org\/archivos\/4062#breadcrumb","itemListElement":[{"@type":"ListItem","position":1,"name":"Portada","item":"https:\/\/web.oirsa.org\/"},{"@type":"ListItem","position":2,"name":"Se realiza 2\u00ba Foro Internacional de C\u00edtricos en Honduras"}]},{"@type":"WebSite","@id":"https:\/\/web.oirsa.org\/#website","url":"https:\/\/web.oirsa.org\/","name":"OIRSA","description":"Organismo Internacional Regional de Sanidad Agropecuaria","publisher":{"@id":"https:\/\/web.oirsa.org\/#organization"},"potentialAction":[{"@type":"SearchAction","target":{"@type":"EntryPoint","urlTemplate":"https:\/\/web.oirsa.org\/?s={search_term_string}"},"query-input":{"@type":"PropertyValueSpecification","valueRequired":true,"valueName":"search_term_string"}}],"inLanguage":"en-US"},{"@type":"Organization","@id":"https:\/\/web.oirsa.org\/#organization","name":"OIRSA","url":"https:\/\/web.oirsa.org\/","logo":{"@type":"ImageObject","inLanguage":"en-US","@id":"https:\/\/web.oirsa.org\/#\/schema\/logo\/image\/","url":"https:\/\/web.oirsa.org\/wp-content\/uploads\/2024\/01\/cropped-LOGO-OIRSA-2023.png","contentUrl":"https:\/\/web.oirsa.org\/wp-content\/uploads\/2024\/01\/cropped-LOGO-OIRSA-2023.png","width":512,"height":512,"caption":"OIRSA"},"image":{"@id":"https:\/\/web.oirsa.org\/#\/schema\/logo\/image\/"},"sameAs":["https:\/\/www.facebook.com\/OIRSAoficial","https:\/\/x.com\/OIRSAoficial"]},{"@type":"Person","@id":"https:\/\/web.oirsa.org\/#\/schema\/person\/698e7776162ddf630ab36c5946d818ab","name":"sigfredoramirez","image":{"@type":"ImageObject","inLanguage":"en-US","@id":"https:\/\/secure.gravatar.com\/avatar\/cff1a22def7b03563530f2ba16145a6b6b5acbabc1f530f59eb045d7e21222e2?s=96&d=identicon&r=g","url":"https:\/\/secure.gravatar.com\/avatar\/cff1a22def7b03563530f2ba16145a6b6b5acbabc1f530f59eb045d7e21222e2?s=96&d=identicon&r=g","contentUrl":"https:\/\/secure.gravatar.com\/avatar\/cff1a22def7b03563530f2ba16145a6b6b5acbabc1f530f59eb045d7e21222e2?s=96&d=identicon&r=g","caption":"sigfredoramirez"}}]}},"jetpack_featured_media_url":"","jetpack_sharing_enabled":true,"_links":{"self":[{"href":"https:\/\/web.oirsa.org\/en\/wp-json\/wp\/v2\/posts\/4062","targetHints":{"allow":["GET"]}}],"collection":[{"href":"https:\/\/web.oirsa.org\/en\/wp-json\/wp\/v2\/posts"}],"about":[{"href":"https:\/\/web.oirsa.org\/en\/wp-json\/wp\/v2\/types\/post"}],"author":[{"embeddable":true,"href":"https:\/\/web.oirsa.org\/en\/wp-json\/wp\/v2\/users\/213237738"}],"replies":[{"embeddable":true,"href":"https:\/\/web.oirsa.org\/en\/wp-json\/wp\/v2\/comments?post=4062"}],"version-history":[{"count":1,"href":"https:\/\/web.oirsa.org\/en\/wp-json\/wp\/v2\/posts\/4062\/revisions"}],"predecessor-version":[{"id":4064,"href":"https:\/\/web.oirsa.org\/en\/wp-json\/wp\/v2\/posts\/4062\/revisions\/4064"}],"wp:attachment":[{"href":"https:\/\/web.oirsa.org\/en\/wp-json\/wp\/v2\/media?parent=4062"}],"wp:term":[{"taxonomy":"category","embeddable":true,"href":"https:\/\/web.oirsa.org\/en\/wp-json\/wp\/v2\/categories?post=4062"},{"taxonomy":"post_tag","embeddable":true,"href":"https:\/\/web.oirsa.org\/en\/wp-json\/wp\/v2\/tags?post=4062"}],"curies":[{"name":"wp","href":"https:\/\/api.w.org\/{rel}","templated":true}]}}