{"id":4037,"date":"2021-12-13T19:59:23","date_gmt":"2021-12-14T01:59:23","guid":{"rendered":"http:\/\/10.103.20.84\/?p=4037"},"modified":"2021-12-13T19:59:24","modified_gmt":"2021-12-14T01:59:24","slug":"mag-y-oirsa-efectuan-reunion-tecnica-administrativa-en-el-salvador","status":"publish","type":"post","link":"https:\/\/web.oirsa.org\/en\/archivos\/4037","title":{"rendered":"MAG y OIRSA efect\u00faan reuni\u00f3n t\u00e9cnica-administrativa en El Salvador"},"content":{"rendered":"<p class=\"wp-block-paragraph\"><em>Funcionarios del OIRSA y el Ministerio de Agricultura y Ganader\u00eda (MAG) acordaron las prioridades de los programas y proyectos ejecutados en 2019 en sanidad agropecuaria.\u00a0\u00a0\u00a0\u00a0<\/em><\/p>\n\n\n\n<div class=\"wp-block-image\"><figure class=\"alignright size-full is-resized\"><img data-recalc-dims=\"1\" loading=\"lazy\" decoding=\"async\" src=\"https:\/\/i0.wp.com\/web.oirsa.org\/wp-content\/uploads\/2021\/12\/7-MAGreunion.jpg?resize=525%2C233&ssl=1\" alt=\"\" class=\"wp-image-4038\" width=\"525\" height=\"233\" srcset=\"https:\/\/i0.wp.com\/web.oirsa.org\/wp-content\/uploads\/2021\/12\/7-MAGreunion.jpg?w=900&ssl=1 900w, https:\/\/i0.wp.com\/web.oirsa.org\/wp-content\/uploads\/2021\/12\/7-MAGreunion.jpg?resize=300%2C133&ssl=1 300w, https:\/\/i0.wp.com\/web.oirsa.org\/wp-content\/uploads\/2021\/12\/7-MAGreunion.jpg?resize=768%2C341&ssl=1 768w\" sizes=\"auto, (max-width: 525px) 100vw, 525px\" \/><\/figure><\/div>\n\n\n\n<p class=\"wp-block-paragraph\"><strong>Mi\u00e9rcoles, 11 de septiembre de 2019.\u00a0<\/strong>El ministro de Agricultura y Ganader\u00eda de El Salvador, Pablo Anliker, y el director ejecutivo del OIRSA, Efra\u00edn Medina, presidieron la inauguraci\u00f3n de la reuni\u00f3n t\u00e9cnica-administrativa en la que participaron los directores de las distintas \u00e1reas del\u00a0<a href=\"http:\/\/www.mag.gob.sv\/\">MAG<\/a>\u00a0y funcionarios del Organismo. La actividad se realiz\u00f3 el pasado 10 y 11 de septiembre de 2019 y tuvo el objetivo de integrar esfuerzos para fortalecer el estatus fito zoosanitario del pa\u00eds.<\/p>\n\n\n\n<p class=\"wp-block-paragraph\">Primeramente, el representante del OIRSA en el pa\u00eds, Edwin Arag\u00f3n, dio a conocer los alcances del apoyo t\u00e9cnico que el Organismo brinda a El Salvador. Esto en \u00e1reas como\u00a0Sanidad Vegetal, Salud Animal, Cuarentena e Inocuidad. Despu\u00e9s, se profundiz\u00f3 en el impacto de los programas y proyectos que el OIRSA ejecuta en apoyo al sector agroalimentario salvadore\u00f1o y de toda la regi\u00f3n del Organismo.<\/p>\n\n\n\n<p class=\"wp-block-paragraph\">Por su parte, los funcionarios de MAG externaron las prioridades de las \u00e1reas donde requieren m\u00e1s apoyo de parte del Organismo. La delegaci\u00f3n del OIRSA estuvo conformada por el director de Administraci\u00f3n y Finanzas, Noel Berm\u00fadez; el director t\u00e9cnico del OIRSA, Octavio Carranza; el director regional de Sanidad Vegetal, Carlos Ur\u00edas; el director regional de Salud Animal, Abelardo De Gracia; el director regional de Servicios Cuarentenarios, Ra\u00fal Rodas; y el director regional de Inocuidad de los Alimentos, Ra\u00fal Peralta.<\/p>","protected":false},"excerpt":{"rendered":"<p>Funcionarios del OIRSA y el Ministerio de Agricultura y Ganader\u00eda (MAG) acordaron las prioridades de los programas y proyectos ejecutados [&hellip;]<\/p>\n","protected":false},"author":213237738,"featured_media":0,"comment_status":"open","ping_status":"open","sticky":false,"template":"","format":"standard","meta":{"_coblocks_attr":"","_coblocks_dimensions":"","_coblocks_responsive_height":"","_coblocks_accordion_ie_support":"","_crdt_document":"","_jetpack_memberships_contains_paid_content":false,"footnotes":""},"categories":[121903],"tags":[],"class_list":["post-4037","post","type-post","status-publish","format-standard","hentry","category-noticias"],"yoast_head":"<!-- This site is optimized with the Yoast SEO plugin v27.5 - https:\/\/yoast.com\/product\/yoast-seo-wordpress\/ -->\n<title>MAG y OIRSA efect\u00faan reuni\u00f3n t\u00e9cnica-administrativa en El Salvador - OIRSA<\/title>\n<meta name=\"description\" content=\"Funcionarios del OIRSA y el Ministerio de Agricultura y Ganader\u00eda (MAG) acordaron las prioridades de los programas y proyectos ejecutados en 2019 en\" \/>\n<meta name=\"robots\" content=\"index, follow, max-snippet:-1, max-image-preview:large, max-video-preview:-1\" \/>\n<link rel=\"canonical\" href=\"https:\/\/web.oirsa.org\/en\/archivos\/4037\/\" \/>\n<meta property=\"og:locale\" content=\"en_US\" \/>\n<meta property=\"og:type\" content=\"article\" \/>\n<meta property=\"og:title\" content=\"MAG y OIRSA efect\u00faan reuni\u00f3n t\u00e9cnica-administrativa en El Salvador - OIRSA\" \/>\n<meta property=\"og:description\" content=\"Funcionarios del OIRSA y el Ministerio de Agricultura y Ganader\u00eda (MAG) acordaron las prioridades de los programas y proyectos ejecutados en 2019 en\" \/>\n<meta property=\"og:url\" content=\"https:\/\/web.oirsa.org\/en\/archivos\/4037\/\" \/>\n<meta property=\"og:site_name\" content=\"OIRSA\" \/>\n<meta property=\"article:publisher\" content=\"https:\/\/www.facebook.com\/OIRSAoficial\" \/>\n<meta property=\"article:published_time\" content=\"2021-12-14T01:59:23+00:00\" \/>\n<meta property=\"article:modified_time\" content=\"2021-12-14T01:59:24+00:00\" \/>\n<meta property=\"og:image\" content=\"https:\/\/web.oirsa.org\/wp-content\/uploads\/2021\/12\/7-MAGreunion.jpg\" \/>\n<meta name=\"author\" content=\"sigfredoramirez\" \/>\n<meta name=\"twitter:card\" content=\"summary_large_image\" \/>\n<meta name=\"twitter:creator\" content=\"@OIRSAoficial\" \/>\n<meta name=\"twitter:site\" content=\"@OIRSAoficial\" \/>\n<meta name=\"twitter:label1\" content=\"Written by\" \/>\n\t<meta name=\"twitter:data1\" content=\"sigfredoramirez\" \/>\n\t<meta name=\"twitter:label2\" content=\"Est. reading time\" \/>\n\t<meta name=\"twitter:data2\" content=\"1 minute\" \/>\n<script type=\"application\/ld+json\" class=\"yoast-schema-graph\">{\"@context\":\"https:\\\/\\\/schema.org\",\"@graph\":[{\"@type\":\"Article\",\"@id\":\"https:\\\/\\\/web.oirsa.org\\\/archivos\\\/4037#article\",\"isPartOf\":{\"@id\":\"https:\\\/\\\/web.oirsa.org\\\/archivos\\\/4037\"},\"author\":{\"name\":\"sigfredoramirez\",\"@id\":\"https:\\\/\\\/web.oirsa.org\\\/#\\\/schema\\\/person\\\/698e7776162ddf630ab36c5946d818ab\"},\"headline\":\"MAG y OIRSA efect\u00faan reuni\u00f3n t\u00e9cnica-administrativa en El Salvador\",\"datePublished\":\"2021-12-14T01:59:23+00:00\",\"dateModified\":\"2021-12-14T01:59:24+00:00\",\"mainEntityOfPage\":{\"@id\":\"https:\\\/\\\/web.oirsa.org\\\/archivos\\\/4037\"},\"wordCount\":279,\"commentCount\":0,\"publisher\":{\"@id\":\"https:\\\/\\\/web.oirsa.org\\\/#organization\"},\"image\":{\"@id\":\"https:\\\/\\\/web.oirsa.org\\\/archivos\\\/4037#primaryimage\"},\"thumbnailUrl\":\"https:\\\/\\\/web.oirsa.org\\\/wp-content\\\/uploads\\\/2021\\\/12\\\/7-MAGreunion.jpg\",\"articleSection\":[\"Noticias\"],\"inLanguage\":\"en-US\",\"potentialAction\":[{\"@type\":\"CommentAction\",\"name\":\"Comment\",\"target\":[\"https:\\\/\\\/web.oirsa.org\\\/archivos\\\/4037#respond\"]}]},{\"@type\":\"WebPage\",\"@id\":\"https:\\\/\\\/web.oirsa.org\\\/archivos\\\/4037\",\"url\":\"https:\\\/\\\/web.oirsa.org\\\/archivos\\\/4037\",\"name\":\"MAG y OIRSA efect\u00faan reuni\u00f3n t\u00e9cnica-administrativa en El Salvador - OIRSA\",\"isPartOf\":{\"@id\":\"https:\\\/\\\/web.oirsa.org\\\/#website\"},\"primaryImageOfPage\":{\"@id\":\"https:\\\/\\\/web.oirsa.org\\\/archivos\\\/4037#primaryimage\"},\"image\":{\"@id\":\"https:\\\/\\\/web.oirsa.org\\\/archivos\\\/4037#primaryimage\"},\"thumbnailUrl\":\"https:\\\/\\\/web.oirsa.org\\\/wp-content\\\/uploads\\\/2021\\\/12\\\/7-MAGreunion.jpg\",\"datePublished\":\"2021-12-14T01:59:23+00:00\",\"dateModified\":\"2021-12-14T01:59:24+00:00\",\"description\":\"Funcionarios del OIRSA y el Ministerio de Agricultura y Ganader\u00eda (MAG) acordaron las prioridades de los programas y proyectos ejecutados en 2019 en\",\"breadcrumb\":{\"@id\":\"https:\\\/\\\/web.oirsa.org\\\/archivos\\\/4037#breadcrumb\"},\"inLanguage\":\"en-US\",\"potentialAction\":[{\"@type\":\"ReadAction\",\"target\":[\"https:\\\/\\\/web.oirsa.org\\\/archivos\\\/4037\"]}]},{\"@type\":\"ImageObject\",\"inLanguage\":\"en-US\",\"@id\":\"https:\\\/\\\/web.oirsa.org\\\/archivos\\\/4037#primaryimage\",\"url\":\"https:\\\/\\\/web.oirsa.org\\\/wp-content\\\/uploads\\\/2021\\\/12\\\/7-MAGreunion.jpg\",\"contentUrl\":\"https:\\\/\\\/web.oirsa.org\\\/wp-content\\\/uploads\\\/2021\\\/12\\\/7-MAGreunion.jpg\"},{\"@type\":\"BreadcrumbList\",\"@id\":\"https:\\\/\\\/web.oirsa.org\\\/archivos\\\/4037#breadcrumb\",\"itemListElement\":[{\"@type\":\"ListItem\",\"position\":1,\"name\":\"Portada\",\"item\":\"https:\\\/\\\/web.oirsa.org\\\/\"},{\"@type\":\"ListItem\",\"position\":2,\"name\":\"MAG y OIRSA efect\u00faan reuni\u00f3n t\u00e9cnica-administrativa en El Salvador\"}]},{\"@type\":\"WebSite\",\"@id\":\"https:\\\/\\\/web.oirsa.org\\\/#website\",\"url\":\"https:\\\/\\\/web.oirsa.org\\\/\",\"name\":\"OIRSA\",\"description\":\"Organismo Internacional Regional de Sanidad Agropecuaria\",\"publisher\":{\"@id\":\"https:\\\/\\\/web.oirsa.org\\\/#organization\"},\"potentialAction\":[{\"@type\":\"SearchAction\",\"target\":{\"@type\":\"EntryPoint\",\"urlTemplate\":\"https:\\\/\\\/web.oirsa.org\\\/?s={search_term_string}\"},\"query-input\":{\"@type\":\"PropertyValueSpecification\",\"valueRequired\":true,\"valueName\":\"search_term_string\"}}],\"inLanguage\":\"en-US\"},{\"@type\":\"Organization\",\"@id\":\"https:\\\/\\\/web.oirsa.org\\\/#organization\",\"name\":\"OIRSA\",\"url\":\"https:\\\/\\\/web.oirsa.org\\\/\",\"logo\":{\"@type\":\"ImageObject\",\"inLanguage\":\"en-US\",\"@id\":\"https:\\\/\\\/web.oirsa.org\\\/#\\\/schema\\\/logo\\\/image\\\/\",\"url\":\"https:\\\/\\\/web.oirsa.org\\\/wp-content\\\/uploads\\\/2024\\\/01\\\/cropped-LOGO-OIRSA-2023.png\",\"contentUrl\":\"https:\\\/\\\/web.oirsa.org\\\/wp-content\\\/uploads\\\/2024\\\/01\\\/cropped-LOGO-OIRSA-2023.png\",\"width\":512,\"height\":512,\"caption\":\"OIRSA\"},\"image\":{\"@id\":\"https:\\\/\\\/web.oirsa.org\\\/#\\\/schema\\\/logo\\\/image\\\/\"},\"sameAs\":[\"https:\\\/\\\/www.facebook.com\\\/OIRSAoficial\",\"https:\\\/\\\/x.com\\\/OIRSAoficial\"]},{\"@type\":\"Person\",\"@id\":\"https:\\\/\\\/web.oirsa.org\\\/#\\\/schema\\\/person\\\/698e7776162ddf630ab36c5946d818ab\",\"name\":\"sigfredoramirez\",\"image\":{\"@type\":\"ImageObject\",\"inLanguage\":\"en-US\",\"@id\":\"https:\\\/\\\/secure.gravatar.com\\\/avatar\\\/cff1a22def7b03563530f2ba16145a6b6b5acbabc1f530f59eb045d7e21222e2?s=96&d=identicon&r=g\",\"url\":\"https:\\\/\\\/secure.gravatar.com\\\/avatar\\\/cff1a22def7b03563530f2ba16145a6b6b5acbabc1f530f59eb045d7e21222e2?s=96&d=identicon&r=g\",\"contentUrl\":\"https:\\\/\\\/secure.gravatar.com\\\/avatar\\\/cff1a22def7b03563530f2ba16145a6b6b5acbabc1f530f59eb045d7e21222e2?s=96&d=identicon&r=g\",\"caption\":\"sigfredoramirez\"}}]}<\/script>\n<!-- \/ Yoast SEO plugin. -->","yoast_head_json":{"title":"MAG y OIRSA efect\u00faan reuni\u00f3n t\u00e9cnica-administrativa en El Salvador - OIRSA","description":"Funcionarios del OIRSA y el Ministerio de Agricultura y Ganader\u00eda (MAG) acordaron las prioridades de los programas y proyectos ejecutados en 2019 en","robots":{"index":"index","follow":"follow","max-snippet":"max-snippet:-1","max-image-preview":"max-image-preview:large","max-video-preview":"max-video-preview:-1"},"canonical":"https:\/\/web.oirsa.org\/en\/archivos\/4037\/","og_locale":"en_US","og_type":"article","og_title":"MAG y OIRSA efect\u00faan reuni\u00f3n t\u00e9cnica-administrativa en El Salvador - OIRSA","og_description":"Funcionarios del OIRSA y el Ministerio de Agricultura y Ganader\u00eda (MAG) acordaron las prioridades de los programas y proyectos ejecutados en 2019 en","og_url":"https:\/\/web.oirsa.org\/en\/archivos\/4037\/","og_site_name":"OIRSA","article_publisher":"https:\/\/www.facebook.com\/OIRSAoficial","article_published_time":"2021-12-14T01:59:23+00:00","article_modified_time":"2021-12-14T01:59:24+00:00","og_image":[{"url":"https:\/\/web.oirsa.org\/wp-content\/uploads\/2021\/12\/7-MAGreunion.jpg","type":"","width":"","height":""}],"author":"sigfredoramirez","twitter_card":"summary_large_image","twitter_creator":"@OIRSAoficial","twitter_site":"@OIRSAoficial","twitter_misc":{"Written by":"sigfredoramirez","Est. reading time":"1 minute"},"schema":{"@context":"https:\/\/schema.org","@graph":[{"@type":"Article","@id":"https:\/\/web.oirsa.org\/archivos\/4037#article","isPartOf":{"@id":"https:\/\/web.oirsa.org\/archivos\/4037"},"author":{"name":"sigfredoramirez","@id":"https:\/\/web.oirsa.org\/#\/schema\/person\/698e7776162ddf630ab36c5946d818ab"},"headline":"MAG y OIRSA efect\u00faan reuni\u00f3n t\u00e9cnica-administrativa en El Salvador","datePublished":"2021-12-14T01:59:23+00:00","dateModified":"2021-12-14T01:59:24+00:00","mainEntityOfPage":{"@id":"https:\/\/web.oirsa.org\/archivos\/4037"},"wordCount":279,"commentCount":0,"publisher":{"@id":"https:\/\/web.oirsa.org\/#organization"},"image":{"@id":"https:\/\/web.oirsa.org\/archivos\/4037#primaryimage"},"thumbnailUrl":"https:\/\/web.oirsa.org\/wp-content\/uploads\/2021\/12\/7-MAGreunion.jpg","articleSection":["Noticias"],"inLanguage":"en-US","potentialAction":[{"@type":"CommentAction","name":"Comment","target":["https:\/\/web.oirsa.org\/archivos\/4037#respond"]}]},{"@type":"WebPage","@id":"https:\/\/web.oirsa.org\/archivos\/4037","url":"https:\/\/web.oirsa.org\/archivos\/4037","name":"MAG y OIRSA efect\u00faan reuni\u00f3n t\u00e9cnica-administrativa en El Salvador - OIRSA","isPartOf":{"@id":"https:\/\/web.oirsa.org\/#website"},"primaryImageOfPage":{"@id":"https:\/\/web.oirsa.org\/archivos\/4037#primaryimage"},"image":{"@id":"https:\/\/web.oirsa.org\/archivos\/4037#primaryimage"},"thumbnailUrl":"https:\/\/web.oirsa.org\/wp-content\/uploads\/2021\/12\/7-MAGreunion.jpg","datePublished":"2021-12-14T01:59:23+00:00","dateModified":"2021-12-14T01:59:24+00:00","description":"Funcionarios del OIRSA y el Ministerio de Agricultura y Ganader\u00eda (MAG) acordaron las prioridades de los programas y proyectos ejecutados en 2019 en","breadcrumb":{"@id":"https:\/\/web.oirsa.org\/archivos\/4037#breadcrumb"},"inLanguage":"en-US","potentialAction":[{"@type":"ReadAction","target":["https:\/\/web.oirsa.org\/archivos\/4037"]}]},{"@type":"ImageObject","inLanguage":"en-US","@id":"https:\/\/web.oirsa.org\/archivos\/4037#primaryimage","url":"https:\/\/web.oirsa.org\/wp-content\/uploads\/2021\/12\/7-MAGreunion.jpg","contentUrl":"https:\/\/web.oirsa.org\/wp-content\/uploads\/2021\/12\/7-MAGreunion.jpg"},{"@type":"BreadcrumbList","@id":"https:\/\/web.oirsa.org\/archivos\/4037#breadcrumb","itemListElement":[{"@type":"ListItem","position":1,"name":"Portada","item":"https:\/\/web.oirsa.org\/"},{"@type":"ListItem","position":2,"name":"MAG y OIRSA efect\u00faan reuni\u00f3n t\u00e9cnica-administrativa en El Salvador"}]},{"@type":"WebSite","@id":"https:\/\/web.oirsa.org\/#website","url":"https:\/\/web.oirsa.org\/","name":"OIRSA","description":"Organismo Internacional Regional de Sanidad Agropecuaria","publisher":{"@id":"https:\/\/web.oirsa.org\/#organization"},"potentialAction":[{"@type":"SearchAction","target":{"@type":"EntryPoint","urlTemplate":"https:\/\/web.oirsa.org\/?s={search_term_string}"},"query-input":{"@type":"PropertyValueSpecification","valueRequired":true,"valueName":"search_term_string"}}],"inLanguage":"en-US"},{"@type":"Organization","@id":"https:\/\/web.oirsa.org\/#organization","name":"OIRSA","url":"https:\/\/web.oirsa.org\/","logo":{"@type":"ImageObject","inLanguage":"en-US","@id":"https:\/\/web.oirsa.org\/#\/schema\/logo\/image\/","url":"https:\/\/web.oirsa.org\/wp-content\/uploads\/2024\/01\/cropped-LOGO-OIRSA-2023.png","contentUrl":"https:\/\/web.oirsa.org\/wp-content\/uploads\/2024\/01\/cropped-LOGO-OIRSA-2023.png","width":512,"height":512,"caption":"OIRSA"},"image":{"@id":"https:\/\/web.oirsa.org\/#\/schema\/logo\/image\/"},"sameAs":["https:\/\/www.facebook.com\/OIRSAoficial","https:\/\/x.com\/OIRSAoficial"]},{"@type":"Person","@id":"https:\/\/web.oirsa.org\/#\/schema\/person\/698e7776162ddf630ab36c5946d818ab","name":"sigfredoramirez","image":{"@type":"ImageObject","inLanguage":"en-US","@id":"https:\/\/secure.gravatar.com\/avatar\/cff1a22def7b03563530f2ba16145a6b6b5acbabc1f530f59eb045d7e21222e2?s=96&d=identicon&r=g","url":"https:\/\/secure.gravatar.com\/avatar\/cff1a22def7b03563530f2ba16145a6b6b5acbabc1f530f59eb045d7e21222e2?s=96&d=identicon&r=g","contentUrl":"https:\/\/secure.gravatar.com\/avatar\/cff1a22def7b03563530f2ba16145a6b6b5acbabc1f530f59eb045d7e21222e2?s=96&d=identicon&r=g","caption":"sigfredoramirez"}}]}},"jetpack_featured_media_url":"","jetpack_sharing_enabled":true,"_links":{"self":[{"href":"https:\/\/web.oirsa.org\/en\/wp-json\/wp\/v2\/posts\/4037","targetHints":{"allow":["GET"]}}],"collection":[{"href":"https:\/\/web.oirsa.org\/en\/wp-json\/wp\/v2\/posts"}],"about":[{"href":"https:\/\/web.oirsa.org\/en\/wp-json\/wp\/v2\/types\/post"}],"author":[{"embeddable":true,"href":"https:\/\/web.oirsa.org\/en\/wp-json\/wp\/v2\/users\/213237738"}],"replies":[{"embeddable":true,"href":"https:\/\/web.oirsa.org\/en\/wp-json\/wp\/v2\/comments?post=4037"}],"version-history":[{"count":1,"href":"https:\/\/web.oirsa.org\/en\/wp-json\/wp\/v2\/posts\/4037\/revisions"}],"predecessor-version":[{"id":4039,"href":"https:\/\/web.oirsa.org\/en\/wp-json\/wp\/v2\/posts\/4037\/revisions\/4039"}],"wp:attachment":[{"href":"https:\/\/web.oirsa.org\/en\/wp-json\/wp\/v2\/media?parent=4037"}],"wp:term":[{"taxonomy":"category","embeddable":true,"href":"https:\/\/web.oirsa.org\/en\/wp-json\/wp\/v2\/categories?post=4037"},{"taxonomy":"post_tag","embeddable":true,"href":"https:\/\/web.oirsa.org\/en\/wp-json\/wp\/v2\/tags?post=4037"}],"curies":[{"name":"wp","href":"https:\/\/api.w.org\/{rel}","templated":true}]}}