{"id":4013,"date":"2021-12-13T19:50:11","date_gmt":"2021-12-14T01:50:11","guid":{"rendered":"http:\/\/10.103.20.84\/?p=4013"},"modified":"2021-12-13T19:50:12","modified_gmt":"2021-12-14T01:50:12","slug":"efectuan-encuentro-regional-de-autoridades-de-agricultura-ante-alerta-por-foc-r4t","status":"publish","type":"post","link":"https:\/\/web.oirsa.org\/en\/archivos\/4013","title":{"rendered":"Efect\u00faan encuentro regional de autoridades de Agricultura ante alerta por Foc R4T"},"content":{"rendered":"<p class=\"wp-block-paragraph\"><em>Ecuador fue anfitri\u00f3n de reuni\u00f3n en la que titulares de Agricultura y Ganader\u00eda de regi\u00f3n de OIRSA destacaron fortalecimiento de vigilancia fitosanitaria, bioseguridad y diagn\u00f3stico de Foc R4T.&nbsp;<\/em><\/p>\n\n\n\n<div class=\"wp-block-image\"><figure class=\"alignright size-full is-resized\"><img data-recalc-dims=\"1\" loading=\"lazy\" decoding=\"async\" src=\"https:\/\/i0.wp.com\/web.oirsa.org\/wp-content\/uploads\/2021\/12\/EcuadorGrupo1b.jpg?resize=515%2C229&#038;ssl=1\" alt=\"\" class=\"wp-image-4014\" width=\"515\" height=\"229\" srcset=\"https:\/\/i0.wp.com\/web.oirsa.org\/wp-content\/uploads\/2021\/12\/EcuadorGrupo1b.jpg?w=900&amp;ssl=1 900w, https:\/\/i0.wp.com\/web.oirsa.org\/wp-content\/uploads\/2021\/12\/EcuadorGrupo1b.jpg?resize=300%2C133&amp;ssl=1 300w, https:\/\/i0.wp.com\/web.oirsa.org\/wp-content\/uploads\/2021\/12\/EcuadorGrupo1b.jpg?resize=768%2C341&amp;ssl=1 768w\" sizes=\"auto, (max-width: 515px) 100vw, 515px\" \/><\/figure><\/div>\n\n\n\n<p class=\"wp-block-paragraph\"><strong>Mi\u00e9rcoles, 7 de agosto de 2019.&nbsp;<\/strong>Ante la amenaza que representa para el continente la enfermedad de la marchitez por fusariosis en los cultivos de mus\u00e1ceas (<a href=\"https:\/\/www.oirsa.org\/informacion.aspx?id=86\">Foc R4T<\/a>), los ministros de Agricultura y Ganader\u00eda de Am\u00e9rica Latina y el Caribe participaron en un encuentro regional en el que evaluaron las acciones que se est\u00e1n desarrollando para su prevenci\u00f3n. La actividad se realiz\u00f3 el 5 de agosto de 2019 en Quito, Ecuador.<\/p>\n\n\n\n<p class=\"wp-block-paragraph\">En el marco de la reuni\u00f3n, los ministros de Agricultura \u2013o sus delegados\u2013 firmaron una \u201cDeclaraci\u00f3n Regional de Autoridades Agropecuarias sobre FocR4T\u201d, en el que se pondera la potencial amenaza que representa el&nbsp;<em>Fusarium oxysporum<\/em>&nbsp;f.sp. cubense Raza 4 Tropical (Foc R4T), para los pa\u00edses productores de mus\u00e1ceas (banano y pl\u00e1tano). Esta es considerada una plaga cuarentenaria que limita la producci\u00f3n de estos cultivos.<\/p>\n\n\n\n<p class=\"wp-block-paragraph\">Por parte del OIRSA, el director ejecutivo del Organismo, Efra\u00edn Medina, particip\u00f3 en el encuentro y, a su vez, convoc\u00f3 a los representantes de los pa\u00edses miembros del OIRSA\u00a0 \u2013M\u00e9xico, Centroam\u00e9rica y Rep\u00fablica Dominicana\u2013. Durante su intervenci\u00f3n, Medina destac\u00f3 el apoyo que los pa\u00edses de la regi\u00f3n\u00a0OIRSA han brindado a Ecuador\u00a0ante la amenaza de un brote de FocR4T en las plantaciones de mus\u00e1ceas del pa\u00eds.<\/p>\n\n\n\n<p class=\"wp-block-paragraph\">Asimismo, el director ejecutivo de OIRSA dio a conocer la iniciativa de conformaci\u00f3n del Comando Latinoamericano regional ante un posible brote de Foc R4T. Por su parte, para hacer frente a esta plaga, los ministros de Agricultura enfatizaron la importancia de \u00a0difundir medidas de prevenci\u00f3n\u00a0y el estricto cumplimiento de medidas de bioseguridad para viajeros que visiten pa\u00edses donde exista la presencia de Foc R4T.<\/p>\n\n\n\n<p class=\"wp-block-paragraph\">Adem\u00e1s, consideraron necesario generar oportunidades de financiamiento para ejecutar proyectos de investigaci\u00f3n que apoyen el Plan de Acci\u00f3n Regional desarrollado por el OIRSA. En la reuni\u00f3n particip\u00f3 el director en jefe de SENASICA de M\u00e9xico y presidente de la Conveni\u00f3n Internacional de Protecci\u00f3n Fitosanitaria (CIPF), Javier Trujillo, entre otros funcionarios de la regi\u00f3n del OIRSA.<\/p>","protected":false},"excerpt":{"rendered":"<p>Ecuador fue anfitri\u00f3n de reuni\u00f3n en la que titulares de Agricultura y Ganader\u00eda de regi\u00f3n de OIRSA destacaron fortalecimiento de [&hellip;]<\/p>\n","protected":false},"author":213237738,"featured_media":0,"comment_status":"open","ping_status":"open","sticky":false,"template":"","format":"standard","meta":{"_coblocks_attr":"","_coblocks_dimensions":"","_coblocks_responsive_height":"","_coblocks_accordion_ie_support":"","_crdt_document":"","_jetpack_memberships_contains_paid_content":false,"footnotes":""},"categories":[121903],"tags":[],"class_list":["post-4013","post","type-post","status-publish","format-standard","hentry","category-noticias"],"yoast_head":"<!-- This site is optimized with the Yoast SEO plugin v27.4 - https:\/\/yoast.com\/product\/yoast-seo-wordpress\/ -->\n<title>Efect\u00faan encuentro regional de autoridades de Agricultura ante alerta por Foc R4T - OIRSA<\/title>\n<meta name=\"description\" content=\"Ecuador fue anfitri\u00f3n de reuni\u00f3n en la que titulares de Agricultura y Ganader\u00eda de regi\u00f3n de OIRSA destacaron fortalecimiento de vigilancia fitosanitaria,\" \/>\n<meta name=\"robots\" content=\"index, follow, max-snippet:-1, max-image-preview:large, max-video-preview:-1\" \/>\n<link rel=\"canonical\" href=\"https:\/\/web.oirsa.org\/en\/archivos\/4013\/\" \/>\n<meta property=\"og:locale\" content=\"en_US\" \/>\n<meta property=\"og:type\" content=\"article\" \/>\n<meta property=\"og:title\" content=\"Efect\u00faan encuentro regional de autoridades de Agricultura ante alerta por Foc R4T - OIRSA\" \/>\n<meta property=\"og:description\" content=\"Ecuador fue anfitri\u00f3n de reuni\u00f3n en la que titulares de Agricultura y Ganader\u00eda de regi\u00f3n de OIRSA destacaron fortalecimiento de vigilancia fitosanitaria,\" \/>\n<meta property=\"og:url\" content=\"https:\/\/web.oirsa.org\/en\/archivos\/4013\/\" \/>\n<meta property=\"og:site_name\" content=\"OIRSA\" \/>\n<meta property=\"article:publisher\" content=\"https:\/\/www.facebook.com\/OIRSAoficial\" \/>\n<meta property=\"article:published_time\" content=\"2021-12-14T01:50:11+00:00\" \/>\n<meta property=\"article:modified_time\" content=\"2021-12-14T01:50:12+00:00\" \/>\n<meta property=\"og:image\" content=\"https:\/\/web.oirsa.org\/wp-content\/uploads\/2021\/12\/EcuadorGrupo1b.jpg\" \/>\n<meta name=\"author\" content=\"sigfredoramirez\" \/>\n<meta name=\"twitter:card\" content=\"summary_large_image\" \/>\n<meta name=\"twitter:creator\" content=\"@OIRSAoficial\" \/>\n<meta name=\"twitter:site\" content=\"@OIRSAoficial\" \/>\n<meta name=\"twitter:label1\" content=\"Written by\" \/>\n\t<meta name=\"twitter:data1\" content=\"sigfredoramirez\" \/>\n\t<meta name=\"twitter:label2\" content=\"Est. reading time\" \/>\n\t<meta name=\"twitter:data2\" content=\"2 minutes\" \/>\n<script type=\"application\/ld+json\" class=\"yoast-schema-graph\">{\"@context\":\"https:\\\/\\\/schema.org\",\"@graph\":[{\"@type\":\"Article\",\"@id\":\"https:\\\/\\\/web.oirsa.org\\\/archivos\\\/4013#article\",\"isPartOf\":{\"@id\":\"https:\\\/\\\/web.oirsa.org\\\/archivos\\\/4013\"},\"author\":{\"name\":\"sigfredoramirez\",\"@id\":\"https:\\\/\\\/web.oirsa.org\\\/#\\\/schema\\\/person\\\/698e7776162ddf630ab36c5946d818ab\"},\"headline\":\"Efect\u00faan encuentro regional de autoridades de Agricultura ante alerta por Foc R4T\",\"datePublished\":\"2021-12-14T01:50:11+00:00\",\"dateModified\":\"2021-12-14T01:50:12+00:00\",\"mainEntityOfPage\":{\"@id\":\"https:\\\/\\\/web.oirsa.org\\\/archivos\\\/4013\"},\"wordCount\":409,\"commentCount\":0,\"publisher\":{\"@id\":\"https:\\\/\\\/web.oirsa.org\\\/#organization\"},\"image\":{\"@id\":\"https:\\\/\\\/web.oirsa.org\\\/archivos\\\/4013#primaryimage\"},\"thumbnailUrl\":\"https:\\\/\\\/web.oirsa.org\\\/wp-content\\\/uploads\\\/2021\\\/12\\\/EcuadorGrupo1b.jpg\",\"articleSection\":[\"Noticias\"],\"inLanguage\":\"en-US\",\"potentialAction\":[{\"@type\":\"CommentAction\",\"name\":\"Comment\",\"target\":[\"https:\\\/\\\/web.oirsa.org\\\/archivos\\\/4013#respond\"]}]},{\"@type\":\"WebPage\",\"@id\":\"https:\\\/\\\/web.oirsa.org\\\/archivos\\\/4013\",\"url\":\"https:\\\/\\\/web.oirsa.org\\\/archivos\\\/4013\",\"name\":\"Efect\u00faan encuentro regional de autoridades de Agricultura ante alerta por Foc R4T - OIRSA\",\"isPartOf\":{\"@id\":\"https:\\\/\\\/web.oirsa.org\\\/#website\"},\"primaryImageOfPage\":{\"@id\":\"https:\\\/\\\/web.oirsa.org\\\/archivos\\\/4013#primaryimage\"},\"image\":{\"@id\":\"https:\\\/\\\/web.oirsa.org\\\/archivos\\\/4013#primaryimage\"},\"thumbnailUrl\":\"https:\\\/\\\/web.oirsa.org\\\/wp-content\\\/uploads\\\/2021\\\/12\\\/EcuadorGrupo1b.jpg\",\"datePublished\":\"2021-12-14T01:50:11+00:00\",\"dateModified\":\"2021-12-14T01:50:12+00:00\",\"description\":\"Ecuador fue anfitri\u00f3n de reuni\u00f3n en la que titulares de Agricultura y Ganader\u00eda de regi\u00f3n de OIRSA destacaron fortalecimiento de vigilancia fitosanitaria,\",\"breadcrumb\":{\"@id\":\"https:\\\/\\\/web.oirsa.org\\\/archivos\\\/4013#breadcrumb\"},\"inLanguage\":\"en-US\",\"potentialAction\":[{\"@type\":\"ReadAction\",\"target\":[\"https:\\\/\\\/web.oirsa.org\\\/archivos\\\/4013\"]}]},{\"@type\":\"ImageObject\",\"inLanguage\":\"en-US\",\"@id\":\"https:\\\/\\\/web.oirsa.org\\\/archivos\\\/4013#primaryimage\",\"url\":\"https:\\\/\\\/web.oirsa.org\\\/wp-content\\\/uploads\\\/2021\\\/12\\\/EcuadorGrupo1b.jpg\",\"contentUrl\":\"https:\\\/\\\/web.oirsa.org\\\/wp-content\\\/uploads\\\/2021\\\/12\\\/EcuadorGrupo1b.jpg\"},{\"@type\":\"BreadcrumbList\",\"@id\":\"https:\\\/\\\/web.oirsa.org\\\/archivos\\\/4013#breadcrumb\",\"itemListElement\":[{\"@type\":\"ListItem\",\"position\":1,\"name\":\"Portada\",\"item\":\"https:\\\/\\\/web.oirsa.org\\\/\"},{\"@type\":\"ListItem\",\"position\":2,\"name\":\"Efect\u00faan encuentro regional de autoridades de Agricultura ante alerta por Foc R4T\"}]},{\"@type\":\"WebSite\",\"@id\":\"https:\\\/\\\/web.oirsa.org\\\/#website\",\"url\":\"https:\\\/\\\/web.oirsa.org\\\/\",\"name\":\"OIRSA\",\"description\":\"Organismo Internacional Regional de Sanidad Agropecuaria\",\"publisher\":{\"@id\":\"https:\\\/\\\/web.oirsa.org\\\/#organization\"},\"potentialAction\":[{\"@type\":\"SearchAction\",\"target\":{\"@type\":\"EntryPoint\",\"urlTemplate\":\"https:\\\/\\\/web.oirsa.org\\\/?s={search_term_string}\"},\"query-input\":{\"@type\":\"PropertyValueSpecification\",\"valueRequired\":true,\"valueName\":\"search_term_string\"}}],\"inLanguage\":\"en-US\"},{\"@type\":\"Organization\",\"@id\":\"https:\\\/\\\/web.oirsa.org\\\/#organization\",\"name\":\"OIRSA\",\"url\":\"https:\\\/\\\/web.oirsa.org\\\/\",\"logo\":{\"@type\":\"ImageObject\",\"inLanguage\":\"en-US\",\"@id\":\"https:\\\/\\\/web.oirsa.org\\\/#\\\/schema\\\/logo\\\/image\\\/\",\"url\":\"https:\\\/\\\/web.oirsa.org\\\/wp-content\\\/uploads\\\/2024\\\/01\\\/cropped-LOGO-OIRSA-2023.png\",\"contentUrl\":\"https:\\\/\\\/web.oirsa.org\\\/wp-content\\\/uploads\\\/2024\\\/01\\\/cropped-LOGO-OIRSA-2023.png\",\"width\":512,\"height\":512,\"caption\":\"OIRSA\"},\"image\":{\"@id\":\"https:\\\/\\\/web.oirsa.org\\\/#\\\/schema\\\/logo\\\/image\\\/\"},\"sameAs\":[\"https:\\\/\\\/www.facebook.com\\\/OIRSAoficial\",\"https:\\\/\\\/x.com\\\/OIRSAoficial\"]},{\"@type\":\"Person\",\"@id\":\"https:\\\/\\\/web.oirsa.org\\\/#\\\/schema\\\/person\\\/698e7776162ddf630ab36c5946d818ab\",\"name\":\"sigfredoramirez\",\"image\":{\"@type\":\"ImageObject\",\"inLanguage\":\"en-US\",\"@id\":\"https:\\\/\\\/secure.gravatar.com\\\/avatar\\\/cff1a22def7b03563530f2ba16145a6b6b5acbabc1f530f59eb045d7e21222e2?s=96&d=identicon&r=g\",\"url\":\"https:\\\/\\\/secure.gravatar.com\\\/avatar\\\/cff1a22def7b03563530f2ba16145a6b6b5acbabc1f530f59eb045d7e21222e2?s=96&d=identicon&r=g\",\"contentUrl\":\"https:\\\/\\\/secure.gravatar.com\\\/avatar\\\/cff1a22def7b03563530f2ba16145a6b6b5acbabc1f530f59eb045d7e21222e2?s=96&d=identicon&r=g\",\"caption\":\"sigfredoramirez\"}}]}<\/script>\n<!-- \/ Yoast SEO plugin. -->","yoast_head_json":{"title":"Efect\u00faan encuentro regional de autoridades de Agricultura ante alerta por Foc R4T - OIRSA","description":"Ecuador fue anfitri\u00f3n de reuni\u00f3n en la que titulares de Agricultura y Ganader\u00eda de regi\u00f3n de OIRSA destacaron fortalecimiento de vigilancia fitosanitaria,","robots":{"index":"index","follow":"follow","max-snippet":"max-snippet:-1","max-image-preview":"max-image-preview:large","max-video-preview":"max-video-preview:-1"},"canonical":"https:\/\/web.oirsa.org\/en\/archivos\/4013\/","og_locale":"en_US","og_type":"article","og_title":"Efect\u00faan encuentro regional de autoridades de Agricultura ante alerta por Foc R4T - OIRSA","og_description":"Ecuador fue anfitri\u00f3n de reuni\u00f3n en la que titulares de Agricultura y Ganader\u00eda de regi\u00f3n de OIRSA destacaron fortalecimiento de vigilancia fitosanitaria,","og_url":"https:\/\/web.oirsa.org\/en\/archivos\/4013\/","og_site_name":"OIRSA","article_publisher":"https:\/\/www.facebook.com\/OIRSAoficial","article_published_time":"2021-12-14T01:50:11+00:00","article_modified_time":"2021-12-14T01:50:12+00:00","og_image":[{"url":"https:\/\/web.oirsa.org\/wp-content\/uploads\/2021\/12\/EcuadorGrupo1b.jpg","type":"","width":"","height":""}],"author":"sigfredoramirez","twitter_card":"summary_large_image","twitter_creator":"@OIRSAoficial","twitter_site":"@OIRSAoficial","twitter_misc":{"Written by":"sigfredoramirez","Est. reading time":"2 minutes"},"schema":{"@context":"https:\/\/schema.org","@graph":[{"@type":"Article","@id":"https:\/\/web.oirsa.org\/archivos\/4013#article","isPartOf":{"@id":"https:\/\/web.oirsa.org\/archivos\/4013"},"author":{"name":"sigfredoramirez","@id":"https:\/\/web.oirsa.org\/#\/schema\/person\/698e7776162ddf630ab36c5946d818ab"},"headline":"Efect\u00faan encuentro regional de autoridades de Agricultura ante alerta por Foc R4T","datePublished":"2021-12-14T01:50:11+00:00","dateModified":"2021-12-14T01:50:12+00:00","mainEntityOfPage":{"@id":"https:\/\/web.oirsa.org\/archivos\/4013"},"wordCount":409,"commentCount":0,"publisher":{"@id":"https:\/\/web.oirsa.org\/#organization"},"image":{"@id":"https:\/\/web.oirsa.org\/archivos\/4013#primaryimage"},"thumbnailUrl":"https:\/\/web.oirsa.org\/wp-content\/uploads\/2021\/12\/EcuadorGrupo1b.jpg","articleSection":["Noticias"],"inLanguage":"en-US","potentialAction":[{"@type":"CommentAction","name":"Comment","target":["https:\/\/web.oirsa.org\/archivos\/4013#respond"]}]},{"@type":"WebPage","@id":"https:\/\/web.oirsa.org\/archivos\/4013","url":"https:\/\/web.oirsa.org\/archivos\/4013","name":"Efect\u00faan encuentro regional de autoridades de Agricultura ante alerta por Foc R4T - OIRSA","isPartOf":{"@id":"https:\/\/web.oirsa.org\/#website"},"primaryImageOfPage":{"@id":"https:\/\/web.oirsa.org\/archivos\/4013#primaryimage"},"image":{"@id":"https:\/\/web.oirsa.org\/archivos\/4013#primaryimage"},"thumbnailUrl":"https:\/\/web.oirsa.org\/wp-content\/uploads\/2021\/12\/EcuadorGrupo1b.jpg","datePublished":"2021-12-14T01:50:11+00:00","dateModified":"2021-12-14T01:50:12+00:00","description":"Ecuador fue anfitri\u00f3n de reuni\u00f3n en la que titulares de Agricultura y Ganader\u00eda de regi\u00f3n de OIRSA destacaron fortalecimiento de vigilancia fitosanitaria,","breadcrumb":{"@id":"https:\/\/web.oirsa.org\/archivos\/4013#breadcrumb"},"inLanguage":"en-US","potentialAction":[{"@type":"ReadAction","target":["https:\/\/web.oirsa.org\/archivos\/4013"]}]},{"@type":"ImageObject","inLanguage":"en-US","@id":"https:\/\/web.oirsa.org\/archivos\/4013#primaryimage","url":"https:\/\/web.oirsa.org\/wp-content\/uploads\/2021\/12\/EcuadorGrupo1b.jpg","contentUrl":"https:\/\/web.oirsa.org\/wp-content\/uploads\/2021\/12\/EcuadorGrupo1b.jpg"},{"@type":"BreadcrumbList","@id":"https:\/\/web.oirsa.org\/archivos\/4013#breadcrumb","itemListElement":[{"@type":"ListItem","position":1,"name":"Portada","item":"https:\/\/web.oirsa.org\/"},{"@type":"ListItem","position":2,"name":"Efect\u00faan encuentro regional de autoridades de Agricultura ante alerta por Foc R4T"}]},{"@type":"WebSite","@id":"https:\/\/web.oirsa.org\/#website","url":"https:\/\/web.oirsa.org\/","name":"OIRSA","description":"Organismo Internacional Regional de Sanidad Agropecuaria","publisher":{"@id":"https:\/\/web.oirsa.org\/#organization"},"potentialAction":[{"@type":"SearchAction","target":{"@type":"EntryPoint","urlTemplate":"https:\/\/web.oirsa.org\/?s={search_term_string}"},"query-input":{"@type":"PropertyValueSpecification","valueRequired":true,"valueName":"search_term_string"}}],"inLanguage":"en-US"},{"@type":"Organization","@id":"https:\/\/web.oirsa.org\/#organization","name":"OIRSA","url":"https:\/\/web.oirsa.org\/","logo":{"@type":"ImageObject","inLanguage":"en-US","@id":"https:\/\/web.oirsa.org\/#\/schema\/logo\/image\/","url":"https:\/\/web.oirsa.org\/wp-content\/uploads\/2024\/01\/cropped-LOGO-OIRSA-2023.png","contentUrl":"https:\/\/web.oirsa.org\/wp-content\/uploads\/2024\/01\/cropped-LOGO-OIRSA-2023.png","width":512,"height":512,"caption":"OIRSA"},"image":{"@id":"https:\/\/web.oirsa.org\/#\/schema\/logo\/image\/"},"sameAs":["https:\/\/www.facebook.com\/OIRSAoficial","https:\/\/x.com\/OIRSAoficial"]},{"@type":"Person","@id":"https:\/\/web.oirsa.org\/#\/schema\/person\/698e7776162ddf630ab36c5946d818ab","name":"sigfredoramirez","image":{"@type":"ImageObject","inLanguage":"en-US","@id":"https:\/\/secure.gravatar.com\/avatar\/cff1a22def7b03563530f2ba16145a6b6b5acbabc1f530f59eb045d7e21222e2?s=96&d=identicon&r=g","url":"https:\/\/secure.gravatar.com\/avatar\/cff1a22def7b03563530f2ba16145a6b6b5acbabc1f530f59eb045d7e21222e2?s=96&d=identicon&r=g","contentUrl":"https:\/\/secure.gravatar.com\/avatar\/cff1a22def7b03563530f2ba16145a6b6b5acbabc1f530f59eb045d7e21222e2?s=96&d=identicon&r=g","caption":"sigfredoramirez"}}]}},"jetpack_featured_media_url":"","jetpack_sharing_enabled":true,"_links":{"self":[{"href":"https:\/\/web.oirsa.org\/en\/wp-json\/wp\/v2\/posts\/4013","targetHints":{"allow":["GET"]}}],"collection":[{"href":"https:\/\/web.oirsa.org\/en\/wp-json\/wp\/v2\/posts"}],"about":[{"href":"https:\/\/web.oirsa.org\/en\/wp-json\/wp\/v2\/types\/post"}],"author":[{"embeddable":true,"href":"https:\/\/web.oirsa.org\/en\/wp-json\/wp\/v2\/users\/213237738"}],"replies":[{"embeddable":true,"href":"https:\/\/web.oirsa.org\/en\/wp-json\/wp\/v2\/comments?post=4013"}],"version-history":[{"count":1,"href":"https:\/\/web.oirsa.org\/en\/wp-json\/wp\/v2\/posts\/4013\/revisions"}],"predecessor-version":[{"id":4015,"href":"https:\/\/web.oirsa.org\/en\/wp-json\/wp\/v2\/posts\/4013\/revisions\/4015"}],"wp:attachment":[{"href":"https:\/\/web.oirsa.org\/en\/wp-json\/wp\/v2\/media?parent=4013"}],"wp:term":[{"taxonomy":"category","embeddable":true,"href":"https:\/\/web.oirsa.org\/en\/wp-json\/wp\/v2\/categories?post=4013"},{"taxonomy":"post_tag","embeddable":true,"href":"https:\/\/web.oirsa.org\/en\/wp-json\/wp\/v2\/tags?post=4013"}],"curies":[{"name":"wp","href":"https:\/\/api.w.org\/{rel}","templated":true}]}}