{"id":4010,"date":"2021-12-13T19:48:03","date_gmt":"2021-12-14T01:48:03","guid":{"rendered":"http:\/\/10.103.20.84\/?p=4010"},"modified":"2021-12-13T19:48:04","modified_gmt":"2021-12-14T01:48:04","slug":"costa-rica-director-ejecutivo-de-oirsa-efectua-reunion-de-trabajo-con-titular-de-mag-2","status":"publish","type":"post","link":"https:\/\/web.oirsa.org\/en\/archivos\/4010","title":{"rendered":"Costa Rica: director ejecutivo de OIRSA efect\u00faa reuni\u00f3n de trabajo con titular de MAG"},"content":{"rendered":"<p class=\"wp-block-paragraph\"><em>Se dio seguimiento a avance en acuerdos de OIRSA y Ministerio de Agricultura y Ganader\u00eda en Sanidad Vegetal, Salud Animal, Cuarentena y fortalecimiento de sistemas de vigilancia.&nbsp;&nbsp;<\/em><\/p>\n\n\n\n<div class=\"wp-block-image\"><figure class=\"alignright size-full is-resized\"><img data-recalc-dims=\"1\" loading=\"lazy\" decoding=\"async\" src=\"https:\/\/i0.wp.com\/web.oirsa.org\/wp-content\/uploads\/2021\/12\/14-MAGOIRSA.jpg?resize=525%2C233&#038;ssl=1\" alt=\"\" class=\"wp-image-4011\" width=\"525\" height=\"233\" srcset=\"https:\/\/i0.wp.com\/web.oirsa.org\/wp-content\/uploads\/2021\/12\/14-MAGOIRSA.jpg?w=900&amp;ssl=1 900w, https:\/\/i0.wp.com\/web.oirsa.org\/wp-content\/uploads\/2021\/12\/14-MAGOIRSA.jpg?resize=300%2C133&amp;ssl=1 300w, https:\/\/i0.wp.com\/web.oirsa.org\/wp-content\/uploads\/2021\/12\/14-MAGOIRSA.jpg?resize=768%2C341&amp;ssl=1 768w\" sizes=\"auto, (max-width: 525px) 100vw, 525px\" \/><\/figure><\/div>\n\n\n\n<p class=\"wp-block-paragraph\"><strong>Viernes, 2 de agosto de 2019.&nbsp;<\/strong>El ministro de&nbsp;<a href=\"http:\/\/www.mag.go.cr\/\">Agricultura y Ganader\u00eda<\/a>&nbsp;de Costa Rica, Renato Alvarado, y el director ejecutivo del OIRSA, Efra\u00edn Medina, sostuvieron una reuni\u00f3n en la que se evaluaron los avances de los acuerdos alcanzados en la \u00faltima reuni\u00f3n t\u00e9cnico-administrativa en el pa\u00eds. La actividad tuvo lugar el 30 de julio de 2019 en la ciudad de San Jos\u00e9, capital del pa\u00eds.<\/p>\n\n\n\n<p class=\"wp-block-paragraph\">En espec\u00edfico, Alvarado y Medina dialogaron en torno al fortalecimiento de programas y proyectos que se ejecutan en el pa\u00eds. El ministro Alvarado se mostr\u00f3 positivo al apoyo que el OIRSA puede brindar en el marco de la alerta regional por la marchitez por fusarium de las mus\u00e1ceas (<a href=\"https:\/\/www.oirsa.org\/informacion.aspx?id=86\">Foc R4T<\/a>). En espec\u00edfico, se solicit\u00f3 la llegada a Costa Rica de Unidades Caninas para la inspecci\u00f3n no intrusiva en aeropuertos del pa\u00eds. &nbsp;&nbsp;&nbsp;<\/p>\n\n\n\n<p class=\"wp-block-paragraph\">Asimismo, entre los temas tratados, las autoridades costarricenses solicitaron un diagn\u00f3stico de los arcos de aspersi\u00f3n del pa\u00eds por parte del\u00a0Servicio Internacional de Tratamientos Cuarentenarios\u00a0del OIRSA. En la reuni\u00f3n de trabajo tambi\u00e9n particip\u00f3 el director del Servicio Fitosanitario del Estado, Fernando Araya; la representante del OIRSA en el pa\u00eds, Gabriela Z\u00fa\u00f1iga; el asesor legal del Organismo, Juan Daniel Alem\u00e1n; entre otros.<\/p>","protected":false},"excerpt":{"rendered":"<p>Se dio seguimiento a avance en acuerdos de OIRSA y Ministerio de Agricultura y Ganader\u00eda en Sanidad Vegetal, Salud Animal, [&hellip;]<\/p>\n","protected":false},"author":213237738,"featured_media":0,"comment_status":"open","ping_status":"open","sticky":false,"template":"","format":"standard","meta":{"_coblocks_attr":"","_coblocks_dimensions":"","_coblocks_responsive_height":"","_coblocks_accordion_ie_support":"","_crdt_document":"","_jetpack_memberships_contains_paid_content":false,"footnotes":""},"categories":[121903],"tags":[],"class_list":["post-4010","post","type-post","status-publish","format-standard","hentry","category-noticias"],"yoast_head":"<!-- This site is optimized with the Yoast SEO plugin v27.4 - https:\/\/yoast.com\/product\/yoast-seo-wordpress\/ -->\n<title>Costa Rica: director ejecutivo de OIRSA efect\u00faa reuni\u00f3n de trabajo con titular de MAG - OIRSA<\/title>\n<meta name=\"description\" content=\"Se dio seguimiento a avance en acuerdos de OIRSA y Ministerio de Agricultura y Ganader\u00eda en Sanidad Vegetal, Salud Animal, Cuarentena y fortalecimiento de\" \/>\n<meta name=\"robots\" content=\"index, follow, max-snippet:-1, max-image-preview:large, max-video-preview:-1\" \/>\n<link rel=\"canonical\" href=\"https:\/\/web.oirsa.org\/en\/archivos\/4010\/\" \/>\n<meta property=\"og:locale\" content=\"en_US\" \/>\n<meta property=\"og:type\" content=\"article\" \/>\n<meta property=\"og:title\" content=\"Costa Rica: director ejecutivo de OIRSA efect\u00faa reuni\u00f3n de trabajo con titular de MAG - OIRSA\" \/>\n<meta property=\"og:description\" content=\"Se dio seguimiento a avance en acuerdos de OIRSA y Ministerio de Agricultura y Ganader\u00eda en Sanidad Vegetal, Salud Animal, Cuarentena y fortalecimiento de\" \/>\n<meta property=\"og:url\" content=\"https:\/\/web.oirsa.org\/en\/archivos\/4010\/\" \/>\n<meta property=\"og:site_name\" content=\"OIRSA\" \/>\n<meta property=\"article:publisher\" content=\"https:\/\/www.facebook.com\/OIRSAoficial\" \/>\n<meta property=\"article:published_time\" content=\"2021-12-14T01:48:03+00:00\" \/>\n<meta property=\"article:modified_time\" content=\"2021-12-14T01:48:04+00:00\" \/>\n<meta property=\"og:image\" content=\"https:\/\/web.oirsa.org\/wp-content\/uploads\/2021\/12\/14-MAGOIRSA.jpg\" \/>\n<meta name=\"author\" content=\"sigfredoramirez\" \/>\n<meta name=\"twitter:card\" content=\"summary_large_image\" \/>\n<meta name=\"twitter:creator\" content=\"@OIRSAoficial\" \/>\n<meta name=\"twitter:site\" content=\"@OIRSAoficial\" \/>\n<meta name=\"twitter:label1\" content=\"Written by\" \/>\n\t<meta name=\"twitter:data1\" content=\"sigfredoramirez\" \/>\n\t<meta name=\"twitter:label2\" content=\"Est. reading time\" \/>\n\t<meta name=\"twitter:data2\" content=\"1 minute\" \/>\n<script type=\"application\/ld+json\" class=\"yoast-schema-graph\">{\"@context\":\"https:\\\/\\\/schema.org\",\"@graph\":[{\"@type\":\"Article\",\"@id\":\"https:\\\/\\\/web.oirsa.org\\\/archivos\\\/4010#article\",\"isPartOf\":{\"@id\":\"https:\\\/\\\/web.oirsa.org\\\/archivos\\\/4010\"},\"author\":{\"name\":\"sigfredoramirez\",\"@id\":\"https:\\\/\\\/web.oirsa.org\\\/#\\\/schema\\\/person\\\/698e7776162ddf630ab36c5946d818ab\"},\"headline\":\"Costa Rica: director ejecutivo de OIRSA efect\u00faa reuni\u00f3n de trabajo con titular de MAG\",\"datePublished\":\"2021-12-14T01:48:03+00:00\",\"dateModified\":\"2021-12-14T01:48:04+00:00\",\"mainEntityOfPage\":{\"@id\":\"https:\\\/\\\/web.oirsa.org\\\/archivos\\\/4010\"},\"wordCount\":270,\"commentCount\":0,\"publisher\":{\"@id\":\"https:\\\/\\\/web.oirsa.org\\\/#organization\"},\"image\":{\"@id\":\"https:\\\/\\\/web.oirsa.org\\\/archivos\\\/4010#primaryimage\"},\"thumbnailUrl\":\"https:\\\/\\\/web.oirsa.org\\\/wp-content\\\/uploads\\\/2021\\\/12\\\/14-MAGOIRSA.jpg\",\"articleSection\":[\"Noticias\"],\"inLanguage\":\"en-US\",\"potentialAction\":[{\"@type\":\"CommentAction\",\"name\":\"Comment\",\"target\":[\"https:\\\/\\\/web.oirsa.org\\\/archivos\\\/4010#respond\"]}]},{\"@type\":\"WebPage\",\"@id\":\"https:\\\/\\\/web.oirsa.org\\\/archivos\\\/4010\",\"url\":\"https:\\\/\\\/web.oirsa.org\\\/archivos\\\/4010\",\"name\":\"Costa Rica: director ejecutivo de OIRSA efect\u00faa reuni\u00f3n de trabajo con titular de MAG - OIRSA\",\"isPartOf\":{\"@id\":\"https:\\\/\\\/web.oirsa.org\\\/#website\"},\"primaryImageOfPage\":{\"@id\":\"https:\\\/\\\/web.oirsa.org\\\/archivos\\\/4010#primaryimage\"},\"image\":{\"@id\":\"https:\\\/\\\/web.oirsa.org\\\/archivos\\\/4010#primaryimage\"},\"thumbnailUrl\":\"https:\\\/\\\/web.oirsa.org\\\/wp-content\\\/uploads\\\/2021\\\/12\\\/14-MAGOIRSA.jpg\",\"datePublished\":\"2021-12-14T01:48:03+00:00\",\"dateModified\":\"2021-12-14T01:48:04+00:00\",\"description\":\"Se dio seguimiento a avance en acuerdos de OIRSA y Ministerio de Agricultura y Ganader\u00eda en Sanidad Vegetal, Salud Animal, Cuarentena y fortalecimiento de\",\"breadcrumb\":{\"@id\":\"https:\\\/\\\/web.oirsa.org\\\/archivos\\\/4010#breadcrumb\"},\"inLanguage\":\"en-US\",\"potentialAction\":[{\"@type\":\"ReadAction\",\"target\":[\"https:\\\/\\\/web.oirsa.org\\\/archivos\\\/4010\"]}]},{\"@type\":\"ImageObject\",\"inLanguage\":\"en-US\",\"@id\":\"https:\\\/\\\/web.oirsa.org\\\/archivos\\\/4010#primaryimage\",\"url\":\"https:\\\/\\\/web.oirsa.org\\\/wp-content\\\/uploads\\\/2021\\\/12\\\/14-MAGOIRSA.jpg\",\"contentUrl\":\"https:\\\/\\\/web.oirsa.org\\\/wp-content\\\/uploads\\\/2021\\\/12\\\/14-MAGOIRSA.jpg\"},{\"@type\":\"BreadcrumbList\",\"@id\":\"https:\\\/\\\/web.oirsa.org\\\/archivos\\\/4010#breadcrumb\",\"itemListElement\":[{\"@type\":\"ListItem\",\"position\":1,\"name\":\"Portada\",\"item\":\"https:\\\/\\\/web.oirsa.org\\\/\"},{\"@type\":\"ListItem\",\"position\":2,\"name\":\"Costa Rica: director ejecutivo de OIRSA efect\u00faa reuni\u00f3n de trabajo con titular de MAG\"}]},{\"@type\":\"WebSite\",\"@id\":\"https:\\\/\\\/web.oirsa.org\\\/#website\",\"url\":\"https:\\\/\\\/web.oirsa.org\\\/\",\"name\":\"OIRSA\",\"description\":\"Organismo Internacional Regional de Sanidad Agropecuaria\",\"publisher\":{\"@id\":\"https:\\\/\\\/web.oirsa.org\\\/#organization\"},\"potentialAction\":[{\"@type\":\"SearchAction\",\"target\":{\"@type\":\"EntryPoint\",\"urlTemplate\":\"https:\\\/\\\/web.oirsa.org\\\/?s={search_term_string}\"},\"query-input\":{\"@type\":\"PropertyValueSpecification\",\"valueRequired\":true,\"valueName\":\"search_term_string\"}}],\"inLanguage\":\"en-US\"},{\"@type\":\"Organization\",\"@id\":\"https:\\\/\\\/web.oirsa.org\\\/#organization\",\"name\":\"OIRSA\",\"url\":\"https:\\\/\\\/web.oirsa.org\\\/\",\"logo\":{\"@type\":\"ImageObject\",\"inLanguage\":\"en-US\",\"@id\":\"https:\\\/\\\/web.oirsa.org\\\/#\\\/schema\\\/logo\\\/image\\\/\",\"url\":\"https:\\\/\\\/web.oirsa.org\\\/wp-content\\\/uploads\\\/2024\\\/01\\\/cropped-LOGO-OIRSA-2023.png\",\"contentUrl\":\"https:\\\/\\\/web.oirsa.org\\\/wp-content\\\/uploads\\\/2024\\\/01\\\/cropped-LOGO-OIRSA-2023.png\",\"width\":512,\"height\":512,\"caption\":\"OIRSA\"},\"image\":{\"@id\":\"https:\\\/\\\/web.oirsa.org\\\/#\\\/schema\\\/logo\\\/image\\\/\"},\"sameAs\":[\"https:\\\/\\\/www.facebook.com\\\/OIRSAoficial\",\"https:\\\/\\\/x.com\\\/OIRSAoficial\"]},{\"@type\":\"Person\",\"@id\":\"https:\\\/\\\/web.oirsa.org\\\/#\\\/schema\\\/person\\\/698e7776162ddf630ab36c5946d818ab\",\"name\":\"sigfredoramirez\",\"image\":{\"@type\":\"ImageObject\",\"inLanguage\":\"en-US\",\"@id\":\"https:\\\/\\\/secure.gravatar.com\\\/avatar\\\/cff1a22def7b03563530f2ba16145a6b6b5acbabc1f530f59eb045d7e21222e2?s=96&d=identicon&r=g\",\"url\":\"https:\\\/\\\/secure.gravatar.com\\\/avatar\\\/cff1a22def7b03563530f2ba16145a6b6b5acbabc1f530f59eb045d7e21222e2?s=96&d=identicon&r=g\",\"contentUrl\":\"https:\\\/\\\/secure.gravatar.com\\\/avatar\\\/cff1a22def7b03563530f2ba16145a6b6b5acbabc1f530f59eb045d7e21222e2?s=96&d=identicon&r=g\",\"caption\":\"sigfredoramirez\"}}]}<\/script>\n<!-- \/ Yoast SEO plugin. -->","yoast_head_json":{"title":"Costa Rica: director ejecutivo de OIRSA efect\u00faa reuni\u00f3n de trabajo con titular de MAG - OIRSA","description":"Se dio seguimiento a avance en acuerdos de OIRSA y Ministerio de Agricultura y Ganader\u00eda en Sanidad Vegetal, Salud Animal, Cuarentena y fortalecimiento de","robots":{"index":"index","follow":"follow","max-snippet":"max-snippet:-1","max-image-preview":"max-image-preview:large","max-video-preview":"max-video-preview:-1"},"canonical":"https:\/\/web.oirsa.org\/en\/archivos\/4010\/","og_locale":"en_US","og_type":"article","og_title":"Costa Rica: director ejecutivo de OIRSA efect\u00faa reuni\u00f3n de trabajo con titular de MAG - OIRSA","og_description":"Se dio seguimiento a avance en acuerdos de OIRSA y Ministerio de Agricultura y Ganader\u00eda en Sanidad Vegetal, Salud Animal, Cuarentena y fortalecimiento de","og_url":"https:\/\/web.oirsa.org\/en\/archivos\/4010\/","og_site_name":"OIRSA","article_publisher":"https:\/\/www.facebook.com\/OIRSAoficial","article_published_time":"2021-12-14T01:48:03+00:00","article_modified_time":"2021-12-14T01:48:04+00:00","og_image":[{"url":"https:\/\/web.oirsa.org\/wp-content\/uploads\/2021\/12\/14-MAGOIRSA.jpg","type":"","width":"","height":""}],"author":"sigfredoramirez","twitter_card":"summary_large_image","twitter_creator":"@OIRSAoficial","twitter_site":"@OIRSAoficial","twitter_misc":{"Written by":"sigfredoramirez","Est. reading time":"1 minute"},"schema":{"@context":"https:\/\/schema.org","@graph":[{"@type":"Article","@id":"https:\/\/web.oirsa.org\/archivos\/4010#article","isPartOf":{"@id":"https:\/\/web.oirsa.org\/archivos\/4010"},"author":{"name":"sigfredoramirez","@id":"https:\/\/web.oirsa.org\/#\/schema\/person\/698e7776162ddf630ab36c5946d818ab"},"headline":"Costa Rica: director ejecutivo de OIRSA efect\u00faa reuni\u00f3n de trabajo con titular de MAG","datePublished":"2021-12-14T01:48:03+00:00","dateModified":"2021-12-14T01:48:04+00:00","mainEntityOfPage":{"@id":"https:\/\/web.oirsa.org\/archivos\/4010"},"wordCount":270,"commentCount":0,"publisher":{"@id":"https:\/\/web.oirsa.org\/#organization"},"image":{"@id":"https:\/\/web.oirsa.org\/archivos\/4010#primaryimage"},"thumbnailUrl":"https:\/\/web.oirsa.org\/wp-content\/uploads\/2021\/12\/14-MAGOIRSA.jpg","articleSection":["Noticias"],"inLanguage":"en-US","potentialAction":[{"@type":"CommentAction","name":"Comment","target":["https:\/\/web.oirsa.org\/archivos\/4010#respond"]}]},{"@type":"WebPage","@id":"https:\/\/web.oirsa.org\/archivos\/4010","url":"https:\/\/web.oirsa.org\/archivos\/4010","name":"Costa Rica: director ejecutivo de OIRSA efect\u00faa reuni\u00f3n de trabajo con titular de MAG - OIRSA","isPartOf":{"@id":"https:\/\/web.oirsa.org\/#website"},"primaryImageOfPage":{"@id":"https:\/\/web.oirsa.org\/archivos\/4010#primaryimage"},"image":{"@id":"https:\/\/web.oirsa.org\/archivos\/4010#primaryimage"},"thumbnailUrl":"https:\/\/web.oirsa.org\/wp-content\/uploads\/2021\/12\/14-MAGOIRSA.jpg","datePublished":"2021-12-14T01:48:03+00:00","dateModified":"2021-12-14T01:48:04+00:00","description":"Se dio seguimiento a avance en acuerdos de OIRSA y Ministerio de Agricultura y Ganader\u00eda en Sanidad Vegetal, Salud Animal, Cuarentena y fortalecimiento de","breadcrumb":{"@id":"https:\/\/web.oirsa.org\/archivos\/4010#breadcrumb"},"inLanguage":"en-US","potentialAction":[{"@type":"ReadAction","target":["https:\/\/web.oirsa.org\/archivos\/4010"]}]},{"@type":"ImageObject","inLanguage":"en-US","@id":"https:\/\/web.oirsa.org\/archivos\/4010#primaryimage","url":"https:\/\/web.oirsa.org\/wp-content\/uploads\/2021\/12\/14-MAGOIRSA.jpg","contentUrl":"https:\/\/web.oirsa.org\/wp-content\/uploads\/2021\/12\/14-MAGOIRSA.jpg"},{"@type":"BreadcrumbList","@id":"https:\/\/web.oirsa.org\/archivos\/4010#breadcrumb","itemListElement":[{"@type":"ListItem","position":1,"name":"Portada","item":"https:\/\/web.oirsa.org\/"},{"@type":"ListItem","position":2,"name":"Costa Rica: director ejecutivo de OIRSA efect\u00faa reuni\u00f3n de trabajo con titular de MAG"}]},{"@type":"WebSite","@id":"https:\/\/web.oirsa.org\/#website","url":"https:\/\/web.oirsa.org\/","name":"OIRSA","description":"Organismo Internacional Regional de Sanidad Agropecuaria","publisher":{"@id":"https:\/\/web.oirsa.org\/#organization"},"potentialAction":[{"@type":"SearchAction","target":{"@type":"EntryPoint","urlTemplate":"https:\/\/web.oirsa.org\/?s={search_term_string}"},"query-input":{"@type":"PropertyValueSpecification","valueRequired":true,"valueName":"search_term_string"}}],"inLanguage":"en-US"},{"@type":"Organization","@id":"https:\/\/web.oirsa.org\/#organization","name":"OIRSA","url":"https:\/\/web.oirsa.org\/","logo":{"@type":"ImageObject","inLanguage":"en-US","@id":"https:\/\/web.oirsa.org\/#\/schema\/logo\/image\/","url":"https:\/\/web.oirsa.org\/wp-content\/uploads\/2024\/01\/cropped-LOGO-OIRSA-2023.png","contentUrl":"https:\/\/web.oirsa.org\/wp-content\/uploads\/2024\/01\/cropped-LOGO-OIRSA-2023.png","width":512,"height":512,"caption":"OIRSA"},"image":{"@id":"https:\/\/web.oirsa.org\/#\/schema\/logo\/image\/"},"sameAs":["https:\/\/www.facebook.com\/OIRSAoficial","https:\/\/x.com\/OIRSAoficial"]},{"@type":"Person","@id":"https:\/\/web.oirsa.org\/#\/schema\/person\/698e7776162ddf630ab36c5946d818ab","name":"sigfredoramirez","image":{"@type":"ImageObject","inLanguage":"en-US","@id":"https:\/\/secure.gravatar.com\/avatar\/cff1a22def7b03563530f2ba16145a6b6b5acbabc1f530f59eb045d7e21222e2?s=96&d=identicon&r=g","url":"https:\/\/secure.gravatar.com\/avatar\/cff1a22def7b03563530f2ba16145a6b6b5acbabc1f530f59eb045d7e21222e2?s=96&d=identicon&r=g","contentUrl":"https:\/\/secure.gravatar.com\/avatar\/cff1a22def7b03563530f2ba16145a6b6b5acbabc1f530f59eb045d7e21222e2?s=96&d=identicon&r=g","caption":"sigfredoramirez"}}]}},"jetpack_featured_media_url":"","jetpack_sharing_enabled":true,"_links":{"self":[{"href":"https:\/\/web.oirsa.org\/en\/wp-json\/wp\/v2\/posts\/4010","targetHints":{"allow":["GET"]}}],"collection":[{"href":"https:\/\/web.oirsa.org\/en\/wp-json\/wp\/v2\/posts"}],"about":[{"href":"https:\/\/web.oirsa.org\/en\/wp-json\/wp\/v2\/types\/post"}],"author":[{"embeddable":true,"href":"https:\/\/web.oirsa.org\/en\/wp-json\/wp\/v2\/users\/213237738"}],"replies":[{"embeddable":true,"href":"https:\/\/web.oirsa.org\/en\/wp-json\/wp\/v2\/comments?post=4010"}],"version-history":[{"count":1,"href":"https:\/\/web.oirsa.org\/en\/wp-json\/wp\/v2\/posts\/4010\/revisions"}],"predecessor-version":[{"id":4012,"href":"https:\/\/web.oirsa.org\/en\/wp-json\/wp\/v2\/posts\/4010\/revisions\/4012"}],"wp:attachment":[{"href":"https:\/\/web.oirsa.org\/en\/wp-json\/wp\/v2\/media?parent=4010"}],"wp:term":[{"taxonomy":"category","embeddable":true,"href":"https:\/\/web.oirsa.org\/en\/wp-json\/wp\/v2\/categories?post=4010"},{"taxonomy":"post_tag","embeddable":true,"href":"https:\/\/web.oirsa.org\/en\/wp-json\/wp\/v2\/tags?post=4010"}],"curies":[{"name":"wp","href":"https:\/\/api.w.org\/{rel}","templated":true}]}}