{"id":3995,"date":"2021-12-13T19:43:39","date_gmt":"2021-12-14T01:43:39","guid":{"rendered":"http:\/\/10.103.20.84\/?p=3995"},"modified":"2021-12-13T19:43:40","modified_gmt":"2021-12-14T01:43:40","slug":"republica-dominicana-oirsa-participa-en-55a-reunion-de-sociedad-caribena-de-cultivos-alimenticios","status":"publish","type":"post","link":"https:\/\/web.oirsa.org\/en\/archivos\/3995","title":{"rendered":"Rep\u00fablica Dominicana: OIRSA participa en 55\u00aa Reuni\u00f3n de Sociedad Caribe\u00f1a de Cultivos Alimenticios"},"content":{"rendered":"<p class=\"wp-block-paragraph\"><em>M\u00e1s de un centenar de expositores trataron temas relativos a la polilla del tomate, el Caracol Gigante Africano, la producci\u00f3n en ambiente controlado e inocuo, entre otros.<\/em><\/p>\n\n\n\n<div class=\"wp-block-image\"><figure class=\"alignright size-full is-resized\"><img data-recalc-dims=\"1\" loading=\"lazy\" decoding=\"async\" src=\"https:\/\/i0.wp.com\/web.oirsa.org\/wp-content\/uploads\/2021\/12\/5-SociedadCaribe.jpg?resize=525%2C233&ssl=1\" alt=\"\" class=\"wp-image-3996\" width=\"525\" height=\"233\" srcset=\"https:\/\/i0.wp.com\/web.oirsa.org\/wp-content\/uploads\/2021\/12\/5-SociedadCaribe.jpg?w=900&ssl=1 900w, https:\/\/i0.wp.com\/web.oirsa.org\/wp-content\/uploads\/2021\/12\/5-SociedadCaribe.jpg?resize=300%2C133&ssl=1 300w, https:\/\/i0.wp.com\/web.oirsa.org\/wp-content\/uploads\/2021\/12\/5-SociedadCaribe.jpg?resize=768%2C341&ssl=1 768w\" sizes=\"auto, (max-width: 525px) 100vw, 525px\" \/><\/figure><\/div>\n\n\n\n<p class=\"wp-block-paragraph\"><strong>Viernes, 26 de julio de 2019.\u00a0<\/strong>El ministro de\u00a0<a href=\"http:\/\/agricultura.gob.do\/\">Agricultura<\/a>\u00a0de Rep\u00fablica Dominicana, Osmar Ben\u00edtez, y el representante del OIRSA en el pa\u00eds, Guido G\u00f3mez, estuvieron en la mesa de honor del acto de inauguraci\u00f3n de la 55\u00aa Reuni\u00f3n Anual de la Sociedad Caribe\u00f1a de Cultivos Alimenticios (CFCS por sus siglas en ingl\u00e9s). Una actividad que se realiz\u00f3 del 8 al 12 de julio de 2019 en B\u00e1varo, La Altagracia, Rep\u00fablica Dominicana. \u00a0<\/p>\n\n\n\n<p class=\"wp-block-paragraph\">La reuni\u00f3n se efectu\u00f3 bajo el lema \u201c<a href=\"http:\/\/bavarodigital.net\/2019\/07\/09\/inauguracion-de-la-55ta-reunion-anual-sociedad-caribena-de-cultivos-alimenticios-del-8-al-12-de-julio-2019-en-bavaro\/\">Fortaleciendo la asociatividad<\/a>\u00a0para exportar productos de alta calidad y contribuir al desarrollo regional\u201d, y fue una oportunidad en la que se presentaron trabajos de investigaci\u00f3n y de desarrollo tecnol\u00f3gico. Asimismo, fue una actividad en la que t\u00e9cnicos y cient\u00edficos dominicanos y del Caribe presentaron las potencialidades de la regi\u00f3n y dialogaron sobre posibilidades de intercambio tecnol\u00f3gico.<\/p>\n\n\n\n<p class=\"wp-block-paragraph\">En la reuni\u00f3n tambi\u00e9n particip\u00f3 el director regional de Sanidad Vegetal del OIRSA, Carlos Ur\u00edas. La\u00a0<a href=\"https:\/\/www.cfcs1963.org\/\">Caribbean Food Crops Society\u00a0<\/a>(CFCS) es una organizaci\u00f3n que tiene como objetivo fomentar la producci\u00f3n, el procesamiento y la distribuci\u00f3n de alimentos en el Caribe. De este modo, busca involucrar a miembros de los cuatro principales grupos ling\u00fc\u00edsticos del Caribe (ingl\u00e9s, espa\u00f1ol, franc\u00e9s y holand\u00e9s).<\/p>","protected":false},"excerpt":{"rendered":"<p>M\u00e1s de un centenar de expositores trataron temas relativos a la polilla del tomate, el Caracol Gigante Africano, la producci\u00f3n [&hellip;]<\/p>\n","protected":false},"author":213237738,"featured_media":0,"comment_status":"open","ping_status":"open","sticky":false,"template":"","format":"standard","meta":{"_coblocks_attr":"","_coblocks_dimensions":"","_coblocks_responsive_height":"","_coblocks_accordion_ie_support":"","_crdt_document":"","_jetpack_memberships_contains_paid_content":false,"footnotes":""},"categories":[121903],"tags":[],"class_list":["post-3995","post","type-post","status-publish","format-standard","hentry","category-noticias"],"yoast_head":"<!-- This site is optimized with the Yoast SEO plugin v27.5 - https:\/\/yoast.com\/product\/yoast-seo-wordpress\/ -->\n<title>Rep\u00fablica Dominicana: OIRSA participa en 55\u00aa Reuni\u00f3n de Sociedad Caribe\u00f1a de Cultivos Alimenticios - OIRSA<\/title>\n<meta name=\"description\" content=\"M\u00e1s de un centenar de expositores trataron temas relativos a la polilla del tomate, el Caracol Gigante Africano, la producci\u00f3n en ambiente controlado e\" \/>\n<meta name=\"robots\" content=\"index, follow, max-snippet:-1, max-image-preview:large, max-video-preview:-1\" \/>\n<link rel=\"canonical\" href=\"https:\/\/web.oirsa.org\/en\/archivos\/3995\/\" \/>\n<meta property=\"og:locale\" content=\"en_US\" \/>\n<meta property=\"og:type\" content=\"article\" \/>\n<meta property=\"og:title\" content=\"Rep\u00fablica Dominicana: OIRSA participa en 55\u00aa Reuni\u00f3n de Sociedad Caribe\u00f1a de Cultivos Alimenticios - OIRSA\" \/>\n<meta property=\"og:description\" content=\"M\u00e1s de un centenar de expositores trataron temas relativos a la polilla del tomate, el Caracol Gigante Africano, la producci\u00f3n en ambiente controlado e\" \/>\n<meta property=\"og:url\" content=\"https:\/\/web.oirsa.org\/en\/archivos\/3995\/\" \/>\n<meta property=\"og:site_name\" content=\"OIRSA\" \/>\n<meta property=\"article:publisher\" content=\"https:\/\/www.facebook.com\/OIRSAoficial\" \/>\n<meta property=\"article:published_time\" content=\"2021-12-14T01:43:39+00:00\" \/>\n<meta property=\"article:modified_time\" content=\"2021-12-14T01:43:40+00:00\" \/>\n<meta property=\"og:image\" content=\"https:\/\/web.oirsa.org\/wp-content\/uploads\/2021\/12\/5-SociedadCaribe.jpg\" \/>\n<meta name=\"author\" content=\"sigfredoramirez\" \/>\n<meta name=\"twitter:card\" content=\"summary_large_image\" \/>\n<meta name=\"twitter:creator\" content=\"@OIRSAoficial\" \/>\n<meta name=\"twitter:site\" content=\"@OIRSAoficial\" \/>\n<meta name=\"twitter:label1\" content=\"Written by\" \/>\n\t<meta name=\"twitter:data1\" content=\"sigfredoramirez\" \/>\n\t<meta name=\"twitter:label2\" content=\"Est. reading time\" \/>\n\t<meta name=\"twitter:data2\" content=\"1 minute\" \/>\n<script type=\"application\/ld+json\" class=\"yoast-schema-graph\">{\"@context\":\"https:\\\/\\\/schema.org\",\"@graph\":[{\"@type\":\"Article\",\"@id\":\"https:\\\/\\\/web.oirsa.org\\\/archivos\\\/3995#article\",\"isPartOf\":{\"@id\":\"https:\\\/\\\/web.oirsa.org\\\/archivos\\\/3995\"},\"author\":{\"name\":\"sigfredoramirez\",\"@id\":\"https:\\\/\\\/web.oirsa.org\\\/#\\\/schema\\\/person\\\/698e7776162ddf630ab36c5946d818ab\"},\"headline\":\"Rep\u00fablica Dominicana: OIRSA participa en 55\u00aa Reuni\u00f3n de Sociedad Caribe\u00f1a de Cultivos Alimenticios\",\"datePublished\":\"2021-12-14T01:43:39+00:00\",\"dateModified\":\"2021-12-14T01:43:40+00:00\",\"mainEntityOfPage\":{\"@id\":\"https:\\\/\\\/web.oirsa.org\\\/archivos\\\/3995\"},\"wordCount\":268,\"commentCount\":0,\"publisher\":{\"@id\":\"https:\\\/\\\/web.oirsa.org\\\/#organization\"},\"image\":{\"@id\":\"https:\\\/\\\/web.oirsa.org\\\/archivos\\\/3995#primaryimage\"},\"thumbnailUrl\":\"https:\\\/\\\/web.oirsa.org\\\/wp-content\\\/uploads\\\/2021\\\/12\\\/5-SociedadCaribe.jpg\",\"articleSection\":[\"Noticias\"],\"inLanguage\":\"en-US\",\"potentialAction\":[{\"@type\":\"CommentAction\",\"name\":\"Comment\",\"target\":[\"https:\\\/\\\/web.oirsa.org\\\/archivos\\\/3995#respond\"]}]},{\"@type\":\"WebPage\",\"@id\":\"https:\\\/\\\/web.oirsa.org\\\/archivos\\\/3995\",\"url\":\"https:\\\/\\\/web.oirsa.org\\\/archivos\\\/3995\",\"name\":\"Rep\u00fablica Dominicana: OIRSA participa en 55\u00aa Reuni\u00f3n de Sociedad Caribe\u00f1a de Cultivos Alimenticios - OIRSA\",\"isPartOf\":{\"@id\":\"https:\\\/\\\/web.oirsa.org\\\/#website\"},\"primaryImageOfPage\":{\"@id\":\"https:\\\/\\\/web.oirsa.org\\\/archivos\\\/3995#primaryimage\"},\"image\":{\"@id\":\"https:\\\/\\\/web.oirsa.org\\\/archivos\\\/3995#primaryimage\"},\"thumbnailUrl\":\"https:\\\/\\\/web.oirsa.org\\\/wp-content\\\/uploads\\\/2021\\\/12\\\/5-SociedadCaribe.jpg\",\"datePublished\":\"2021-12-14T01:43:39+00:00\",\"dateModified\":\"2021-12-14T01:43:40+00:00\",\"description\":\"M\u00e1s de un centenar de expositores trataron temas relativos a la polilla del tomate, el Caracol Gigante Africano, la producci\u00f3n en ambiente controlado e\",\"breadcrumb\":{\"@id\":\"https:\\\/\\\/web.oirsa.org\\\/archivos\\\/3995#breadcrumb\"},\"inLanguage\":\"en-US\",\"potentialAction\":[{\"@type\":\"ReadAction\",\"target\":[\"https:\\\/\\\/web.oirsa.org\\\/archivos\\\/3995\"]}]},{\"@type\":\"ImageObject\",\"inLanguage\":\"en-US\",\"@id\":\"https:\\\/\\\/web.oirsa.org\\\/archivos\\\/3995#primaryimage\",\"url\":\"https:\\\/\\\/web.oirsa.org\\\/wp-content\\\/uploads\\\/2021\\\/12\\\/5-SociedadCaribe.jpg\",\"contentUrl\":\"https:\\\/\\\/web.oirsa.org\\\/wp-content\\\/uploads\\\/2021\\\/12\\\/5-SociedadCaribe.jpg\"},{\"@type\":\"BreadcrumbList\",\"@id\":\"https:\\\/\\\/web.oirsa.org\\\/archivos\\\/3995#breadcrumb\",\"itemListElement\":[{\"@type\":\"ListItem\",\"position\":1,\"name\":\"Portada\",\"item\":\"https:\\\/\\\/web.oirsa.org\\\/\"},{\"@type\":\"ListItem\",\"position\":2,\"name\":\"Rep\u00fablica Dominicana: OIRSA participa en 55\u00aa Reuni\u00f3n de Sociedad Caribe\u00f1a de Cultivos Alimenticios\"}]},{\"@type\":\"WebSite\",\"@id\":\"https:\\\/\\\/web.oirsa.org\\\/#website\",\"url\":\"https:\\\/\\\/web.oirsa.org\\\/\",\"name\":\"OIRSA\",\"description\":\"Organismo Internacional Regional de Sanidad Agropecuaria\",\"publisher\":{\"@id\":\"https:\\\/\\\/web.oirsa.org\\\/#organization\"},\"potentialAction\":[{\"@type\":\"SearchAction\",\"target\":{\"@type\":\"EntryPoint\",\"urlTemplate\":\"https:\\\/\\\/web.oirsa.org\\\/?s={search_term_string}\"},\"query-input\":{\"@type\":\"PropertyValueSpecification\",\"valueRequired\":true,\"valueName\":\"search_term_string\"}}],\"inLanguage\":\"en-US\"},{\"@type\":\"Organization\",\"@id\":\"https:\\\/\\\/web.oirsa.org\\\/#organization\",\"name\":\"OIRSA\",\"url\":\"https:\\\/\\\/web.oirsa.org\\\/\",\"logo\":{\"@type\":\"ImageObject\",\"inLanguage\":\"en-US\",\"@id\":\"https:\\\/\\\/web.oirsa.org\\\/#\\\/schema\\\/logo\\\/image\\\/\",\"url\":\"https:\\\/\\\/web.oirsa.org\\\/wp-content\\\/uploads\\\/2024\\\/01\\\/cropped-LOGO-OIRSA-2023.png\",\"contentUrl\":\"https:\\\/\\\/web.oirsa.org\\\/wp-content\\\/uploads\\\/2024\\\/01\\\/cropped-LOGO-OIRSA-2023.png\",\"width\":512,\"height\":512,\"caption\":\"OIRSA\"},\"image\":{\"@id\":\"https:\\\/\\\/web.oirsa.org\\\/#\\\/schema\\\/logo\\\/image\\\/\"},\"sameAs\":[\"https:\\\/\\\/www.facebook.com\\\/OIRSAoficial\",\"https:\\\/\\\/x.com\\\/OIRSAoficial\"]},{\"@type\":\"Person\",\"@id\":\"https:\\\/\\\/web.oirsa.org\\\/#\\\/schema\\\/person\\\/698e7776162ddf630ab36c5946d818ab\",\"name\":\"sigfredoramirez\",\"image\":{\"@type\":\"ImageObject\",\"inLanguage\":\"en-US\",\"@id\":\"https:\\\/\\\/secure.gravatar.com\\\/avatar\\\/cff1a22def7b03563530f2ba16145a6b6b5acbabc1f530f59eb045d7e21222e2?s=96&d=identicon&r=g\",\"url\":\"https:\\\/\\\/secure.gravatar.com\\\/avatar\\\/cff1a22def7b03563530f2ba16145a6b6b5acbabc1f530f59eb045d7e21222e2?s=96&d=identicon&r=g\",\"contentUrl\":\"https:\\\/\\\/secure.gravatar.com\\\/avatar\\\/cff1a22def7b03563530f2ba16145a6b6b5acbabc1f530f59eb045d7e21222e2?s=96&d=identicon&r=g\",\"caption\":\"sigfredoramirez\"}}]}<\/script>\n<!-- \/ Yoast SEO plugin. -->","yoast_head_json":{"title":"Rep\u00fablica Dominicana: OIRSA participa en 55\u00aa Reuni\u00f3n de Sociedad Caribe\u00f1a de Cultivos Alimenticios - OIRSA","description":"M\u00e1s de un centenar de expositores trataron temas relativos a la polilla del tomate, el Caracol Gigante Africano, la producci\u00f3n en ambiente controlado e","robots":{"index":"index","follow":"follow","max-snippet":"max-snippet:-1","max-image-preview":"max-image-preview:large","max-video-preview":"max-video-preview:-1"},"canonical":"https:\/\/web.oirsa.org\/en\/archivos\/3995\/","og_locale":"en_US","og_type":"article","og_title":"Rep\u00fablica Dominicana: OIRSA participa en 55\u00aa Reuni\u00f3n de Sociedad Caribe\u00f1a de Cultivos Alimenticios - OIRSA","og_description":"M\u00e1s de un centenar de expositores trataron temas relativos a la polilla del tomate, el Caracol Gigante Africano, la producci\u00f3n en ambiente controlado e","og_url":"https:\/\/web.oirsa.org\/en\/archivos\/3995\/","og_site_name":"OIRSA","article_publisher":"https:\/\/www.facebook.com\/OIRSAoficial","article_published_time":"2021-12-14T01:43:39+00:00","article_modified_time":"2021-12-14T01:43:40+00:00","og_image":[{"url":"https:\/\/web.oirsa.org\/wp-content\/uploads\/2021\/12\/5-SociedadCaribe.jpg","type":"","width":"","height":""}],"author":"sigfredoramirez","twitter_card":"summary_large_image","twitter_creator":"@OIRSAoficial","twitter_site":"@OIRSAoficial","twitter_misc":{"Written by":"sigfredoramirez","Est. reading time":"1 minute"},"schema":{"@context":"https:\/\/schema.org","@graph":[{"@type":"Article","@id":"https:\/\/web.oirsa.org\/archivos\/3995#article","isPartOf":{"@id":"https:\/\/web.oirsa.org\/archivos\/3995"},"author":{"name":"sigfredoramirez","@id":"https:\/\/web.oirsa.org\/#\/schema\/person\/698e7776162ddf630ab36c5946d818ab"},"headline":"Rep\u00fablica Dominicana: OIRSA participa en 55\u00aa Reuni\u00f3n de Sociedad Caribe\u00f1a de Cultivos Alimenticios","datePublished":"2021-12-14T01:43:39+00:00","dateModified":"2021-12-14T01:43:40+00:00","mainEntityOfPage":{"@id":"https:\/\/web.oirsa.org\/archivos\/3995"},"wordCount":268,"commentCount":0,"publisher":{"@id":"https:\/\/web.oirsa.org\/#organization"},"image":{"@id":"https:\/\/web.oirsa.org\/archivos\/3995#primaryimage"},"thumbnailUrl":"https:\/\/web.oirsa.org\/wp-content\/uploads\/2021\/12\/5-SociedadCaribe.jpg","articleSection":["Noticias"],"inLanguage":"en-US","potentialAction":[{"@type":"CommentAction","name":"Comment","target":["https:\/\/web.oirsa.org\/archivos\/3995#respond"]}]},{"@type":"WebPage","@id":"https:\/\/web.oirsa.org\/archivos\/3995","url":"https:\/\/web.oirsa.org\/archivos\/3995","name":"Rep\u00fablica Dominicana: OIRSA participa en 55\u00aa Reuni\u00f3n de Sociedad Caribe\u00f1a de Cultivos Alimenticios - OIRSA","isPartOf":{"@id":"https:\/\/web.oirsa.org\/#website"},"primaryImageOfPage":{"@id":"https:\/\/web.oirsa.org\/archivos\/3995#primaryimage"},"image":{"@id":"https:\/\/web.oirsa.org\/archivos\/3995#primaryimage"},"thumbnailUrl":"https:\/\/web.oirsa.org\/wp-content\/uploads\/2021\/12\/5-SociedadCaribe.jpg","datePublished":"2021-12-14T01:43:39+00:00","dateModified":"2021-12-14T01:43:40+00:00","description":"M\u00e1s de un centenar de expositores trataron temas relativos a la polilla del tomate, el Caracol Gigante Africano, la producci\u00f3n en ambiente controlado e","breadcrumb":{"@id":"https:\/\/web.oirsa.org\/archivos\/3995#breadcrumb"},"inLanguage":"en-US","potentialAction":[{"@type":"ReadAction","target":["https:\/\/web.oirsa.org\/archivos\/3995"]}]},{"@type":"ImageObject","inLanguage":"en-US","@id":"https:\/\/web.oirsa.org\/archivos\/3995#primaryimage","url":"https:\/\/web.oirsa.org\/wp-content\/uploads\/2021\/12\/5-SociedadCaribe.jpg","contentUrl":"https:\/\/web.oirsa.org\/wp-content\/uploads\/2021\/12\/5-SociedadCaribe.jpg"},{"@type":"BreadcrumbList","@id":"https:\/\/web.oirsa.org\/archivos\/3995#breadcrumb","itemListElement":[{"@type":"ListItem","position":1,"name":"Portada","item":"https:\/\/web.oirsa.org\/"},{"@type":"ListItem","position":2,"name":"Rep\u00fablica Dominicana: OIRSA participa en 55\u00aa Reuni\u00f3n de Sociedad Caribe\u00f1a de Cultivos Alimenticios"}]},{"@type":"WebSite","@id":"https:\/\/web.oirsa.org\/#website","url":"https:\/\/web.oirsa.org\/","name":"OIRSA","description":"Organismo Internacional Regional de Sanidad Agropecuaria","publisher":{"@id":"https:\/\/web.oirsa.org\/#organization"},"potentialAction":[{"@type":"SearchAction","target":{"@type":"EntryPoint","urlTemplate":"https:\/\/web.oirsa.org\/?s={search_term_string}"},"query-input":{"@type":"PropertyValueSpecification","valueRequired":true,"valueName":"search_term_string"}}],"inLanguage":"en-US"},{"@type":"Organization","@id":"https:\/\/web.oirsa.org\/#organization","name":"OIRSA","url":"https:\/\/web.oirsa.org\/","logo":{"@type":"ImageObject","inLanguage":"en-US","@id":"https:\/\/web.oirsa.org\/#\/schema\/logo\/image\/","url":"https:\/\/web.oirsa.org\/wp-content\/uploads\/2024\/01\/cropped-LOGO-OIRSA-2023.png","contentUrl":"https:\/\/web.oirsa.org\/wp-content\/uploads\/2024\/01\/cropped-LOGO-OIRSA-2023.png","width":512,"height":512,"caption":"OIRSA"},"image":{"@id":"https:\/\/web.oirsa.org\/#\/schema\/logo\/image\/"},"sameAs":["https:\/\/www.facebook.com\/OIRSAoficial","https:\/\/x.com\/OIRSAoficial"]},{"@type":"Person","@id":"https:\/\/web.oirsa.org\/#\/schema\/person\/698e7776162ddf630ab36c5946d818ab","name":"sigfredoramirez","image":{"@type":"ImageObject","inLanguage":"en-US","@id":"https:\/\/secure.gravatar.com\/avatar\/cff1a22def7b03563530f2ba16145a6b6b5acbabc1f530f59eb045d7e21222e2?s=96&d=identicon&r=g","url":"https:\/\/secure.gravatar.com\/avatar\/cff1a22def7b03563530f2ba16145a6b6b5acbabc1f530f59eb045d7e21222e2?s=96&d=identicon&r=g","contentUrl":"https:\/\/secure.gravatar.com\/avatar\/cff1a22def7b03563530f2ba16145a6b6b5acbabc1f530f59eb045d7e21222e2?s=96&d=identicon&r=g","caption":"sigfredoramirez"}}]}},"jetpack_featured_media_url":"","jetpack_sharing_enabled":true,"_links":{"self":[{"href":"https:\/\/web.oirsa.org\/en\/wp-json\/wp\/v2\/posts\/3995","targetHints":{"allow":["GET"]}}],"collection":[{"href":"https:\/\/web.oirsa.org\/en\/wp-json\/wp\/v2\/posts"}],"about":[{"href":"https:\/\/web.oirsa.org\/en\/wp-json\/wp\/v2\/types\/post"}],"author":[{"embeddable":true,"href":"https:\/\/web.oirsa.org\/en\/wp-json\/wp\/v2\/users\/213237738"}],"replies":[{"embeddable":true,"href":"https:\/\/web.oirsa.org\/en\/wp-json\/wp\/v2\/comments?post=3995"}],"version-history":[{"count":1,"href":"https:\/\/web.oirsa.org\/en\/wp-json\/wp\/v2\/posts\/3995\/revisions"}],"predecessor-version":[{"id":3997,"href":"https:\/\/web.oirsa.org\/en\/wp-json\/wp\/v2\/posts\/3995\/revisions\/3997"}],"wp:attachment":[{"href":"https:\/\/web.oirsa.org\/en\/wp-json\/wp\/v2\/media?parent=3995"}],"wp:term":[{"taxonomy":"category","embeddable":true,"href":"https:\/\/web.oirsa.org\/en\/wp-json\/wp\/v2\/categories?post=3995"},{"taxonomy":"post_tag","embeddable":true,"href":"https:\/\/web.oirsa.org\/en\/wp-json\/wp\/v2\/tags?post=3995"}],"curies":[{"name":"wp","href":"https:\/\/api.w.org\/{rel}","templated":true}]}}