{"id":3985,"date":"2021-12-13T19:40:54","date_gmt":"2021-12-14T01:40:54","guid":{"rendered":"http:\/\/10.103.20.84\/?p=3985"},"modified":"2021-12-13T19:40:55","modified_gmt":"2021-12-14T01:40:55","slug":"ecuador-oirsa-apoya-en-la-prevencion-de-marchitez-por-fusariosis-de-banano-foc-r4t","status":"publish","type":"post","link":"https:\/\/web.oirsa.org\/en\/archivos\/3985","title":{"rendered":"Ecuador: OIRSA apoya en la prevenci\u00f3n de marchitez por fusariosis de banano (Foc R4T)"},"content":{"rendered":"<p class=\"wp-block-paragraph\"><em>Una delegaci\u00f3n de funcionarios del Organismo<\/em>&nbsp;<em>efectu\u00f3 una misi\u00f3n a Sudam\u00e9rica ante alerta por la sospecha de un brote de la enfermedad de Foc R4T en el continente.<\/em>&nbsp;&nbsp;<\/p>\n\n\n\n<div class=\"wp-block-image\"><figure class=\"alignright size-full is-resized\"><img data-recalc-dims=\"1\" loading=\"lazy\" decoding=\"async\" src=\"https:\/\/i0.wp.com\/web.oirsa.org\/wp-content\/uploads\/2021\/12\/FOC-ecuador.jpg?resize=495%2C220&#038;ssl=1\" alt=\"\" class=\"wp-image-3986\" width=\"495\" height=\"220\" srcset=\"https:\/\/i0.wp.com\/web.oirsa.org\/wp-content\/uploads\/2021\/12\/FOC-ecuador.jpg?w=900&amp;ssl=1 900w, https:\/\/i0.wp.com\/web.oirsa.org\/wp-content\/uploads\/2021\/12\/FOC-ecuador.jpg?resize=300%2C133&amp;ssl=1 300w, https:\/\/i0.wp.com\/web.oirsa.org\/wp-content\/uploads\/2021\/12\/FOC-ecuador.jpg?resize=768%2C341&amp;ssl=1 768w\" sizes=\"auto, (max-width: 495px) 100vw, 495px\" \/><\/figure><\/div>\n\n\n\n<p class=\"wp-block-paragraph\"><strong>Martes, 23 de julio de 2019<\/strong>. El director ejecutivo del OIRSA, Efra\u00edn Medina, encabez\u00f3 una delegaci\u00f3n de funcionarios del Organismo para apoyar las labores de prevenci\u00f3n del ingreso del hongo&nbsp;<a href=\"https:\/\/www.oirsa.org\/informacion.aspx?id=86\"><em>Fusarium oxysporum<\/em>&nbsp;f. sp. cubense Raza 4 Tropical<\/a>&nbsp;en territorio ecuatoriano. La misi\u00f3n se desarrolla del 22 al 26 de julio de 2019 en Guayaquil y otros puntos del pa\u00eds.<\/p>\n\n\n\n<p class=\"wp-block-paragraph\">\u201cSin ser alarmistas, hay que ser realistas frente a una&nbsp;<a href=\"https:\/\/www.oirsa.org\/contenido\/2019\/ALERTA%20Foc%20Raza%204%20T%20publicacio%cc%81n%2010.07.2019.pdf\">alerta real<\/a>&nbsp;que, aunque no est\u00e9 declarado oficialmente, existe. Nuestro reconocimiento por el trabajo que realizan y nuestro compromiso incondicional de apoyar en todo lo que est\u00e9 a nuestro alcance como organismo internacional regional de sanidad agropecuaria\u201d, manifest\u00f3 Medina.<\/p>\n\n\n\n<p class=\"wp-block-paragraph\">La delegaci\u00f3n de OIRSA est\u00e1 conformada por 10 miembros del equipo t\u00e9cnico de OIRSA, de los cuales dos forman parte del Comando Latinoamericano para la prevenci\u00f3n del Foc R4T y tres perros que forman parte de la brigada canina para la detecci\u00f3n de productos agropecuarios, en una inspecci\u00f3n no intrusiva que se realiza a los pasajeros.<\/p>\n\n\n\n<p class=\"wp-block-paragraph\">El Ministerio de Agricultura y Ganader\u00eda (MAG), a trav\u00e9s de la Agencia de Regulaci\u00f3n Fito y Zoosanitario (Agrocalidad),&nbsp;<a href=\"http:\/\/www.agrocalidad.gob.ec\/ecuador-recibe-delegacion-de-oirsa-para-la-prevencion-de-foc-r4t\/\">recibi\u00f3 a la delegaci\u00f3n del OIRSA<\/a>. Esto con el objetivo de fortalecer los sistemas de vigilancia, exclusi\u00f3n y diagn\u00f3stico; en el marco del convenio de cooperaci\u00f3n t\u00e9cnica firmado con Organismo. En ese sentido, se capacitar\u00e1 a los profesionales de las instituciones en los puntos de control (puertos, aeropuertos y pasos fronterizos).<\/p>\n\n\n\n<p class=\"wp-block-paragraph\">El ministro de Agricultura de Ecuador, Xavier Lazo Guerrero, mencion\u00f3 que hay un esfuerzo conjunto en toda la regi\u00f3n de apoyar al pa\u00eds vecino (Colombia), donde se ha generado la alerta. \u201cHemos mantenido una comunicaci\u00f3n fluida con diferentes autoridades en la regi\u00f3n\u2026 la presencia de OIRSA significa para nosotros tener una validaci\u00f3n y verificaci\u00f3n de las acciones que estamos implementando\u201d, dijo Lazo Guerrero.<\/p>\n\n\n\n<p class=\"wp-block-paragraph\">El hongo Fusarium Raza 4 Tropical es la principal amenaza a los cultivos de mus\u00e1ceas en el continente, motivo por el cual es clasificado como plaga cuarentenaria de gran importancia y riesgo alto.\u00a0<\/p>","protected":false},"excerpt":{"rendered":"<p>Una delegaci\u00f3n de funcionarios del Organismo&nbsp;efectu\u00f3 una misi\u00f3n a Sudam\u00e9rica ante alerta por la sospecha de un brote de la [&hellip;]<\/p>\n","protected":false},"author":213237738,"featured_media":0,"comment_status":"open","ping_status":"open","sticky":false,"template":"","format":"standard","meta":{"_coblocks_attr":"","_coblocks_dimensions":"","_coblocks_responsive_height":"","_coblocks_accordion_ie_support":"","_crdt_document":"","_jetpack_memberships_contains_paid_content":false,"footnotes":""},"categories":[121903],"tags":[],"class_list":["post-3985","post","type-post","status-publish","format-standard","hentry","category-noticias"],"yoast_head":"<!-- This site is optimized with the Yoast SEO plugin v27.5 - https:\/\/yoast.com\/product\/yoast-seo-wordpress\/ -->\n<title>Ecuador: OIRSA apoya en la prevenci\u00f3n de marchitez por fusariosis de banano (Foc R4T) - OIRSA<\/title>\n<meta name=\"description\" content=\"Una delegaci\u00f3n de funcionarios del Organismo&nbsp;efectu\u00f3 una misi\u00f3n a Sudam\u00e9rica ante alerta por la sospecha de un brote de la enfermedad de Foc R4T en\" \/>\n<meta name=\"robots\" content=\"index, follow, max-snippet:-1, max-image-preview:large, max-video-preview:-1\" \/>\n<link rel=\"canonical\" href=\"https:\/\/web.oirsa.org\/en\/archivos\/3985\/\" \/>\n<meta property=\"og:locale\" content=\"en_US\" \/>\n<meta property=\"og:type\" content=\"article\" \/>\n<meta property=\"og:title\" content=\"Ecuador: OIRSA apoya en la prevenci\u00f3n de marchitez por fusariosis de banano (Foc R4T) - OIRSA\" \/>\n<meta property=\"og:description\" content=\"Una delegaci\u00f3n de funcionarios del Organismo&nbsp;efectu\u00f3 una misi\u00f3n a Sudam\u00e9rica ante alerta por la sospecha de un brote de la enfermedad de Foc R4T en\" \/>\n<meta property=\"og:url\" content=\"https:\/\/web.oirsa.org\/en\/archivos\/3985\/\" \/>\n<meta property=\"og:site_name\" content=\"OIRSA\" \/>\n<meta property=\"article:publisher\" content=\"https:\/\/www.facebook.com\/OIRSAoficial\" \/>\n<meta property=\"article:published_time\" content=\"2021-12-14T01:40:54+00:00\" \/>\n<meta property=\"article:modified_time\" content=\"2021-12-14T01:40:55+00:00\" \/>\n<meta property=\"og:image\" content=\"https:\/\/web.oirsa.org\/wp-content\/uploads\/2021\/12\/FOC-ecuador.jpg\" \/>\n<meta name=\"author\" content=\"sigfredoramirez\" \/>\n<meta name=\"twitter:card\" content=\"summary_large_image\" \/>\n<meta name=\"twitter:creator\" content=\"@OIRSAoficial\" \/>\n<meta name=\"twitter:site\" content=\"@OIRSAoficial\" \/>\n<meta name=\"twitter:label1\" content=\"Written by\" \/>\n\t<meta name=\"twitter:data1\" content=\"sigfredoramirez\" \/>\n\t<meta name=\"twitter:label2\" content=\"Est. reading time\" \/>\n\t<meta name=\"twitter:data2\" content=\"2 minutes\" \/>\n<script type=\"application\/ld+json\" class=\"yoast-schema-graph\">{\"@context\":\"https:\\\/\\\/schema.org\",\"@graph\":[{\"@type\":\"Article\",\"@id\":\"https:\\\/\\\/web.oirsa.org\\\/archivos\\\/3985#article\",\"isPartOf\":{\"@id\":\"https:\\\/\\\/web.oirsa.org\\\/archivos\\\/3985\"},\"author\":{\"name\":\"sigfredoramirez\",\"@id\":\"https:\\\/\\\/web.oirsa.org\\\/#\\\/schema\\\/person\\\/698e7776162ddf630ab36c5946d818ab\"},\"headline\":\"Ecuador: OIRSA apoya en la prevenci\u00f3n de marchitez por fusariosis de banano (Foc R4T)\",\"datePublished\":\"2021-12-14T01:40:54+00:00\",\"dateModified\":\"2021-12-14T01:40:55+00:00\",\"mainEntityOfPage\":{\"@id\":\"https:\\\/\\\/web.oirsa.org\\\/archivos\\\/3985\"},\"wordCount\":405,\"commentCount\":0,\"publisher\":{\"@id\":\"https:\\\/\\\/web.oirsa.org\\\/#organization\"},\"image\":{\"@id\":\"https:\\\/\\\/web.oirsa.org\\\/archivos\\\/3985#primaryimage\"},\"thumbnailUrl\":\"https:\\\/\\\/web.oirsa.org\\\/wp-content\\\/uploads\\\/2021\\\/12\\\/FOC-ecuador.jpg\",\"articleSection\":[\"Noticias\"],\"inLanguage\":\"en-US\",\"potentialAction\":[{\"@type\":\"CommentAction\",\"name\":\"Comment\",\"target\":[\"https:\\\/\\\/web.oirsa.org\\\/archivos\\\/3985#respond\"]}]},{\"@type\":\"WebPage\",\"@id\":\"https:\\\/\\\/web.oirsa.org\\\/archivos\\\/3985\",\"url\":\"https:\\\/\\\/web.oirsa.org\\\/archivos\\\/3985\",\"name\":\"Ecuador: OIRSA apoya en la prevenci\u00f3n de marchitez por fusariosis de banano (Foc R4T) - OIRSA\",\"isPartOf\":{\"@id\":\"https:\\\/\\\/web.oirsa.org\\\/#website\"},\"primaryImageOfPage\":{\"@id\":\"https:\\\/\\\/web.oirsa.org\\\/archivos\\\/3985#primaryimage\"},\"image\":{\"@id\":\"https:\\\/\\\/web.oirsa.org\\\/archivos\\\/3985#primaryimage\"},\"thumbnailUrl\":\"https:\\\/\\\/web.oirsa.org\\\/wp-content\\\/uploads\\\/2021\\\/12\\\/FOC-ecuador.jpg\",\"datePublished\":\"2021-12-14T01:40:54+00:00\",\"dateModified\":\"2021-12-14T01:40:55+00:00\",\"description\":\"Una delegaci\u00f3n de funcionarios del Organismo&nbsp;efectu\u00f3 una misi\u00f3n a Sudam\u00e9rica ante alerta por la sospecha de un brote de la enfermedad de Foc R4T en\",\"breadcrumb\":{\"@id\":\"https:\\\/\\\/web.oirsa.org\\\/archivos\\\/3985#breadcrumb\"},\"inLanguage\":\"en-US\",\"potentialAction\":[{\"@type\":\"ReadAction\",\"target\":[\"https:\\\/\\\/web.oirsa.org\\\/archivos\\\/3985\"]}]},{\"@type\":\"ImageObject\",\"inLanguage\":\"en-US\",\"@id\":\"https:\\\/\\\/web.oirsa.org\\\/archivos\\\/3985#primaryimage\",\"url\":\"https:\\\/\\\/web.oirsa.org\\\/wp-content\\\/uploads\\\/2021\\\/12\\\/FOC-ecuador.jpg\",\"contentUrl\":\"https:\\\/\\\/web.oirsa.org\\\/wp-content\\\/uploads\\\/2021\\\/12\\\/FOC-ecuador.jpg\"},{\"@type\":\"BreadcrumbList\",\"@id\":\"https:\\\/\\\/web.oirsa.org\\\/archivos\\\/3985#breadcrumb\",\"itemListElement\":[{\"@type\":\"ListItem\",\"position\":1,\"name\":\"Portada\",\"item\":\"https:\\\/\\\/web.oirsa.org\\\/\"},{\"@type\":\"ListItem\",\"position\":2,\"name\":\"Ecuador: OIRSA apoya en la prevenci\u00f3n de marchitez por fusariosis de banano (Foc R4T)\"}]},{\"@type\":\"WebSite\",\"@id\":\"https:\\\/\\\/web.oirsa.org\\\/#website\",\"url\":\"https:\\\/\\\/web.oirsa.org\\\/\",\"name\":\"OIRSA\",\"description\":\"Organismo Internacional Regional de Sanidad Agropecuaria\",\"publisher\":{\"@id\":\"https:\\\/\\\/web.oirsa.org\\\/#organization\"},\"potentialAction\":[{\"@type\":\"SearchAction\",\"target\":{\"@type\":\"EntryPoint\",\"urlTemplate\":\"https:\\\/\\\/web.oirsa.org\\\/?s={search_term_string}\"},\"query-input\":{\"@type\":\"PropertyValueSpecification\",\"valueRequired\":true,\"valueName\":\"search_term_string\"}}],\"inLanguage\":\"en-US\"},{\"@type\":\"Organization\",\"@id\":\"https:\\\/\\\/web.oirsa.org\\\/#organization\",\"name\":\"OIRSA\",\"url\":\"https:\\\/\\\/web.oirsa.org\\\/\",\"logo\":{\"@type\":\"ImageObject\",\"inLanguage\":\"en-US\",\"@id\":\"https:\\\/\\\/web.oirsa.org\\\/#\\\/schema\\\/logo\\\/image\\\/\",\"url\":\"https:\\\/\\\/web.oirsa.org\\\/wp-content\\\/uploads\\\/2024\\\/01\\\/cropped-LOGO-OIRSA-2023.png\",\"contentUrl\":\"https:\\\/\\\/web.oirsa.org\\\/wp-content\\\/uploads\\\/2024\\\/01\\\/cropped-LOGO-OIRSA-2023.png\",\"width\":512,\"height\":512,\"caption\":\"OIRSA\"},\"image\":{\"@id\":\"https:\\\/\\\/web.oirsa.org\\\/#\\\/schema\\\/logo\\\/image\\\/\"},\"sameAs\":[\"https:\\\/\\\/www.facebook.com\\\/OIRSAoficial\",\"https:\\\/\\\/x.com\\\/OIRSAoficial\"]},{\"@type\":\"Person\",\"@id\":\"https:\\\/\\\/web.oirsa.org\\\/#\\\/schema\\\/person\\\/698e7776162ddf630ab36c5946d818ab\",\"name\":\"sigfredoramirez\",\"image\":{\"@type\":\"ImageObject\",\"inLanguage\":\"en-US\",\"@id\":\"https:\\\/\\\/secure.gravatar.com\\\/avatar\\\/cff1a22def7b03563530f2ba16145a6b6b5acbabc1f530f59eb045d7e21222e2?s=96&d=identicon&r=g\",\"url\":\"https:\\\/\\\/secure.gravatar.com\\\/avatar\\\/cff1a22def7b03563530f2ba16145a6b6b5acbabc1f530f59eb045d7e21222e2?s=96&d=identicon&r=g\",\"contentUrl\":\"https:\\\/\\\/secure.gravatar.com\\\/avatar\\\/cff1a22def7b03563530f2ba16145a6b6b5acbabc1f530f59eb045d7e21222e2?s=96&d=identicon&r=g\",\"caption\":\"sigfredoramirez\"}}]}<\/script>\n<!-- \/ Yoast SEO plugin. -->","yoast_head_json":{"title":"Ecuador: OIRSA apoya en la prevenci\u00f3n de marchitez por fusariosis de banano (Foc R4T) - OIRSA","description":"Una delegaci\u00f3n de funcionarios del Organismo&nbsp;efectu\u00f3 una misi\u00f3n a Sudam\u00e9rica ante alerta por la sospecha de un brote de la enfermedad de Foc R4T en","robots":{"index":"index","follow":"follow","max-snippet":"max-snippet:-1","max-image-preview":"max-image-preview:large","max-video-preview":"max-video-preview:-1"},"canonical":"https:\/\/web.oirsa.org\/en\/archivos\/3985\/","og_locale":"en_US","og_type":"article","og_title":"Ecuador: OIRSA apoya en la prevenci\u00f3n de marchitez por fusariosis de banano (Foc R4T) - OIRSA","og_description":"Una delegaci\u00f3n de funcionarios del Organismo&nbsp;efectu\u00f3 una misi\u00f3n a Sudam\u00e9rica ante alerta por la sospecha de un brote de la enfermedad de Foc R4T en","og_url":"https:\/\/web.oirsa.org\/en\/archivos\/3985\/","og_site_name":"OIRSA","article_publisher":"https:\/\/www.facebook.com\/OIRSAoficial","article_published_time":"2021-12-14T01:40:54+00:00","article_modified_time":"2021-12-14T01:40:55+00:00","og_image":[{"url":"https:\/\/web.oirsa.org\/wp-content\/uploads\/2021\/12\/FOC-ecuador.jpg","type":"","width":"","height":""}],"author":"sigfredoramirez","twitter_card":"summary_large_image","twitter_creator":"@OIRSAoficial","twitter_site":"@OIRSAoficial","twitter_misc":{"Written by":"sigfredoramirez","Est. reading time":"2 minutes"},"schema":{"@context":"https:\/\/schema.org","@graph":[{"@type":"Article","@id":"https:\/\/web.oirsa.org\/archivos\/3985#article","isPartOf":{"@id":"https:\/\/web.oirsa.org\/archivos\/3985"},"author":{"name":"sigfredoramirez","@id":"https:\/\/web.oirsa.org\/#\/schema\/person\/698e7776162ddf630ab36c5946d818ab"},"headline":"Ecuador: OIRSA apoya en la prevenci\u00f3n de marchitez por fusariosis de banano (Foc R4T)","datePublished":"2021-12-14T01:40:54+00:00","dateModified":"2021-12-14T01:40:55+00:00","mainEntityOfPage":{"@id":"https:\/\/web.oirsa.org\/archivos\/3985"},"wordCount":405,"commentCount":0,"publisher":{"@id":"https:\/\/web.oirsa.org\/#organization"},"image":{"@id":"https:\/\/web.oirsa.org\/archivos\/3985#primaryimage"},"thumbnailUrl":"https:\/\/web.oirsa.org\/wp-content\/uploads\/2021\/12\/FOC-ecuador.jpg","articleSection":["Noticias"],"inLanguage":"en-US","potentialAction":[{"@type":"CommentAction","name":"Comment","target":["https:\/\/web.oirsa.org\/archivos\/3985#respond"]}]},{"@type":"WebPage","@id":"https:\/\/web.oirsa.org\/archivos\/3985","url":"https:\/\/web.oirsa.org\/archivos\/3985","name":"Ecuador: OIRSA apoya en la prevenci\u00f3n de marchitez por fusariosis de banano (Foc R4T) - OIRSA","isPartOf":{"@id":"https:\/\/web.oirsa.org\/#website"},"primaryImageOfPage":{"@id":"https:\/\/web.oirsa.org\/archivos\/3985#primaryimage"},"image":{"@id":"https:\/\/web.oirsa.org\/archivos\/3985#primaryimage"},"thumbnailUrl":"https:\/\/web.oirsa.org\/wp-content\/uploads\/2021\/12\/FOC-ecuador.jpg","datePublished":"2021-12-14T01:40:54+00:00","dateModified":"2021-12-14T01:40:55+00:00","description":"Una delegaci\u00f3n de funcionarios del Organismo&nbsp;efectu\u00f3 una misi\u00f3n a Sudam\u00e9rica ante alerta por la sospecha de un brote de la enfermedad de Foc R4T en","breadcrumb":{"@id":"https:\/\/web.oirsa.org\/archivos\/3985#breadcrumb"},"inLanguage":"en-US","potentialAction":[{"@type":"ReadAction","target":["https:\/\/web.oirsa.org\/archivos\/3985"]}]},{"@type":"ImageObject","inLanguage":"en-US","@id":"https:\/\/web.oirsa.org\/archivos\/3985#primaryimage","url":"https:\/\/web.oirsa.org\/wp-content\/uploads\/2021\/12\/FOC-ecuador.jpg","contentUrl":"https:\/\/web.oirsa.org\/wp-content\/uploads\/2021\/12\/FOC-ecuador.jpg"},{"@type":"BreadcrumbList","@id":"https:\/\/web.oirsa.org\/archivos\/3985#breadcrumb","itemListElement":[{"@type":"ListItem","position":1,"name":"Portada","item":"https:\/\/web.oirsa.org\/"},{"@type":"ListItem","position":2,"name":"Ecuador: OIRSA apoya en la prevenci\u00f3n de marchitez por fusariosis de banano (Foc R4T)"}]},{"@type":"WebSite","@id":"https:\/\/web.oirsa.org\/#website","url":"https:\/\/web.oirsa.org\/","name":"OIRSA","description":"Organismo Internacional Regional de Sanidad Agropecuaria","publisher":{"@id":"https:\/\/web.oirsa.org\/#organization"},"potentialAction":[{"@type":"SearchAction","target":{"@type":"EntryPoint","urlTemplate":"https:\/\/web.oirsa.org\/?s={search_term_string}"},"query-input":{"@type":"PropertyValueSpecification","valueRequired":true,"valueName":"search_term_string"}}],"inLanguage":"en-US"},{"@type":"Organization","@id":"https:\/\/web.oirsa.org\/#organization","name":"OIRSA","url":"https:\/\/web.oirsa.org\/","logo":{"@type":"ImageObject","inLanguage":"en-US","@id":"https:\/\/web.oirsa.org\/#\/schema\/logo\/image\/","url":"https:\/\/web.oirsa.org\/wp-content\/uploads\/2024\/01\/cropped-LOGO-OIRSA-2023.png","contentUrl":"https:\/\/web.oirsa.org\/wp-content\/uploads\/2024\/01\/cropped-LOGO-OIRSA-2023.png","width":512,"height":512,"caption":"OIRSA"},"image":{"@id":"https:\/\/web.oirsa.org\/#\/schema\/logo\/image\/"},"sameAs":["https:\/\/www.facebook.com\/OIRSAoficial","https:\/\/x.com\/OIRSAoficial"]},{"@type":"Person","@id":"https:\/\/web.oirsa.org\/#\/schema\/person\/698e7776162ddf630ab36c5946d818ab","name":"sigfredoramirez","image":{"@type":"ImageObject","inLanguage":"en-US","@id":"https:\/\/secure.gravatar.com\/avatar\/cff1a22def7b03563530f2ba16145a6b6b5acbabc1f530f59eb045d7e21222e2?s=96&d=identicon&r=g","url":"https:\/\/secure.gravatar.com\/avatar\/cff1a22def7b03563530f2ba16145a6b6b5acbabc1f530f59eb045d7e21222e2?s=96&d=identicon&r=g","contentUrl":"https:\/\/secure.gravatar.com\/avatar\/cff1a22def7b03563530f2ba16145a6b6b5acbabc1f530f59eb045d7e21222e2?s=96&d=identicon&r=g","caption":"sigfredoramirez"}}]}},"jetpack_featured_media_url":"","jetpack_sharing_enabled":true,"_links":{"self":[{"href":"https:\/\/web.oirsa.org\/en\/wp-json\/wp\/v2\/posts\/3985","targetHints":{"allow":["GET"]}}],"collection":[{"href":"https:\/\/web.oirsa.org\/en\/wp-json\/wp\/v2\/posts"}],"about":[{"href":"https:\/\/web.oirsa.org\/en\/wp-json\/wp\/v2\/types\/post"}],"author":[{"embeddable":true,"href":"https:\/\/web.oirsa.org\/en\/wp-json\/wp\/v2\/users\/213237738"}],"replies":[{"embeddable":true,"href":"https:\/\/web.oirsa.org\/en\/wp-json\/wp\/v2\/comments?post=3985"}],"version-history":[{"count":1,"href":"https:\/\/web.oirsa.org\/en\/wp-json\/wp\/v2\/posts\/3985\/revisions"}],"predecessor-version":[{"id":3987,"href":"https:\/\/web.oirsa.org\/en\/wp-json\/wp\/v2\/posts\/3985\/revisions\/3987"}],"wp:attachment":[{"href":"https:\/\/web.oirsa.org\/en\/wp-json\/wp\/v2\/media?parent=3985"}],"wp:term":[{"taxonomy":"category","embeddable":true,"href":"https:\/\/web.oirsa.org\/en\/wp-json\/wp\/v2\/categories?post=3985"},{"taxonomy":"post_tag","embeddable":true,"href":"https:\/\/web.oirsa.org\/en\/wp-json\/wp\/v2\/tags?post=3985"}],"curies":[{"name":"wp","href":"https:\/\/api.w.org\/{rel}","templated":true}]}}