{"id":3539,"date":"2021-12-11T14:51:41","date_gmt":"2021-12-11T20:51:41","guid":{"rendered":"http:\/\/10.103.20.84\/?p=3539"},"modified":"2021-12-11T14:51:42","modified_gmt":"2021-12-11T20:51:42","slug":"belize-oirsa-participa-en-reunion-extraordinaria-del-consejo-agropecuario-centroamericano","status":"publish","type":"post","link":"https:\/\/web.oirsa.org\/en\/archivos\/3539","title":{"rendered":"Belize: OIRSA participa en reuni\u00f3n extraordinaria del Consejo Agropecuario Centroamericano"},"content":{"rendered":"<p class=\"wp-block-paragraph\"><em>El Organismo fue parte de la reuni\u00f3n en la que participaron los ministros y secretarios de Agricultura y Ganader\u00eda de Centroam\u00e9rica y la Rep\u00fablica Dominicana.<\/em><\/p>\n\n\n\n<p class=\"wp-block-paragraph\"><strong>Viernes, 27 de julio de 2018<\/strong>. Los ministros y secretarios de Agricultura y Ganader\u00eda de la regi\u00f3n se reunieron en la ciudad de Belize para una sesi\u00f3n extraordinaria del\u00a0<a href=\"http:\/\/www.cac.int\/\">Consejo Agropecuario Centroamericano (CAC)<\/a>. En la actividad, el director ejecutivo del OIRSA, Efra\u00edn Medina, expuso sobre la aprobaci\u00f3n\u00a0<a href=\"https:\/\/www.oirsa.org\/noticia-detalle.aspx?id=5489\">de reglamentos regionales para el control, erradicaci\u00f3n y prevenci\u00f3n<\/a>\u00a0de la brucelosis bovina, tuberculosis bovina y enfermedad de Newcastle.<\/p>\n\n\n\n<p class=\"wp-block-paragraph\">La reuni\u00f3n se efectu\u00f3 el 26 y 27 de julio de 2018 y fue presidida por el ministro de Agricultura, Pesca, Ambiente y Desarrollo Sostenible de Belize; Godwin Hulse. Durante la reuni\u00f3n se realiz\u00f3 un conversatorio sobre la visi\u00f3n estrat\u00e9gica comercial de la regi\u00f3n del\u00a0<a href=\"https:\/\/www.sica.int\/\">Sistema de la Integraci\u00f3n Centroamericana (SICA)<\/a>, ante las din\u00e1micas internacionales actuales y su impacto en el sector agropecuario. \u00a0\u00a0<\/p>\n\n\n\n<p class=\"wp-block-paragraph\">Asimismo, se abordaron tem\u00e1ticas como la presentaci\u00f3n de un informe de avance en el proceso de institucionalizaci\u00f3n de la Red Regional de Mercados (RRIM), la presentaci\u00f3n de la pol\u00edtica de agricultura familiar campesina, ind\u00edgena y afrodescendiente. Como parte de la reuni\u00f3n extraordinaria del CAC se realiz\u00f3 una visita de campo y un intercambio de experiencia de asociatividad agropecuaria belice\u00f1a.<\/p>","protected":false},"excerpt":{"rendered":"<p>El Organismo fue parte de la reuni\u00f3n en la que participaron los ministros y secretarios de Agricultura y Ganader\u00eda de [&hellip;]<\/p>\n","protected":false},"author":213237738,"featured_media":0,"comment_status":"open","ping_status":"open","sticky":false,"template":"","format":"standard","meta":{"_coblocks_attr":"","_coblocks_dimensions":"","_coblocks_responsive_height":"","_coblocks_accordion_ie_support":"","_crdt_document":"","_jetpack_memberships_contains_paid_content":false,"footnotes":""},"categories":[121903],"tags":[],"class_list":["post-3539","post","type-post","status-publish","format-standard","hentry","category-noticias"],"yoast_head":"<!-- This site is optimized with the Yoast SEO plugin v27.5 - https:\/\/yoast.com\/product\/yoast-seo-wordpress\/ -->\n<title>Belize: OIRSA participa en reuni\u00f3n extraordinaria del Consejo Agropecuario Centroamericano - OIRSA<\/title>\n<meta name=\"description\" content=\"El Organismo fue parte de la reuni\u00f3n en la que participaron los ministros y secretarios de Agricultura y Ganader\u00eda de Centroam\u00e9rica y la Rep\u00fablica\" \/>\n<meta name=\"robots\" content=\"index, follow, max-snippet:-1, max-image-preview:large, max-video-preview:-1\" \/>\n<link rel=\"canonical\" href=\"https:\/\/web.oirsa.org\/en\/archivos\/3539\/\" \/>\n<meta property=\"og:locale\" content=\"en_US\" \/>\n<meta property=\"og:type\" content=\"article\" \/>\n<meta property=\"og:title\" content=\"Belize: OIRSA participa en reuni\u00f3n extraordinaria del Consejo Agropecuario Centroamericano - OIRSA\" \/>\n<meta property=\"og:description\" content=\"El Organismo fue parte de la reuni\u00f3n en la que participaron los ministros y secretarios de Agricultura y Ganader\u00eda de Centroam\u00e9rica y la Rep\u00fablica\" \/>\n<meta property=\"og:url\" content=\"https:\/\/web.oirsa.org\/en\/archivos\/3539\/\" \/>\n<meta property=\"og:site_name\" content=\"OIRSA\" \/>\n<meta property=\"article:publisher\" content=\"https:\/\/www.facebook.com\/OIRSAoficial\" \/>\n<meta property=\"article:published_time\" content=\"2021-12-11T20:51:41+00:00\" \/>\n<meta property=\"article:modified_time\" content=\"2021-12-11T20:51:42+00:00\" \/>\n<meta property=\"og:image\" content=\"https:\/\/i0.wp.com\/web.oirsa.org\/wp-content\/uploads\/2024\/01\/logo-OIRSA23.png?fit=2791%2C782&ssl=1\" \/>\n\t<meta property=\"og:image:width\" content=\"2791\" \/>\n\t<meta property=\"og:image:height\" content=\"782\" \/>\n\t<meta property=\"og:image:type\" content=\"image\/png\" \/>\n<meta name=\"author\" content=\"sigfredoramirez\" \/>\n<meta name=\"twitter:card\" content=\"summary_large_image\" \/>\n<meta name=\"twitter:creator\" content=\"@OIRSAoficial\" \/>\n<meta name=\"twitter:site\" content=\"@OIRSAoficial\" \/>\n<meta name=\"twitter:label1\" content=\"Written by\" \/>\n\t<meta name=\"twitter:data1\" content=\"sigfredoramirez\" \/>\n\t<meta name=\"twitter:label2\" content=\"Est. reading time\" \/>\n\t<meta name=\"twitter:data2\" content=\"1 minute\" \/>\n<script type=\"application\/ld+json\" class=\"yoast-schema-graph\">{\"@context\":\"https:\\\/\\\/schema.org\",\"@graph\":[{\"@type\":\"Article\",\"@id\":\"https:\\\/\\\/web.oirsa.org\\\/archivos\\\/3539#article\",\"isPartOf\":{\"@id\":\"https:\\\/\\\/web.oirsa.org\\\/archivos\\\/3539\"},\"author\":{\"name\":\"sigfredoramirez\",\"@id\":\"https:\\\/\\\/web.oirsa.org\\\/#\\\/schema\\\/person\\\/698e7776162ddf630ab36c5946d818ab\"},\"headline\":\"Belize: OIRSA participa en reuni\u00f3n extraordinaria del Consejo Agropecuario Centroamericano\",\"datePublished\":\"2021-12-11T20:51:41+00:00\",\"dateModified\":\"2021-12-11T20:51:42+00:00\",\"mainEntityOfPage\":{\"@id\":\"https:\\\/\\\/web.oirsa.org\\\/archivos\\\/3539\"},\"wordCount\":251,\"commentCount\":0,\"publisher\":{\"@id\":\"https:\\\/\\\/web.oirsa.org\\\/#organization\"},\"articleSection\":[\"Noticias\"],\"inLanguage\":\"en-US\",\"potentialAction\":[{\"@type\":\"CommentAction\",\"name\":\"Comment\",\"target\":[\"https:\\\/\\\/web.oirsa.org\\\/archivos\\\/3539#respond\"]}]},{\"@type\":\"WebPage\",\"@id\":\"https:\\\/\\\/web.oirsa.org\\\/archivos\\\/3539\",\"url\":\"https:\\\/\\\/web.oirsa.org\\\/archivos\\\/3539\",\"name\":\"Belize: OIRSA participa en reuni\u00f3n extraordinaria del Consejo Agropecuario Centroamericano - OIRSA\",\"isPartOf\":{\"@id\":\"https:\\\/\\\/web.oirsa.org\\\/#website\"},\"datePublished\":\"2021-12-11T20:51:41+00:00\",\"dateModified\":\"2021-12-11T20:51:42+00:00\",\"description\":\"El Organismo fue parte de la reuni\u00f3n en la que participaron los ministros y secretarios de Agricultura y Ganader\u00eda de Centroam\u00e9rica y la Rep\u00fablica\",\"breadcrumb\":{\"@id\":\"https:\\\/\\\/web.oirsa.org\\\/archivos\\\/3539#breadcrumb\"},\"inLanguage\":\"en-US\",\"potentialAction\":[{\"@type\":\"ReadAction\",\"target\":[\"https:\\\/\\\/web.oirsa.org\\\/archivos\\\/3539\"]}]},{\"@type\":\"BreadcrumbList\",\"@id\":\"https:\\\/\\\/web.oirsa.org\\\/archivos\\\/3539#breadcrumb\",\"itemListElement\":[{\"@type\":\"ListItem\",\"position\":1,\"name\":\"Portada\",\"item\":\"https:\\\/\\\/web.oirsa.org\\\/\"},{\"@type\":\"ListItem\",\"position\":2,\"name\":\"Belize: OIRSA participa en reuni\u00f3n extraordinaria del Consejo Agropecuario Centroamericano\"}]},{\"@type\":\"WebSite\",\"@id\":\"https:\\\/\\\/web.oirsa.org\\\/#website\",\"url\":\"https:\\\/\\\/web.oirsa.org\\\/\",\"name\":\"OIRSA\",\"description\":\"Organismo Internacional Regional de Sanidad Agropecuaria\",\"publisher\":{\"@id\":\"https:\\\/\\\/web.oirsa.org\\\/#organization\"},\"potentialAction\":[{\"@type\":\"SearchAction\",\"target\":{\"@type\":\"EntryPoint\",\"urlTemplate\":\"https:\\\/\\\/web.oirsa.org\\\/?s={search_term_string}\"},\"query-input\":{\"@type\":\"PropertyValueSpecification\",\"valueRequired\":true,\"valueName\":\"search_term_string\"}}],\"inLanguage\":\"en-US\"},{\"@type\":\"Organization\",\"@id\":\"https:\\\/\\\/web.oirsa.org\\\/#organization\",\"name\":\"OIRSA\",\"url\":\"https:\\\/\\\/web.oirsa.org\\\/\",\"logo\":{\"@type\":\"ImageObject\",\"inLanguage\":\"en-US\",\"@id\":\"https:\\\/\\\/web.oirsa.org\\\/#\\\/schema\\\/logo\\\/image\\\/\",\"url\":\"https:\\\/\\\/web.oirsa.org\\\/wp-content\\\/uploads\\\/2024\\\/01\\\/cropped-LOGO-OIRSA-2023.png\",\"contentUrl\":\"https:\\\/\\\/web.oirsa.org\\\/wp-content\\\/uploads\\\/2024\\\/01\\\/cropped-LOGO-OIRSA-2023.png\",\"width\":512,\"height\":512,\"caption\":\"OIRSA\"},\"image\":{\"@id\":\"https:\\\/\\\/web.oirsa.org\\\/#\\\/schema\\\/logo\\\/image\\\/\"},\"sameAs\":[\"https:\\\/\\\/www.facebook.com\\\/OIRSAoficial\",\"https:\\\/\\\/x.com\\\/OIRSAoficial\"]},{\"@type\":\"Person\",\"@id\":\"https:\\\/\\\/web.oirsa.org\\\/#\\\/schema\\\/person\\\/698e7776162ddf630ab36c5946d818ab\",\"name\":\"sigfredoramirez\",\"image\":{\"@type\":\"ImageObject\",\"inLanguage\":\"en-US\",\"@id\":\"https:\\\/\\\/secure.gravatar.com\\\/avatar\\\/cff1a22def7b03563530f2ba16145a6b6b5acbabc1f530f59eb045d7e21222e2?s=96&d=identicon&r=g\",\"url\":\"https:\\\/\\\/secure.gravatar.com\\\/avatar\\\/cff1a22def7b03563530f2ba16145a6b6b5acbabc1f530f59eb045d7e21222e2?s=96&d=identicon&r=g\",\"contentUrl\":\"https:\\\/\\\/secure.gravatar.com\\\/avatar\\\/cff1a22def7b03563530f2ba16145a6b6b5acbabc1f530f59eb045d7e21222e2?s=96&d=identicon&r=g\",\"caption\":\"sigfredoramirez\"}}]}<\/script>\n<!-- \/ Yoast SEO plugin. -->","yoast_head_json":{"title":"Belize: OIRSA participa en reuni\u00f3n extraordinaria del Consejo Agropecuario Centroamericano - OIRSA","description":"El Organismo fue parte de la reuni\u00f3n en la que participaron los ministros y secretarios de Agricultura y Ganader\u00eda de Centroam\u00e9rica y la Rep\u00fablica","robots":{"index":"index","follow":"follow","max-snippet":"max-snippet:-1","max-image-preview":"max-image-preview:large","max-video-preview":"max-video-preview:-1"},"canonical":"https:\/\/web.oirsa.org\/en\/archivos\/3539\/","og_locale":"en_US","og_type":"article","og_title":"Belize: OIRSA participa en reuni\u00f3n extraordinaria del Consejo Agropecuario Centroamericano - OIRSA","og_description":"El Organismo fue parte de la reuni\u00f3n en la que participaron los ministros y secretarios de Agricultura y Ganader\u00eda de Centroam\u00e9rica y la Rep\u00fablica","og_url":"https:\/\/web.oirsa.org\/en\/archivos\/3539\/","og_site_name":"OIRSA","article_publisher":"https:\/\/www.facebook.com\/OIRSAoficial","article_published_time":"2021-12-11T20:51:41+00:00","article_modified_time":"2021-12-11T20:51:42+00:00","og_image":[{"width":2791,"height":782,"url":"https:\/\/i0.wp.com\/web.oirsa.org\/wp-content\/uploads\/2024\/01\/logo-OIRSA23.png?fit=2791%2C782&ssl=1","type":"image\/png"}],"author":"sigfredoramirez","twitter_card":"summary_large_image","twitter_creator":"@OIRSAoficial","twitter_site":"@OIRSAoficial","twitter_misc":{"Written by":"sigfredoramirez","Est. reading time":"1 minute"},"schema":{"@context":"https:\/\/schema.org","@graph":[{"@type":"Article","@id":"https:\/\/web.oirsa.org\/archivos\/3539#article","isPartOf":{"@id":"https:\/\/web.oirsa.org\/archivos\/3539"},"author":{"name":"sigfredoramirez","@id":"https:\/\/web.oirsa.org\/#\/schema\/person\/698e7776162ddf630ab36c5946d818ab"},"headline":"Belize: OIRSA participa en reuni\u00f3n extraordinaria del Consejo Agropecuario Centroamericano","datePublished":"2021-12-11T20:51:41+00:00","dateModified":"2021-12-11T20:51:42+00:00","mainEntityOfPage":{"@id":"https:\/\/web.oirsa.org\/archivos\/3539"},"wordCount":251,"commentCount":0,"publisher":{"@id":"https:\/\/web.oirsa.org\/#organization"},"articleSection":["Noticias"],"inLanguage":"en-US","potentialAction":[{"@type":"CommentAction","name":"Comment","target":["https:\/\/web.oirsa.org\/archivos\/3539#respond"]}]},{"@type":"WebPage","@id":"https:\/\/web.oirsa.org\/archivos\/3539","url":"https:\/\/web.oirsa.org\/archivos\/3539","name":"Belize: OIRSA participa en reuni\u00f3n extraordinaria del Consejo Agropecuario Centroamericano - OIRSA","isPartOf":{"@id":"https:\/\/web.oirsa.org\/#website"},"datePublished":"2021-12-11T20:51:41+00:00","dateModified":"2021-12-11T20:51:42+00:00","description":"El Organismo fue parte de la reuni\u00f3n en la que participaron los ministros y secretarios de Agricultura y Ganader\u00eda de Centroam\u00e9rica y la Rep\u00fablica","breadcrumb":{"@id":"https:\/\/web.oirsa.org\/archivos\/3539#breadcrumb"},"inLanguage":"en-US","potentialAction":[{"@type":"ReadAction","target":["https:\/\/web.oirsa.org\/archivos\/3539"]}]},{"@type":"BreadcrumbList","@id":"https:\/\/web.oirsa.org\/archivos\/3539#breadcrumb","itemListElement":[{"@type":"ListItem","position":1,"name":"Portada","item":"https:\/\/web.oirsa.org\/"},{"@type":"ListItem","position":2,"name":"Belize: OIRSA participa en reuni\u00f3n extraordinaria del Consejo Agropecuario Centroamericano"}]},{"@type":"WebSite","@id":"https:\/\/web.oirsa.org\/#website","url":"https:\/\/web.oirsa.org\/","name":"OIRSA","description":"Organismo Internacional Regional de Sanidad Agropecuaria","publisher":{"@id":"https:\/\/web.oirsa.org\/#organization"},"potentialAction":[{"@type":"SearchAction","target":{"@type":"EntryPoint","urlTemplate":"https:\/\/web.oirsa.org\/?s={search_term_string}"},"query-input":{"@type":"PropertyValueSpecification","valueRequired":true,"valueName":"search_term_string"}}],"inLanguage":"en-US"},{"@type":"Organization","@id":"https:\/\/web.oirsa.org\/#organization","name":"OIRSA","url":"https:\/\/web.oirsa.org\/","logo":{"@type":"ImageObject","inLanguage":"en-US","@id":"https:\/\/web.oirsa.org\/#\/schema\/logo\/image\/","url":"https:\/\/web.oirsa.org\/wp-content\/uploads\/2024\/01\/cropped-LOGO-OIRSA-2023.png","contentUrl":"https:\/\/web.oirsa.org\/wp-content\/uploads\/2024\/01\/cropped-LOGO-OIRSA-2023.png","width":512,"height":512,"caption":"OIRSA"},"image":{"@id":"https:\/\/web.oirsa.org\/#\/schema\/logo\/image\/"},"sameAs":["https:\/\/www.facebook.com\/OIRSAoficial","https:\/\/x.com\/OIRSAoficial"]},{"@type":"Person","@id":"https:\/\/web.oirsa.org\/#\/schema\/person\/698e7776162ddf630ab36c5946d818ab","name":"sigfredoramirez","image":{"@type":"ImageObject","inLanguage":"en-US","@id":"https:\/\/secure.gravatar.com\/avatar\/cff1a22def7b03563530f2ba16145a6b6b5acbabc1f530f59eb045d7e21222e2?s=96&d=identicon&r=g","url":"https:\/\/secure.gravatar.com\/avatar\/cff1a22def7b03563530f2ba16145a6b6b5acbabc1f530f59eb045d7e21222e2?s=96&d=identicon&r=g","contentUrl":"https:\/\/secure.gravatar.com\/avatar\/cff1a22def7b03563530f2ba16145a6b6b5acbabc1f530f59eb045d7e21222e2?s=96&d=identicon&r=g","caption":"sigfredoramirez"}}]}},"jetpack_featured_media_url":"","jetpack_sharing_enabled":true,"_links":{"self":[{"href":"https:\/\/web.oirsa.org\/en\/wp-json\/wp\/v2\/posts\/3539","targetHints":{"allow":["GET"]}}],"collection":[{"href":"https:\/\/web.oirsa.org\/en\/wp-json\/wp\/v2\/posts"}],"about":[{"href":"https:\/\/web.oirsa.org\/en\/wp-json\/wp\/v2\/types\/post"}],"author":[{"embeddable":true,"href":"https:\/\/web.oirsa.org\/en\/wp-json\/wp\/v2\/users\/213237738"}],"replies":[{"embeddable":true,"href":"https:\/\/web.oirsa.org\/en\/wp-json\/wp\/v2\/comments?post=3539"}],"version-history":[{"count":1,"href":"https:\/\/web.oirsa.org\/en\/wp-json\/wp\/v2\/posts\/3539\/revisions"}],"predecessor-version":[{"id":3540,"href":"https:\/\/web.oirsa.org\/en\/wp-json\/wp\/v2\/posts\/3539\/revisions\/3540"}],"wp:attachment":[{"href":"https:\/\/web.oirsa.org\/en\/wp-json\/wp\/v2\/media?parent=3539"}],"wp:term":[{"taxonomy":"category","embeddable":true,"href":"https:\/\/web.oirsa.org\/en\/wp-json\/wp\/v2\/categories?post=3539"},{"taxonomy":"post_tag","embeddable":true,"href":"https:\/\/web.oirsa.org\/en\/wp-json\/wp\/v2\/tags?post=3539"}],"curies":[{"name":"wp","href":"https:\/\/api.w.org\/{rel}","templated":true}]}}