{"id":3514,"date":"2021-12-11T14:28:12","date_gmt":"2021-12-11T20:28:12","guid":{"rendered":"http:\/\/10.103.20.84\/?p=3514"},"modified":"2021-12-11T14:28:13","modified_gmt":"2021-12-11T20:28:13","slug":"jamaica-oirsa-participa-en-11o-foro-de-directores-de-sanidad-vegetal-del-caribe","status":"publish","type":"post","link":"https:\/\/web.oirsa.org\/en\/archivos\/3514","title":{"rendered":"Jamaica: OIRSA participa en 11\u00ba Foro de directores de Sanidad Vegetal del Caribe"},"content":{"rendered":"<p class=\"wp-block-paragraph\"><em>Se presentaron y discutieron las novedades de la \u00faltima Comisi\u00f3n de Medidas Fitosanitarias (CMF) y del 2020 como a\u00f1o internacional de la Sanidad Vegetal, entre otros.\u00a0\u00a0<\/em><\/p>\n\n\n\n<div class=\"wp-block-image\"><figure class=\"alignright size-large is-resized\"><img data-recalc-dims=\"1\" loading=\"lazy\" decoding=\"async\" src=\"https:\/\/i0.wp.com\/web.oirsa.org\/wp-content\/uploads\/2021\/12\/7-Caribe.jpg?resize=525%2C233&ssl=1\" alt=\"\" class=\"wp-image-3516\" width=\"525\" height=\"233\" srcset=\"https:\/\/i0.wp.com\/web.oirsa.org\/wp-content\/uploads\/2021\/12\/7-Caribe.jpg?resize=1024%2C455&ssl=1 1024w, https:\/\/i0.wp.com\/web.oirsa.org\/wp-content\/uploads\/2021\/12\/7-Caribe.jpg?resize=300%2C133&ssl=1 300w, https:\/\/i0.wp.com\/web.oirsa.org\/wp-content\/uploads\/2021\/12\/7-Caribe.jpg?resize=768%2C341&ssl=1 768w, https:\/\/i0.wp.com\/web.oirsa.org\/wp-content\/uploads\/2021\/12\/7-Caribe.jpg?resize=1200%2C533&ssl=1 1200w, https:\/\/i0.wp.com\/web.oirsa.org\/wp-content\/uploads\/2021\/12\/7-Caribe.jpg?w=1296&ssl=1 1296w\" sizes=\"auto, (max-width: 525px) 100vw, 525px\" \/><\/figure><\/div>\n\n\n\n<p class=\"wp-block-paragraph\"><strong>Jueves, 19 de julio de 2018.\u00a0<\/strong>El director regional de Sanidad Vegetal del OIRSA, Carlos Ur\u00edas, expuso los principales resultados del\u00a0<a href=\"https:\/\/www.oirsa.org\/informacion.aspx?idc=64&id=57\">Proyecto HLB<\/a>\u00a0del Organismo y Taiw\u00e1n ICDF, entre otros temas, durante el onceavo Foro de los directores de Sanidad Vegetal de los pa\u00edses caribe\u00f1os. La actividad se realiz\u00f3 del 16 al 19 de julio de 2018 en la ciudad de Montego Bay, Jamaica.<\/p>\n\n\n\n<p class=\"wp-block-paragraph\">Ur\u00edas tambi\u00e9n expuso sobre el plan de trabajo 2018-2019 del \u00e1rea de Sanidad Vegetal del OIRSA y los objetivos estrat\u00e9gicos de la direcci\u00f3n. Durante la reuni\u00f3n tambi\u00e9n se dialog\u00f3 sobre las novedades de la situaci\u00f3n de la plaga del\u00a0<a href=\"http:\/\/www.agrocalidad.gob.ec\/documentos\/dcz\/4di-ficha-caracol-africano.pdf\">caracol gigante africano<\/a>\u00a0en la Rep\u00fablica Dominicana y una presentaci\u00f3n sobre la mosca del Mediterr\u00e1neo en el mismo pa\u00eds. \u00a0<\/p>\n\n\n\n<p class=\"wp-block-paragraph\">Asimismo, en cuanto al comercio regional, sanidad agropecuaria y la seguridad alimentaria, se present\u00f3 el proyecto de la pol\u00edtica de bioseguridad regional, la implementaci\u00f3n del programa de calidad para la exportaci\u00f3n en la Rep\u00fablica Dominicana y el proyecto piloto para la certificaci\u00f3n de las exportaciones de la\u00a0<a href=\"https:\/\/www.ecured.cu\/Organizaci%C3%B3n_de_Estados_del_Caribe_Oriental\">Organizaci\u00f3n de Estados del Caribe Oriental<\/a>.<\/p>","protected":false},"excerpt":{"rendered":"<p>Se presentaron y discutieron las novedades de la \u00faltima Comisi\u00f3n de Medidas Fitosanitarias (CMF) y del 2020 como a\u00f1o internacional [&hellip;]<\/p>\n","protected":false},"author":213237738,"featured_media":0,"comment_status":"open","ping_status":"open","sticky":false,"template":"","format":"standard","meta":{"_coblocks_attr":"","_coblocks_dimensions":"","_coblocks_responsive_height":"","_coblocks_accordion_ie_support":"","_crdt_document":"","_jetpack_memberships_contains_paid_content":false,"footnotes":""},"categories":[121903],"tags":[],"class_list":["post-3514","post","type-post","status-publish","format-standard","hentry","category-noticias"],"yoast_head":"<!-- This site is optimized with the Yoast SEO plugin v27.5 - https:\/\/yoast.com\/product\/yoast-seo-wordpress\/ -->\n<title>Jamaica: OIRSA participa en 11\u00ba Foro de directores de Sanidad Vegetal del Caribe - OIRSA<\/title>\n<meta name=\"description\" content=\"Se presentaron y discutieron las novedades de la \u00faltima Comisi\u00f3n de Medidas Fitosanitarias (CMF) y del 2020 como a\u00f1o internacional de la Sanidad Vegetal,\" \/>\n<meta name=\"robots\" content=\"index, follow, max-snippet:-1, max-image-preview:large, max-video-preview:-1\" \/>\n<link rel=\"canonical\" href=\"https:\/\/web.oirsa.org\/en\/archivos\/3514\/\" \/>\n<meta property=\"og:locale\" content=\"en_US\" \/>\n<meta property=\"og:type\" content=\"article\" \/>\n<meta property=\"og:title\" content=\"Jamaica: OIRSA participa en 11\u00ba Foro de directores de Sanidad Vegetal del Caribe - OIRSA\" \/>\n<meta property=\"og:description\" content=\"Se presentaron y discutieron las novedades de la \u00faltima Comisi\u00f3n de Medidas Fitosanitarias (CMF) y del 2020 como a\u00f1o internacional de la Sanidad Vegetal,\" \/>\n<meta property=\"og:url\" content=\"https:\/\/web.oirsa.org\/en\/archivos\/3514\/\" \/>\n<meta property=\"og:site_name\" content=\"OIRSA\" \/>\n<meta property=\"article:publisher\" content=\"https:\/\/www.facebook.com\/OIRSAoficial\" \/>\n<meta property=\"article:published_time\" content=\"2021-12-11T20:28:12+00:00\" \/>\n<meta property=\"article:modified_time\" content=\"2021-12-11T20:28:13+00:00\" \/>\n<meta property=\"og:image\" content=\"https:\/\/web.oirsa.org\/wp-content\/uploads\/2021\/12\/7-Caribe-1024x455.jpg\" \/>\n<meta name=\"author\" content=\"sigfredoramirez\" \/>\n<meta name=\"twitter:card\" content=\"summary_large_image\" \/>\n<meta name=\"twitter:creator\" content=\"@OIRSAoficial\" \/>\n<meta name=\"twitter:site\" content=\"@OIRSAoficial\" \/>\n<meta name=\"twitter:label1\" content=\"Written by\" \/>\n\t<meta name=\"twitter:data1\" content=\"sigfredoramirez\" \/>\n\t<meta name=\"twitter:label2\" content=\"Est. reading time\" \/>\n\t<meta name=\"twitter:data2\" content=\"1 minute\" \/>\n<script type=\"application\/ld+json\" class=\"yoast-schema-graph\">{\"@context\":\"https:\\\/\\\/schema.org\",\"@graph\":[{\"@type\":\"Article\",\"@id\":\"https:\\\/\\\/web.oirsa.org\\\/archivos\\\/3514#article\",\"isPartOf\":{\"@id\":\"https:\\\/\\\/web.oirsa.org\\\/archivos\\\/3514\"},\"author\":{\"name\":\"sigfredoramirez\",\"@id\":\"https:\\\/\\\/web.oirsa.org\\\/#\\\/schema\\\/person\\\/698e7776162ddf630ab36c5946d818ab\"},\"headline\":\"Jamaica: OIRSA participa en 11\u00ba Foro de directores de Sanidad Vegetal del Caribe\",\"datePublished\":\"2021-12-11T20:28:12+00:00\",\"dateModified\":\"2021-12-11T20:28:13+00:00\",\"mainEntityOfPage\":{\"@id\":\"https:\\\/\\\/web.oirsa.org\\\/archivos\\\/3514\"},\"wordCount\":238,\"commentCount\":0,\"publisher\":{\"@id\":\"https:\\\/\\\/web.oirsa.org\\\/#organization\"},\"image\":{\"@id\":\"https:\\\/\\\/web.oirsa.org\\\/archivos\\\/3514#primaryimage\"},\"thumbnailUrl\":\"https:\\\/\\\/web.oirsa.org\\\/wp-content\\\/uploads\\\/2021\\\/12\\\/7-Caribe-1024x455.jpg\",\"articleSection\":[\"Noticias\"],\"inLanguage\":\"en-US\",\"potentialAction\":[{\"@type\":\"CommentAction\",\"name\":\"Comment\",\"target\":[\"https:\\\/\\\/web.oirsa.org\\\/archivos\\\/3514#respond\"]}]},{\"@type\":\"WebPage\",\"@id\":\"https:\\\/\\\/web.oirsa.org\\\/archivos\\\/3514\",\"url\":\"https:\\\/\\\/web.oirsa.org\\\/archivos\\\/3514\",\"name\":\"Jamaica: OIRSA participa en 11\u00ba Foro de directores de Sanidad Vegetal del Caribe - OIRSA\",\"isPartOf\":{\"@id\":\"https:\\\/\\\/web.oirsa.org\\\/#website\"},\"primaryImageOfPage\":{\"@id\":\"https:\\\/\\\/web.oirsa.org\\\/archivos\\\/3514#primaryimage\"},\"image\":{\"@id\":\"https:\\\/\\\/web.oirsa.org\\\/archivos\\\/3514#primaryimage\"},\"thumbnailUrl\":\"https:\\\/\\\/web.oirsa.org\\\/wp-content\\\/uploads\\\/2021\\\/12\\\/7-Caribe-1024x455.jpg\",\"datePublished\":\"2021-12-11T20:28:12+00:00\",\"dateModified\":\"2021-12-11T20:28:13+00:00\",\"description\":\"Se presentaron y discutieron las novedades de la \u00faltima Comisi\u00f3n de Medidas Fitosanitarias (CMF) y del 2020 como a\u00f1o internacional de la Sanidad Vegetal,\",\"breadcrumb\":{\"@id\":\"https:\\\/\\\/web.oirsa.org\\\/archivos\\\/3514#breadcrumb\"},\"inLanguage\":\"en-US\",\"potentialAction\":[{\"@type\":\"ReadAction\",\"target\":[\"https:\\\/\\\/web.oirsa.org\\\/archivos\\\/3514\"]}]},{\"@type\":\"ImageObject\",\"inLanguage\":\"en-US\",\"@id\":\"https:\\\/\\\/web.oirsa.org\\\/archivos\\\/3514#primaryimage\",\"url\":\"https:\\\/\\\/web.oirsa.org\\\/wp-content\\\/uploads\\\/2021\\\/12\\\/7-Caribe-1024x455.jpg\",\"contentUrl\":\"https:\\\/\\\/web.oirsa.org\\\/wp-content\\\/uploads\\\/2021\\\/12\\\/7-Caribe-1024x455.jpg\"},{\"@type\":\"BreadcrumbList\",\"@id\":\"https:\\\/\\\/web.oirsa.org\\\/archivos\\\/3514#breadcrumb\",\"itemListElement\":[{\"@type\":\"ListItem\",\"position\":1,\"name\":\"Portada\",\"item\":\"https:\\\/\\\/web.oirsa.org\\\/\"},{\"@type\":\"ListItem\",\"position\":2,\"name\":\"Jamaica: OIRSA participa en 11\u00ba Foro de directores de Sanidad Vegetal del Caribe\"}]},{\"@type\":\"WebSite\",\"@id\":\"https:\\\/\\\/web.oirsa.org\\\/#website\",\"url\":\"https:\\\/\\\/web.oirsa.org\\\/\",\"name\":\"OIRSA\",\"description\":\"Organismo Internacional Regional de Sanidad Agropecuaria\",\"publisher\":{\"@id\":\"https:\\\/\\\/web.oirsa.org\\\/#organization\"},\"potentialAction\":[{\"@type\":\"SearchAction\",\"target\":{\"@type\":\"EntryPoint\",\"urlTemplate\":\"https:\\\/\\\/web.oirsa.org\\\/?s={search_term_string}\"},\"query-input\":{\"@type\":\"PropertyValueSpecification\",\"valueRequired\":true,\"valueName\":\"search_term_string\"}}],\"inLanguage\":\"en-US\"},{\"@type\":\"Organization\",\"@id\":\"https:\\\/\\\/web.oirsa.org\\\/#organization\",\"name\":\"OIRSA\",\"url\":\"https:\\\/\\\/web.oirsa.org\\\/\",\"logo\":{\"@type\":\"ImageObject\",\"inLanguage\":\"en-US\",\"@id\":\"https:\\\/\\\/web.oirsa.org\\\/#\\\/schema\\\/logo\\\/image\\\/\",\"url\":\"https:\\\/\\\/web.oirsa.org\\\/wp-content\\\/uploads\\\/2024\\\/01\\\/cropped-LOGO-OIRSA-2023.png\",\"contentUrl\":\"https:\\\/\\\/web.oirsa.org\\\/wp-content\\\/uploads\\\/2024\\\/01\\\/cropped-LOGO-OIRSA-2023.png\",\"width\":512,\"height\":512,\"caption\":\"OIRSA\"},\"image\":{\"@id\":\"https:\\\/\\\/web.oirsa.org\\\/#\\\/schema\\\/logo\\\/image\\\/\"},\"sameAs\":[\"https:\\\/\\\/www.facebook.com\\\/OIRSAoficial\",\"https:\\\/\\\/x.com\\\/OIRSAoficial\"]},{\"@type\":\"Person\",\"@id\":\"https:\\\/\\\/web.oirsa.org\\\/#\\\/schema\\\/person\\\/698e7776162ddf630ab36c5946d818ab\",\"name\":\"sigfredoramirez\",\"image\":{\"@type\":\"ImageObject\",\"inLanguage\":\"en-US\",\"@id\":\"https:\\\/\\\/secure.gravatar.com\\\/avatar\\\/cff1a22def7b03563530f2ba16145a6b6b5acbabc1f530f59eb045d7e21222e2?s=96&d=identicon&r=g\",\"url\":\"https:\\\/\\\/secure.gravatar.com\\\/avatar\\\/cff1a22def7b03563530f2ba16145a6b6b5acbabc1f530f59eb045d7e21222e2?s=96&d=identicon&r=g\",\"contentUrl\":\"https:\\\/\\\/secure.gravatar.com\\\/avatar\\\/cff1a22def7b03563530f2ba16145a6b6b5acbabc1f530f59eb045d7e21222e2?s=96&d=identicon&r=g\",\"caption\":\"sigfredoramirez\"}}]}<\/script>\n<!-- \/ Yoast SEO plugin. -->","yoast_head_json":{"title":"Jamaica: OIRSA participa en 11\u00ba Foro de directores de Sanidad Vegetal del Caribe - OIRSA","description":"Se presentaron y discutieron las novedades de la \u00faltima Comisi\u00f3n de Medidas Fitosanitarias (CMF) y del 2020 como a\u00f1o internacional de la Sanidad Vegetal,","robots":{"index":"index","follow":"follow","max-snippet":"max-snippet:-1","max-image-preview":"max-image-preview:large","max-video-preview":"max-video-preview:-1"},"canonical":"https:\/\/web.oirsa.org\/en\/archivos\/3514\/","og_locale":"en_US","og_type":"article","og_title":"Jamaica: OIRSA participa en 11\u00ba Foro de directores de Sanidad Vegetal del Caribe - OIRSA","og_description":"Se presentaron y discutieron las novedades de la \u00faltima Comisi\u00f3n de Medidas Fitosanitarias (CMF) y del 2020 como a\u00f1o internacional de la Sanidad Vegetal,","og_url":"https:\/\/web.oirsa.org\/en\/archivos\/3514\/","og_site_name":"OIRSA","article_publisher":"https:\/\/www.facebook.com\/OIRSAoficial","article_published_time":"2021-12-11T20:28:12+00:00","article_modified_time":"2021-12-11T20:28:13+00:00","og_image":[{"url":"https:\/\/web.oirsa.org\/wp-content\/uploads\/2021\/12\/7-Caribe-1024x455.jpg","type":"","width":"","height":""}],"author":"sigfredoramirez","twitter_card":"summary_large_image","twitter_creator":"@OIRSAoficial","twitter_site":"@OIRSAoficial","twitter_misc":{"Written by":"sigfredoramirez","Est. reading time":"1 minute"},"schema":{"@context":"https:\/\/schema.org","@graph":[{"@type":"Article","@id":"https:\/\/web.oirsa.org\/archivos\/3514#article","isPartOf":{"@id":"https:\/\/web.oirsa.org\/archivos\/3514"},"author":{"name":"sigfredoramirez","@id":"https:\/\/web.oirsa.org\/#\/schema\/person\/698e7776162ddf630ab36c5946d818ab"},"headline":"Jamaica: OIRSA participa en 11\u00ba Foro de directores de Sanidad Vegetal del Caribe","datePublished":"2021-12-11T20:28:12+00:00","dateModified":"2021-12-11T20:28:13+00:00","mainEntityOfPage":{"@id":"https:\/\/web.oirsa.org\/archivos\/3514"},"wordCount":238,"commentCount":0,"publisher":{"@id":"https:\/\/web.oirsa.org\/#organization"},"image":{"@id":"https:\/\/web.oirsa.org\/archivos\/3514#primaryimage"},"thumbnailUrl":"https:\/\/web.oirsa.org\/wp-content\/uploads\/2021\/12\/7-Caribe-1024x455.jpg","articleSection":["Noticias"],"inLanguage":"en-US","potentialAction":[{"@type":"CommentAction","name":"Comment","target":["https:\/\/web.oirsa.org\/archivos\/3514#respond"]}]},{"@type":"WebPage","@id":"https:\/\/web.oirsa.org\/archivos\/3514","url":"https:\/\/web.oirsa.org\/archivos\/3514","name":"Jamaica: OIRSA participa en 11\u00ba Foro de directores de Sanidad Vegetal del Caribe - OIRSA","isPartOf":{"@id":"https:\/\/web.oirsa.org\/#website"},"primaryImageOfPage":{"@id":"https:\/\/web.oirsa.org\/archivos\/3514#primaryimage"},"image":{"@id":"https:\/\/web.oirsa.org\/archivos\/3514#primaryimage"},"thumbnailUrl":"https:\/\/web.oirsa.org\/wp-content\/uploads\/2021\/12\/7-Caribe-1024x455.jpg","datePublished":"2021-12-11T20:28:12+00:00","dateModified":"2021-12-11T20:28:13+00:00","description":"Se presentaron y discutieron las novedades de la \u00faltima Comisi\u00f3n de Medidas Fitosanitarias (CMF) y del 2020 como a\u00f1o internacional de la Sanidad Vegetal,","breadcrumb":{"@id":"https:\/\/web.oirsa.org\/archivos\/3514#breadcrumb"},"inLanguage":"en-US","potentialAction":[{"@type":"ReadAction","target":["https:\/\/web.oirsa.org\/archivos\/3514"]}]},{"@type":"ImageObject","inLanguage":"en-US","@id":"https:\/\/web.oirsa.org\/archivos\/3514#primaryimage","url":"https:\/\/web.oirsa.org\/wp-content\/uploads\/2021\/12\/7-Caribe-1024x455.jpg","contentUrl":"https:\/\/web.oirsa.org\/wp-content\/uploads\/2021\/12\/7-Caribe-1024x455.jpg"},{"@type":"BreadcrumbList","@id":"https:\/\/web.oirsa.org\/archivos\/3514#breadcrumb","itemListElement":[{"@type":"ListItem","position":1,"name":"Portada","item":"https:\/\/web.oirsa.org\/"},{"@type":"ListItem","position":2,"name":"Jamaica: OIRSA participa en 11\u00ba Foro de directores de Sanidad Vegetal del Caribe"}]},{"@type":"WebSite","@id":"https:\/\/web.oirsa.org\/#website","url":"https:\/\/web.oirsa.org\/","name":"OIRSA","description":"Organismo Internacional Regional de Sanidad Agropecuaria","publisher":{"@id":"https:\/\/web.oirsa.org\/#organization"},"potentialAction":[{"@type":"SearchAction","target":{"@type":"EntryPoint","urlTemplate":"https:\/\/web.oirsa.org\/?s={search_term_string}"},"query-input":{"@type":"PropertyValueSpecification","valueRequired":true,"valueName":"search_term_string"}}],"inLanguage":"en-US"},{"@type":"Organization","@id":"https:\/\/web.oirsa.org\/#organization","name":"OIRSA","url":"https:\/\/web.oirsa.org\/","logo":{"@type":"ImageObject","inLanguage":"en-US","@id":"https:\/\/web.oirsa.org\/#\/schema\/logo\/image\/","url":"https:\/\/web.oirsa.org\/wp-content\/uploads\/2024\/01\/cropped-LOGO-OIRSA-2023.png","contentUrl":"https:\/\/web.oirsa.org\/wp-content\/uploads\/2024\/01\/cropped-LOGO-OIRSA-2023.png","width":512,"height":512,"caption":"OIRSA"},"image":{"@id":"https:\/\/web.oirsa.org\/#\/schema\/logo\/image\/"},"sameAs":["https:\/\/www.facebook.com\/OIRSAoficial","https:\/\/x.com\/OIRSAoficial"]},{"@type":"Person","@id":"https:\/\/web.oirsa.org\/#\/schema\/person\/698e7776162ddf630ab36c5946d818ab","name":"sigfredoramirez","image":{"@type":"ImageObject","inLanguage":"en-US","@id":"https:\/\/secure.gravatar.com\/avatar\/cff1a22def7b03563530f2ba16145a6b6b5acbabc1f530f59eb045d7e21222e2?s=96&d=identicon&r=g","url":"https:\/\/secure.gravatar.com\/avatar\/cff1a22def7b03563530f2ba16145a6b6b5acbabc1f530f59eb045d7e21222e2?s=96&d=identicon&r=g","contentUrl":"https:\/\/secure.gravatar.com\/avatar\/cff1a22def7b03563530f2ba16145a6b6b5acbabc1f530f59eb045d7e21222e2?s=96&d=identicon&r=g","caption":"sigfredoramirez"}}]}},"jetpack_featured_media_url":"","jetpack_sharing_enabled":true,"_links":{"self":[{"href":"https:\/\/web.oirsa.org\/en\/wp-json\/wp\/v2\/posts\/3514","targetHints":{"allow":["GET"]}}],"collection":[{"href":"https:\/\/web.oirsa.org\/en\/wp-json\/wp\/v2\/posts"}],"about":[{"href":"https:\/\/web.oirsa.org\/en\/wp-json\/wp\/v2\/types\/post"}],"author":[{"embeddable":true,"href":"https:\/\/web.oirsa.org\/en\/wp-json\/wp\/v2\/users\/213237738"}],"replies":[{"embeddable":true,"href":"https:\/\/web.oirsa.org\/en\/wp-json\/wp\/v2\/comments?post=3514"}],"version-history":[{"count":2,"href":"https:\/\/web.oirsa.org\/en\/wp-json\/wp\/v2\/posts\/3514\/revisions"}],"predecessor-version":[{"id":3517,"href":"https:\/\/web.oirsa.org\/en\/wp-json\/wp\/v2\/posts\/3514\/revisions\/3517"}],"wp:attachment":[{"href":"https:\/\/web.oirsa.org\/en\/wp-json\/wp\/v2\/media?parent=3514"}],"wp:term":[{"taxonomy":"category","embeddable":true,"href":"https:\/\/web.oirsa.org\/en\/wp-json\/wp\/v2\/categories?post=3514"},{"taxonomy":"post_tag","embeddable":true,"href":"https:\/\/web.oirsa.org\/en\/wp-json\/wp\/v2\/tags?post=3514"}],"curies":[{"name":"wp","href":"https:\/\/api.w.org\/{rel}","templated":true}]}}