{"id":3499,"date":"2021-12-11T12:54:26","date_gmt":"2021-12-11T18:54:26","guid":{"rendered":"http:\/\/10.103.20.84\/?p=3499"},"modified":"2021-12-11T12:54:27","modified_gmt":"2021-12-11T18:54:27","slug":"se-articula-trabajo-en-mesa-de-variables-climaticas-y-sanidad-agropecuaria-en-el-salvador","status":"publish","type":"post","link":"https:\/\/web.oirsa.org\/en\/archivos\/3499","title":{"rendered":"Se articula trabajo en mesa de Variables Clim\u00e1ticas y Sanidad Agropecuaria en El Salvador"},"content":{"rendered":"<p class=\"wp-block-paragraph\"><em>Integrantes del nodo nacional para el an\u00e1lisis de riesgos de plagas y enfermedades \u2013asociadas a condiciones climatol\u00f3gicas\u2013 avanzaron en procesos para generar informaci\u00f3n estrat\u00e9gica de prevenci\u00f3n, mitigaci\u00f3n y adaptaci\u00f3n.<\/em><\/p>\n\n\n\n<div class=\"wp-block-image\"><figure class=\"alignright size-full is-resized\"><img data-recalc-dims=\"1\" loading=\"lazy\" decoding=\"async\" src=\"https:\/\/i0.wp.com\/web.oirsa.org\/wp-content\/uploads\/2021\/12\/Nodo-El-Salvador.jpg?resize=497%2C221&ssl=1\" alt=\"\" class=\"wp-image-3500\" width=\"497\" height=\"221\" srcset=\"https:\/\/i0.wp.com\/web.oirsa.org\/wp-content\/uploads\/2021\/12\/Nodo-El-Salvador.jpg?w=900&ssl=1 900w, https:\/\/i0.wp.com\/web.oirsa.org\/wp-content\/uploads\/2021\/12\/Nodo-El-Salvador.jpg?resize=300%2C133&ssl=1 300w, https:\/\/i0.wp.com\/web.oirsa.org\/wp-content\/uploads\/2021\/12\/Nodo-El-Salvador.jpg?resize=768%2C341&ssl=1 768w\" sizes=\"auto, (max-width: 497px) 100vw, 497px\" \/><\/figure><\/div>\n\n\n\n<p class=\"wp-block-paragraph\"><strong>Lunes, 9 de julio de 2018.\u00a0<\/strong>El OIRSA particip\u00f3 en la reuni\u00f3n de trabajo de la mesa t\u00e9cnica \u2013o Nodo Nacional\u2013 de Variables Clim\u00e1ticas y Sanidad Agropecuaria de El Salvador. Una actividad que se realiz\u00f3 el 29 de junio de 2018, con el fin de apoyar los procesos para generar y analizar informaci\u00f3n oportuna y confiable vinculada a las condiciones del tiempo y el clima. Esto para que el\u00a0<a href=\"http:\/\/www.mag.gob.sv\/\">Ministerio de Agricultura y Ganader\u00eda (MAG)<\/a>\u00a0mejore sus procesos de vigilancia, contenci\u00f3n y manejo de plagas de importancia agropecuaria.<\/p>\n\n\n\n<p class=\"wp-block-paragraph\">Durante la reuni\u00f3n se dialog\u00f3 entorno al desarrollo de una hoja de ruta para la operativizaci\u00f3n del\u00a0<a href=\"https:\/\/geoportal.oirsa.org\/\">geoportal habilitado por el OIRSA<\/a>; la obtenci\u00f3n y desarrollo de informaci\u00f3n clim\u00e1tica, cartogr\u00e1fica y epidemiol\u00f3gica que permita analizar el riesgo;\u00a0 y la definici\u00f3n de las plagas presentes en El Salvador, en funci\u00f3n de su importancia econ\u00f3mica y social.<\/p>\n\n\n\n<p class=\"wp-block-paragraph\">Por parte del OIRSA, en la mesa t\u00e9cnica participaron el representante del Organismo en el pa\u00eds,Edwin Arag\u00f3n; el oficial agrosanitario en El Salvador, Ronald Bernal; y el jefe de Planificaci\u00f3n, Estuardo Roca. Mientras que por parte del MAG fueron parte el jefe de la unidad de cambio clim\u00e1tico, delegados de las Direcciones de Salud Animal y Sanidad Vegetal y el responsable del Departamento de Informaci\u00f3n Geogr\u00e1fica. Asimismo, se cont\u00f3 con la presencia de un delegado del Observatorio Ambiental del\u00a0<a href=\"http:\/\/www.marn.gob.sv\/\">Ministerio de Medio Ambiente y Recursos Naturales (MARN)<\/a>.\u00a0<\/p>","protected":false},"excerpt":{"rendered":"<p>Integrantes del nodo nacional para el an\u00e1lisis de riesgos de plagas y enfermedades \u2013asociadas a condiciones climatol\u00f3gicas\u2013 avanzaron en procesos [&hellip;]<\/p>\n","protected":false},"author":213237738,"featured_media":0,"comment_status":"open","ping_status":"open","sticky":false,"template":"","format":"standard","meta":{"_coblocks_attr":"","_coblocks_dimensions":"","_coblocks_responsive_height":"","_coblocks_accordion_ie_support":"","_crdt_document":"","_jetpack_memberships_contains_paid_content":false,"footnotes":""},"categories":[121903],"tags":[],"class_list":["post-3499","post","type-post","status-publish","format-standard","hentry","category-noticias"],"yoast_head":"<!-- This site is optimized with the Yoast SEO plugin v27.5 - https:\/\/yoast.com\/product\/yoast-seo-wordpress\/ -->\n<title>Se articula trabajo en mesa de Variables Clim\u00e1ticas y Sanidad Agropecuaria en El Salvador - OIRSA<\/title>\n<meta name=\"description\" content=\"Integrantes del nodo nacional para el an\u00e1lisis de riesgos de plagas y enfermedades \u2013asociadas a condiciones climatol\u00f3gicas\u2013 avanzaron en procesos para\" \/>\n<meta name=\"robots\" content=\"index, follow, max-snippet:-1, max-image-preview:large, max-video-preview:-1\" \/>\n<link rel=\"canonical\" href=\"https:\/\/web.oirsa.org\/en\/archivos\/3499\/\" \/>\n<meta property=\"og:locale\" content=\"en_US\" \/>\n<meta property=\"og:type\" content=\"article\" \/>\n<meta property=\"og:title\" content=\"Se articula trabajo en mesa de Variables Clim\u00e1ticas y Sanidad Agropecuaria en El Salvador - OIRSA\" \/>\n<meta property=\"og:description\" content=\"Integrantes del nodo nacional para el an\u00e1lisis de riesgos de plagas y enfermedades \u2013asociadas a condiciones climatol\u00f3gicas\u2013 avanzaron en procesos para\" \/>\n<meta property=\"og:url\" content=\"https:\/\/web.oirsa.org\/en\/archivos\/3499\/\" \/>\n<meta property=\"og:site_name\" content=\"OIRSA\" \/>\n<meta property=\"article:publisher\" content=\"https:\/\/www.facebook.com\/OIRSAoficial\" \/>\n<meta property=\"article:published_time\" content=\"2021-12-11T18:54:26+00:00\" \/>\n<meta property=\"article:modified_time\" content=\"2021-12-11T18:54:27+00:00\" \/>\n<meta property=\"og:image\" content=\"https:\/\/web.oirsa.org\/wp-content\/uploads\/2021\/12\/Nodo-El-Salvador.jpg\" \/>\n<meta name=\"author\" content=\"sigfredoramirez\" \/>\n<meta name=\"twitter:card\" content=\"summary_large_image\" \/>\n<meta name=\"twitter:creator\" content=\"@OIRSAoficial\" \/>\n<meta name=\"twitter:site\" content=\"@OIRSAoficial\" \/>\n<meta name=\"twitter:label1\" content=\"Written by\" \/>\n\t<meta name=\"twitter:data1\" content=\"sigfredoramirez\" \/>\n\t<meta name=\"twitter:label2\" content=\"Est. reading time\" \/>\n\t<meta name=\"twitter:data2\" content=\"1 minute\" \/>\n<script type=\"application\/ld+json\" class=\"yoast-schema-graph\">{\"@context\":\"https:\\\/\\\/schema.org\",\"@graph\":[{\"@type\":\"Article\",\"@id\":\"https:\\\/\\\/web.oirsa.org\\\/archivos\\\/3499#article\",\"isPartOf\":{\"@id\":\"https:\\\/\\\/web.oirsa.org\\\/archivos\\\/3499\"},\"author\":{\"name\":\"sigfredoramirez\",\"@id\":\"https:\\\/\\\/web.oirsa.org\\\/#\\\/schema\\\/person\\\/698e7776162ddf630ab36c5946d818ab\"},\"headline\":\"Se articula trabajo en mesa de Variables Clim\u00e1ticas y Sanidad Agropecuaria en El Salvador\",\"datePublished\":\"2021-12-11T18:54:26+00:00\",\"dateModified\":\"2021-12-11T18:54:27+00:00\",\"mainEntityOfPage\":{\"@id\":\"https:\\\/\\\/web.oirsa.org\\\/archivos\\\/3499\"},\"wordCount\":306,\"commentCount\":0,\"publisher\":{\"@id\":\"https:\\\/\\\/web.oirsa.org\\\/#organization\"},\"image\":{\"@id\":\"https:\\\/\\\/web.oirsa.org\\\/archivos\\\/3499#primaryimage\"},\"thumbnailUrl\":\"https:\\\/\\\/web.oirsa.org\\\/wp-content\\\/uploads\\\/2021\\\/12\\\/Nodo-El-Salvador.jpg\",\"articleSection\":[\"Noticias\"],\"inLanguage\":\"en-US\",\"potentialAction\":[{\"@type\":\"CommentAction\",\"name\":\"Comment\",\"target\":[\"https:\\\/\\\/web.oirsa.org\\\/archivos\\\/3499#respond\"]}]},{\"@type\":\"WebPage\",\"@id\":\"https:\\\/\\\/web.oirsa.org\\\/archivos\\\/3499\",\"url\":\"https:\\\/\\\/web.oirsa.org\\\/archivos\\\/3499\",\"name\":\"Se articula trabajo en mesa de Variables Clim\u00e1ticas y Sanidad Agropecuaria en El Salvador - OIRSA\",\"isPartOf\":{\"@id\":\"https:\\\/\\\/web.oirsa.org\\\/#website\"},\"primaryImageOfPage\":{\"@id\":\"https:\\\/\\\/web.oirsa.org\\\/archivos\\\/3499#primaryimage\"},\"image\":{\"@id\":\"https:\\\/\\\/web.oirsa.org\\\/archivos\\\/3499#primaryimage\"},\"thumbnailUrl\":\"https:\\\/\\\/web.oirsa.org\\\/wp-content\\\/uploads\\\/2021\\\/12\\\/Nodo-El-Salvador.jpg\",\"datePublished\":\"2021-12-11T18:54:26+00:00\",\"dateModified\":\"2021-12-11T18:54:27+00:00\",\"description\":\"Integrantes del nodo nacional para el an\u00e1lisis de riesgos de plagas y enfermedades \u2013asociadas a condiciones climatol\u00f3gicas\u2013 avanzaron en procesos para\",\"breadcrumb\":{\"@id\":\"https:\\\/\\\/web.oirsa.org\\\/archivos\\\/3499#breadcrumb\"},\"inLanguage\":\"en-US\",\"potentialAction\":[{\"@type\":\"ReadAction\",\"target\":[\"https:\\\/\\\/web.oirsa.org\\\/archivos\\\/3499\"]}]},{\"@type\":\"ImageObject\",\"inLanguage\":\"en-US\",\"@id\":\"https:\\\/\\\/web.oirsa.org\\\/archivos\\\/3499#primaryimage\",\"url\":\"https:\\\/\\\/web.oirsa.org\\\/wp-content\\\/uploads\\\/2021\\\/12\\\/Nodo-El-Salvador.jpg\",\"contentUrl\":\"https:\\\/\\\/web.oirsa.org\\\/wp-content\\\/uploads\\\/2021\\\/12\\\/Nodo-El-Salvador.jpg\"},{\"@type\":\"BreadcrumbList\",\"@id\":\"https:\\\/\\\/web.oirsa.org\\\/archivos\\\/3499#breadcrumb\",\"itemListElement\":[{\"@type\":\"ListItem\",\"position\":1,\"name\":\"Portada\",\"item\":\"https:\\\/\\\/web.oirsa.org\\\/\"},{\"@type\":\"ListItem\",\"position\":2,\"name\":\"Se articula trabajo en mesa de Variables Clim\u00e1ticas y Sanidad Agropecuaria en El Salvador\"}]},{\"@type\":\"WebSite\",\"@id\":\"https:\\\/\\\/web.oirsa.org\\\/#website\",\"url\":\"https:\\\/\\\/web.oirsa.org\\\/\",\"name\":\"OIRSA\",\"description\":\"Organismo Internacional Regional de Sanidad Agropecuaria\",\"publisher\":{\"@id\":\"https:\\\/\\\/web.oirsa.org\\\/#organization\"},\"potentialAction\":[{\"@type\":\"SearchAction\",\"target\":{\"@type\":\"EntryPoint\",\"urlTemplate\":\"https:\\\/\\\/web.oirsa.org\\\/?s={search_term_string}\"},\"query-input\":{\"@type\":\"PropertyValueSpecification\",\"valueRequired\":true,\"valueName\":\"search_term_string\"}}],\"inLanguage\":\"en-US\"},{\"@type\":\"Organization\",\"@id\":\"https:\\\/\\\/web.oirsa.org\\\/#organization\",\"name\":\"OIRSA\",\"url\":\"https:\\\/\\\/web.oirsa.org\\\/\",\"logo\":{\"@type\":\"ImageObject\",\"inLanguage\":\"en-US\",\"@id\":\"https:\\\/\\\/web.oirsa.org\\\/#\\\/schema\\\/logo\\\/image\\\/\",\"url\":\"https:\\\/\\\/web.oirsa.org\\\/wp-content\\\/uploads\\\/2024\\\/01\\\/cropped-LOGO-OIRSA-2023.png\",\"contentUrl\":\"https:\\\/\\\/web.oirsa.org\\\/wp-content\\\/uploads\\\/2024\\\/01\\\/cropped-LOGO-OIRSA-2023.png\",\"width\":512,\"height\":512,\"caption\":\"OIRSA\"},\"image\":{\"@id\":\"https:\\\/\\\/web.oirsa.org\\\/#\\\/schema\\\/logo\\\/image\\\/\"},\"sameAs\":[\"https:\\\/\\\/www.facebook.com\\\/OIRSAoficial\",\"https:\\\/\\\/x.com\\\/OIRSAoficial\"]},{\"@type\":\"Person\",\"@id\":\"https:\\\/\\\/web.oirsa.org\\\/#\\\/schema\\\/person\\\/698e7776162ddf630ab36c5946d818ab\",\"name\":\"sigfredoramirez\",\"image\":{\"@type\":\"ImageObject\",\"inLanguage\":\"en-US\",\"@id\":\"https:\\\/\\\/secure.gravatar.com\\\/avatar\\\/cff1a22def7b03563530f2ba16145a6b6b5acbabc1f530f59eb045d7e21222e2?s=96&d=identicon&r=g\",\"url\":\"https:\\\/\\\/secure.gravatar.com\\\/avatar\\\/cff1a22def7b03563530f2ba16145a6b6b5acbabc1f530f59eb045d7e21222e2?s=96&d=identicon&r=g\",\"contentUrl\":\"https:\\\/\\\/secure.gravatar.com\\\/avatar\\\/cff1a22def7b03563530f2ba16145a6b6b5acbabc1f530f59eb045d7e21222e2?s=96&d=identicon&r=g\",\"caption\":\"sigfredoramirez\"}}]}<\/script>\n<!-- \/ Yoast SEO plugin. -->","yoast_head_json":{"title":"Se articula trabajo en mesa de Variables Clim\u00e1ticas y Sanidad Agropecuaria en El Salvador - OIRSA","description":"Integrantes del nodo nacional para el an\u00e1lisis de riesgos de plagas y enfermedades \u2013asociadas a condiciones climatol\u00f3gicas\u2013 avanzaron en procesos para","robots":{"index":"index","follow":"follow","max-snippet":"max-snippet:-1","max-image-preview":"max-image-preview:large","max-video-preview":"max-video-preview:-1"},"canonical":"https:\/\/web.oirsa.org\/en\/archivos\/3499\/","og_locale":"en_US","og_type":"article","og_title":"Se articula trabajo en mesa de Variables Clim\u00e1ticas y Sanidad Agropecuaria en El Salvador - OIRSA","og_description":"Integrantes del nodo nacional para el an\u00e1lisis de riesgos de plagas y enfermedades \u2013asociadas a condiciones climatol\u00f3gicas\u2013 avanzaron en procesos para","og_url":"https:\/\/web.oirsa.org\/en\/archivos\/3499\/","og_site_name":"OIRSA","article_publisher":"https:\/\/www.facebook.com\/OIRSAoficial","article_published_time":"2021-12-11T18:54:26+00:00","article_modified_time":"2021-12-11T18:54:27+00:00","og_image":[{"url":"https:\/\/web.oirsa.org\/wp-content\/uploads\/2021\/12\/Nodo-El-Salvador.jpg","type":"","width":"","height":""}],"author":"sigfredoramirez","twitter_card":"summary_large_image","twitter_creator":"@OIRSAoficial","twitter_site":"@OIRSAoficial","twitter_misc":{"Written by":"sigfredoramirez","Est. reading time":"1 minute"},"schema":{"@context":"https:\/\/schema.org","@graph":[{"@type":"Article","@id":"https:\/\/web.oirsa.org\/archivos\/3499#article","isPartOf":{"@id":"https:\/\/web.oirsa.org\/archivos\/3499"},"author":{"name":"sigfredoramirez","@id":"https:\/\/web.oirsa.org\/#\/schema\/person\/698e7776162ddf630ab36c5946d818ab"},"headline":"Se articula trabajo en mesa de Variables Clim\u00e1ticas y Sanidad Agropecuaria en El Salvador","datePublished":"2021-12-11T18:54:26+00:00","dateModified":"2021-12-11T18:54:27+00:00","mainEntityOfPage":{"@id":"https:\/\/web.oirsa.org\/archivos\/3499"},"wordCount":306,"commentCount":0,"publisher":{"@id":"https:\/\/web.oirsa.org\/#organization"},"image":{"@id":"https:\/\/web.oirsa.org\/archivos\/3499#primaryimage"},"thumbnailUrl":"https:\/\/web.oirsa.org\/wp-content\/uploads\/2021\/12\/Nodo-El-Salvador.jpg","articleSection":["Noticias"],"inLanguage":"en-US","potentialAction":[{"@type":"CommentAction","name":"Comment","target":["https:\/\/web.oirsa.org\/archivos\/3499#respond"]}]},{"@type":"WebPage","@id":"https:\/\/web.oirsa.org\/archivos\/3499","url":"https:\/\/web.oirsa.org\/archivos\/3499","name":"Se articula trabajo en mesa de Variables Clim\u00e1ticas y Sanidad Agropecuaria en El Salvador - OIRSA","isPartOf":{"@id":"https:\/\/web.oirsa.org\/#website"},"primaryImageOfPage":{"@id":"https:\/\/web.oirsa.org\/archivos\/3499#primaryimage"},"image":{"@id":"https:\/\/web.oirsa.org\/archivos\/3499#primaryimage"},"thumbnailUrl":"https:\/\/web.oirsa.org\/wp-content\/uploads\/2021\/12\/Nodo-El-Salvador.jpg","datePublished":"2021-12-11T18:54:26+00:00","dateModified":"2021-12-11T18:54:27+00:00","description":"Integrantes del nodo nacional para el an\u00e1lisis de riesgos de plagas y enfermedades \u2013asociadas a condiciones climatol\u00f3gicas\u2013 avanzaron en procesos para","breadcrumb":{"@id":"https:\/\/web.oirsa.org\/archivos\/3499#breadcrumb"},"inLanguage":"en-US","potentialAction":[{"@type":"ReadAction","target":["https:\/\/web.oirsa.org\/archivos\/3499"]}]},{"@type":"ImageObject","inLanguage":"en-US","@id":"https:\/\/web.oirsa.org\/archivos\/3499#primaryimage","url":"https:\/\/web.oirsa.org\/wp-content\/uploads\/2021\/12\/Nodo-El-Salvador.jpg","contentUrl":"https:\/\/web.oirsa.org\/wp-content\/uploads\/2021\/12\/Nodo-El-Salvador.jpg"},{"@type":"BreadcrumbList","@id":"https:\/\/web.oirsa.org\/archivos\/3499#breadcrumb","itemListElement":[{"@type":"ListItem","position":1,"name":"Portada","item":"https:\/\/web.oirsa.org\/"},{"@type":"ListItem","position":2,"name":"Se articula trabajo en mesa de Variables Clim\u00e1ticas y Sanidad Agropecuaria en El Salvador"}]},{"@type":"WebSite","@id":"https:\/\/web.oirsa.org\/#website","url":"https:\/\/web.oirsa.org\/","name":"OIRSA","description":"Organismo Internacional Regional de Sanidad Agropecuaria","publisher":{"@id":"https:\/\/web.oirsa.org\/#organization"},"potentialAction":[{"@type":"SearchAction","target":{"@type":"EntryPoint","urlTemplate":"https:\/\/web.oirsa.org\/?s={search_term_string}"},"query-input":{"@type":"PropertyValueSpecification","valueRequired":true,"valueName":"search_term_string"}}],"inLanguage":"en-US"},{"@type":"Organization","@id":"https:\/\/web.oirsa.org\/#organization","name":"OIRSA","url":"https:\/\/web.oirsa.org\/","logo":{"@type":"ImageObject","inLanguage":"en-US","@id":"https:\/\/web.oirsa.org\/#\/schema\/logo\/image\/","url":"https:\/\/web.oirsa.org\/wp-content\/uploads\/2024\/01\/cropped-LOGO-OIRSA-2023.png","contentUrl":"https:\/\/web.oirsa.org\/wp-content\/uploads\/2024\/01\/cropped-LOGO-OIRSA-2023.png","width":512,"height":512,"caption":"OIRSA"},"image":{"@id":"https:\/\/web.oirsa.org\/#\/schema\/logo\/image\/"},"sameAs":["https:\/\/www.facebook.com\/OIRSAoficial","https:\/\/x.com\/OIRSAoficial"]},{"@type":"Person","@id":"https:\/\/web.oirsa.org\/#\/schema\/person\/698e7776162ddf630ab36c5946d818ab","name":"sigfredoramirez","image":{"@type":"ImageObject","inLanguage":"en-US","@id":"https:\/\/secure.gravatar.com\/avatar\/cff1a22def7b03563530f2ba16145a6b6b5acbabc1f530f59eb045d7e21222e2?s=96&d=identicon&r=g","url":"https:\/\/secure.gravatar.com\/avatar\/cff1a22def7b03563530f2ba16145a6b6b5acbabc1f530f59eb045d7e21222e2?s=96&d=identicon&r=g","contentUrl":"https:\/\/secure.gravatar.com\/avatar\/cff1a22def7b03563530f2ba16145a6b6b5acbabc1f530f59eb045d7e21222e2?s=96&d=identicon&r=g","caption":"sigfredoramirez"}}]}},"jetpack_featured_media_url":"","jetpack_sharing_enabled":true,"_links":{"self":[{"href":"https:\/\/web.oirsa.org\/en\/wp-json\/wp\/v2\/posts\/3499","targetHints":{"allow":["GET"]}}],"collection":[{"href":"https:\/\/web.oirsa.org\/en\/wp-json\/wp\/v2\/posts"}],"about":[{"href":"https:\/\/web.oirsa.org\/en\/wp-json\/wp\/v2\/types\/post"}],"author":[{"embeddable":true,"href":"https:\/\/web.oirsa.org\/en\/wp-json\/wp\/v2\/users\/213237738"}],"replies":[{"embeddable":true,"href":"https:\/\/web.oirsa.org\/en\/wp-json\/wp\/v2\/comments?post=3499"}],"version-history":[{"count":1,"href":"https:\/\/web.oirsa.org\/en\/wp-json\/wp\/v2\/posts\/3499\/revisions"}],"predecessor-version":[{"id":3501,"href":"https:\/\/web.oirsa.org\/en\/wp-json\/wp\/v2\/posts\/3499\/revisions\/3501"}],"wp:attachment":[{"href":"https:\/\/web.oirsa.org\/en\/wp-json\/wp\/v2\/media?parent=3499"}],"wp:term":[{"taxonomy":"category","embeddable":true,"href":"https:\/\/web.oirsa.org\/en\/wp-json\/wp\/v2\/categories?post=3499"},{"taxonomy":"post_tag","embeddable":true,"href":"https:\/\/web.oirsa.org\/en\/wp-json\/wp\/v2\/tags?post=3499"}],"curies":[{"name":"wp","href":"https:\/\/api.w.org\/{rel}","templated":true}]}}