{"id":3409,"date":"2021-12-11T11:54:35","date_gmt":"2021-12-11T17:54:35","guid":{"rendered":"http:\/\/10.103.20.84\/?p=3409"},"modified":"2021-12-11T11:54:36","modified_gmt":"2021-12-11T17:54:36","slug":"mesa-de-variables-climaticas-y-sanidad-agropecuaria-sesiona-en-55o-foro-del-clima-de-america-central","status":"publish","type":"post","link":"https:\/\/web.oirsa.org\/en\/archivos\/3409","title":{"rendered":"Mesa de Variables Clim\u00e1ticas y Sanidad Agropecuaria sesiona en 55\u00ba Foro del Clima de Am\u00e9rica Central"},"content":{"rendered":"<p class=\"wp-block-paragraph\"><em>OIRSA coordin\u00f3 la mesa de Variables Clim\u00e1ticas y Sanidad Agropecuaria en base a las perspectivas clim\u00e1ticas de mayo a julio de 2018. En este espacio se discuti\u00f3 el riesgo en relaci\u00f3n a plagas y enfermedades que podr\u00edan afectar al sector agropecuario.<\/em><\/p>\n\n\n\n<div class=\"wp-block-image\"><figure class=\"alignright size-full is-resized\"><img data-recalc-dims=\"1\" loading=\"lazy\" decoding=\"async\" src=\"https:\/\/i0.wp.com\/web.oirsa.org\/wp-content\/uploads\/2021\/12\/Header-foro.jpg?resize=511%2C227&#038;ssl=1\" alt=\"\" class=\"wp-image-3410\" width=\"511\" height=\"227\" srcset=\"https:\/\/i0.wp.com\/web.oirsa.org\/wp-content\/uploads\/2021\/12\/Header-foro.jpg?w=900&amp;ssl=1 900w, https:\/\/i0.wp.com\/web.oirsa.org\/wp-content\/uploads\/2021\/12\/Header-foro.jpg?resize=300%2C133&amp;ssl=1 300w, https:\/\/i0.wp.com\/web.oirsa.org\/wp-content\/uploads\/2021\/12\/Header-foro.jpg?resize=768%2C341&amp;ssl=1 768w\" sizes=\"auto, (max-width: 511px) 100vw, 511px\" \/><\/figure><\/div>\n\n\n\n<p class=\"wp-block-paragraph\"><strong>Viernes, 27\u00a0de abril de 2018.\u00a0<\/strong>El LV\u00a0<a href=\"http:\/\/www.marn.gob.sv\/el-salvador-es-sede-del-foro-regional-sobre-clima-y-su-aplicacion-a-la-seguridad-alimentaria-y-nutricional\/\">Foro del Clima de Am\u00e9rica Central\u00a0<\/a>y el XXXIV\u00a0Foro de Aplicaciones de los Pron\u00f3sticos a la Seguridad Alimentaria y Nutricional se desarrollaron en la ciudad de San Salvador del 17 al 19 de abril del 2018. En ese contexto,\u00a0el OIRSA presidi\u00f3 la mesa de variables clim\u00e1ticas y sanidad agropecuaria\u00a0en la cual, en funci\u00f3n del pron\u00f3stico del clima, se determinaron los eventos de peligro en relaci\u00f3n de las principales plagas que pueden afectar cultivos y animales de importancia alimentaria y econ\u00f3mica en la regi\u00f3n. Estableciendo a la vez, el nivel de riesgo y las principales medidas de prevenci\u00f3n y adaptaci\u00f3n.<\/p>\n\n\n\n<p class=\"wp-block-paragraph\">Seg\u00fan los expertos, las condiciones de temperatura y humedad esperadas para los pr\u00f3ximos tres meses pueden incrementar la&nbsp;<strong>incidencia y severidad de la roya del cafeto<\/strong>&nbsp;en la regi\u00f3n, pero sobre todo en las \u00e1reas productoras de Guatemala, El Salvador, Honduras, el sur de M\u00e9xico y Nicaragua. El mismo cultivo corre el riesgo, bajo estas mismas condiciones clim\u00e1ticas, al incremento de la broca del caf\u00e9. Estas fueron dos de las principales preocupaciones fitosanitarias de los expertos del istmo en la mesa de Variables Clim\u00e1ticas y Sanidad Agropecuaria.<\/p>\n\n\n\n<p class=\"wp-block-paragraph\">Asimismo, en la siembra de granos b\u00e1sicos, las regiones cuyo pron\u00f3stico es por debajo de lo normal presentar\u00e1n mayores poblaciones de la plaga del\u00a0<strong>cogollero en el ma\u00edz y sorgo.<\/strong>\u00a0Mientras que el inicio de la estaci\u00f3n lluviosa provocar\u00e1 un aumento de la enfermedad del HLB. Los servicios meteorol\u00f3gicos de M\u00e9xico, Centroam\u00e9rica, la Rep\u00fablica Dominicana y Cuba pronostican un trimestre con lluvias y temperatura con valores normales a ligeramente por arriba de lo normal en la mayor\u00eda de la regi\u00f3n. Se proyecta un inicio temprano del invierno, pero durante el mes de julio, las precipitaciones pueden disminuir si el nivel de temperatura del Oc\u00e9ano Pac\u00edfico contin\u00faa aumentando.<\/p>\n\n\n\n<p class=\"wp-block-paragraph\">Solo se pronostica poca lluvia en el centro de la Pen\u00ednsula de Yucat\u00e1n y el noroccidente de Tabasco en M\u00e9xico; el norte y el extremo oriental del El Salvador (en la medida que el invierno vaya avanzando); Choluteca, Valle, Francisco Moraz\u00e1n y Olancho en Honduras; el Caribe-sur y norte de Chinandega en Nicaragua; y Rep\u00fablica Dominicana. \u201cLas principales preocupaciones fitosanitarias ser\u00edan la roya y el HLB, tambi\u00e9n podemos tener problemas con la producci\u00f3n de ma\u00edz, por la mancha de asfalto\u201d, precis\u00f3&nbsp;<a href=\"https:\/\/www.facebook.com\/OIRSAoficial\/videos\/961522664016013\/\">el coordinador del programa de Variables Clim\u00e1ticas y Sanidad Agropecuaria de OIRSA<\/a>&nbsp;,&nbsp;Estuardo Roca.<\/p>\n\n\n\n<p class=\"wp-block-paragraph\">Ante este pron\u00f3stico y las alertas por plagas en cultivos de la regi\u00f3n, los t\u00e9cnicos del OIRSA recomendaron desarrollar procesos adecuados de desinfecci\u00f3n del suelo y tratamiento de las semillas, sobre todo en plagas como cogollero en el ma\u00edz; desarrollar procesos de labranza y fertilizaci\u00f3n del suelo adecuados evitando el exceso de fertilizantes nitrogenados; incrementar la vigilancia epidemiol\u00f3gica fitosanitarias para el monitoreo de plagas utilizando trampas as\u00ed como el uso de feromonas para la detecci\u00f3n oportuna de plagas en cultivos; programar fechas de siembra de cultivos para evitar la coincidencia de plagas utilizando, de preferencia, estructuras de protecci\u00f3n como invernaderos.<\/p>\n\n\n\n<p class=\"wp-block-paragraph\">En el \u00e1mbito de la Salud Animal es de esperarse que, para el caso de las aves, los ciclos migratorios de aves silvestres que se desplazan del sur hacia el norte, puedan generar infecciones importantes. En las aves de corral, puede presentarse incremento de enfermedades como:\u00a0<strong>Newcastle, Coriza, Colibacilosis y Bronquitis<\/strong>; sobre todo en explotaciones de traspatio por la limitada disponibilidad de infraestructura y la falta de aplicaci\u00f3n de medidas de bioseguridad. La vigilancia del aparecimiento de signos cl\u00ednicos de enfermedad de las aves es de suma importancia para una temprana detecci\u00f3n de influenza aviar, tanto de alta como de baja patogenicidad. \u00a0<\/p>","protected":false},"excerpt":{"rendered":"<p>OIRSA coordin\u00f3 la mesa de Variables Clim\u00e1ticas y Sanidad Agropecuaria en base a las perspectivas clim\u00e1ticas de mayo a julio [&hellip;]<\/p>\n","protected":false},"author":213237738,"featured_media":0,"comment_status":"open","ping_status":"open","sticky":false,"template":"","format":"standard","meta":{"_coblocks_attr":"","_coblocks_dimensions":"","_coblocks_responsive_height":"","_coblocks_accordion_ie_support":"","_crdt_document":"","_jetpack_memberships_contains_paid_content":false,"footnotes":""},"categories":[121903],"tags":[],"class_list":["post-3409","post","type-post","status-publish","format-standard","hentry","category-noticias"],"yoast_head":"<!-- This site is optimized with the Yoast SEO plugin v27.4 - https:\/\/yoast.com\/product\/yoast-seo-wordpress\/ -->\n<title>Mesa de Variables Clim\u00e1ticas y Sanidad Agropecuaria sesiona en 55\u00ba Foro del Clima de Am\u00e9rica Central - OIRSA<\/title>\n<meta name=\"description\" content=\"OIRSA coordin\u00f3 la mesa de Variables Clim\u00e1ticas y Sanidad Agropecuaria en base a las perspectivas clim\u00e1ticas de mayo a julio de 2018. En este espacio se\" \/>\n<meta name=\"robots\" content=\"index, follow, max-snippet:-1, max-image-preview:large, max-video-preview:-1\" \/>\n<link rel=\"canonical\" href=\"https:\/\/web.oirsa.org\/en\/archivos\/3409\/\" \/>\n<meta property=\"og:locale\" content=\"en_US\" \/>\n<meta property=\"og:type\" content=\"article\" \/>\n<meta property=\"og:title\" content=\"Mesa de Variables Clim\u00e1ticas y Sanidad Agropecuaria sesiona en 55\u00ba Foro del Clima de Am\u00e9rica Central - OIRSA\" \/>\n<meta property=\"og:description\" content=\"OIRSA coordin\u00f3 la mesa de Variables Clim\u00e1ticas y Sanidad Agropecuaria en base a las perspectivas clim\u00e1ticas de mayo a julio de 2018. En este espacio se\" \/>\n<meta property=\"og:url\" content=\"https:\/\/web.oirsa.org\/en\/archivos\/3409\/\" \/>\n<meta property=\"og:site_name\" content=\"OIRSA\" \/>\n<meta property=\"article:publisher\" content=\"https:\/\/www.facebook.com\/OIRSAoficial\" \/>\n<meta property=\"article:published_time\" content=\"2021-12-11T17:54:35+00:00\" \/>\n<meta property=\"article:modified_time\" content=\"2021-12-11T17:54:36+00:00\" \/>\n<meta property=\"og:image\" content=\"https:\/\/web.oirsa.org\/wp-content\/uploads\/2021\/12\/Header-foro.jpg\" \/>\n<meta name=\"author\" content=\"sigfredoramirez\" \/>\n<meta name=\"twitter:card\" content=\"summary_large_image\" \/>\n<meta name=\"twitter:creator\" content=\"@OIRSAoficial\" \/>\n<meta name=\"twitter:site\" content=\"@OIRSAoficial\" \/>\n<meta name=\"twitter:label1\" content=\"Written by\" \/>\n\t<meta name=\"twitter:data1\" content=\"sigfredoramirez\" \/>\n\t<meta name=\"twitter:label2\" content=\"Est. reading time\" \/>\n\t<meta name=\"twitter:data2\" content=\"3 minutes\" \/>\n<script type=\"application\/ld+json\" class=\"yoast-schema-graph\">{\"@context\":\"https:\\\/\\\/schema.org\",\"@graph\":[{\"@type\":\"Article\",\"@id\":\"https:\\\/\\\/web.oirsa.org\\\/archivos\\\/3409#article\",\"isPartOf\":{\"@id\":\"https:\\\/\\\/web.oirsa.org\\\/archivos\\\/3409\"},\"author\":{\"name\":\"sigfredoramirez\",\"@id\":\"https:\\\/\\\/web.oirsa.org\\\/#\\\/schema\\\/person\\\/698e7776162ddf630ab36c5946d818ab\"},\"headline\":\"Mesa de Variables Clim\u00e1ticas y Sanidad Agropecuaria sesiona en 55\u00ba Foro del Clima de Am\u00e9rica Central\",\"datePublished\":\"2021-12-11T17:54:35+00:00\",\"dateModified\":\"2021-12-11T17:54:36+00:00\",\"mainEntityOfPage\":{\"@id\":\"https:\\\/\\\/web.oirsa.org\\\/archivos\\\/3409\"},\"wordCount\":714,\"commentCount\":0,\"publisher\":{\"@id\":\"https:\\\/\\\/web.oirsa.org\\\/#organization\"},\"image\":{\"@id\":\"https:\\\/\\\/web.oirsa.org\\\/archivos\\\/3409#primaryimage\"},\"thumbnailUrl\":\"https:\\\/\\\/web.oirsa.org\\\/wp-content\\\/uploads\\\/2021\\\/12\\\/Header-foro.jpg\",\"articleSection\":[\"Noticias\"],\"inLanguage\":\"en-US\",\"potentialAction\":[{\"@type\":\"CommentAction\",\"name\":\"Comment\",\"target\":[\"https:\\\/\\\/web.oirsa.org\\\/archivos\\\/3409#respond\"]}]},{\"@type\":\"WebPage\",\"@id\":\"https:\\\/\\\/web.oirsa.org\\\/archivos\\\/3409\",\"url\":\"https:\\\/\\\/web.oirsa.org\\\/archivos\\\/3409\",\"name\":\"Mesa de Variables Clim\u00e1ticas y Sanidad Agropecuaria sesiona en 55\u00ba Foro del Clima de Am\u00e9rica Central - OIRSA\",\"isPartOf\":{\"@id\":\"https:\\\/\\\/web.oirsa.org\\\/#website\"},\"primaryImageOfPage\":{\"@id\":\"https:\\\/\\\/web.oirsa.org\\\/archivos\\\/3409#primaryimage\"},\"image\":{\"@id\":\"https:\\\/\\\/web.oirsa.org\\\/archivos\\\/3409#primaryimage\"},\"thumbnailUrl\":\"https:\\\/\\\/web.oirsa.org\\\/wp-content\\\/uploads\\\/2021\\\/12\\\/Header-foro.jpg\",\"datePublished\":\"2021-12-11T17:54:35+00:00\",\"dateModified\":\"2021-12-11T17:54:36+00:00\",\"description\":\"OIRSA coordin\u00f3 la mesa de Variables Clim\u00e1ticas y Sanidad Agropecuaria en base a las perspectivas clim\u00e1ticas de mayo a julio de 2018. En este espacio se\",\"breadcrumb\":{\"@id\":\"https:\\\/\\\/web.oirsa.org\\\/archivos\\\/3409#breadcrumb\"},\"inLanguage\":\"en-US\",\"potentialAction\":[{\"@type\":\"ReadAction\",\"target\":[\"https:\\\/\\\/web.oirsa.org\\\/archivos\\\/3409\"]}]},{\"@type\":\"ImageObject\",\"inLanguage\":\"en-US\",\"@id\":\"https:\\\/\\\/web.oirsa.org\\\/archivos\\\/3409#primaryimage\",\"url\":\"https:\\\/\\\/web.oirsa.org\\\/wp-content\\\/uploads\\\/2021\\\/12\\\/Header-foro.jpg\",\"contentUrl\":\"https:\\\/\\\/web.oirsa.org\\\/wp-content\\\/uploads\\\/2021\\\/12\\\/Header-foro.jpg\"},{\"@type\":\"BreadcrumbList\",\"@id\":\"https:\\\/\\\/web.oirsa.org\\\/archivos\\\/3409#breadcrumb\",\"itemListElement\":[{\"@type\":\"ListItem\",\"position\":1,\"name\":\"Portada\",\"item\":\"https:\\\/\\\/web.oirsa.org\\\/\"},{\"@type\":\"ListItem\",\"position\":2,\"name\":\"Mesa de Variables Clim\u00e1ticas y Sanidad Agropecuaria sesiona en 55\u00ba Foro del Clima de Am\u00e9rica Central\"}]},{\"@type\":\"WebSite\",\"@id\":\"https:\\\/\\\/web.oirsa.org\\\/#website\",\"url\":\"https:\\\/\\\/web.oirsa.org\\\/\",\"name\":\"OIRSA\",\"description\":\"Organismo Internacional Regional de Sanidad Agropecuaria\",\"publisher\":{\"@id\":\"https:\\\/\\\/web.oirsa.org\\\/#organization\"},\"potentialAction\":[{\"@type\":\"SearchAction\",\"target\":{\"@type\":\"EntryPoint\",\"urlTemplate\":\"https:\\\/\\\/web.oirsa.org\\\/?s={search_term_string}\"},\"query-input\":{\"@type\":\"PropertyValueSpecification\",\"valueRequired\":true,\"valueName\":\"search_term_string\"}}],\"inLanguage\":\"en-US\"},{\"@type\":\"Organization\",\"@id\":\"https:\\\/\\\/web.oirsa.org\\\/#organization\",\"name\":\"OIRSA\",\"url\":\"https:\\\/\\\/web.oirsa.org\\\/\",\"logo\":{\"@type\":\"ImageObject\",\"inLanguage\":\"en-US\",\"@id\":\"https:\\\/\\\/web.oirsa.org\\\/#\\\/schema\\\/logo\\\/image\\\/\",\"url\":\"https:\\\/\\\/web.oirsa.org\\\/wp-content\\\/uploads\\\/2024\\\/01\\\/cropped-LOGO-OIRSA-2023.png\",\"contentUrl\":\"https:\\\/\\\/web.oirsa.org\\\/wp-content\\\/uploads\\\/2024\\\/01\\\/cropped-LOGO-OIRSA-2023.png\",\"width\":512,\"height\":512,\"caption\":\"OIRSA\"},\"image\":{\"@id\":\"https:\\\/\\\/web.oirsa.org\\\/#\\\/schema\\\/logo\\\/image\\\/\"},\"sameAs\":[\"https:\\\/\\\/www.facebook.com\\\/OIRSAoficial\",\"https:\\\/\\\/x.com\\\/OIRSAoficial\"]},{\"@type\":\"Person\",\"@id\":\"https:\\\/\\\/web.oirsa.org\\\/#\\\/schema\\\/person\\\/698e7776162ddf630ab36c5946d818ab\",\"name\":\"sigfredoramirez\",\"image\":{\"@type\":\"ImageObject\",\"inLanguage\":\"en-US\",\"@id\":\"https:\\\/\\\/secure.gravatar.com\\\/avatar\\\/cff1a22def7b03563530f2ba16145a6b6b5acbabc1f530f59eb045d7e21222e2?s=96&d=identicon&r=g\",\"url\":\"https:\\\/\\\/secure.gravatar.com\\\/avatar\\\/cff1a22def7b03563530f2ba16145a6b6b5acbabc1f530f59eb045d7e21222e2?s=96&d=identicon&r=g\",\"contentUrl\":\"https:\\\/\\\/secure.gravatar.com\\\/avatar\\\/cff1a22def7b03563530f2ba16145a6b6b5acbabc1f530f59eb045d7e21222e2?s=96&d=identicon&r=g\",\"caption\":\"sigfredoramirez\"}}]}<\/script>\n<!-- \/ Yoast SEO plugin. -->","yoast_head_json":{"title":"Mesa de Variables Clim\u00e1ticas y Sanidad Agropecuaria sesiona en 55\u00ba Foro del Clima de Am\u00e9rica Central - OIRSA","description":"OIRSA coordin\u00f3 la mesa de Variables Clim\u00e1ticas y Sanidad Agropecuaria en base a las perspectivas clim\u00e1ticas de mayo a julio de 2018. En este espacio se","robots":{"index":"index","follow":"follow","max-snippet":"max-snippet:-1","max-image-preview":"max-image-preview:large","max-video-preview":"max-video-preview:-1"},"canonical":"https:\/\/web.oirsa.org\/en\/archivos\/3409\/","og_locale":"en_US","og_type":"article","og_title":"Mesa de Variables Clim\u00e1ticas y Sanidad Agropecuaria sesiona en 55\u00ba Foro del Clima de Am\u00e9rica Central - OIRSA","og_description":"OIRSA coordin\u00f3 la mesa de Variables Clim\u00e1ticas y Sanidad Agropecuaria en base a las perspectivas clim\u00e1ticas de mayo a julio de 2018. En este espacio se","og_url":"https:\/\/web.oirsa.org\/en\/archivos\/3409\/","og_site_name":"OIRSA","article_publisher":"https:\/\/www.facebook.com\/OIRSAoficial","article_published_time":"2021-12-11T17:54:35+00:00","article_modified_time":"2021-12-11T17:54:36+00:00","og_image":[{"url":"https:\/\/web.oirsa.org\/wp-content\/uploads\/2021\/12\/Header-foro.jpg","type":"","width":"","height":""}],"author":"sigfredoramirez","twitter_card":"summary_large_image","twitter_creator":"@OIRSAoficial","twitter_site":"@OIRSAoficial","twitter_misc":{"Written by":"sigfredoramirez","Est. reading time":"3 minutes"},"schema":{"@context":"https:\/\/schema.org","@graph":[{"@type":"Article","@id":"https:\/\/web.oirsa.org\/archivos\/3409#article","isPartOf":{"@id":"https:\/\/web.oirsa.org\/archivos\/3409"},"author":{"name":"sigfredoramirez","@id":"https:\/\/web.oirsa.org\/#\/schema\/person\/698e7776162ddf630ab36c5946d818ab"},"headline":"Mesa de Variables Clim\u00e1ticas y Sanidad Agropecuaria sesiona en 55\u00ba Foro del Clima de Am\u00e9rica Central","datePublished":"2021-12-11T17:54:35+00:00","dateModified":"2021-12-11T17:54:36+00:00","mainEntityOfPage":{"@id":"https:\/\/web.oirsa.org\/archivos\/3409"},"wordCount":714,"commentCount":0,"publisher":{"@id":"https:\/\/web.oirsa.org\/#organization"},"image":{"@id":"https:\/\/web.oirsa.org\/archivos\/3409#primaryimage"},"thumbnailUrl":"https:\/\/web.oirsa.org\/wp-content\/uploads\/2021\/12\/Header-foro.jpg","articleSection":["Noticias"],"inLanguage":"en-US","potentialAction":[{"@type":"CommentAction","name":"Comment","target":["https:\/\/web.oirsa.org\/archivos\/3409#respond"]}]},{"@type":"WebPage","@id":"https:\/\/web.oirsa.org\/archivos\/3409","url":"https:\/\/web.oirsa.org\/archivos\/3409","name":"Mesa de Variables Clim\u00e1ticas y Sanidad Agropecuaria sesiona en 55\u00ba Foro del Clima de Am\u00e9rica Central - OIRSA","isPartOf":{"@id":"https:\/\/web.oirsa.org\/#website"},"primaryImageOfPage":{"@id":"https:\/\/web.oirsa.org\/archivos\/3409#primaryimage"},"image":{"@id":"https:\/\/web.oirsa.org\/archivos\/3409#primaryimage"},"thumbnailUrl":"https:\/\/web.oirsa.org\/wp-content\/uploads\/2021\/12\/Header-foro.jpg","datePublished":"2021-12-11T17:54:35+00:00","dateModified":"2021-12-11T17:54:36+00:00","description":"OIRSA coordin\u00f3 la mesa de Variables Clim\u00e1ticas y Sanidad Agropecuaria en base a las perspectivas clim\u00e1ticas de mayo a julio de 2018. En este espacio se","breadcrumb":{"@id":"https:\/\/web.oirsa.org\/archivos\/3409#breadcrumb"},"inLanguage":"en-US","potentialAction":[{"@type":"ReadAction","target":["https:\/\/web.oirsa.org\/archivos\/3409"]}]},{"@type":"ImageObject","inLanguage":"en-US","@id":"https:\/\/web.oirsa.org\/archivos\/3409#primaryimage","url":"https:\/\/web.oirsa.org\/wp-content\/uploads\/2021\/12\/Header-foro.jpg","contentUrl":"https:\/\/web.oirsa.org\/wp-content\/uploads\/2021\/12\/Header-foro.jpg"},{"@type":"BreadcrumbList","@id":"https:\/\/web.oirsa.org\/archivos\/3409#breadcrumb","itemListElement":[{"@type":"ListItem","position":1,"name":"Portada","item":"https:\/\/web.oirsa.org\/"},{"@type":"ListItem","position":2,"name":"Mesa de Variables Clim\u00e1ticas y Sanidad Agropecuaria sesiona en 55\u00ba Foro del Clima de Am\u00e9rica Central"}]},{"@type":"WebSite","@id":"https:\/\/web.oirsa.org\/#website","url":"https:\/\/web.oirsa.org\/","name":"OIRSA","description":"Organismo Internacional Regional de Sanidad Agropecuaria","publisher":{"@id":"https:\/\/web.oirsa.org\/#organization"},"potentialAction":[{"@type":"SearchAction","target":{"@type":"EntryPoint","urlTemplate":"https:\/\/web.oirsa.org\/?s={search_term_string}"},"query-input":{"@type":"PropertyValueSpecification","valueRequired":true,"valueName":"search_term_string"}}],"inLanguage":"en-US"},{"@type":"Organization","@id":"https:\/\/web.oirsa.org\/#organization","name":"OIRSA","url":"https:\/\/web.oirsa.org\/","logo":{"@type":"ImageObject","inLanguage":"en-US","@id":"https:\/\/web.oirsa.org\/#\/schema\/logo\/image\/","url":"https:\/\/web.oirsa.org\/wp-content\/uploads\/2024\/01\/cropped-LOGO-OIRSA-2023.png","contentUrl":"https:\/\/web.oirsa.org\/wp-content\/uploads\/2024\/01\/cropped-LOGO-OIRSA-2023.png","width":512,"height":512,"caption":"OIRSA"},"image":{"@id":"https:\/\/web.oirsa.org\/#\/schema\/logo\/image\/"},"sameAs":["https:\/\/www.facebook.com\/OIRSAoficial","https:\/\/x.com\/OIRSAoficial"]},{"@type":"Person","@id":"https:\/\/web.oirsa.org\/#\/schema\/person\/698e7776162ddf630ab36c5946d818ab","name":"sigfredoramirez","image":{"@type":"ImageObject","inLanguage":"en-US","@id":"https:\/\/secure.gravatar.com\/avatar\/cff1a22def7b03563530f2ba16145a6b6b5acbabc1f530f59eb045d7e21222e2?s=96&d=identicon&r=g","url":"https:\/\/secure.gravatar.com\/avatar\/cff1a22def7b03563530f2ba16145a6b6b5acbabc1f530f59eb045d7e21222e2?s=96&d=identicon&r=g","contentUrl":"https:\/\/secure.gravatar.com\/avatar\/cff1a22def7b03563530f2ba16145a6b6b5acbabc1f530f59eb045d7e21222e2?s=96&d=identicon&r=g","caption":"sigfredoramirez"}}]}},"jetpack_featured_media_url":"","jetpack_sharing_enabled":true,"_links":{"self":[{"href":"https:\/\/web.oirsa.org\/en\/wp-json\/wp\/v2\/posts\/3409","targetHints":{"allow":["GET"]}}],"collection":[{"href":"https:\/\/web.oirsa.org\/en\/wp-json\/wp\/v2\/posts"}],"about":[{"href":"https:\/\/web.oirsa.org\/en\/wp-json\/wp\/v2\/types\/post"}],"author":[{"embeddable":true,"href":"https:\/\/web.oirsa.org\/en\/wp-json\/wp\/v2\/users\/213237738"}],"replies":[{"embeddable":true,"href":"https:\/\/web.oirsa.org\/en\/wp-json\/wp\/v2\/comments?post=3409"}],"version-history":[{"count":2,"href":"https:\/\/web.oirsa.org\/en\/wp-json\/wp\/v2\/posts\/3409\/revisions"}],"predecessor-version":[{"id":3412,"href":"https:\/\/web.oirsa.org\/en\/wp-json\/wp\/v2\/posts\/3409\/revisions\/3412"}],"wp:attachment":[{"href":"https:\/\/web.oirsa.org\/en\/wp-json\/wp\/v2\/media?parent=3409"}],"wp:term":[{"taxonomy":"category","embeddable":true,"href":"https:\/\/web.oirsa.org\/en\/wp-json\/wp\/v2\/categories?post=3409"},{"taxonomy":"post_tag","embeddable":true,"href":"https:\/\/web.oirsa.org\/en\/wp-json\/wp\/v2\/tags?post=3409"}],"curies":[{"name":"wp","href":"https:\/\/api.w.org\/{rel}","templated":true}]}}