{"id":3222,"date":"2021-12-10T13:25:25","date_gmt":"2021-12-10T19:25:25","guid":{"rendered":"http:\/\/10.103.20.84\/?p=3222"},"modified":"2021-12-10T13:25:26","modified_gmt":"2021-12-10T19:25:26","slug":"autodeclaran-alta-y-baja-verapaz-como-area-libre-de-influenza-aviar-de-baja-patogenicidad-h5n2-en-guatemala","status":"publish","type":"post","link":"https:\/\/web.oirsa.org\/en\/archivos\/3222","title":{"rendered":"Autodeclaran Alta y Baja Verapaz como \u00e1rea libre de influenza aviar de baja patogenicidad H5N2 en Guatemala"},"content":{"rendered":"<p class=\"wp-block-paragraph\"><em>Se determin\u00f3 la ausencia de la enfermedad cumpliendo con las normas nacionales e internacionales para demostrar ausencia de enfermedad.<\/em><\/p>\n\n\n\n<div class=\"wp-block-image\"><figure class=\"alignright size-full is-resized\"><img data-recalc-dims=\"1\" loading=\"lazy\" decoding=\"async\" src=\"https:\/\/i0.wp.com\/web.oirsa.org\/wp-content\/uploads\/2021\/12\/BajaVerapaz.jpg?resize=525%2C233&ssl=1\" alt=\"\" class=\"wp-image-3223\" width=\"525\" height=\"233\" srcset=\"https:\/\/i0.wp.com\/web.oirsa.org\/wp-content\/uploads\/2021\/12\/BajaVerapaz.jpg?w=900&ssl=1 900w, https:\/\/i0.wp.com\/web.oirsa.org\/wp-content\/uploads\/2021\/12\/BajaVerapaz.jpg?resize=300%2C133&ssl=1 300w, https:\/\/i0.wp.com\/web.oirsa.org\/wp-content\/uploads\/2021\/12\/BajaVerapaz.jpg?resize=768%2C341&ssl=1 768w\" sizes=\"auto, (max-width: 525px) 100vw, 525px\" \/><\/figure><\/div>\n\n\n\n<p class=\"wp-block-paragraph\"><strong>Martes, 5 de diciembre de 2017<\/strong>. Los departamentos de Alta y Baja Verapaz, en Guatemala,\u00a0<a href=\"http:\/\/web.maga.gob.gt\/blog\/las-verapaces-son-territorio-libre-de-influeza-aviar\/\">fueron autodeclarados como \u00e1rea libre de influenza aviar de baja patogenicidad H5N2<\/a>. Un logro alcanzado con base al convenio de cooperaci\u00f3n entre el Ministerio de Agricultura, Ganader\u00eda y Alimentaci\u00f3n (<a href=\"http:\/\/web.maga.gob.gt\/\">MAGA<\/a>), la Asociaci\u00f3n Nacional de Avicultores de Guatemala (ANAVI) y el OIRSA.<\/p>\n\n\n\n<p class=\"wp-block-paragraph\">La representante a.i. del OIRSA en el pa\u00eds, Nidia Sandoval, fue parte de la mesa que presidi\u00f3 el acto de autodeclaratoria. Con el anuncio, las autoridades adquieren compromisos como continuar con la vigilancia epidemiol\u00f3gica activa y pasiva, medidas de bioseguridad, control de movilizaci\u00f3n de aves, entre otros.<\/p>\n\n\n\n<p class=\"wp-block-paragraph\">La autodeclaratoria fortalece el estatus sanitario del pa\u00eds. La avicultura tecnificada \u2013que comprende el 54% de este rubro en Guatemala\u2013 y la avicultura de traspatio \u2013el 46%\u2013 s. La\u00a0<a href=\"http:\/\/www.oie.int\/doc\/ged\/D13948.PDF\">influenza aviar\u00a0<\/a>H5N2 se detect\u00f3 en el pa\u00eds en el a\u00f1o 2000 y por los \u00faltimos 17 a\u00f1os se ha controlado por la aplicaci\u00f3n de biol\u00f3gicos y muestreos en granjas comerciales y explotaciones familiares en el \u00e1rea rural.<\/p>\n\n\n\n<p class=\"wp-block-paragraph\">La poblaci\u00f3n av\u00edcola del pa\u00eds es de 56.4 millones de aves, genera 35 mil empleos directos y contribuye con 2% al PIB nacional.<\/p>","protected":false},"excerpt":{"rendered":"<p>Se determin\u00f3 la ausencia de la enfermedad cumpliendo con las normas nacionales e internacionales para demostrar ausencia de enfermedad. Martes, [&hellip;]<\/p>\n","protected":false},"author":213237738,"featured_media":0,"comment_status":"open","ping_status":"open","sticky":false,"template":"","format":"standard","meta":{"_coblocks_attr":"","_coblocks_dimensions":"","_coblocks_responsive_height":"","_coblocks_accordion_ie_support":"","_crdt_document":"","_jetpack_memberships_contains_paid_content":false,"footnotes":""},"categories":[121903],"tags":[],"class_list":["post-3222","post","type-post","status-publish","format-standard","hentry","category-noticias"],"yoast_head":"<!-- This site is optimized with the Yoast SEO plugin v27.5 - https:\/\/yoast.com\/product\/yoast-seo-wordpress\/ -->\n<title>Autodeclaran Alta y Baja Verapaz como \u00e1rea libre de influenza aviar de baja patogenicidad H5N2 en Guatemala - OIRSA<\/title>\n<meta name=\"description\" content=\"Se determin\u00f3 la ausencia de la enfermedad cumpliendo con las normas nacionales e internacionales para demostrar ausencia de enfermedad. Martes, 5 de\" \/>\n<meta name=\"robots\" content=\"index, follow, max-snippet:-1, max-image-preview:large, max-video-preview:-1\" \/>\n<link rel=\"canonical\" href=\"https:\/\/web.oirsa.org\/en\/archivos\/3222\/\" \/>\n<meta property=\"og:locale\" content=\"en_US\" \/>\n<meta property=\"og:type\" content=\"article\" \/>\n<meta property=\"og:title\" content=\"Autodeclaran Alta y Baja Verapaz como \u00e1rea libre de influenza aviar de baja patogenicidad H5N2 en Guatemala - OIRSA\" \/>\n<meta property=\"og:description\" content=\"Se determin\u00f3 la ausencia de la enfermedad cumpliendo con las normas nacionales e internacionales para demostrar ausencia de enfermedad. Martes, 5 de\" \/>\n<meta property=\"og:url\" content=\"https:\/\/web.oirsa.org\/en\/archivos\/3222\/\" \/>\n<meta property=\"og:site_name\" content=\"OIRSA\" \/>\n<meta property=\"article:publisher\" content=\"https:\/\/www.facebook.com\/OIRSAoficial\" \/>\n<meta property=\"article:published_time\" content=\"2021-12-10T19:25:25+00:00\" \/>\n<meta property=\"article:modified_time\" content=\"2021-12-10T19:25:26+00:00\" \/>\n<meta property=\"og:image\" content=\"https:\/\/web.oirsa.org\/wp-content\/uploads\/2021\/12\/BajaVerapaz.jpg\" \/>\n<meta name=\"author\" content=\"sigfredoramirez\" \/>\n<meta name=\"twitter:card\" content=\"summary_large_image\" \/>\n<meta name=\"twitter:creator\" content=\"@OIRSAoficial\" \/>\n<meta name=\"twitter:site\" content=\"@OIRSAoficial\" \/>\n<meta name=\"twitter:label1\" content=\"Written by\" \/>\n\t<meta name=\"twitter:data1\" content=\"sigfredoramirez\" \/>\n\t<meta name=\"twitter:label2\" content=\"Est. reading time\" \/>\n\t<meta name=\"twitter:data2\" content=\"1 minute\" \/>\n<script type=\"application\/ld+json\" class=\"yoast-schema-graph\">{\"@context\":\"https:\\\/\\\/schema.org\",\"@graph\":[{\"@type\":\"Article\",\"@id\":\"https:\\\/\\\/web.oirsa.org\\\/archivos\\\/3222#article\",\"isPartOf\":{\"@id\":\"https:\\\/\\\/web.oirsa.org\\\/archivos\\\/3222\"},\"author\":{\"name\":\"sigfredoramirez\",\"@id\":\"https:\\\/\\\/web.oirsa.org\\\/#\\\/schema\\\/person\\\/698e7776162ddf630ab36c5946d818ab\"},\"headline\":\"Autodeclaran Alta y Baja Verapaz como \u00e1rea libre de influenza aviar de baja patogenicidad H5N2 en Guatemala\",\"datePublished\":\"2021-12-10T19:25:25+00:00\",\"dateModified\":\"2021-12-10T19:25:26+00:00\",\"mainEntityOfPage\":{\"@id\":\"https:\\\/\\\/web.oirsa.org\\\/archivos\\\/3222\"},\"wordCount\":243,\"commentCount\":0,\"publisher\":{\"@id\":\"https:\\\/\\\/web.oirsa.org\\\/#organization\"},\"image\":{\"@id\":\"https:\\\/\\\/web.oirsa.org\\\/archivos\\\/3222#primaryimage\"},\"thumbnailUrl\":\"https:\\\/\\\/web.oirsa.org\\\/wp-content\\\/uploads\\\/2021\\\/12\\\/BajaVerapaz.jpg\",\"articleSection\":[\"Noticias\"],\"inLanguage\":\"en-US\",\"potentialAction\":[{\"@type\":\"CommentAction\",\"name\":\"Comment\",\"target\":[\"https:\\\/\\\/web.oirsa.org\\\/archivos\\\/3222#respond\"]}]},{\"@type\":\"WebPage\",\"@id\":\"https:\\\/\\\/web.oirsa.org\\\/archivos\\\/3222\",\"url\":\"https:\\\/\\\/web.oirsa.org\\\/archivos\\\/3222\",\"name\":\"Autodeclaran Alta y Baja Verapaz como \u00e1rea libre de influenza aviar de baja patogenicidad H5N2 en Guatemala - OIRSA\",\"isPartOf\":{\"@id\":\"https:\\\/\\\/web.oirsa.org\\\/#website\"},\"primaryImageOfPage\":{\"@id\":\"https:\\\/\\\/web.oirsa.org\\\/archivos\\\/3222#primaryimage\"},\"image\":{\"@id\":\"https:\\\/\\\/web.oirsa.org\\\/archivos\\\/3222#primaryimage\"},\"thumbnailUrl\":\"https:\\\/\\\/web.oirsa.org\\\/wp-content\\\/uploads\\\/2021\\\/12\\\/BajaVerapaz.jpg\",\"datePublished\":\"2021-12-10T19:25:25+00:00\",\"dateModified\":\"2021-12-10T19:25:26+00:00\",\"description\":\"Se determin\u00f3 la ausencia de la enfermedad cumpliendo con las normas nacionales e internacionales para demostrar ausencia de enfermedad. Martes, 5 de\",\"breadcrumb\":{\"@id\":\"https:\\\/\\\/web.oirsa.org\\\/archivos\\\/3222#breadcrumb\"},\"inLanguage\":\"en-US\",\"potentialAction\":[{\"@type\":\"ReadAction\",\"target\":[\"https:\\\/\\\/web.oirsa.org\\\/archivos\\\/3222\"]}]},{\"@type\":\"ImageObject\",\"inLanguage\":\"en-US\",\"@id\":\"https:\\\/\\\/web.oirsa.org\\\/archivos\\\/3222#primaryimage\",\"url\":\"https:\\\/\\\/web.oirsa.org\\\/wp-content\\\/uploads\\\/2021\\\/12\\\/BajaVerapaz.jpg\",\"contentUrl\":\"https:\\\/\\\/web.oirsa.org\\\/wp-content\\\/uploads\\\/2021\\\/12\\\/BajaVerapaz.jpg\"},{\"@type\":\"BreadcrumbList\",\"@id\":\"https:\\\/\\\/web.oirsa.org\\\/archivos\\\/3222#breadcrumb\",\"itemListElement\":[{\"@type\":\"ListItem\",\"position\":1,\"name\":\"Portada\",\"item\":\"https:\\\/\\\/web.oirsa.org\\\/\"},{\"@type\":\"ListItem\",\"position\":2,\"name\":\"Autodeclaran Alta y Baja Verapaz como \u00e1rea libre de influenza aviar de baja patogenicidad H5N2 en Guatemala\"}]},{\"@type\":\"WebSite\",\"@id\":\"https:\\\/\\\/web.oirsa.org\\\/#website\",\"url\":\"https:\\\/\\\/web.oirsa.org\\\/\",\"name\":\"OIRSA\",\"description\":\"Organismo Internacional Regional de Sanidad Agropecuaria\",\"publisher\":{\"@id\":\"https:\\\/\\\/web.oirsa.org\\\/#organization\"},\"potentialAction\":[{\"@type\":\"SearchAction\",\"target\":{\"@type\":\"EntryPoint\",\"urlTemplate\":\"https:\\\/\\\/web.oirsa.org\\\/?s={search_term_string}\"},\"query-input\":{\"@type\":\"PropertyValueSpecification\",\"valueRequired\":true,\"valueName\":\"search_term_string\"}}],\"inLanguage\":\"en-US\"},{\"@type\":\"Organization\",\"@id\":\"https:\\\/\\\/web.oirsa.org\\\/#organization\",\"name\":\"OIRSA\",\"url\":\"https:\\\/\\\/web.oirsa.org\\\/\",\"logo\":{\"@type\":\"ImageObject\",\"inLanguage\":\"en-US\",\"@id\":\"https:\\\/\\\/web.oirsa.org\\\/#\\\/schema\\\/logo\\\/image\\\/\",\"url\":\"https:\\\/\\\/web.oirsa.org\\\/wp-content\\\/uploads\\\/2024\\\/01\\\/cropped-LOGO-OIRSA-2023.png\",\"contentUrl\":\"https:\\\/\\\/web.oirsa.org\\\/wp-content\\\/uploads\\\/2024\\\/01\\\/cropped-LOGO-OIRSA-2023.png\",\"width\":512,\"height\":512,\"caption\":\"OIRSA\"},\"image\":{\"@id\":\"https:\\\/\\\/web.oirsa.org\\\/#\\\/schema\\\/logo\\\/image\\\/\"},\"sameAs\":[\"https:\\\/\\\/www.facebook.com\\\/OIRSAoficial\",\"https:\\\/\\\/x.com\\\/OIRSAoficial\"]},{\"@type\":\"Person\",\"@id\":\"https:\\\/\\\/web.oirsa.org\\\/#\\\/schema\\\/person\\\/698e7776162ddf630ab36c5946d818ab\",\"name\":\"sigfredoramirez\",\"image\":{\"@type\":\"ImageObject\",\"inLanguage\":\"en-US\",\"@id\":\"https:\\\/\\\/secure.gravatar.com\\\/avatar\\\/cff1a22def7b03563530f2ba16145a6b6b5acbabc1f530f59eb045d7e21222e2?s=96&d=identicon&r=g\",\"url\":\"https:\\\/\\\/secure.gravatar.com\\\/avatar\\\/cff1a22def7b03563530f2ba16145a6b6b5acbabc1f530f59eb045d7e21222e2?s=96&d=identicon&r=g\",\"contentUrl\":\"https:\\\/\\\/secure.gravatar.com\\\/avatar\\\/cff1a22def7b03563530f2ba16145a6b6b5acbabc1f530f59eb045d7e21222e2?s=96&d=identicon&r=g\",\"caption\":\"sigfredoramirez\"}}]}<\/script>\n<!-- \/ Yoast SEO plugin. -->","yoast_head_json":{"title":"Autodeclaran Alta y Baja Verapaz como \u00e1rea libre de influenza aviar de baja patogenicidad H5N2 en Guatemala - OIRSA","description":"Se determin\u00f3 la ausencia de la enfermedad cumpliendo con las normas nacionales e internacionales para demostrar ausencia de enfermedad. Martes, 5 de","robots":{"index":"index","follow":"follow","max-snippet":"max-snippet:-1","max-image-preview":"max-image-preview:large","max-video-preview":"max-video-preview:-1"},"canonical":"https:\/\/web.oirsa.org\/en\/archivos\/3222\/","og_locale":"en_US","og_type":"article","og_title":"Autodeclaran Alta y Baja Verapaz como \u00e1rea libre de influenza aviar de baja patogenicidad H5N2 en Guatemala - OIRSA","og_description":"Se determin\u00f3 la ausencia de la enfermedad cumpliendo con las normas nacionales e internacionales para demostrar ausencia de enfermedad. Martes, 5 de","og_url":"https:\/\/web.oirsa.org\/en\/archivos\/3222\/","og_site_name":"OIRSA","article_publisher":"https:\/\/www.facebook.com\/OIRSAoficial","article_published_time":"2021-12-10T19:25:25+00:00","article_modified_time":"2021-12-10T19:25:26+00:00","og_image":[{"url":"https:\/\/web.oirsa.org\/wp-content\/uploads\/2021\/12\/BajaVerapaz.jpg","type":"","width":"","height":""}],"author":"sigfredoramirez","twitter_card":"summary_large_image","twitter_creator":"@OIRSAoficial","twitter_site":"@OIRSAoficial","twitter_misc":{"Written by":"sigfredoramirez","Est. reading time":"1 minute"},"schema":{"@context":"https:\/\/schema.org","@graph":[{"@type":"Article","@id":"https:\/\/web.oirsa.org\/archivos\/3222#article","isPartOf":{"@id":"https:\/\/web.oirsa.org\/archivos\/3222"},"author":{"name":"sigfredoramirez","@id":"https:\/\/web.oirsa.org\/#\/schema\/person\/698e7776162ddf630ab36c5946d818ab"},"headline":"Autodeclaran Alta y Baja Verapaz como \u00e1rea libre de influenza aviar de baja patogenicidad H5N2 en Guatemala","datePublished":"2021-12-10T19:25:25+00:00","dateModified":"2021-12-10T19:25:26+00:00","mainEntityOfPage":{"@id":"https:\/\/web.oirsa.org\/archivos\/3222"},"wordCount":243,"commentCount":0,"publisher":{"@id":"https:\/\/web.oirsa.org\/#organization"},"image":{"@id":"https:\/\/web.oirsa.org\/archivos\/3222#primaryimage"},"thumbnailUrl":"https:\/\/web.oirsa.org\/wp-content\/uploads\/2021\/12\/BajaVerapaz.jpg","articleSection":["Noticias"],"inLanguage":"en-US","potentialAction":[{"@type":"CommentAction","name":"Comment","target":["https:\/\/web.oirsa.org\/archivos\/3222#respond"]}]},{"@type":"WebPage","@id":"https:\/\/web.oirsa.org\/archivos\/3222","url":"https:\/\/web.oirsa.org\/archivos\/3222","name":"Autodeclaran Alta y Baja Verapaz como \u00e1rea libre de influenza aviar de baja patogenicidad H5N2 en Guatemala - OIRSA","isPartOf":{"@id":"https:\/\/web.oirsa.org\/#website"},"primaryImageOfPage":{"@id":"https:\/\/web.oirsa.org\/archivos\/3222#primaryimage"},"image":{"@id":"https:\/\/web.oirsa.org\/archivos\/3222#primaryimage"},"thumbnailUrl":"https:\/\/web.oirsa.org\/wp-content\/uploads\/2021\/12\/BajaVerapaz.jpg","datePublished":"2021-12-10T19:25:25+00:00","dateModified":"2021-12-10T19:25:26+00:00","description":"Se determin\u00f3 la ausencia de la enfermedad cumpliendo con las normas nacionales e internacionales para demostrar ausencia de enfermedad. Martes, 5 de","breadcrumb":{"@id":"https:\/\/web.oirsa.org\/archivos\/3222#breadcrumb"},"inLanguage":"en-US","potentialAction":[{"@type":"ReadAction","target":["https:\/\/web.oirsa.org\/archivos\/3222"]}]},{"@type":"ImageObject","inLanguage":"en-US","@id":"https:\/\/web.oirsa.org\/archivos\/3222#primaryimage","url":"https:\/\/web.oirsa.org\/wp-content\/uploads\/2021\/12\/BajaVerapaz.jpg","contentUrl":"https:\/\/web.oirsa.org\/wp-content\/uploads\/2021\/12\/BajaVerapaz.jpg"},{"@type":"BreadcrumbList","@id":"https:\/\/web.oirsa.org\/archivos\/3222#breadcrumb","itemListElement":[{"@type":"ListItem","position":1,"name":"Portada","item":"https:\/\/web.oirsa.org\/"},{"@type":"ListItem","position":2,"name":"Autodeclaran Alta y Baja Verapaz como \u00e1rea libre de influenza aviar de baja patogenicidad H5N2 en Guatemala"}]},{"@type":"WebSite","@id":"https:\/\/web.oirsa.org\/#website","url":"https:\/\/web.oirsa.org\/","name":"OIRSA","description":"Organismo Internacional Regional de Sanidad Agropecuaria","publisher":{"@id":"https:\/\/web.oirsa.org\/#organization"},"potentialAction":[{"@type":"SearchAction","target":{"@type":"EntryPoint","urlTemplate":"https:\/\/web.oirsa.org\/?s={search_term_string}"},"query-input":{"@type":"PropertyValueSpecification","valueRequired":true,"valueName":"search_term_string"}}],"inLanguage":"en-US"},{"@type":"Organization","@id":"https:\/\/web.oirsa.org\/#organization","name":"OIRSA","url":"https:\/\/web.oirsa.org\/","logo":{"@type":"ImageObject","inLanguage":"en-US","@id":"https:\/\/web.oirsa.org\/#\/schema\/logo\/image\/","url":"https:\/\/web.oirsa.org\/wp-content\/uploads\/2024\/01\/cropped-LOGO-OIRSA-2023.png","contentUrl":"https:\/\/web.oirsa.org\/wp-content\/uploads\/2024\/01\/cropped-LOGO-OIRSA-2023.png","width":512,"height":512,"caption":"OIRSA"},"image":{"@id":"https:\/\/web.oirsa.org\/#\/schema\/logo\/image\/"},"sameAs":["https:\/\/www.facebook.com\/OIRSAoficial","https:\/\/x.com\/OIRSAoficial"]},{"@type":"Person","@id":"https:\/\/web.oirsa.org\/#\/schema\/person\/698e7776162ddf630ab36c5946d818ab","name":"sigfredoramirez","image":{"@type":"ImageObject","inLanguage":"en-US","@id":"https:\/\/secure.gravatar.com\/avatar\/cff1a22def7b03563530f2ba16145a6b6b5acbabc1f530f59eb045d7e21222e2?s=96&d=identicon&r=g","url":"https:\/\/secure.gravatar.com\/avatar\/cff1a22def7b03563530f2ba16145a6b6b5acbabc1f530f59eb045d7e21222e2?s=96&d=identicon&r=g","contentUrl":"https:\/\/secure.gravatar.com\/avatar\/cff1a22def7b03563530f2ba16145a6b6b5acbabc1f530f59eb045d7e21222e2?s=96&d=identicon&r=g","caption":"sigfredoramirez"}}]}},"jetpack_featured_media_url":"","jetpack_sharing_enabled":true,"_links":{"self":[{"href":"https:\/\/web.oirsa.org\/en\/wp-json\/wp\/v2\/posts\/3222","targetHints":{"allow":["GET"]}}],"collection":[{"href":"https:\/\/web.oirsa.org\/en\/wp-json\/wp\/v2\/posts"}],"about":[{"href":"https:\/\/web.oirsa.org\/en\/wp-json\/wp\/v2\/types\/post"}],"author":[{"embeddable":true,"href":"https:\/\/web.oirsa.org\/en\/wp-json\/wp\/v2\/users\/213237738"}],"replies":[{"embeddable":true,"href":"https:\/\/web.oirsa.org\/en\/wp-json\/wp\/v2\/comments?post=3222"}],"version-history":[{"count":1,"href":"https:\/\/web.oirsa.org\/en\/wp-json\/wp\/v2\/posts\/3222\/revisions"}],"predecessor-version":[{"id":3224,"href":"https:\/\/web.oirsa.org\/en\/wp-json\/wp\/v2\/posts\/3222\/revisions\/3224"}],"wp:attachment":[{"href":"https:\/\/web.oirsa.org\/en\/wp-json\/wp\/v2\/media?parent=3222"}],"wp:term":[{"taxonomy":"category","embeddable":true,"href":"https:\/\/web.oirsa.org\/en\/wp-json\/wp\/v2\/categories?post=3222"},{"taxonomy":"post_tag","embeddable":true,"href":"https:\/\/web.oirsa.org\/en\/wp-json\/wp\/v2\/tags?post=3222"}],"curies":[{"name":"wp","href":"https:\/\/api.w.org\/{rel}","templated":true}]}}