{"id":3219,"date":"2021-12-10T13:24:23","date_gmt":"2021-12-10T19:24:23","guid":{"rendered":"http:\/\/10.103.20.84\/?p=3219"},"modified":"2021-12-10T13:24:24","modified_gmt":"2021-12-10T19:24:24","slug":"se-efectua-capacitacion-para-identificar-especies-de-trogoderma-spp-en-el-salvador","status":"publish","type":"post","link":"https:\/\/web.oirsa.org\/en\/archivos\/3219","title":{"rendered":"Se efect\u00faa capacitaci\u00f3n para identificar especies de Trogoderma spp en El Salvador"},"content":{"rendered":"<p class=\"wp-block-paragraph\"><em>Se capacit\u00f3 a t\u00e9cnicos salvadore\u00f1os en las caracter\u00edsticas diagn\u00f3sticas de Trogoderma granarium, plaga cuarentenaria para la regi\u00f3n del OIRSA.<\/em><\/p>\n\n\n\n<div class=\"wp-block-image\"><figure class=\"alignright size-full is-resized\"><img data-recalc-dims=\"1\" loading=\"lazy\" decoding=\"async\" src=\"https:\/\/i0.wp.com\/web.oirsa.org\/wp-content\/uploads\/2021\/12\/22-Trogodermataller.jpg?resize=524%2C233&ssl=1\" alt=\"\" class=\"wp-image-3220\" width=\"524\" height=\"233\" srcset=\"https:\/\/i0.wp.com\/web.oirsa.org\/wp-content\/uploads\/2021\/12\/22-Trogodermataller.jpg?w=900&ssl=1 900w, https:\/\/i0.wp.com\/web.oirsa.org\/wp-content\/uploads\/2021\/12\/22-Trogodermataller.jpg?resize=300%2C133&ssl=1 300w, https:\/\/i0.wp.com\/web.oirsa.org\/wp-content\/uploads\/2021\/12\/22-Trogodermataller.jpg?resize=768%2C341&ssl=1 768w\" sizes=\"auto, (max-width: 524px) 100vw, 524px\" \/><\/figure><\/div>\n\n\n\n<p class=\"wp-block-paragraph\"><strong>Martes, 5 de diciembre de 2017<\/strong>. La coordinadora de An\u00e1lisis de Riesgo del OIRSA, Nancy Villegas, imparti\u00f3 el taller para la identificaci\u00f3n de especies de\u00a0<a href=\"https:\/\/www.gob.mx\/cms\/uploads\/attachment\/file\/215863\/32_Ficha_T_cnica_-_Gorgojo_khapra.pdf\"><em>Trogoderma spp<\/em><\/a>, en estados inmaduros y adultos. Al taller asisti\u00f3 personal de diagn\u00f3stico y vigilancia fitosanitaria, sistemas cuarentenarios, certificaci\u00f3n e inocuidad del<a href=\"http:\/\/www.mag.gob.sv\/\">\u00a0Ministerio de Agricultura y Ganader\u00eda (MAG)<\/a>\u00a0de El Salvador.<\/p>\n\n\n\n<p class=\"wp-block-paragraph\">La actividad se realiz\u00f3 el pasado 28 de noviembre de 2017 en las instalaciones de la Direcci\u00f3n General de Sanidad Vegetal del MAG de El Salvador, en el Centro Agropecuario El Matazano, Soyapango. Al taller asistieron alrededor de 35 personas.<\/p>\n\n\n\n<p class=\"wp-block-paragraph\">The\u00a0<a href=\"https:\/\/www.gob.mx\/cms\/uploads\/attachment\/file\/215863\/32_Ficha_T_cnica_-_Gorgojo_khapra.pdf\"><em>Trogoderma spp<\/em><\/a>\u00a0es una importante plaga de productos almacenados que tiene una gran relevancia en t\u00e9rminos econ\u00f3micos por las p\u00e9rdidas directas e indirectas que puede causar. Pero su importancia no se deriva solamente del grave da\u00f1o que causa a los productos almacenados, sino que a las restricciones sobre las exportaciones que afrontan los pa\u00edses con presencia de esta plaga.<\/p>\n\n\n\n<p class=\"wp-block-paragraph\">La capacitaci\u00f3n, en t\u00e9rminos generales, comprendi\u00f3 una parte te\u00f3rica y una pr\u00e1ctica, esta \u00faltima para realizar la preparaci\u00f3n de micromonjes y su observaci\u00f3n para su determinaci\u00f3n de especies de Trogoderma. As\u00ed como un entrenamiento en t\u00e9cnicas de montaje y formaci\u00f3n de una colecci\u00f3n de referencia permanente (t\u00e9cnica de B\u00e1lsamo de Canad\u00e1) de Dermestidae.<\/p>","protected":false},"excerpt":{"rendered":"<p>Se capacit\u00f3 a t\u00e9cnicos salvadore\u00f1os en las caracter\u00edsticas diagn\u00f3sticas de Trogoderma granarium, plaga cuarentenaria para la regi\u00f3n del OIRSA. Martes, [&hellip;]<\/p>\n","protected":false},"author":213237738,"featured_media":0,"comment_status":"open","ping_status":"open","sticky":false,"template":"","format":"standard","meta":{"_coblocks_attr":"","_coblocks_dimensions":"","_coblocks_responsive_height":"","_coblocks_accordion_ie_support":"","_crdt_document":"","_jetpack_memberships_contains_paid_content":false,"footnotes":""},"categories":[121903],"tags":[],"class_list":["post-3219","post","type-post","status-publish","format-standard","hentry","category-noticias"],"yoast_head":"<!-- This site is optimized with the Yoast SEO plugin v27.5 - https:\/\/yoast.com\/product\/yoast-seo-wordpress\/ -->\n<title>Se efect\u00faa capacitaci\u00f3n para identificar especies de Trogoderma spp en El Salvador - OIRSA<\/title>\n<meta name=\"description\" content=\"Se capacit\u00f3 a t\u00e9cnicos salvadore\u00f1os en las caracter\u00edsticas diagn\u00f3sticas de Trogoderma granarium, plaga cuarentenaria para la regi\u00f3n del OIRSA. Martes, 5\" \/>\n<meta name=\"robots\" content=\"index, follow, max-snippet:-1, max-image-preview:large, max-video-preview:-1\" \/>\n<link rel=\"canonical\" href=\"https:\/\/web.oirsa.org\/en\/archivos\/3219\/\" \/>\n<meta property=\"og:locale\" content=\"en_US\" \/>\n<meta property=\"og:type\" content=\"article\" \/>\n<meta property=\"og:title\" content=\"Se efect\u00faa capacitaci\u00f3n para identificar especies de Trogoderma spp en El Salvador - OIRSA\" \/>\n<meta property=\"og:description\" content=\"Se capacit\u00f3 a t\u00e9cnicos salvadore\u00f1os en las caracter\u00edsticas diagn\u00f3sticas de Trogoderma granarium, plaga cuarentenaria para la regi\u00f3n del OIRSA. Martes, 5\" \/>\n<meta property=\"og:url\" content=\"https:\/\/web.oirsa.org\/en\/archivos\/3219\/\" \/>\n<meta property=\"og:site_name\" content=\"OIRSA\" \/>\n<meta property=\"article:publisher\" content=\"https:\/\/www.facebook.com\/OIRSAoficial\" \/>\n<meta property=\"article:published_time\" content=\"2021-12-10T19:24:23+00:00\" \/>\n<meta property=\"article:modified_time\" content=\"2021-12-10T19:24:24+00:00\" \/>\n<meta property=\"og:image\" content=\"https:\/\/web.oirsa.org\/wp-content\/uploads\/2021\/12\/22-Trogodermataller.jpg\" \/>\n<meta name=\"author\" content=\"sigfredoramirez\" \/>\n<meta name=\"twitter:card\" content=\"summary_large_image\" \/>\n<meta name=\"twitter:creator\" content=\"@OIRSAoficial\" \/>\n<meta name=\"twitter:site\" content=\"@OIRSAoficial\" \/>\n<meta name=\"twitter:label1\" content=\"Written by\" \/>\n\t<meta name=\"twitter:data1\" content=\"sigfredoramirez\" \/>\n\t<meta name=\"twitter:label2\" content=\"Est. reading time\" \/>\n\t<meta name=\"twitter:data2\" content=\"1 minute\" \/>\n<script type=\"application\/ld+json\" class=\"yoast-schema-graph\">{\"@context\":\"https:\\\/\\\/schema.org\",\"@graph\":[{\"@type\":\"Article\",\"@id\":\"https:\\\/\\\/web.oirsa.org\\\/archivos\\\/3219#article\",\"isPartOf\":{\"@id\":\"https:\\\/\\\/web.oirsa.org\\\/archivos\\\/3219\"},\"author\":{\"name\":\"sigfredoramirez\",\"@id\":\"https:\\\/\\\/web.oirsa.org\\\/#\\\/schema\\\/person\\\/698e7776162ddf630ab36c5946d818ab\"},\"headline\":\"Se efect\u00faa capacitaci\u00f3n para identificar especies de Trogoderma spp en El Salvador\",\"datePublished\":\"2021-12-10T19:24:23+00:00\",\"dateModified\":\"2021-12-10T19:24:24+00:00\",\"mainEntityOfPage\":{\"@id\":\"https:\\\/\\\/web.oirsa.org\\\/archivos\\\/3219\"},\"wordCount\":270,\"commentCount\":0,\"publisher\":{\"@id\":\"https:\\\/\\\/web.oirsa.org\\\/#organization\"},\"image\":{\"@id\":\"https:\\\/\\\/web.oirsa.org\\\/archivos\\\/3219#primaryimage\"},\"thumbnailUrl\":\"https:\\\/\\\/web.oirsa.org\\\/wp-content\\\/uploads\\\/2021\\\/12\\\/22-Trogodermataller.jpg\",\"articleSection\":[\"Noticias\"],\"inLanguage\":\"en-US\",\"potentialAction\":[{\"@type\":\"CommentAction\",\"name\":\"Comment\",\"target\":[\"https:\\\/\\\/web.oirsa.org\\\/archivos\\\/3219#respond\"]}]},{\"@type\":\"WebPage\",\"@id\":\"https:\\\/\\\/web.oirsa.org\\\/archivos\\\/3219\",\"url\":\"https:\\\/\\\/web.oirsa.org\\\/archivos\\\/3219\",\"name\":\"Se efect\u00faa capacitaci\u00f3n para identificar especies de Trogoderma spp en El Salvador - OIRSA\",\"isPartOf\":{\"@id\":\"https:\\\/\\\/web.oirsa.org\\\/#website\"},\"primaryImageOfPage\":{\"@id\":\"https:\\\/\\\/web.oirsa.org\\\/archivos\\\/3219#primaryimage\"},\"image\":{\"@id\":\"https:\\\/\\\/web.oirsa.org\\\/archivos\\\/3219#primaryimage\"},\"thumbnailUrl\":\"https:\\\/\\\/web.oirsa.org\\\/wp-content\\\/uploads\\\/2021\\\/12\\\/22-Trogodermataller.jpg\",\"datePublished\":\"2021-12-10T19:24:23+00:00\",\"dateModified\":\"2021-12-10T19:24:24+00:00\",\"description\":\"Se capacit\u00f3 a t\u00e9cnicos salvadore\u00f1os en las caracter\u00edsticas diagn\u00f3sticas de Trogoderma granarium, plaga cuarentenaria para la regi\u00f3n del OIRSA. Martes, 5\",\"breadcrumb\":{\"@id\":\"https:\\\/\\\/web.oirsa.org\\\/archivos\\\/3219#breadcrumb\"},\"inLanguage\":\"en-US\",\"potentialAction\":[{\"@type\":\"ReadAction\",\"target\":[\"https:\\\/\\\/web.oirsa.org\\\/archivos\\\/3219\"]}]},{\"@type\":\"ImageObject\",\"inLanguage\":\"en-US\",\"@id\":\"https:\\\/\\\/web.oirsa.org\\\/archivos\\\/3219#primaryimage\",\"url\":\"https:\\\/\\\/web.oirsa.org\\\/wp-content\\\/uploads\\\/2021\\\/12\\\/22-Trogodermataller.jpg\",\"contentUrl\":\"https:\\\/\\\/web.oirsa.org\\\/wp-content\\\/uploads\\\/2021\\\/12\\\/22-Trogodermataller.jpg\"},{\"@type\":\"BreadcrumbList\",\"@id\":\"https:\\\/\\\/web.oirsa.org\\\/archivos\\\/3219#breadcrumb\",\"itemListElement\":[{\"@type\":\"ListItem\",\"position\":1,\"name\":\"Portada\",\"item\":\"https:\\\/\\\/web.oirsa.org\\\/\"},{\"@type\":\"ListItem\",\"position\":2,\"name\":\"Se efect\u00faa capacitaci\u00f3n para identificar especies de Trogoderma spp en El Salvador\"}]},{\"@type\":\"WebSite\",\"@id\":\"https:\\\/\\\/web.oirsa.org\\\/#website\",\"url\":\"https:\\\/\\\/web.oirsa.org\\\/\",\"name\":\"OIRSA\",\"description\":\"Organismo Internacional Regional de Sanidad Agropecuaria\",\"publisher\":{\"@id\":\"https:\\\/\\\/web.oirsa.org\\\/#organization\"},\"potentialAction\":[{\"@type\":\"SearchAction\",\"target\":{\"@type\":\"EntryPoint\",\"urlTemplate\":\"https:\\\/\\\/web.oirsa.org\\\/?s={search_term_string}\"},\"query-input\":{\"@type\":\"PropertyValueSpecification\",\"valueRequired\":true,\"valueName\":\"search_term_string\"}}],\"inLanguage\":\"en-US\"},{\"@type\":\"Organization\",\"@id\":\"https:\\\/\\\/web.oirsa.org\\\/#organization\",\"name\":\"OIRSA\",\"url\":\"https:\\\/\\\/web.oirsa.org\\\/\",\"logo\":{\"@type\":\"ImageObject\",\"inLanguage\":\"en-US\",\"@id\":\"https:\\\/\\\/web.oirsa.org\\\/#\\\/schema\\\/logo\\\/image\\\/\",\"url\":\"https:\\\/\\\/web.oirsa.org\\\/wp-content\\\/uploads\\\/2024\\\/01\\\/cropped-LOGO-OIRSA-2023.png\",\"contentUrl\":\"https:\\\/\\\/web.oirsa.org\\\/wp-content\\\/uploads\\\/2024\\\/01\\\/cropped-LOGO-OIRSA-2023.png\",\"width\":512,\"height\":512,\"caption\":\"OIRSA\"},\"image\":{\"@id\":\"https:\\\/\\\/web.oirsa.org\\\/#\\\/schema\\\/logo\\\/image\\\/\"},\"sameAs\":[\"https:\\\/\\\/www.facebook.com\\\/OIRSAoficial\",\"https:\\\/\\\/x.com\\\/OIRSAoficial\"]},{\"@type\":\"Person\",\"@id\":\"https:\\\/\\\/web.oirsa.org\\\/#\\\/schema\\\/person\\\/698e7776162ddf630ab36c5946d818ab\",\"name\":\"sigfredoramirez\",\"image\":{\"@type\":\"ImageObject\",\"inLanguage\":\"en-US\",\"@id\":\"https:\\\/\\\/secure.gravatar.com\\\/avatar\\\/cff1a22def7b03563530f2ba16145a6b6b5acbabc1f530f59eb045d7e21222e2?s=96&d=identicon&r=g\",\"url\":\"https:\\\/\\\/secure.gravatar.com\\\/avatar\\\/cff1a22def7b03563530f2ba16145a6b6b5acbabc1f530f59eb045d7e21222e2?s=96&d=identicon&r=g\",\"contentUrl\":\"https:\\\/\\\/secure.gravatar.com\\\/avatar\\\/cff1a22def7b03563530f2ba16145a6b6b5acbabc1f530f59eb045d7e21222e2?s=96&d=identicon&r=g\",\"caption\":\"sigfredoramirez\"}}]}<\/script>\n<!-- \/ Yoast SEO plugin. -->","yoast_head_json":{"title":"Se efect\u00faa capacitaci\u00f3n para identificar especies de Trogoderma spp en El Salvador - OIRSA","description":"Se capacit\u00f3 a t\u00e9cnicos salvadore\u00f1os en las caracter\u00edsticas diagn\u00f3sticas de Trogoderma granarium, plaga cuarentenaria para la regi\u00f3n del OIRSA. Martes, 5","robots":{"index":"index","follow":"follow","max-snippet":"max-snippet:-1","max-image-preview":"max-image-preview:large","max-video-preview":"max-video-preview:-1"},"canonical":"https:\/\/web.oirsa.org\/en\/archivos\/3219\/","og_locale":"en_US","og_type":"article","og_title":"Se efect\u00faa capacitaci\u00f3n para identificar especies de Trogoderma spp en El Salvador - OIRSA","og_description":"Se capacit\u00f3 a t\u00e9cnicos salvadore\u00f1os en las caracter\u00edsticas diagn\u00f3sticas de Trogoderma granarium, plaga cuarentenaria para la regi\u00f3n del OIRSA. Martes, 5","og_url":"https:\/\/web.oirsa.org\/en\/archivos\/3219\/","og_site_name":"OIRSA","article_publisher":"https:\/\/www.facebook.com\/OIRSAoficial","article_published_time":"2021-12-10T19:24:23+00:00","article_modified_time":"2021-12-10T19:24:24+00:00","og_image":[{"url":"https:\/\/web.oirsa.org\/wp-content\/uploads\/2021\/12\/22-Trogodermataller.jpg","type":"","width":"","height":""}],"author":"sigfredoramirez","twitter_card":"summary_large_image","twitter_creator":"@OIRSAoficial","twitter_site":"@OIRSAoficial","twitter_misc":{"Written by":"sigfredoramirez","Est. reading time":"1 minute"},"schema":{"@context":"https:\/\/schema.org","@graph":[{"@type":"Article","@id":"https:\/\/web.oirsa.org\/archivos\/3219#article","isPartOf":{"@id":"https:\/\/web.oirsa.org\/archivos\/3219"},"author":{"name":"sigfredoramirez","@id":"https:\/\/web.oirsa.org\/#\/schema\/person\/698e7776162ddf630ab36c5946d818ab"},"headline":"Se efect\u00faa capacitaci\u00f3n para identificar especies de Trogoderma spp en El Salvador","datePublished":"2021-12-10T19:24:23+00:00","dateModified":"2021-12-10T19:24:24+00:00","mainEntityOfPage":{"@id":"https:\/\/web.oirsa.org\/archivos\/3219"},"wordCount":270,"commentCount":0,"publisher":{"@id":"https:\/\/web.oirsa.org\/#organization"},"image":{"@id":"https:\/\/web.oirsa.org\/archivos\/3219#primaryimage"},"thumbnailUrl":"https:\/\/web.oirsa.org\/wp-content\/uploads\/2021\/12\/22-Trogodermataller.jpg","articleSection":["Noticias"],"inLanguage":"en-US","potentialAction":[{"@type":"CommentAction","name":"Comment","target":["https:\/\/web.oirsa.org\/archivos\/3219#respond"]}]},{"@type":"WebPage","@id":"https:\/\/web.oirsa.org\/archivos\/3219","url":"https:\/\/web.oirsa.org\/archivos\/3219","name":"Se efect\u00faa capacitaci\u00f3n para identificar especies de Trogoderma spp en El Salvador - OIRSA","isPartOf":{"@id":"https:\/\/web.oirsa.org\/#website"},"primaryImageOfPage":{"@id":"https:\/\/web.oirsa.org\/archivos\/3219#primaryimage"},"image":{"@id":"https:\/\/web.oirsa.org\/archivos\/3219#primaryimage"},"thumbnailUrl":"https:\/\/web.oirsa.org\/wp-content\/uploads\/2021\/12\/22-Trogodermataller.jpg","datePublished":"2021-12-10T19:24:23+00:00","dateModified":"2021-12-10T19:24:24+00:00","description":"Se capacit\u00f3 a t\u00e9cnicos salvadore\u00f1os en las caracter\u00edsticas diagn\u00f3sticas de Trogoderma granarium, plaga cuarentenaria para la regi\u00f3n del OIRSA. Martes, 5","breadcrumb":{"@id":"https:\/\/web.oirsa.org\/archivos\/3219#breadcrumb"},"inLanguage":"en-US","potentialAction":[{"@type":"ReadAction","target":["https:\/\/web.oirsa.org\/archivos\/3219"]}]},{"@type":"ImageObject","inLanguage":"en-US","@id":"https:\/\/web.oirsa.org\/archivos\/3219#primaryimage","url":"https:\/\/web.oirsa.org\/wp-content\/uploads\/2021\/12\/22-Trogodermataller.jpg","contentUrl":"https:\/\/web.oirsa.org\/wp-content\/uploads\/2021\/12\/22-Trogodermataller.jpg"},{"@type":"BreadcrumbList","@id":"https:\/\/web.oirsa.org\/archivos\/3219#breadcrumb","itemListElement":[{"@type":"ListItem","position":1,"name":"Portada","item":"https:\/\/web.oirsa.org\/"},{"@type":"ListItem","position":2,"name":"Se efect\u00faa capacitaci\u00f3n para identificar especies de Trogoderma spp en El Salvador"}]},{"@type":"WebSite","@id":"https:\/\/web.oirsa.org\/#website","url":"https:\/\/web.oirsa.org\/","name":"OIRSA","description":"Organismo Internacional Regional de Sanidad Agropecuaria","publisher":{"@id":"https:\/\/web.oirsa.org\/#organization"},"potentialAction":[{"@type":"SearchAction","target":{"@type":"EntryPoint","urlTemplate":"https:\/\/web.oirsa.org\/?s={search_term_string}"},"query-input":{"@type":"PropertyValueSpecification","valueRequired":true,"valueName":"search_term_string"}}],"inLanguage":"en-US"},{"@type":"Organization","@id":"https:\/\/web.oirsa.org\/#organization","name":"OIRSA","url":"https:\/\/web.oirsa.org\/","logo":{"@type":"ImageObject","inLanguage":"en-US","@id":"https:\/\/web.oirsa.org\/#\/schema\/logo\/image\/","url":"https:\/\/web.oirsa.org\/wp-content\/uploads\/2024\/01\/cropped-LOGO-OIRSA-2023.png","contentUrl":"https:\/\/web.oirsa.org\/wp-content\/uploads\/2024\/01\/cropped-LOGO-OIRSA-2023.png","width":512,"height":512,"caption":"OIRSA"},"image":{"@id":"https:\/\/web.oirsa.org\/#\/schema\/logo\/image\/"},"sameAs":["https:\/\/www.facebook.com\/OIRSAoficial","https:\/\/x.com\/OIRSAoficial"]},{"@type":"Person","@id":"https:\/\/web.oirsa.org\/#\/schema\/person\/698e7776162ddf630ab36c5946d818ab","name":"sigfredoramirez","image":{"@type":"ImageObject","inLanguage":"en-US","@id":"https:\/\/secure.gravatar.com\/avatar\/cff1a22def7b03563530f2ba16145a6b6b5acbabc1f530f59eb045d7e21222e2?s=96&d=identicon&r=g","url":"https:\/\/secure.gravatar.com\/avatar\/cff1a22def7b03563530f2ba16145a6b6b5acbabc1f530f59eb045d7e21222e2?s=96&d=identicon&r=g","contentUrl":"https:\/\/secure.gravatar.com\/avatar\/cff1a22def7b03563530f2ba16145a6b6b5acbabc1f530f59eb045d7e21222e2?s=96&d=identicon&r=g","caption":"sigfredoramirez"}}]}},"jetpack_featured_media_url":"","jetpack_sharing_enabled":true,"_links":{"self":[{"href":"https:\/\/web.oirsa.org\/en\/wp-json\/wp\/v2\/posts\/3219","targetHints":{"allow":["GET"]}}],"collection":[{"href":"https:\/\/web.oirsa.org\/en\/wp-json\/wp\/v2\/posts"}],"about":[{"href":"https:\/\/web.oirsa.org\/en\/wp-json\/wp\/v2\/types\/post"}],"author":[{"embeddable":true,"href":"https:\/\/web.oirsa.org\/en\/wp-json\/wp\/v2\/users\/213237738"}],"replies":[{"embeddable":true,"href":"https:\/\/web.oirsa.org\/en\/wp-json\/wp\/v2\/comments?post=3219"}],"version-history":[{"count":1,"href":"https:\/\/web.oirsa.org\/en\/wp-json\/wp\/v2\/posts\/3219\/revisions"}],"predecessor-version":[{"id":3221,"href":"https:\/\/web.oirsa.org\/en\/wp-json\/wp\/v2\/posts\/3219\/revisions\/3221"}],"wp:attachment":[{"href":"https:\/\/web.oirsa.org\/en\/wp-json\/wp\/v2\/media?parent=3219"}],"wp:term":[{"taxonomy":"category","embeddable":true,"href":"https:\/\/web.oirsa.org\/en\/wp-json\/wp\/v2\/categories?post=3219"},{"taxonomy":"post_tag","embeddable":true,"href":"https:\/\/web.oirsa.org\/en\/wp-json\/wp\/v2\/tags?post=3219"}],"curies":[{"name":"wp","href":"https:\/\/api.w.org\/{rel}","templated":true}]}}