{"id":3213,"date":"2021-12-10T13:22:35","date_gmt":"2021-12-10T19:22:35","guid":{"rendered":"http:\/\/10.103.20.84\/?p=3213"},"modified":"2021-12-10T13:22:36","modified_gmt":"2021-12-10T19:22:36","slug":"oirsa-coordina-mesa-de-variables-climaticas-y-sanidad-agropecuaria-en-54o-foro-del-clima-de-america-central","status":"publish","type":"post","link":"https:\/\/web.oirsa.org\/en\/archivos\/3213","title":{"rendered":"OIRSA coordina Mesa de Variables Clim\u00e1ticas y Sanidad Agropecuaria en 54\u00ba Foro del Clima de Am\u00e9rica Central"},"content":{"rendered":"<p class=\"wp-block-paragraph\"><em>OIRSA coordin\u00f3 la mesa de Variables Clim\u00e1ticas y Sanidad Agropecuaria en base a las perspectivas clim\u00e1ticas de noviembre de 2017 a marzo de 2018. En este espacio se discuti\u00f3 el riesgo en relaci\u00f3n a plagas y enfermedades que podr\u00edan afectar al sector agropecuario.<\/em><\/p>\n\n\n\n<div class=\"wp-block-image\"><figure class=\"alignright size-full is-resized\"><img data-recalc-dims=\"1\" loading=\"lazy\" decoding=\"async\" src=\"https:\/\/i0.wp.com\/web.oirsa.org\/wp-content\/uploads\/2021\/12\/XXXIII-Foro.jpg?resize=459%2C204&ssl=1\" alt=\"\" class=\"wp-image-3214\" width=\"459\" height=\"204\" srcset=\"https:\/\/i0.wp.com\/web.oirsa.org\/wp-content\/uploads\/2021\/12\/XXXIII-Foro.jpg?w=900&ssl=1 900w, https:\/\/i0.wp.com\/web.oirsa.org\/wp-content\/uploads\/2021\/12\/XXXIII-Foro.jpg?resize=300%2C133&ssl=1 300w, https:\/\/i0.wp.com\/web.oirsa.org\/wp-content\/uploads\/2021\/12\/XXXIII-Foro.jpg?resize=768%2C341&ssl=1 768w\" sizes=\"auto, (max-width: 459px) 100vw, 459px\" \/><\/figure><\/div>\n\n\n\n<p class=\"wp-block-paragraph\"><strong>Viernes, 1 de diciembre de 2017.\u00a0<\/strong>El LVI\u00a0<a href=\"http:\/\/centroclima.org\/\">Foro del Clima de Am\u00e9rica Central\u00a0<\/a>y el XXXIII Foro de Aplicaciones de los Pron\u00f3sticos a la Seguridad Alimentaria y Nutricional se desarrollaron en la ciudad de Guatemala del 21 al 23 de noviembre del 2017. En ese contexto,\u00a0<a href=\"https:\/\/www.oirsa.org\/noticia-detalle.aspx?id=6533\">el OIRSA presidi\u00f3 la mesa de variables clim\u00e1ticas y sanidad agropecuaria<\/a>\u00a0en la cual, en funci\u00f3n del pron\u00f3stico del clima, se determinaron los eventos de peligro en relaci\u00f3n de las principales plagas que pueden afectar cultivos y animales de importancia alimentaria y econ\u00f3mica en la regi\u00f3n. Estableciendo a la vez, el nivel de riesgo y las principales medidas de prevenci\u00f3n y adaptaci\u00f3n.<\/p>\n\n\n\n<p class=\"wp-block-paragraph\">Los servicios meteorol\u00f3gicos de M\u00e9xico, Centroam\u00e9rica, Rep\u00fablica Dominicana y Cuba pronosticaron un promedio de 12 a 14 frentes fr\u00edos que pueden llegar a afectar la regi\u00f3n mesoamericana durante los cinco meses que comprende la perspectiva, con mayor frecuencia de diciembre a febrero. Se estim\u00f3 que la llegada de estos frentes puede originar lluvias y viento norte con impactos significativos.<\/p>\n\n\n\n<p class=\"wp-block-paragraph\">En general se espera un invierno menos fr\u00edo, pero con m\u00e1s eventos de alta intensidad. En la regi\u00f3n alta de Chiapas, M\u00e9xico, y el Altiplano occidental de Guatemala, las temperaturas m\u00ednimas pudieran descender a -7 grados cent\u00edgrados. En la Franja Transversal del norte y sur de Pet\u00e9n, en Guatemala; el sur de Belize; en la zona norte de Honduras; y en la parte sur este y norte de Rep\u00fablica Dominicana; la presencia de estos frentes fr\u00edos puede provocar intensas lluvias de diciembre a enero, disminuyendo su intensidad de febrero a marzo.<\/p>\n\n\n\n<p class=\"wp-block-paragraph\">En el \u00e1mbito de la salud animal, los principales riesgos para bovinos, caprinos, ovinos y equinos est\u00e1n asociados a que el descenso de temperaturas puede ocasionar enfermedades del complejo respiratorio, endo y ecto parasitarias.\u00a0<strong>El grupo de animales con mayor riesgo para esta \u00e9poca son las aves de corral<\/strong>\u00a0(gallinas, pavos, patos), por la probabilidad de incremento de la enfermedad Newcastle, Coriza, Colibacilosis y Bronquitis.<\/p>\n\n\n\n<p class=\"wp-block-paragraph\"><a href=\"https:\/\/www.oirsa.org\/contenido\/2017\/Bolet%C3%ADn%20No.%206%20noviembre%202017-A.pdf\">Acceda aqu\u00ed al bolet\u00edn del Clima y Sanidad Agropecuaria\u00a0<\/a><\/p>\n\n\n\n<p class=\"wp-block-paragraph\">El nivel de riesgo incrementa por la limitada infraestructura y la falta de aplicaci\u00f3n de medidas de bioseguridad. La vigilancia del aparecimiento de signos cl\u00ednicos de enfermedad de las aves es de suma importancia para una temprana detecci\u00f3n de\u00a0<a href=\"https:\/\/www.facebook.com\/OIRSAoficial\/videos\/774347666066848\/\">influenza aviar<\/a>, actividad que debe ser permanente en funci\u00f3n de los patrones migratorios y la presencia de aves silvestres provenientes de Norteam\u00e9rica, propias de la \u00e9poca.<\/p>\n\n\n\n<p class=\"wp-block-paragraph\">El principal riesgo fitosanitario y productivo para la regi\u00f3n lo representa la presencia de las heladas meteorol\u00f3gicas. Estas\u00a0<strong>afectar\u00e1n la producci\u00f3n de frutas y hortalizas\u00a0<\/strong>en el altiplano occidental y central de Guatemala. Asimismo, las condiciones de temperatura y humedad por frentes fr\u00edos pueden incrementar la incidencia y severidad\u00a0<a href=\"https:\/\/www.oirsa.org\/informacion.aspx?idc=99&id=57\">de la roya<\/a>\u00a0y broca del caf\u00e9. En c\u00edtricos, se espera un aumento de la presencia del vector del HLB para el sur de M\u00e9xico, norte de Guatemala, Honduras, Nicaragua, Costa Rica y Panam\u00e1.<\/p>\n\n\n\n<p class=\"wp-block-paragraph\">Ante este pron\u00f3stico se recomienda evitar el cultivo de hortalizas en zonas altamente susceptibles a heladas que no posean sistemas de riego o se desarrollen bajo ambientes controlados, incrementar la vigilancia epidemiol\u00f3gica fitosanitarias para el monitoreo de plagas, desarrollar adecuados procesos de labranza y fertilizaci\u00f3n del suelo evitando el exceso de fertilizantes nitrogenados, programar fechas de siembra de cultivos para evitar la coincidencia de plagas, entre otros.<\/p>","protected":false},"excerpt":{"rendered":"<p>OIRSA coordin\u00f3 la mesa de Variables Clim\u00e1ticas y Sanidad Agropecuaria en base a las perspectivas clim\u00e1ticas de noviembre de 2017 [&hellip;]<\/p>\n","protected":false},"author":213237738,"featured_media":0,"comment_status":"open","ping_status":"open","sticky":false,"template":"","format":"standard","meta":{"_coblocks_attr":"","_coblocks_dimensions":"","_coblocks_responsive_height":"","_coblocks_accordion_ie_support":"","_crdt_document":"","_jetpack_memberships_contains_paid_content":false,"footnotes":""},"categories":[121903],"tags":[],"class_list":["post-3213","post","type-post","status-publish","format-standard","hentry","category-noticias"],"yoast_head":"<!-- This site is optimized with the Yoast SEO plugin v27.5 - https:\/\/yoast.com\/product\/yoast-seo-wordpress\/ -->\n<title>OIRSA coordina Mesa de Variables Clim\u00e1ticas y Sanidad Agropecuaria en 54\u00ba Foro del Clima de Am\u00e9rica Central - OIRSA<\/title>\n<meta name=\"description\" content=\"OIRSA coordin\u00f3 la mesa de Variables Clim\u00e1ticas y Sanidad Agropecuaria en base a las perspectivas clim\u00e1ticas de noviembre de 2017 a marzo de 2018. En este\" \/>\n<meta name=\"robots\" content=\"index, follow, max-snippet:-1, max-image-preview:large, max-video-preview:-1\" \/>\n<link rel=\"canonical\" href=\"https:\/\/web.oirsa.org\/en\/archivos\/3213\/\" \/>\n<meta property=\"og:locale\" content=\"en_US\" \/>\n<meta property=\"og:type\" content=\"article\" \/>\n<meta property=\"og:title\" content=\"OIRSA coordina Mesa de Variables Clim\u00e1ticas y Sanidad Agropecuaria en 54\u00ba Foro del Clima de Am\u00e9rica Central - OIRSA\" \/>\n<meta property=\"og:description\" content=\"OIRSA coordin\u00f3 la mesa de Variables Clim\u00e1ticas y Sanidad Agropecuaria en base a las perspectivas clim\u00e1ticas de noviembre de 2017 a marzo de 2018. En este\" \/>\n<meta property=\"og:url\" content=\"https:\/\/web.oirsa.org\/en\/archivos\/3213\/\" \/>\n<meta property=\"og:site_name\" content=\"OIRSA\" \/>\n<meta property=\"article:publisher\" content=\"https:\/\/www.facebook.com\/OIRSAoficial\" \/>\n<meta property=\"article:published_time\" content=\"2021-12-10T19:22:35+00:00\" \/>\n<meta property=\"article:modified_time\" content=\"2021-12-10T19:22:36+00:00\" \/>\n<meta property=\"og:image\" content=\"https:\/\/web.oirsa.org\/wp-content\/uploads\/2021\/12\/XXXIII-Foro.jpg\" \/>\n<meta name=\"author\" content=\"sigfredoramirez\" \/>\n<meta name=\"twitter:card\" content=\"summary_large_image\" \/>\n<meta name=\"twitter:creator\" content=\"@OIRSAoficial\" \/>\n<meta name=\"twitter:site\" content=\"@OIRSAoficial\" \/>\n<meta name=\"twitter:label1\" content=\"Written by\" \/>\n\t<meta name=\"twitter:data1\" content=\"sigfredoramirez\" \/>\n\t<meta name=\"twitter:label2\" content=\"Est. reading time\" \/>\n\t<meta name=\"twitter:data2\" content=\"3 minutes\" \/>\n<script type=\"application\/ld+json\" class=\"yoast-schema-graph\">{\"@context\":\"https:\\\/\\\/schema.org\",\"@graph\":[{\"@type\":\"Article\",\"@id\":\"https:\\\/\\\/web.oirsa.org\\\/archivos\\\/3213#article\",\"isPartOf\":{\"@id\":\"https:\\\/\\\/web.oirsa.org\\\/archivos\\\/3213\"},\"author\":{\"name\":\"sigfredoramirez\",\"@id\":\"https:\\\/\\\/web.oirsa.org\\\/#\\\/schema\\\/person\\\/698e7776162ddf630ab36c5946d818ab\"},\"headline\":\"OIRSA coordina Mesa de Variables Clim\u00e1ticas y Sanidad Agropecuaria en 54\u00ba Foro del Clima de Am\u00e9rica Central\",\"datePublished\":\"2021-12-10T19:22:35+00:00\",\"dateModified\":\"2021-12-10T19:22:36+00:00\",\"mainEntityOfPage\":{\"@id\":\"https:\\\/\\\/web.oirsa.org\\\/archivos\\\/3213\"},\"wordCount\":659,\"commentCount\":0,\"publisher\":{\"@id\":\"https:\\\/\\\/web.oirsa.org\\\/#organization\"},\"image\":{\"@id\":\"https:\\\/\\\/web.oirsa.org\\\/archivos\\\/3213#primaryimage\"},\"thumbnailUrl\":\"https:\\\/\\\/web.oirsa.org\\\/wp-content\\\/uploads\\\/2021\\\/12\\\/XXXIII-Foro.jpg\",\"articleSection\":[\"Noticias\"],\"inLanguage\":\"en-US\",\"potentialAction\":[{\"@type\":\"CommentAction\",\"name\":\"Comment\",\"target\":[\"https:\\\/\\\/web.oirsa.org\\\/archivos\\\/3213#respond\"]}]},{\"@type\":\"WebPage\",\"@id\":\"https:\\\/\\\/web.oirsa.org\\\/archivos\\\/3213\",\"url\":\"https:\\\/\\\/web.oirsa.org\\\/archivos\\\/3213\",\"name\":\"OIRSA coordina Mesa de Variables Clim\u00e1ticas y Sanidad Agropecuaria en 54\u00ba Foro del Clima de Am\u00e9rica Central - OIRSA\",\"isPartOf\":{\"@id\":\"https:\\\/\\\/web.oirsa.org\\\/#website\"},\"primaryImageOfPage\":{\"@id\":\"https:\\\/\\\/web.oirsa.org\\\/archivos\\\/3213#primaryimage\"},\"image\":{\"@id\":\"https:\\\/\\\/web.oirsa.org\\\/archivos\\\/3213#primaryimage\"},\"thumbnailUrl\":\"https:\\\/\\\/web.oirsa.org\\\/wp-content\\\/uploads\\\/2021\\\/12\\\/XXXIII-Foro.jpg\",\"datePublished\":\"2021-12-10T19:22:35+00:00\",\"dateModified\":\"2021-12-10T19:22:36+00:00\",\"description\":\"OIRSA coordin\u00f3 la mesa de Variables Clim\u00e1ticas y Sanidad Agropecuaria en base a las perspectivas clim\u00e1ticas de noviembre de 2017 a marzo de 2018. En este\",\"breadcrumb\":{\"@id\":\"https:\\\/\\\/web.oirsa.org\\\/archivos\\\/3213#breadcrumb\"},\"inLanguage\":\"en-US\",\"potentialAction\":[{\"@type\":\"ReadAction\",\"target\":[\"https:\\\/\\\/web.oirsa.org\\\/archivos\\\/3213\"]}]},{\"@type\":\"ImageObject\",\"inLanguage\":\"en-US\",\"@id\":\"https:\\\/\\\/web.oirsa.org\\\/archivos\\\/3213#primaryimage\",\"url\":\"https:\\\/\\\/web.oirsa.org\\\/wp-content\\\/uploads\\\/2021\\\/12\\\/XXXIII-Foro.jpg\",\"contentUrl\":\"https:\\\/\\\/web.oirsa.org\\\/wp-content\\\/uploads\\\/2021\\\/12\\\/XXXIII-Foro.jpg\"},{\"@type\":\"BreadcrumbList\",\"@id\":\"https:\\\/\\\/web.oirsa.org\\\/archivos\\\/3213#breadcrumb\",\"itemListElement\":[{\"@type\":\"ListItem\",\"position\":1,\"name\":\"Portada\",\"item\":\"https:\\\/\\\/web.oirsa.org\\\/\"},{\"@type\":\"ListItem\",\"position\":2,\"name\":\"OIRSA coordina Mesa de Variables Clim\u00e1ticas y Sanidad Agropecuaria en 54\u00ba Foro del Clima de Am\u00e9rica Central\"}]},{\"@type\":\"WebSite\",\"@id\":\"https:\\\/\\\/web.oirsa.org\\\/#website\",\"url\":\"https:\\\/\\\/web.oirsa.org\\\/\",\"name\":\"OIRSA\",\"description\":\"Organismo Internacional Regional de Sanidad Agropecuaria\",\"publisher\":{\"@id\":\"https:\\\/\\\/web.oirsa.org\\\/#organization\"},\"potentialAction\":[{\"@type\":\"SearchAction\",\"target\":{\"@type\":\"EntryPoint\",\"urlTemplate\":\"https:\\\/\\\/web.oirsa.org\\\/?s={search_term_string}\"},\"query-input\":{\"@type\":\"PropertyValueSpecification\",\"valueRequired\":true,\"valueName\":\"search_term_string\"}}],\"inLanguage\":\"en-US\"},{\"@type\":\"Organization\",\"@id\":\"https:\\\/\\\/web.oirsa.org\\\/#organization\",\"name\":\"OIRSA\",\"url\":\"https:\\\/\\\/web.oirsa.org\\\/\",\"logo\":{\"@type\":\"ImageObject\",\"inLanguage\":\"en-US\",\"@id\":\"https:\\\/\\\/web.oirsa.org\\\/#\\\/schema\\\/logo\\\/image\\\/\",\"url\":\"https:\\\/\\\/web.oirsa.org\\\/wp-content\\\/uploads\\\/2024\\\/01\\\/cropped-LOGO-OIRSA-2023.png\",\"contentUrl\":\"https:\\\/\\\/web.oirsa.org\\\/wp-content\\\/uploads\\\/2024\\\/01\\\/cropped-LOGO-OIRSA-2023.png\",\"width\":512,\"height\":512,\"caption\":\"OIRSA\"},\"image\":{\"@id\":\"https:\\\/\\\/web.oirsa.org\\\/#\\\/schema\\\/logo\\\/image\\\/\"},\"sameAs\":[\"https:\\\/\\\/www.facebook.com\\\/OIRSAoficial\",\"https:\\\/\\\/x.com\\\/OIRSAoficial\"]},{\"@type\":\"Person\",\"@id\":\"https:\\\/\\\/web.oirsa.org\\\/#\\\/schema\\\/person\\\/698e7776162ddf630ab36c5946d818ab\",\"name\":\"sigfredoramirez\",\"image\":{\"@type\":\"ImageObject\",\"inLanguage\":\"en-US\",\"@id\":\"https:\\\/\\\/secure.gravatar.com\\\/avatar\\\/cff1a22def7b03563530f2ba16145a6b6b5acbabc1f530f59eb045d7e21222e2?s=96&d=identicon&r=g\",\"url\":\"https:\\\/\\\/secure.gravatar.com\\\/avatar\\\/cff1a22def7b03563530f2ba16145a6b6b5acbabc1f530f59eb045d7e21222e2?s=96&d=identicon&r=g\",\"contentUrl\":\"https:\\\/\\\/secure.gravatar.com\\\/avatar\\\/cff1a22def7b03563530f2ba16145a6b6b5acbabc1f530f59eb045d7e21222e2?s=96&d=identicon&r=g\",\"caption\":\"sigfredoramirez\"}}]}<\/script>\n<!-- \/ Yoast SEO plugin. -->","yoast_head_json":{"title":"OIRSA coordina Mesa de Variables Clim\u00e1ticas y Sanidad Agropecuaria en 54\u00ba Foro del Clima de Am\u00e9rica Central - OIRSA","description":"OIRSA coordin\u00f3 la mesa de Variables Clim\u00e1ticas y Sanidad Agropecuaria en base a las perspectivas clim\u00e1ticas de noviembre de 2017 a marzo de 2018. En este","robots":{"index":"index","follow":"follow","max-snippet":"max-snippet:-1","max-image-preview":"max-image-preview:large","max-video-preview":"max-video-preview:-1"},"canonical":"https:\/\/web.oirsa.org\/en\/archivos\/3213\/","og_locale":"en_US","og_type":"article","og_title":"OIRSA coordina Mesa de Variables Clim\u00e1ticas y Sanidad Agropecuaria en 54\u00ba Foro del Clima de Am\u00e9rica Central - OIRSA","og_description":"OIRSA coordin\u00f3 la mesa de Variables Clim\u00e1ticas y Sanidad Agropecuaria en base a las perspectivas clim\u00e1ticas de noviembre de 2017 a marzo de 2018. En este","og_url":"https:\/\/web.oirsa.org\/en\/archivos\/3213\/","og_site_name":"OIRSA","article_publisher":"https:\/\/www.facebook.com\/OIRSAoficial","article_published_time":"2021-12-10T19:22:35+00:00","article_modified_time":"2021-12-10T19:22:36+00:00","og_image":[{"url":"https:\/\/web.oirsa.org\/wp-content\/uploads\/2021\/12\/XXXIII-Foro.jpg","type":"","width":"","height":""}],"author":"sigfredoramirez","twitter_card":"summary_large_image","twitter_creator":"@OIRSAoficial","twitter_site":"@OIRSAoficial","twitter_misc":{"Written by":"sigfredoramirez","Est. reading time":"3 minutes"},"schema":{"@context":"https:\/\/schema.org","@graph":[{"@type":"Article","@id":"https:\/\/web.oirsa.org\/archivos\/3213#article","isPartOf":{"@id":"https:\/\/web.oirsa.org\/archivos\/3213"},"author":{"name":"sigfredoramirez","@id":"https:\/\/web.oirsa.org\/#\/schema\/person\/698e7776162ddf630ab36c5946d818ab"},"headline":"OIRSA coordina Mesa de Variables Clim\u00e1ticas y Sanidad Agropecuaria en 54\u00ba Foro del Clima de Am\u00e9rica Central","datePublished":"2021-12-10T19:22:35+00:00","dateModified":"2021-12-10T19:22:36+00:00","mainEntityOfPage":{"@id":"https:\/\/web.oirsa.org\/archivos\/3213"},"wordCount":659,"commentCount":0,"publisher":{"@id":"https:\/\/web.oirsa.org\/#organization"},"image":{"@id":"https:\/\/web.oirsa.org\/archivos\/3213#primaryimage"},"thumbnailUrl":"https:\/\/web.oirsa.org\/wp-content\/uploads\/2021\/12\/XXXIII-Foro.jpg","articleSection":["Noticias"],"inLanguage":"en-US","potentialAction":[{"@type":"CommentAction","name":"Comment","target":["https:\/\/web.oirsa.org\/archivos\/3213#respond"]}]},{"@type":"WebPage","@id":"https:\/\/web.oirsa.org\/archivos\/3213","url":"https:\/\/web.oirsa.org\/archivos\/3213","name":"OIRSA coordina Mesa de Variables Clim\u00e1ticas y Sanidad Agropecuaria en 54\u00ba Foro del Clima de Am\u00e9rica Central - OIRSA","isPartOf":{"@id":"https:\/\/web.oirsa.org\/#website"},"primaryImageOfPage":{"@id":"https:\/\/web.oirsa.org\/archivos\/3213#primaryimage"},"image":{"@id":"https:\/\/web.oirsa.org\/archivos\/3213#primaryimage"},"thumbnailUrl":"https:\/\/web.oirsa.org\/wp-content\/uploads\/2021\/12\/XXXIII-Foro.jpg","datePublished":"2021-12-10T19:22:35+00:00","dateModified":"2021-12-10T19:22:36+00:00","description":"OIRSA coordin\u00f3 la mesa de Variables Clim\u00e1ticas y Sanidad Agropecuaria en base a las perspectivas clim\u00e1ticas de noviembre de 2017 a marzo de 2018. En este","breadcrumb":{"@id":"https:\/\/web.oirsa.org\/archivos\/3213#breadcrumb"},"inLanguage":"en-US","potentialAction":[{"@type":"ReadAction","target":["https:\/\/web.oirsa.org\/archivos\/3213"]}]},{"@type":"ImageObject","inLanguage":"en-US","@id":"https:\/\/web.oirsa.org\/archivos\/3213#primaryimage","url":"https:\/\/web.oirsa.org\/wp-content\/uploads\/2021\/12\/XXXIII-Foro.jpg","contentUrl":"https:\/\/web.oirsa.org\/wp-content\/uploads\/2021\/12\/XXXIII-Foro.jpg"},{"@type":"BreadcrumbList","@id":"https:\/\/web.oirsa.org\/archivos\/3213#breadcrumb","itemListElement":[{"@type":"ListItem","position":1,"name":"Portada","item":"https:\/\/web.oirsa.org\/"},{"@type":"ListItem","position":2,"name":"OIRSA coordina Mesa de Variables Clim\u00e1ticas y Sanidad Agropecuaria en 54\u00ba Foro del Clima de Am\u00e9rica Central"}]},{"@type":"WebSite","@id":"https:\/\/web.oirsa.org\/#website","url":"https:\/\/web.oirsa.org\/","name":"OIRSA","description":"Organismo Internacional Regional de Sanidad Agropecuaria","publisher":{"@id":"https:\/\/web.oirsa.org\/#organization"},"potentialAction":[{"@type":"SearchAction","target":{"@type":"EntryPoint","urlTemplate":"https:\/\/web.oirsa.org\/?s={search_term_string}"},"query-input":{"@type":"PropertyValueSpecification","valueRequired":true,"valueName":"search_term_string"}}],"inLanguage":"en-US"},{"@type":"Organization","@id":"https:\/\/web.oirsa.org\/#organization","name":"OIRSA","url":"https:\/\/web.oirsa.org\/","logo":{"@type":"ImageObject","inLanguage":"en-US","@id":"https:\/\/web.oirsa.org\/#\/schema\/logo\/image\/","url":"https:\/\/web.oirsa.org\/wp-content\/uploads\/2024\/01\/cropped-LOGO-OIRSA-2023.png","contentUrl":"https:\/\/web.oirsa.org\/wp-content\/uploads\/2024\/01\/cropped-LOGO-OIRSA-2023.png","width":512,"height":512,"caption":"OIRSA"},"image":{"@id":"https:\/\/web.oirsa.org\/#\/schema\/logo\/image\/"},"sameAs":["https:\/\/www.facebook.com\/OIRSAoficial","https:\/\/x.com\/OIRSAoficial"]},{"@type":"Person","@id":"https:\/\/web.oirsa.org\/#\/schema\/person\/698e7776162ddf630ab36c5946d818ab","name":"sigfredoramirez","image":{"@type":"ImageObject","inLanguage":"en-US","@id":"https:\/\/secure.gravatar.com\/avatar\/cff1a22def7b03563530f2ba16145a6b6b5acbabc1f530f59eb045d7e21222e2?s=96&d=identicon&r=g","url":"https:\/\/secure.gravatar.com\/avatar\/cff1a22def7b03563530f2ba16145a6b6b5acbabc1f530f59eb045d7e21222e2?s=96&d=identicon&r=g","contentUrl":"https:\/\/secure.gravatar.com\/avatar\/cff1a22def7b03563530f2ba16145a6b6b5acbabc1f530f59eb045d7e21222e2?s=96&d=identicon&r=g","caption":"sigfredoramirez"}}]}},"jetpack_featured_media_url":"","jetpack_sharing_enabled":true,"_links":{"self":[{"href":"https:\/\/web.oirsa.org\/en\/wp-json\/wp\/v2\/posts\/3213","targetHints":{"allow":["GET"]}}],"collection":[{"href":"https:\/\/web.oirsa.org\/en\/wp-json\/wp\/v2\/posts"}],"about":[{"href":"https:\/\/web.oirsa.org\/en\/wp-json\/wp\/v2\/types\/post"}],"author":[{"embeddable":true,"href":"https:\/\/web.oirsa.org\/en\/wp-json\/wp\/v2\/users\/213237738"}],"replies":[{"embeddable":true,"href":"https:\/\/web.oirsa.org\/en\/wp-json\/wp\/v2\/comments?post=3213"}],"version-history":[{"count":1,"href":"https:\/\/web.oirsa.org\/en\/wp-json\/wp\/v2\/posts\/3213\/revisions"}],"predecessor-version":[{"id":3215,"href":"https:\/\/web.oirsa.org\/en\/wp-json\/wp\/v2\/posts\/3213\/revisions\/3215"}],"wp:attachment":[{"href":"https:\/\/web.oirsa.org\/en\/wp-json\/wp\/v2\/media?parent=3213"}],"wp:term":[{"taxonomy":"category","embeddable":true,"href":"https:\/\/web.oirsa.org\/en\/wp-json\/wp\/v2\/categories?post=3213"},{"taxonomy":"post_tag","embeddable":true,"href":"https:\/\/web.oirsa.org\/en\/wp-json\/wp\/v2\/tags?post=3213"}],"curies":[{"name":"wp","href":"https:\/\/api.w.org\/{rel}","templated":true}]}}