{"id":3193,"date":"2021-12-10T13:16:06","date_gmt":"2021-12-10T19:16:06","guid":{"rendered":"http:\/\/10.103.20.84\/?p=3193"},"modified":"2021-12-10T13:16:07","modified_gmt":"2021-12-10T19:16:07","slug":"efectuan-54o-foro-del-clima-de-c-a-y-33o-de-aplicacion-de-pronosticos-a-seguridad-alimentaria-y-nutricional","status":"publish","type":"post","link":"https:\/\/web.oirsa.org\/en\/archivos\/3193","title":{"rendered":"Efect\u00faan 54\u00ba Foro del Clima de C.A. y 33\u00ba de Aplicaci\u00f3n de Pron\u00f3sticos a Seguridad Alimentaria y Nutricional"},"content":{"rendered":"<p class=\"wp-block-paragraph\"><em>Guatemala fue sede de dos foros que tienen entre sus objetivos generar recomendaciones que permitan responder y mitigar impactos de la variabilidad clim\u00e1tica en corto plazo.<\/em><\/p>\n\n\n\n<div class=\"wp-block-image\"><figure class=\"alignright size-full is-resized\"><img data-recalc-dims=\"1\" loading=\"lazy\" decoding=\"async\" src=\"https:\/\/i0.wp.com\/web.oirsa.org\/wp-content\/uploads\/2021\/12\/ForoClimaGT1.jpg?resize=525%2C233&ssl=1\" alt=\"\" class=\"wp-image-3195\" width=\"525\" height=\"233\" srcset=\"https:\/\/i0.wp.com\/web.oirsa.org\/wp-content\/uploads\/2021\/12\/ForoClimaGT1.jpg?w=900&ssl=1 900w, https:\/\/i0.wp.com\/web.oirsa.org\/wp-content\/uploads\/2021\/12\/ForoClimaGT1.jpg?resize=300%2C133&ssl=1 300w, https:\/\/i0.wp.com\/web.oirsa.org\/wp-content\/uploads\/2021\/12\/ForoClimaGT1.jpg?resize=768%2C341&ssl=1 768w\" sizes=\"auto, (max-width: 525px) 100vw, 525px\" \/><\/figure><\/div>\n\n\n\n<p class=\"wp-block-paragraph\"><strong>Viernes, 24\u00a0de noviembre de 2017.\u00a0<\/strong>El LVI\u00a0<a href=\"http:\/\/centroclima.org\/\">Foro del Clima de Am\u00e9rica Central\u00a0<\/a>y el XXXIII Foro de Aplicaciones de los Pron\u00f3sticos a la Seguridad Alimentaria y Nutricional se desarrollaron en la ciudad de Guatemala del 21 al 23 de noviembre del 2017. La actividad fue coordinada por el\u00a0<a href=\"http:\/\/recursoshidricos.org\/\">Comit\u00e9 Regional de Recursos Hidra\u00falicos\u00a0<\/a>(CRRH) del Sistema de la Integraci\u00f3n Centroam\u00e9ricana (SICA).<\/p>\n\n\n\n<p class=\"wp-block-paragraph\">El objetivo de los foros fue promover el desarrollo de informaci\u00f3n clim\u00e1tica que reduzca la incertidumbre con la que diferentes sectores socioecon\u00f3micos, estrechamente vinculados al clima, desarrollan sus acciones (agricultura, electricidad, infraestructura, pesca, salud, gesti\u00f3n del riesgo y sanidad agropecuaria).<\/p>\n\n\n\n<p class=\"wp-block-paragraph\">Durante el primer d\u00eda de sesi\u00f3n se valid\u00f3 la perspectiva del trimestre anterior y se analiz\u00f3 el estado actual de la Oscilaci\u00f3n \u00c1rtica para determinar el nivel de empujes o frentes fr\u00edos que la temporada comprendida de noviembre del 2017 a marzo del 2018 puede presentar. Asimismo, se revisaron las condiciones atmosf\u00e9ricas y oce\u00e1nicas actuales y sus implicaciones en la duraci\u00f3n del verano y la temperatura y precipitaci\u00f3n que pueden registrarse en la regi\u00f3n. En la sesi\u00f3n plenaria, el OIRSA expuso del avance que tiene su programa de Variables Clim\u00e1ticas y Sanidad Agropecuaria.<\/p>\n\n\n\n<p class=\"wp-block-paragraph\">Durante el segundo d\u00eda se presentaron las perspectivas climatol\u00f3gicas por pa\u00eds para el per\u00edodo en menci\u00f3n, y se presentaron una serie de herramientas climatol\u00f3gicas de reciente desarrollo y su aplicabilidad. El Foro de Aplicaciones de Pron\u00f3sticos del clima inici\u00f3 durante el tercer d\u00eda del evento. En ese contexto, OIRSA coordin\u00f3 la mesa de Variables Clim\u00e1ticas y Sanidad Agropecuaria.\u00a0<\/p>\n\n\n\n<p class=\"wp-block-paragraph\">All\u00ed, en funci\u00f3n del pron\u00f3stico, se determinaron los eventos de peligro en relaci\u00f3n de las principales plagas que pueden afectar cultivos y animales de importancia alimentaria y econ\u00f3mica en la regi\u00f3n, estableciendo a la vez; el nivel de riesgo y las principales medidas de prevenci\u00f3n y adaptaci\u00f3n. \u00a0Para ello el OIRSA convoc\u00f3 a expertos en Salud Animal, Sanidad Vegetal, Inocuidad de los Alimentos y Controles Cuarentenarios. \u00a0\u00a0<\/p>","protected":false},"excerpt":{"rendered":"<p>Guatemala fue sede de dos foros que tienen entre sus objetivos generar recomendaciones que permitan responder y mitigar impactos de [&hellip;]<\/p>\n","protected":false},"author":213237738,"featured_media":0,"comment_status":"open","ping_status":"open","sticky":false,"template":"","format":"standard","meta":{"_coblocks_attr":"","_coblocks_dimensions":"","_coblocks_responsive_height":"","_coblocks_accordion_ie_support":"","_crdt_document":"","_jetpack_memberships_contains_paid_content":false,"footnotes":""},"categories":[121903],"tags":[],"class_list":["post-3193","post","type-post","status-publish","format-standard","hentry","category-noticias"],"yoast_head":"<!-- This site is optimized with the Yoast SEO plugin v27.5 - https:\/\/yoast.com\/product\/yoast-seo-wordpress\/ -->\n<title>Efect\u00faan 54\u00ba Foro del Clima de C.A. y 33\u00ba de Aplicaci\u00f3n de Pron\u00f3sticos a Seguridad Alimentaria y Nutricional - OIRSA<\/title>\n<meta name=\"description\" content=\"Guatemala fue sede de dos foros que tienen entre sus objetivos generar recomendaciones que permitan responder y mitigar impactos de la variabilidad\" \/>\n<meta name=\"robots\" content=\"index, follow, max-snippet:-1, max-image-preview:large, max-video-preview:-1\" \/>\n<link rel=\"canonical\" href=\"https:\/\/web.oirsa.org\/en\/archivos\/3193\/\" \/>\n<meta property=\"og:locale\" content=\"en_US\" \/>\n<meta property=\"og:type\" content=\"article\" \/>\n<meta property=\"og:title\" content=\"Efect\u00faan 54\u00ba Foro del Clima de C.A. y 33\u00ba de Aplicaci\u00f3n de Pron\u00f3sticos a Seguridad Alimentaria y Nutricional - OIRSA\" \/>\n<meta property=\"og:description\" content=\"Guatemala fue sede de dos foros que tienen entre sus objetivos generar recomendaciones que permitan responder y mitigar impactos de la variabilidad\" \/>\n<meta property=\"og:url\" content=\"https:\/\/web.oirsa.org\/en\/archivos\/3193\/\" \/>\n<meta property=\"og:site_name\" content=\"OIRSA\" \/>\n<meta property=\"article:publisher\" content=\"https:\/\/www.facebook.com\/OIRSAoficial\" \/>\n<meta property=\"article:published_time\" content=\"2021-12-10T19:16:06+00:00\" \/>\n<meta property=\"article:modified_time\" content=\"2021-12-10T19:16:07+00:00\" \/>\n<meta property=\"og:image\" content=\"https:\/\/web.oirsa.org\/wp-content\/uploads\/2021\/12\/ForoClimaGT1.jpg\" \/>\n<meta name=\"author\" content=\"sigfredoramirez\" \/>\n<meta name=\"twitter:card\" content=\"summary_large_image\" \/>\n<meta name=\"twitter:creator\" content=\"@OIRSAoficial\" \/>\n<meta name=\"twitter:site\" content=\"@OIRSAoficial\" \/>\n<meta name=\"twitter:label1\" content=\"Written by\" \/>\n\t<meta name=\"twitter:data1\" content=\"sigfredoramirez\" \/>\n\t<meta name=\"twitter:label2\" content=\"Est. reading time\" \/>\n\t<meta name=\"twitter:data2\" content=\"2 minutes\" \/>\n<script type=\"application\/ld+json\" class=\"yoast-schema-graph\">{\"@context\":\"https:\\\/\\\/schema.org\",\"@graph\":[{\"@type\":\"Article\",\"@id\":\"https:\\\/\\\/web.oirsa.org\\\/archivos\\\/3193#article\",\"isPartOf\":{\"@id\":\"https:\\\/\\\/web.oirsa.org\\\/archivos\\\/3193\"},\"author\":{\"name\":\"sigfredoramirez\",\"@id\":\"https:\\\/\\\/web.oirsa.org\\\/#\\\/schema\\\/person\\\/698e7776162ddf630ab36c5946d818ab\"},\"headline\":\"Efect\u00faan 54\u00ba Foro del Clima de C.A. y 33\u00ba de Aplicaci\u00f3n de Pron\u00f3sticos a Seguridad Alimentaria y Nutricional\",\"datePublished\":\"2021-12-10T19:16:06+00:00\",\"dateModified\":\"2021-12-10T19:16:07+00:00\",\"mainEntityOfPage\":{\"@id\":\"https:\\\/\\\/web.oirsa.org\\\/archivos\\\/3193\"},\"wordCount\":403,\"commentCount\":0,\"publisher\":{\"@id\":\"https:\\\/\\\/web.oirsa.org\\\/#organization\"},\"image\":{\"@id\":\"https:\\\/\\\/web.oirsa.org\\\/archivos\\\/3193#primaryimage\"},\"thumbnailUrl\":\"https:\\\/\\\/web.oirsa.org\\\/wp-content\\\/uploads\\\/2021\\\/12\\\/ForoClimaGT1.jpg\",\"articleSection\":[\"Noticias\"],\"inLanguage\":\"en-US\",\"potentialAction\":[{\"@type\":\"CommentAction\",\"name\":\"Comment\",\"target\":[\"https:\\\/\\\/web.oirsa.org\\\/archivos\\\/3193#respond\"]}]},{\"@type\":\"WebPage\",\"@id\":\"https:\\\/\\\/web.oirsa.org\\\/archivos\\\/3193\",\"url\":\"https:\\\/\\\/web.oirsa.org\\\/archivos\\\/3193\",\"name\":\"Efect\u00faan 54\u00ba Foro del Clima de C.A. y 33\u00ba de Aplicaci\u00f3n de Pron\u00f3sticos a Seguridad Alimentaria y Nutricional - OIRSA\",\"isPartOf\":{\"@id\":\"https:\\\/\\\/web.oirsa.org\\\/#website\"},\"primaryImageOfPage\":{\"@id\":\"https:\\\/\\\/web.oirsa.org\\\/archivos\\\/3193#primaryimage\"},\"image\":{\"@id\":\"https:\\\/\\\/web.oirsa.org\\\/archivos\\\/3193#primaryimage\"},\"thumbnailUrl\":\"https:\\\/\\\/web.oirsa.org\\\/wp-content\\\/uploads\\\/2021\\\/12\\\/ForoClimaGT1.jpg\",\"datePublished\":\"2021-12-10T19:16:06+00:00\",\"dateModified\":\"2021-12-10T19:16:07+00:00\",\"description\":\"Guatemala fue sede de dos foros que tienen entre sus objetivos generar recomendaciones que permitan responder y mitigar impactos de la variabilidad\",\"breadcrumb\":{\"@id\":\"https:\\\/\\\/web.oirsa.org\\\/archivos\\\/3193#breadcrumb\"},\"inLanguage\":\"en-US\",\"potentialAction\":[{\"@type\":\"ReadAction\",\"target\":[\"https:\\\/\\\/web.oirsa.org\\\/archivos\\\/3193\"]}]},{\"@type\":\"ImageObject\",\"inLanguage\":\"en-US\",\"@id\":\"https:\\\/\\\/web.oirsa.org\\\/archivos\\\/3193#primaryimage\",\"url\":\"https:\\\/\\\/web.oirsa.org\\\/wp-content\\\/uploads\\\/2021\\\/12\\\/ForoClimaGT1.jpg\",\"contentUrl\":\"https:\\\/\\\/web.oirsa.org\\\/wp-content\\\/uploads\\\/2021\\\/12\\\/ForoClimaGT1.jpg\"},{\"@type\":\"BreadcrumbList\",\"@id\":\"https:\\\/\\\/web.oirsa.org\\\/archivos\\\/3193#breadcrumb\",\"itemListElement\":[{\"@type\":\"ListItem\",\"position\":1,\"name\":\"Portada\",\"item\":\"https:\\\/\\\/web.oirsa.org\\\/\"},{\"@type\":\"ListItem\",\"position\":2,\"name\":\"Efect\u00faan 54\u00ba Foro del Clima de C.A. y 33\u00ba de Aplicaci\u00f3n de Pron\u00f3sticos a Seguridad Alimentaria y Nutricional\"}]},{\"@type\":\"WebSite\",\"@id\":\"https:\\\/\\\/web.oirsa.org\\\/#website\",\"url\":\"https:\\\/\\\/web.oirsa.org\\\/\",\"name\":\"OIRSA\",\"description\":\"Organismo Internacional Regional de Sanidad Agropecuaria\",\"publisher\":{\"@id\":\"https:\\\/\\\/web.oirsa.org\\\/#organization\"},\"potentialAction\":[{\"@type\":\"SearchAction\",\"target\":{\"@type\":\"EntryPoint\",\"urlTemplate\":\"https:\\\/\\\/web.oirsa.org\\\/?s={search_term_string}\"},\"query-input\":{\"@type\":\"PropertyValueSpecification\",\"valueRequired\":true,\"valueName\":\"search_term_string\"}}],\"inLanguage\":\"en-US\"},{\"@type\":\"Organization\",\"@id\":\"https:\\\/\\\/web.oirsa.org\\\/#organization\",\"name\":\"OIRSA\",\"url\":\"https:\\\/\\\/web.oirsa.org\\\/\",\"logo\":{\"@type\":\"ImageObject\",\"inLanguage\":\"en-US\",\"@id\":\"https:\\\/\\\/web.oirsa.org\\\/#\\\/schema\\\/logo\\\/image\\\/\",\"url\":\"https:\\\/\\\/web.oirsa.org\\\/wp-content\\\/uploads\\\/2024\\\/01\\\/cropped-LOGO-OIRSA-2023.png\",\"contentUrl\":\"https:\\\/\\\/web.oirsa.org\\\/wp-content\\\/uploads\\\/2024\\\/01\\\/cropped-LOGO-OIRSA-2023.png\",\"width\":512,\"height\":512,\"caption\":\"OIRSA\"},\"image\":{\"@id\":\"https:\\\/\\\/web.oirsa.org\\\/#\\\/schema\\\/logo\\\/image\\\/\"},\"sameAs\":[\"https:\\\/\\\/www.facebook.com\\\/OIRSAoficial\",\"https:\\\/\\\/x.com\\\/OIRSAoficial\"]},{\"@type\":\"Person\",\"@id\":\"https:\\\/\\\/web.oirsa.org\\\/#\\\/schema\\\/person\\\/698e7776162ddf630ab36c5946d818ab\",\"name\":\"sigfredoramirez\",\"image\":{\"@type\":\"ImageObject\",\"inLanguage\":\"en-US\",\"@id\":\"https:\\\/\\\/secure.gravatar.com\\\/avatar\\\/cff1a22def7b03563530f2ba16145a6b6b5acbabc1f530f59eb045d7e21222e2?s=96&d=identicon&r=g\",\"url\":\"https:\\\/\\\/secure.gravatar.com\\\/avatar\\\/cff1a22def7b03563530f2ba16145a6b6b5acbabc1f530f59eb045d7e21222e2?s=96&d=identicon&r=g\",\"contentUrl\":\"https:\\\/\\\/secure.gravatar.com\\\/avatar\\\/cff1a22def7b03563530f2ba16145a6b6b5acbabc1f530f59eb045d7e21222e2?s=96&d=identicon&r=g\",\"caption\":\"sigfredoramirez\"}}]}<\/script>\n<!-- \/ Yoast SEO plugin. -->","yoast_head_json":{"title":"Efect\u00faan 54\u00ba Foro del Clima de C.A. y 33\u00ba de Aplicaci\u00f3n de Pron\u00f3sticos a Seguridad Alimentaria y Nutricional - OIRSA","description":"Guatemala fue sede de dos foros que tienen entre sus objetivos generar recomendaciones que permitan responder y mitigar impactos de la variabilidad","robots":{"index":"index","follow":"follow","max-snippet":"max-snippet:-1","max-image-preview":"max-image-preview:large","max-video-preview":"max-video-preview:-1"},"canonical":"https:\/\/web.oirsa.org\/en\/archivos\/3193\/","og_locale":"en_US","og_type":"article","og_title":"Efect\u00faan 54\u00ba Foro del Clima de C.A. y 33\u00ba de Aplicaci\u00f3n de Pron\u00f3sticos a Seguridad Alimentaria y Nutricional - OIRSA","og_description":"Guatemala fue sede de dos foros que tienen entre sus objetivos generar recomendaciones que permitan responder y mitigar impactos de la variabilidad","og_url":"https:\/\/web.oirsa.org\/en\/archivos\/3193\/","og_site_name":"OIRSA","article_publisher":"https:\/\/www.facebook.com\/OIRSAoficial","article_published_time":"2021-12-10T19:16:06+00:00","article_modified_time":"2021-12-10T19:16:07+00:00","og_image":[{"url":"https:\/\/web.oirsa.org\/wp-content\/uploads\/2021\/12\/ForoClimaGT1.jpg","type":"","width":"","height":""}],"author":"sigfredoramirez","twitter_card":"summary_large_image","twitter_creator":"@OIRSAoficial","twitter_site":"@OIRSAoficial","twitter_misc":{"Written by":"sigfredoramirez","Est. reading time":"2 minutes"},"schema":{"@context":"https:\/\/schema.org","@graph":[{"@type":"Article","@id":"https:\/\/web.oirsa.org\/archivos\/3193#article","isPartOf":{"@id":"https:\/\/web.oirsa.org\/archivos\/3193"},"author":{"name":"sigfredoramirez","@id":"https:\/\/web.oirsa.org\/#\/schema\/person\/698e7776162ddf630ab36c5946d818ab"},"headline":"Efect\u00faan 54\u00ba Foro del Clima de C.A. y 33\u00ba de Aplicaci\u00f3n de Pron\u00f3sticos a Seguridad Alimentaria y Nutricional","datePublished":"2021-12-10T19:16:06+00:00","dateModified":"2021-12-10T19:16:07+00:00","mainEntityOfPage":{"@id":"https:\/\/web.oirsa.org\/archivos\/3193"},"wordCount":403,"commentCount":0,"publisher":{"@id":"https:\/\/web.oirsa.org\/#organization"},"image":{"@id":"https:\/\/web.oirsa.org\/archivos\/3193#primaryimage"},"thumbnailUrl":"https:\/\/web.oirsa.org\/wp-content\/uploads\/2021\/12\/ForoClimaGT1.jpg","articleSection":["Noticias"],"inLanguage":"en-US","potentialAction":[{"@type":"CommentAction","name":"Comment","target":["https:\/\/web.oirsa.org\/archivos\/3193#respond"]}]},{"@type":"WebPage","@id":"https:\/\/web.oirsa.org\/archivos\/3193","url":"https:\/\/web.oirsa.org\/archivos\/3193","name":"Efect\u00faan 54\u00ba Foro del Clima de C.A. y 33\u00ba de Aplicaci\u00f3n de Pron\u00f3sticos a Seguridad Alimentaria y Nutricional - OIRSA","isPartOf":{"@id":"https:\/\/web.oirsa.org\/#website"},"primaryImageOfPage":{"@id":"https:\/\/web.oirsa.org\/archivos\/3193#primaryimage"},"image":{"@id":"https:\/\/web.oirsa.org\/archivos\/3193#primaryimage"},"thumbnailUrl":"https:\/\/web.oirsa.org\/wp-content\/uploads\/2021\/12\/ForoClimaGT1.jpg","datePublished":"2021-12-10T19:16:06+00:00","dateModified":"2021-12-10T19:16:07+00:00","description":"Guatemala fue sede de dos foros que tienen entre sus objetivos generar recomendaciones que permitan responder y mitigar impactos de la variabilidad","breadcrumb":{"@id":"https:\/\/web.oirsa.org\/archivos\/3193#breadcrumb"},"inLanguage":"en-US","potentialAction":[{"@type":"ReadAction","target":["https:\/\/web.oirsa.org\/archivos\/3193"]}]},{"@type":"ImageObject","inLanguage":"en-US","@id":"https:\/\/web.oirsa.org\/archivos\/3193#primaryimage","url":"https:\/\/web.oirsa.org\/wp-content\/uploads\/2021\/12\/ForoClimaGT1.jpg","contentUrl":"https:\/\/web.oirsa.org\/wp-content\/uploads\/2021\/12\/ForoClimaGT1.jpg"},{"@type":"BreadcrumbList","@id":"https:\/\/web.oirsa.org\/archivos\/3193#breadcrumb","itemListElement":[{"@type":"ListItem","position":1,"name":"Portada","item":"https:\/\/web.oirsa.org\/"},{"@type":"ListItem","position":2,"name":"Efect\u00faan 54\u00ba Foro del Clima de C.A. y 33\u00ba de Aplicaci\u00f3n de Pron\u00f3sticos a Seguridad Alimentaria y Nutricional"}]},{"@type":"WebSite","@id":"https:\/\/web.oirsa.org\/#website","url":"https:\/\/web.oirsa.org\/","name":"OIRSA","description":"Organismo Internacional Regional de Sanidad Agropecuaria","publisher":{"@id":"https:\/\/web.oirsa.org\/#organization"},"potentialAction":[{"@type":"SearchAction","target":{"@type":"EntryPoint","urlTemplate":"https:\/\/web.oirsa.org\/?s={search_term_string}"},"query-input":{"@type":"PropertyValueSpecification","valueRequired":true,"valueName":"search_term_string"}}],"inLanguage":"en-US"},{"@type":"Organization","@id":"https:\/\/web.oirsa.org\/#organization","name":"OIRSA","url":"https:\/\/web.oirsa.org\/","logo":{"@type":"ImageObject","inLanguage":"en-US","@id":"https:\/\/web.oirsa.org\/#\/schema\/logo\/image\/","url":"https:\/\/web.oirsa.org\/wp-content\/uploads\/2024\/01\/cropped-LOGO-OIRSA-2023.png","contentUrl":"https:\/\/web.oirsa.org\/wp-content\/uploads\/2024\/01\/cropped-LOGO-OIRSA-2023.png","width":512,"height":512,"caption":"OIRSA"},"image":{"@id":"https:\/\/web.oirsa.org\/#\/schema\/logo\/image\/"},"sameAs":["https:\/\/www.facebook.com\/OIRSAoficial","https:\/\/x.com\/OIRSAoficial"]},{"@type":"Person","@id":"https:\/\/web.oirsa.org\/#\/schema\/person\/698e7776162ddf630ab36c5946d818ab","name":"sigfredoramirez","image":{"@type":"ImageObject","inLanguage":"en-US","@id":"https:\/\/secure.gravatar.com\/avatar\/cff1a22def7b03563530f2ba16145a6b6b5acbabc1f530f59eb045d7e21222e2?s=96&d=identicon&r=g","url":"https:\/\/secure.gravatar.com\/avatar\/cff1a22def7b03563530f2ba16145a6b6b5acbabc1f530f59eb045d7e21222e2?s=96&d=identicon&r=g","contentUrl":"https:\/\/secure.gravatar.com\/avatar\/cff1a22def7b03563530f2ba16145a6b6b5acbabc1f530f59eb045d7e21222e2?s=96&d=identicon&r=g","caption":"sigfredoramirez"}}]}},"jetpack_featured_media_url":"","jetpack_sharing_enabled":true,"_links":{"self":[{"href":"https:\/\/web.oirsa.org\/en\/wp-json\/wp\/v2\/posts\/3193","targetHints":{"allow":["GET"]}}],"collection":[{"href":"https:\/\/web.oirsa.org\/en\/wp-json\/wp\/v2\/posts"}],"about":[{"href":"https:\/\/web.oirsa.org\/en\/wp-json\/wp\/v2\/types\/post"}],"author":[{"embeddable":true,"href":"https:\/\/web.oirsa.org\/en\/wp-json\/wp\/v2\/users\/213237738"}],"replies":[{"embeddable":true,"href":"https:\/\/web.oirsa.org\/en\/wp-json\/wp\/v2\/comments?post=3193"}],"version-history":[{"count":2,"href":"https:\/\/web.oirsa.org\/en\/wp-json\/wp\/v2\/posts\/3193\/revisions"}],"predecessor-version":[{"id":3196,"href":"https:\/\/web.oirsa.org\/en\/wp-json\/wp\/v2\/posts\/3193\/revisions\/3196"}],"wp:attachment":[{"href":"https:\/\/web.oirsa.org\/en\/wp-json\/wp\/v2\/media?parent=3193"}],"wp:term":[{"taxonomy":"category","embeddable":true,"href":"https:\/\/web.oirsa.org\/en\/wp-json\/wp\/v2\/categories?post=3193"},{"taxonomy":"post_tag","embeddable":true,"href":"https:\/\/web.oirsa.org\/en\/wp-json\/wp\/v2\/tags?post=3193"}],"curies":[{"name":"wp","href":"https:\/\/api.w.org\/{rel}","templated":true}]}}