{"id":3189,"date":"2021-12-10T13:14:15","date_gmt":"2021-12-10T19:14:15","guid":{"rendered":"http:\/\/10.103.20.84\/?p=3189"},"modified":"2021-12-10T13:14:15","modified_gmt":"2021-12-10T19:14:15","slug":"msc-efrain-medina-es-reelegido-como-director-ejecutivo-del-oirsa","status":"publish","type":"post","link":"https:\/\/web.oirsa.org\/en\/archivos\/3189","title":{"rendered":"Msc. Efra\u00edn Medina es reelegido como director ejecutivo del OIRSA"},"content":{"rendered":"<p class=\"wp-block-paragraph\"><em>Medina, que termina su actual mandato en agosto de 2018, continuar\u00e1 al frente de la Direcci\u00f3n Ejecutiva del OIRSA durante el periodo 2018-2022.<\/em><\/p>\n\n\n\n<div class=\"wp-block-image\"><figure class=\"alignright size-full is-resized\"><img data-recalc-dims=\"1\" loading=\"lazy\" decoding=\"async\" src=\"https:\/\/i0.wp.com\/web.oirsa.org\/wp-content\/uploads\/2021\/12\/CIRSAreeleccion1.jpg?resize=525%2C233&ssl=1\" alt=\"\" class=\"wp-image-3190\" width=\"525\" height=\"233\" srcset=\"https:\/\/i0.wp.com\/web.oirsa.org\/wp-content\/uploads\/2021\/12\/CIRSAreeleccion1.jpg?w=900&ssl=1 900w, https:\/\/i0.wp.com\/web.oirsa.org\/wp-content\/uploads\/2021\/12\/CIRSAreeleccion1.jpg?resize=300%2C133&ssl=1 300w, https:\/\/i0.wp.com\/web.oirsa.org\/wp-content\/uploads\/2021\/12\/CIRSAreeleccion1.jpg?resize=768%2C341&ssl=1 768w\" sizes=\"auto, (max-width: 525px) 100vw, 525px\" \/><\/figure><\/div>\n\n\n\n<p class=\"wp-block-paragraph\"><strong>Viernes, 24\u00a0de noviembre de 2017<\/strong>. Los ministros y secretarios de Agricultura de M\u00e9xico, Centroam\u00e9rica y la Rep\u00fablica Dominicana reeligieron al guatemalteco Efra\u00edn Medina Guerra como director ejecutivo del OIRSA para el periodo 2018-2022. La reelecci\u00f3n se dio en el marco de la<a href=\"https:\/\/www.oirsa.org\/noticia-detalle.aspx?id=6528\">\u00a063\u00aa reuni\u00f3n extraordinaria del Comit\u00e9 Internacional Regional de Sanidad Agropecuaria (CIRSA)<\/a>, que se celebr\u00f3 en la ciudad de Guatemala.<\/p>\n\n\n\n<p class=\"wp-block-paragraph\">El ministro de Agricultura, Ganader\u00eda y Alimentaci\u00f3n (MAGA) de Guatemala y presidente del CIRSA, Mario M\u00e9ndez, valor\u00f3 la reelecci\u00f3n como un reconocimiento a la confianza que se tiene en la gesti\u00f3n de Medina. \u201cQuisiera resaltar la reelecci\u00f3n de Efra\u00edn Medina como director de OIRSA por los pr\u00f3ximos cuatro a\u00f1os, me congratulo porque es una persona muy capacitada y que se ha entregado\u2026 todos los colegas coincidimos en que ha hecho un cambio de fondo para OIRSA\u201d, precis\u00f3 M\u00e9ndez, en declaraciones retomadas por\u00a0<a href=\"https:\/\/agn.com.gt\/index.php\/2017\/11\/16\/mexico-centroamerica-y-republica-dominicana-aprueban-avances-del-sistema-regional-de-analisis-de-riesgo-de-plagas\/\">la Agencia Guatemalteca de Noticias (AGN)<\/a>.<\/p>\n\n\n\n<p class=\"wp-block-paragraph\">Efra\u00edn Medina Guerra estudi\u00f3 en la Facultad de Agronom\u00eda de\u00a0<a href=\"https:\/\/www.usac.edu.gt\/\">la Universidad de San Carlos de Guatemala<\/a>, gradu\u00e1ndose como ingeniero agr\u00f3nomo en 1980. En 1983, obtuvo su grado de Maestr\u00eda en Ciencias, de la Texas A & M University, en Kingsville, Estados Unidos. Ha fungido como Decano de la Facultad de Agronom\u00eda de la Universidad de San Carlos, como Rector Magn\u00edfico de la misma casa de estudios para el periodo 1998-2002, como ministro de Agricultura, Ganader\u00eda y Alimentaci\u00f3n de Guatemala en 2012, entre otros cargos.<\/p>\n\n\n\n<p class=\"wp-block-paragraph\">En 2013, ingres\u00f3 al OIRSA como representante en Guatemala y desde el 1 de agosto del 2014 ocupa el cargo de\u00a0<a href=\"https:\/\/www.oirsa.org\/contenido\/documentos\/cv\/Hoja_de_vida1.pdf\">director ejecutivo del Organismo<\/a>.<\/p>","protected":false},"excerpt":{"rendered":"<p>Medina, que termina su actual mandato en agosto de 2018, continuar\u00e1 al frente de la Direcci\u00f3n Ejecutiva del OIRSA durante [&hellip;]<\/p>\n","protected":false},"author":213237738,"featured_media":0,"comment_status":"open","ping_status":"open","sticky":false,"template":"","format":"standard","meta":{"_coblocks_attr":"","_coblocks_dimensions":"","_coblocks_responsive_height":"","_coblocks_accordion_ie_support":"","_crdt_document":"","_jetpack_memberships_contains_paid_content":false,"footnotes":""},"categories":[121903],"tags":[],"class_list":["post-3189","post","type-post","status-publish","format-standard","hentry","category-noticias"],"yoast_head":"<!-- This site is optimized with the Yoast SEO plugin v27.5 - https:\/\/yoast.com\/product\/yoast-seo-wordpress\/ -->\n<title>Msc. Efra\u00edn Medina es reelegido como director ejecutivo del OIRSA - OIRSA<\/title>\n<meta name=\"description\" content=\"Medina, que termina su actual mandato en agosto de 2018, continuar\u00e1 al frente de la Direcci\u00f3n Ejecutiva del OIRSA durante el periodo 2018-2022. Viernes,\" \/>\n<meta name=\"robots\" content=\"index, follow, max-snippet:-1, max-image-preview:large, max-video-preview:-1\" \/>\n<link rel=\"canonical\" href=\"https:\/\/web.oirsa.org\/en\/archivos\/3189\/\" \/>\n<meta property=\"og:locale\" content=\"en_US\" \/>\n<meta property=\"og:type\" content=\"article\" \/>\n<meta property=\"og:title\" content=\"Msc. Efra\u00edn Medina es reelegido como director ejecutivo del OIRSA - OIRSA\" \/>\n<meta property=\"og:description\" content=\"Medina, que termina su actual mandato en agosto de 2018, continuar\u00e1 al frente de la Direcci\u00f3n Ejecutiva del OIRSA durante el periodo 2018-2022. Viernes,\" \/>\n<meta property=\"og:url\" content=\"https:\/\/web.oirsa.org\/en\/archivos\/3189\/\" \/>\n<meta property=\"og:site_name\" content=\"OIRSA\" \/>\n<meta property=\"article:publisher\" content=\"https:\/\/www.facebook.com\/OIRSAoficial\" \/>\n<meta property=\"article:published_time\" content=\"2021-12-10T19:14:15+00:00\" \/>\n<meta property=\"og:image\" content=\"https:\/\/web.oirsa.org\/wp-content\/uploads\/2021\/12\/CIRSAreeleccion1.jpg\" \/>\n<meta name=\"author\" content=\"sigfredoramirez\" \/>\n<meta name=\"twitter:card\" content=\"summary_large_image\" \/>\n<meta name=\"twitter:creator\" content=\"@OIRSAoficial\" \/>\n<meta name=\"twitter:site\" content=\"@OIRSAoficial\" \/>\n<meta name=\"twitter:label1\" content=\"Written by\" \/>\n\t<meta name=\"twitter:data1\" content=\"sigfredoramirez\" \/>\n\t<meta name=\"twitter:label2\" content=\"Est. reading time\" \/>\n\t<meta name=\"twitter:data2\" content=\"2 minutes\" \/>\n<script type=\"application\/ld+json\" class=\"yoast-schema-graph\">{\"@context\":\"https:\\\/\\\/schema.org\",\"@graph\":[{\"@type\":\"Article\",\"@id\":\"https:\\\/\\\/web.oirsa.org\\\/archivos\\\/3189#article\",\"isPartOf\":{\"@id\":\"https:\\\/\\\/web.oirsa.org\\\/archivos\\\/3189\"},\"author\":{\"name\":\"sigfredoramirez\",\"@id\":\"https:\\\/\\\/web.oirsa.org\\\/#\\\/schema\\\/person\\\/698e7776162ddf630ab36c5946d818ab\"},\"headline\":\"Msc. Efra\u00edn Medina es reelegido como director ejecutivo del OIRSA\",\"datePublished\":\"2021-12-10T19:14:15+00:00\",\"mainEntityOfPage\":{\"@id\":\"https:\\\/\\\/web.oirsa.org\\\/archivos\\\/3189\"},\"wordCount\":314,\"commentCount\":0,\"publisher\":{\"@id\":\"https:\\\/\\\/web.oirsa.org\\\/#organization\"},\"image\":{\"@id\":\"https:\\\/\\\/web.oirsa.org\\\/archivos\\\/3189#primaryimage\"},\"thumbnailUrl\":\"https:\\\/\\\/web.oirsa.org\\\/wp-content\\\/uploads\\\/2021\\\/12\\\/CIRSAreeleccion1.jpg\",\"articleSection\":[\"Noticias\"],\"inLanguage\":\"en-US\",\"potentialAction\":[{\"@type\":\"CommentAction\",\"name\":\"Comment\",\"target\":[\"https:\\\/\\\/web.oirsa.org\\\/archivos\\\/3189#respond\"]}]},{\"@type\":\"WebPage\",\"@id\":\"https:\\\/\\\/web.oirsa.org\\\/archivos\\\/3189\",\"url\":\"https:\\\/\\\/web.oirsa.org\\\/archivos\\\/3189\",\"name\":\"Msc. Efra\u00edn Medina es reelegido como director ejecutivo del OIRSA - OIRSA\",\"isPartOf\":{\"@id\":\"https:\\\/\\\/web.oirsa.org\\\/#website\"},\"primaryImageOfPage\":{\"@id\":\"https:\\\/\\\/web.oirsa.org\\\/archivos\\\/3189#primaryimage\"},\"image\":{\"@id\":\"https:\\\/\\\/web.oirsa.org\\\/archivos\\\/3189#primaryimage\"},\"thumbnailUrl\":\"https:\\\/\\\/web.oirsa.org\\\/wp-content\\\/uploads\\\/2021\\\/12\\\/CIRSAreeleccion1.jpg\",\"datePublished\":\"2021-12-10T19:14:15+00:00\",\"description\":\"Medina, que termina su actual mandato en agosto de 2018, continuar\u00e1 al frente de la Direcci\u00f3n Ejecutiva del OIRSA durante el periodo 2018-2022. Viernes,\",\"breadcrumb\":{\"@id\":\"https:\\\/\\\/web.oirsa.org\\\/archivos\\\/3189#breadcrumb\"},\"inLanguage\":\"en-US\",\"potentialAction\":[{\"@type\":\"ReadAction\",\"target\":[\"https:\\\/\\\/web.oirsa.org\\\/archivos\\\/3189\"]}]},{\"@type\":\"ImageObject\",\"inLanguage\":\"en-US\",\"@id\":\"https:\\\/\\\/web.oirsa.org\\\/archivos\\\/3189#primaryimage\",\"url\":\"https:\\\/\\\/web.oirsa.org\\\/wp-content\\\/uploads\\\/2021\\\/12\\\/CIRSAreeleccion1.jpg\",\"contentUrl\":\"https:\\\/\\\/web.oirsa.org\\\/wp-content\\\/uploads\\\/2021\\\/12\\\/CIRSAreeleccion1.jpg\"},{\"@type\":\"BreadcrumbList\",\"@id\":\"https:\\\/\\\/web.oirsa.org\\\/archivos\\\/3189#breadcrumb\",\"itemListElement\":[{\"@type\":\"ListItem\",\"position\":1,\"name\":\"Portada\",\"item\":\"https:\\\/\\\/web.oirsa.org\\\/\"},{\"@type\":\"ListItem\",\"position\":2,\"name\":\"Msc. Efra\u00edn Medina es reelegido como director ejecutivo del OIRSA\"}]},{\"@type\":\"WebSite\",\"@id\":\"https:\\\/\\\/web.oirsa.org\\\/#website\",\"url\":\"https:\\\/\\\/web.oirsa.org\\\/\",\"name\":\"OIRSA\",\"description\":\"Organismo Internacional Regional de Sanidad Agropecuaria\",\"publisher\":{\"@id\":\"https:\\\/\\\/web.oirsa.org\\\/#organization\"},\"potentialAction\":[{\"@type\":\"SearchAction\",\"target\":{\"@type\":\"EntryPoint\",\"urlTemplate\":\"https:\\\/\\\/web.oirsa.org\\\/?s={search_term_string}\"},\"query-input\":{\"@type\":\"PropertyValueSpecification\",\"valueRequired\":true,\"valueName\":\"search_term_string\"}}],\"inLanguage\":\"en-US\"},{\"@type\":\"Organization\",\"@id\":\"https:\\\/\\\/web.oirsa.org\\\/#organization\",\"name\":\"OIRSA\",\"url\":\"https:\\\/\\\/web.oirsa.org\\\/\",\"logo\":{\"@type\":\"ImageObject\",\"inLanguage\":\"en-US\",\"@id\":\"https:\\\/\\\/web.oirsa.org\\\/#\\\/schema\\\/logo\\\/image\\\/\",\"url\":\"https:\\\/\\\/web.oirsa.org\\\/wp-content\\\/uploads\\\/2024\\\/01\\\/cropped-LOGO-OIRSA-2023.png\",\"contentUrl\":\"https:\\\/\\\/web.oirsa.org\\\/wp-content\\\/uploads\\\/2024\\\/01\\\/cropped-LOGO-OIRSA-2023.png\",\"width\":512,\"height\":512,\"caption\":\"OIRSA\"},\"image\":{\"@id\":\"https:\\\/\\\/web.oirsa.org\\\/#\\\/schema\\\/logo\\\/image\\\/\"},\"sameAs\":[\"https:\\\/\\\/www.facebook.com\\\/OIRSAoficial\",\"https:\\\/\\\/x.com\\\/OIRSAoficial\"]},{\"@type\":\"Person\",\"@id\":\"https:\\\/\\\/web.oirsa.org\\\/#\\\/schema\\\/person\\\/698e7776162ddf630ab36c5946d818ab\",\"name\":\"sigfredoramirez\",\"image\":{\"@type\":\"ImageObject\",\"inLanguage\":\"en-US\",\"@id\":\"https:\\\/\\\/secure.gravatar.com\\\/avatar\\\/cff1a22def7b03563530f2ba16145a6b6b5acbabc1f530f59eb045d7e21222e2?s=96&d=identicon&r=g\",\"url\":\"https:\\\/\\\/secure.gravatar.com\\\/avatar\\\/cff1a22def7b03563530f2ba16145a6b6b5acbabc1f530f59eb045d7e21222e2?s=96&d=identicon&r=g\",\"contentUrl\":\"https:\\\/\\\/secure.gravatar.com\\\/avatar\\\/cff1a22def7b03563530f2ba16145a6b6b5acbabc1f530f59eb045d7e21222e2?s=96&d=identicon&r=g\",\"caption\":\"sigfredoramirez\"}}]}<\/script>\n<!-- \/ Yoast SEO plugin. -->","yoast_head_json":{"title":"Msc. Efra\u00edn Medina es reelegido como director ejecutivo del OIRSA - OIRSA","description":"Medina, que termina su actual mandato en agosto de 2018, continuar\u00e1 al frente de la Direcci\u00f3n Ejecutiva del OIRSA durante el periodo 2018-2022. Viernes,","robots":{"index":"index","follow":"follow","max-snippet":"max-snippet:-1","max-image-preview":"max-image-preview:large","max-video-preview":"max-video-preview:-1"},"canonical":"https:\/\/web.oirsa.org\/en\/archivos\/3189\/","og_locale":"en_US","og_type":"article","og_title":"Msc. Efra\u00edn Medina es reelegido como director ejecutivo del OIRSA - OIRSA","og_description":"Medina, que termina su actual mandato en agosto de 2018, continuar\u00e1 al frente de la Direcci\u00f3n Ejecutiva del OIRSA durante el periodo 2018-2022. Viernes,","og_url":"https:\/\/web.oirsa.org\/en\/archivos\/3189\/","og_site_name":"OIRSA","article_publisher":"https:\/\/www.facebook.com\/OIRSAoficial","article_published_time":"2021-12-10T19:14:15+00:00","og_image":[{"url":"https:\/\/web.oirsa.org\/wp-content\/uploads\/2021\/12\/CIRSAreeleccion1.jpg","type":"","width":"","height":""}],"author":"sigfredoramirez","twitter_card":"summary_large_image","twitter_creator":"@OIRSAoficial","twitter_site":"@OIRSAoficial","twitter_misc":{"Written by":"sigfredoramirez","Est. reading time":"2 minutes"},"schema":{"@context":"https:\/\/schema.org","@graph":[{"@type":"Article","@id":"https:\/\/web.oirsa.org\/archivos\/3189#article","isPartOf":{"@id":"https:\/\/web.oirsa.org\/archivos\/3189"},"author":{"name":"sigfredoramirez","@id":"https:\/\/web.oirsa.org\/#\/schema\/person\/698e7776162ddf630ab36c5946d818ab"},"headline":"Msc. Efra\u00edn Medina es reelegido como director ejecutivo del OIRSA","datePublished":"2021-12-10T19:14:15+00:00","mainEntityOfPage":{"@id":"https:\/\/web.oirsa.org\/archivos\/3189"},"wordCount":314,"commentCount":0,"publisher":{"@id":"https:\/\/web.oirsa.org\/#organization"},"image":{"@id":"https:\/\/web.oirsa.org\/archivos\/3189#primaryimage"},"thumbnailUrl":"https:\/\/web.oirsa.org\/wp-content\/uploads\/2021\/12\/CIRSAreeleccion1.jpg","articleSection":["Noticias"],"inLanguage":"en-US","potentialAction":[{"@type":"CommentAction","name":"Comment","target":["https:\/\/web.oirsa.org\/archivos\/3189#respond"]}]},{"@type":"WebPage","@id":"https:\/\/web.oirsa.org\/archivos\/3189","url":"https:\/\/web.oirsa.org\/archivos\/3189","name":"Msc. Efra\u00edn Medina es reelegido como director ejecutivo del OIRSA - OIRSA","isPartOf":{"@id":"https:\/\/web.oirsa.org\/#website"},"primaryImageOfPage":{"@id":"https:\/\/web.oirsa.org\/archivos\/3189#primaryimage"},"image":{"@id":"https:\/\/web.oirsa.org\/archivos\/3189#primaryimage"},"thumbnailUrl":"https:\/\/web.oirsa.org\/wp-content\/uploads\/2021\/12\/CIRSAreeleccion1.jpg","datePublished":"2021-12-10T19:14:15+00:00","description":"Medina, que termina su actual mandato en agosto de 2018, continuar\u00e1 al frente de la Direcci\u00f3n Ejecutiva del OIRSA durante el periodo 2018-2022. Viernes,","breadcrumb":{"@id":"https:\/\/web.oirsa.org\/archivos\/3189#breadcrumb"},"inLanguage":"en-US","potentialAction":[{"@type":"ReadAction","target":["https:\/\/web.oirsa.org\/archivos\/3189"]}]},{"@type":"ImageObject","inLanguage":"en-US","@id":"https:\/\/web.oirsa.org\/archivos\/3189#primaryimage","url":"https:\/\/web.oirsa.org\/wp-content\/uploads\/2021\/12\/CIRSAreeleccion1.jpg","contentUrl":"https:\/\/web.oirsa.org\/wp-content\/uploads\/2021\/12\/CIRSAreeleccion1.jpg"},{"@type":"BreadcrumbList","@id":"https:\/\/web.oirsa.org\/archivos\/3189#breadcrumb","itemListElement":[{"@type":"ListItem","position":1,"name":"Portada","item":"https:\/\/web.oirsa.org\/"},{"@type":"ListItem","position":2,"name":"Msc. Efra\u00edn Medina es reelegido como director ejecutivo del OIRSA"}]},{"@type":"WebSite","@id":"https:\/\/web.oirsa.org\/#website","url":"https:\/\/web.oirsa.org\/","name":"OIRSA","description":"Organismo Internacional Regional de Sanidad Agropecuaria","publisher":{"@id":"https:\/\/web.oirsa.org\/#organization"},"potentialAction":[{"@type":"SearchAction","target":{"@type":"EntryPoint","urlTemplate":"https:\/\/web.oirsa.org\/?s={search_term_string}"},"query-input":{"@type":"PropertyValueSpecification","valueRequired":true,"valueName":"search_term_string"}}],"inLanguage":"en-US"},{"@type":"Organization","@id":"https:\/\/web.oirsa.org\/#organization","name":"OIRSA","url":"https:\/\/web.oirsa.org\/","logo":{"@type":"ImageObject","inLanguage":"en-US","@id":"https:\/\/web.oirsa.org\/#\/schema\/logo\/image\/","url":"https:\/\/web.oirsa.org\/wp-content\/uploads\/2024\/01\/cropped-LOGO-OIRSA-2023.png","contentUrl":"https:\/\/web.oirsa.org\/wp-content\/uploads\/2024\/01\/cropped-LOGO-OIRSA-2023.png","width":512,"height":512,"caption":"OIRSA"},"image":{"@id":"https:\/\/web.oirsa.org\/#\/schema\/logo\/image\/"},"sameAs":["https:\/\/www.facebook.com\/OIRSAoficial","https:\/\/x.com\/OIRSAoficial"]},{"@type":"Person","@id":"https:\/\/web.oirsa.org\/#\/schema\/person\/698e7776162ddf630ab36c5946d818ab","name":"sigfredoramirez","image":{"@type":"ImageObject","inLanguage":"en-US","@id":"https:\/\/secure.gravatar.com\/avatar\/cff1a22def7b03563530f2ba16145a6b6b5acbabc1f530f59eb045d7e21222e2?s=96&d=identicon&r=g","url":"https:\/\/secure.gravatar.com\/avatar\/cff1a22def7b03563530f2ba16145a6b6b5acbabc1f530f59eb045d7e21222e2?s=96&d=identicon&r=g","contentUrl":"https:\/\/secure.gravatar.com\/avatar\/cff1a22def7b03563530f2ba16145a6b6b5acbabc1f530f59eb045d7e21222e2?s=96&d=identicon&r=g","caption":"sigfredoramirez"}}]}},"jetpack_featured_media_url":"","jetpack_sharing_enabled":true,"_links":{"self":[{"href":"https:\/\/web.oirsa.org\/en\/wp-json\/wp\/v2\/posts\/3189","targetHints":{"allow":["GET"]}}],"collection":[{"href":"https:\/\/web.oirsa.org\/en\/wp-json\/wp\/v2\/posts"}],"about":[{"href":"https:\/\/web.oirsa.org\/en\/wp-json\/wp\/v2\/types\/post"}],"author":[{"embeddable":true,"href":"https:\/\/web.oirsa.org\/en\/wp-json\/wp\/v2\/users\/213237738"}],"replies":[{"embeddable":true,"href":"https:\/\/web.oirsa.org\/en\/wp-json\/wp\/v2\/comments?post=3189"}],"version-history":[{"count":2,"href":"https:\/\/web.oirsa.org\/en\/wp-json\/wp\/v2\/posts\/3189\/revisions"}],"predecessor-version":[{"id":3192,"href":"https:\/\/web.oirsa.org\/en\/wp-json\/wp\/v2\/posts\/3189\/revisions\/3192"}],"wp:attachment":[{"href":"https:\/\/web.oirsa.org\/en\/wp-json\/wp\/v2\/media?parent=3189"}],"wp:term":[{"taxonomy":"category","embeddable":true,"href":"https:\/\/web.oirsa.org\/en\/wp-json\/wp\/v2\/categories?post=3189"},{"taxonomy":"post_tag","embeddable":true,"href":"https:\/\/web.oirsa.org\/en\/wp-json\/wp\/v2\/tags?post=3189"}],"curies":[{"name":"wp","href":"https:\/\/api.w.org\/{rel}","templated":true}]}}