{"id":3118,"date":"2021-12-10T12:39:58","date_gmt":"2021-12-10T18:39:58","guid":{"rendered":"http:\/\/10.103.20.84\/?p=3118"},"modified":"2021-12-10T12:39:59","modified_gmt":"2021-12-10T18:39:59","slug":"se-conmemora-dia-regional-de-la-sanidad-agropecuaria-en-el-salvador","status":"publish","type":"post","link":"https:\/\/web.oirsa.org\/en\/archivos\/3118","title":{"rendered":"Se conmemora d\u00eda regional de la Sanidad Agropecuaria en El Salvador"},"content":{"rendered":"<p class=\"wp-block-paragraph\"><em>En el \u00faltimo a\u00f1o se destacan los esfuerzos en la vigilancia de plagas que afectan la agricultura nacional como la roya en los cafetales y la langosta voladora en la zona paracentral. Asimismo, ante los brotes de fiebre aftosa en Colombia, se apoy\u00f3 a las autoridades sanitarias del pa\u00eds en las estrategias preventivas, de capacitaci\u00f3n, y divulgaci\u00f3n.<\/em><\/p>\n\n\n\n<div class=\"wp-block-image\"><figure class=\"alignright size-full is-resized\"><img data-recalc-dims=\"1\" loading=\"lazy\" decoding=\"async\" src=\"https:\/\/i0.wp.com\/web.oirsa.org\/wp-content\/uploads\/2021\/12\/ElSalvadorsanidad3.jpg?resize=525%2C233&ssl=1\" alt=\"\" class=\"wp-image-3119\" width=\"525\" height=\"233\" srcset=\"https:\/\/i0.wp.com\/web.oirsa.org\/wp-content\/uploads\/2021\/12\/ElSalvadorsanidad3.jpg?w=900&ssl=1 900w, https:\/\/i0.wp.com\/web.oirsa.org\/wp-content\/uploads\/2021\/12\/ElSalvadorsanidad3.jpg?resize=300%2C133&ssl=1 300w, https:\/\/i0.wp.com\/web.oirsa.org\/wp-content\/uploads\/2021\/12\/ElSalvadorsanidad3.jpg?resize=768%2C341&ssl=1 768w\" sizes=\"auto, (max-width: 525px) 100vw, 525px\" \/><\/figure><\/div>\n\n\n\n<p class=\"wp-block-paragraph\"><strong>Viernes, 27 de octubre de 2017.\u00a0<\/strong>El Salvador conmemora oficialmente el d\u00eda regional de la Sanidad Agropecuaria. Una fecha en la que\u00a0<a href=\"https:\/\/www.facebook.com\/OIRSAoficial\/videos\/865003093667971\/\">se celebran los esfuerzos que realizan hombres y mujeres por salvaguardar una agricultura y ganader\u00eda libre de plagas y enfermedades.<\/a>\u00a0Este es un trabajo en equipo que busca preservar el patrimonio productivo de las presentes y futuras generaciones, garantizar la seguridad alimentaria y facilitar el comercio.<\/p>\n\n\n\n<p class=\"wp-block-paragraph\">La conmemoraci\u00f3n del d\u00eda regional de la Sanidad Agropecuaria es efectuada en una serie de eventos en M\u00e9xico, Centroam\u00e9rica y la Rep\u00fablica Dominicana. En El Salvador, el acto central de la celebraci\u00f3n fue presidido por el director general de Ganader\u00eda del Ministerio de Agricultura y Ganader\u00eda (MAG), V\u00edctor Torres; el director t\u00e9cnico del OIRSA, Octavio Carranza; el representante del Organismo en el pa\u00eds, Edwin Arag\u00f3n; y el presidente de\u00a0<a href=\"http:\/\/camagro.com.sv\/\">la C\u00e1mara Agropecuaria y Agroindustrial de El Salvador (CAMAGRO)<\/a>, Agust\u00edn Mart\u00ednez.<\/p>\n\n\n\n<p class=\"wp-block-paragraph\">Al acto asistieron productores, acad\u00e9micos, representantes de organismos internacionales y funcionarios del OIRSA que trabajan en las \u00e1reas de sanidad vegetal, salud animal, inocuidad de los alimentos y servicios cuarentenarios. En defensa del patrimonio agropecuario de istmo,\u00a0<a href=\"https:\/\/www.facebook.com\/OIRSAoficial\/videos\/854812574687023\/\">un 29 de octubre hace 64\u00a0a\u00f1os, los ministerios de Agricultura y Ganader\u00eda de M\u00e9xico y Centroam\u00e9rica fundaron el OIRSA,<\/a>\u00a0al que posteriormente se sumaron Rep\u00fablica Dominicana y Belize.<\/p>\n\n\n\n<p class=\"wp-block-paragraph\">Desde entonces,\u00a0 el Organismo trabaja de cerca con los servicios nacionales de cuarentena agropecuaria, que constituyen la primera l\u00ednea de defensa para garantizar el status fito y zoosanitario de los pa\u00edses. En ese sentido, durante 2017, el Servicio Internacional de Tratamientos Cuarentenarios (SITC) del OIRSA ha realizado 124,476 procedimientos en puertos, aeropuertos y fronteras terrestres de El Salvador; de los cuales 15,385 son atomizaciones de aeronaves, 70,503 aspersiones a contenedores y m\u00e1s de 38,000 fumigaciones con bromuro de metilo, entre otros. El SITC ha aumentado su operatividad con<a href=\"https:\/\/www.oirsa.org\/noticia-detalle.aspx?id=3319\">\u00a0las mejoras en la infraestructura en el puesto de tratamientos cuarentenarios de la frontera de El Amatillo, La Uni\u00f3n<\/a>, y se iniciaron obras en San Crist\u00f3bal, Santa Ana; El Poy, Chalatenango; y Acajutla, en Sonsonate.\u00a0<\/p>","protected":false},"excerpt":{"rendered":"<p>En el \u00faltimo a\u00f1o se destacan los esfuerzos en la vigilancia de plagas que afectan la agricultura nacional como la [&hellip;]<\/p>\n","protected":false},"author":213237738,"featured_media":0,"comment_status":"open","ping_status":"open","sticky":false,"template":"","format":"standard","meta":{"_coblocks_attr":"","_coblocks_dimensions":"","_coblocks_responsive_height":"","_coblocks_accordion_ie_support":"","_crdt_document":"","_jetpack_memberships_contains_paid_content":false,"footnotes":""},"categories":[121903],"tags":[],"class_list":["post-3118","post","type-post","status-publish","format-standard","hentry","category-noticias"],"yoast_head":"<!-- This site is optimized with the Yoast SEO plugin v27.5 - https:\/\/yoast.com\/product\/yoast-seo-wordpress\/ -->\n<title>Se conmemora d\u00eda regional de la Sanidad Agropecuaria en El Salvador - OIRSA<\/title>\n<meta name=\"description\" content=\"En el \u00faltimo a\u00f1o se destacan los esfuerzos en la vigilancia de plagas que afectan la agricultura nacional como la roya en los cafetales y la langosta\" \/>\n<meta name=\"robots\" content=\"index, follow, max-snippet:-1, max-image-preview:large, max-video-preview:-1\" \/>\n<link rel=\"canonical\" href=\"https:\/\/web.oirsa.org\/en\/archivos\/3118\/\" \/>\n<meta property=\"og:locale\" content=\"en_US\" \/>\n<meta property=\"og:type\" content=\"article\" \/>\n<meta property=\"og:title\" content=\"Se conmemora d\u00eda regional de la Sanidad Agropecuaria en El Salvador - OIRSA\" \/>\n<meta property=\"og:description\" content=\"En el \u00faltimo a\u00f1o se destacan los esfuerzos en la vigilancia de plagas que afectan la agricultura nacional como la roya en los cafetales y la langosta\" \/>\n<meta property=\"og:url\" content=\"https:\/\/web.oirsa.org\/en\/archivos\/3118\/\" \/>\n<meta property=\"og:site_name\" content=\"OIRSA\" \/>\n<meta property=\"article:publisher\" content=\"https:\/\/www.facebook.com\/OIRSAoficial\" \/>\n<meta property=\"article:published_time\" content=\"2021-12-10T18:39:58+00:00\" \/>\n<meta property=\"article:modified_time\" content=\"2021-12-10T18:39:59+00:00\" \/>\n<meta property=\"og:image\" content=\"https:\/\/web.oirsa.org\/wp-content\/uploads\/2021\/12\/ElSalvadorsanidad3.jpg\" \/>\n<meta name=\"author\" content=\"sigfredoramirez\" \/>\n<meta name=\"twitter:card\" content=\"summary_large_image\" \/>\n<meta name=\"twitter:creator\" content=\"@OIRSAoficial\" \/>\n<meta name=\"twitter:site\" content=\"@OIRSAoficial\" \/>\n<meta name=\"twitter:label1\" content=\"Written by\" \/>\n\t<meta name=\"twitter:data1\" content=\"sigfredoramirez\" \/>\n\t<meta name=\"twitter:label2\" content=\"Est. reading time\" \/>\n\t<meta name=\"twitter:data2\" content=\"2 minutes\" \/>\n<script type=\"application\/ld+json\" class=\"yoast-schema-graph\">{\"@context\":\"https:\\\/\\\/schema.org\",\"@graph\":[{\"@type\":\"Article\",\"@id\":\"https:\\\/\\\/web.oirsa.org\\\/archivos\\\/3118#article\",\"isPartOf\":{\"@id\":\"https:\\\/\\\/web.oirsa.org\\\/archivos\\\/3118\"},\"author\":{\"name\":\"sigfredoramirez\",\"@id\":\"https:\\\/\\\/web.oirsa.org\\\/#\\\/schema\\\/person\\\/698e7776162ddf630ab36c5946d818ab\"},\"headline\":\"Se conmemora d\u00eda regional de la Sanidad Agropecuaria en El Salvador\",\"datePublished\":\"2021-12-10T18:39:58+00:00\",\"dateModified\":\"2021-12-10T18:39:59+00:00\",\"mainEntityOfPage\":{\"@id\":\"https:\\\/\\\/web.oirsa.org\\\/archivos\\\/3118\"},\"wordCount\":439,\"commentCount\":0,\"publisher\":{\"@id\":\"https:\\\/\\\/web.oirsa.org\\\/#organization\"},\"image\":{\"@id\":\"https:\\\/\\\/web.oirsa.org\\\/archivos\\\/3118#primaryimage\"},\"thumbnailUrl\":\"https:\\\/\\\/web.oirsa.org\\\/wp-content\\\/uploads\\\/2021\\\/12\\\/ElSalvadorsanidad3.jpg\",\"articleSection\":[\"Noticias\"],\"inLanguage\":\"en-US\",\"potentialAction\":[{\"@type\":\"CommentAction\",\"name\":\"Comment\",\"target\":[\"https:\\\/\\\/web.oirsa.org\\\/archivos\\\/3118#respond\"]}]},{\"@type\":\"WebPage\",\"@id\":\"https:\\\/\\\/web.oirsa.org\\\/archivos\\\/3118\",\"url\":\"https:\\\/\\\/web.oirsa.org\\\/archivos\\\/3118\",\"name\":\"Se conmemora d\u00eda regional de la Sanidad Agropecuaria en El Salvador - OIRSA\",\"isPartOf\":{\"@id\":\"https:\\\/\\\/web.oirsa.org\\\/#website\"},\"primaryImageOfPage\":{\"@id\":\"https:\\\/\\\/web.oirsa.org\\\/archivos\\\/3118#primaryimage\"},\"image\":{\"@id\":\"https:\\\/\\\/web.oirsa.org\\\/archivos\\\/3118#primaryimage\"},\"thumbnailUrl\":\"https:\\\/\\\/web.oirsa.org\\\/wp-content\\\/uploads\\\/2021\\\/12\\\/ElSalvadorsanidad3.jpg\",\"datePublished\":\"2021-12-10T18:39:58+00:00\",\"dateModified\":\"2021-12-10T18:39:59+00:00\",\"description\":\"En el \u00faltimo a\u00f1o se destacan los esfuerzos en la vigilancia de plagas que afectan la agricultura nacional como la roya en los cafetales y la langosta\",\"breadcrumb\":{\"@id\":\"https:\\\/\\\/web.oirsa.org\\\/archivos\\\/3118#breadcrumb\"},\"inLanguage\":\"en-US\",\"potentialAction\":[{\"@type\":\"ReadAction\",\"target\":[\"https:\\\/\\\/web.oirsa.org\\\/archivos\\\/3118\"]}]},{\"@type\":\"ImageObject\",\"inLanguage\":\"en-US\",\"@id\":\"https:\\\/\\\/web.oirsa.org\\\/archivos\\\/3118#primaryimage\",\"url\":\"https:\\\/\\\/web.oirsa.org\\\/wp-content\\\/uploads\\\/2021\\\/12\\\/ElSalvadorsanidad3.jpg\",\"contentUrl\":\"https:\\\/\\\/web.oirsa.org\\\/wp-content\\\/uploads\\\/2021\\\/12\\\/ElSalvadorsanidad3.jpg\"},{\"@type\":\"BreadcrumbList\",\"@id\":\"https:\\\/\\\/web.oirsa.org\\\/archivos\\\/3118#breadcrumb\",\"itemListElement\":[{\"@type\":\"ListItem\",\"position\":1,\"name\":\"Portada\",\"item\":\"https:\\\/\\\/web.oirsa.org\\\/\"},{\"@type\":\"ListItem\",\"position\":2,\"name\":\"Se conmemora d\u00eda regional de la Sanidad Agropecuaria en El Salvador\"}]},{\"@type\":\"WebSite\",\"@id\":\"https:\\\/\\\/web.oirsa.org\\\/#website\",\"url\":\"https:\\\/\\\/web.oirsa.org\\\/\",\"name\":\"OIRSA\",\"description\":\"Organismo Internacional Regional de Sanidad Agropecuaria\",\"publisher\":{\"@id\":\"https:\\\/\\\/web.oirsa.org\\\/#organization\"},\"potentialAction\":[{\"@type\":\"SearchAction\",\"target\":{\"@type\":\"EntryPoint\",\"urlTemplate\":\"https:\\\/\\\/web.oirsa.org\\\/?s={search_term_string}\"},\"query-input\":{\"@type\":\"PropertyValueSpecification\",\"valueRequired\":true,\"valueName\":\"search_term_string\"}}],\"inLanguage\":\"en-US\"},{\"@type\":\"Organization\",\"@id\":\"https:\\\/\\\/web.oirsa.org\\\/#organization\",\"name\":\"OIRSA\",\"url\":\"https:\\\/\\\/web.oirsa.org\\\/\",\"logo\":{\"@type\":\"ImageObject\",\"inLanguage\":\"en-US\",\"@id\":\"https:\\\/\\\/web.oirsa.org\\\/#\\\/schema\\\/logo\\\/image\\\/\",\"url\":\"https:\\\/\\\/web.oirsa.org\\\/wp-content\\\/uploads\\\/2024\\\/01\\\/cropped-LOGO-OIRSA-2023.png\",\"contentUrl\":\"https:\\\/\\\/web.oirsa.org\\\/wp-content\\\/uploads\\\/2024\\\/01\\\/cropped-LOGO-OIRSA-2023.png\",\"width\":512,\"height\":512,\"caption\":\"OIRSA\"},\"image\":{\"@id\":\"https:\\\/\\\/web.oirsa.org\\\/#\\\/schema\\\/logo\\\/image\\\/\"},\"sameAs\":[\"https:\\\/\\\/www.facebook.com\\\/OIRSAoficial\",\"https:\\\/\\\/x.com\\\/OIRSAoficial\"]},{\"@type\":\"Person\",\"@id\":\"https:\\\/\\\/web.oirsa.org\\\/#\\\/schema\\\/person\\\/698e7776162ddf630ab36c5946d818ab\",\"name\":\"sigfredoramirez\",\"image\":{\"@type\":\"ImageObject\",\"inLanguage\":\"en-US\",\"@id\":\"https:\\\/\\\/secure.gravatar.com\\\/avatar\\\/cff1a22def7b03563530f2ba16145a6b6b5acbabc1f530f59eb045d7e21222e2?s=96&d=identicon&r=g\",\"url\":\"https:\\\/\\\/secure.gravatar.com\\\/avatar\\\/cff1a22def7b03563530f2ba16145a6b6b5acbabc1f530f59eb045d7e21222e2?s=96&d=identicon&r=g\",\"contentUrl\":\"https:\\\/\\\/secure.gravatar.com\\\/avatar\\\/cff1a22def7b03563530f2ba16145a6b6b5acbabc1f530f59eb045d7e21222e2?s=96&d=identicon&r=g\",\"caption\":\"sigfredoramirez\"}}]}<\/script>\n<!-- \/ Yoast SEO plugin. -->","yoast_head_json":{"title":"Se conmemora d\u00eda regional de la Sanidad Agropecuaria en El Salvador - OIRSA","description":"En el \u00faltimo a\u00f1o se destacan los esfuerzos en la vigilancia de plagas que afectan la agricultura nacional como la roya en los cafetales y la langosta","robots":{"index":"index","follow":"follow","max-snippet":"max-snippet:-1","max-image-preview":"max-image-preview:large","max-video-preview":"max-video-preview:-1"},"canonical":"https:\/\/web.oirsa.org\/en\/archivos\/3118\/","og_locale":"en_US","og_type":"article","og_title":"Se conmemora d\u00eda regional de la Sanidad Agropecuaria en El Salvador - OIRSA","og_description":"En el \u00faltimo a\u00f1o se destacan los esfuerzos en la vigilancia de plagas que afectan la agricultura nacional como la roya en los cafetales y la langosta","og_url":"https:\/\/web.oirsa.org\/en\/archivos\/3118\/","og_site_name":"OIRSA","article_publisher":"https:\/\/www.facebook.com\/OIRSAoficial","article_published_time":"2021-12-10T18:39:58+00:00","article_modified_time":"2021-12-10T18:39:59+00:00","og_image":[{"url":"https:\/\/web.oirsa.org\/wp-content\/uploads\/2021\/12\/ElSalvadorsanidad3.jpg","type":"","width":"","height":""}],"author":"sigfredoramirez","twitter_card":"summary_large_image","twitter_creator":"@OIRSAoficial","twitter_site":"@OIRSAoficial","twitter_misc":{"Written by":"sigfredoramirez","Est. reading time":"2 minutes"},"schema":{"@context":"https:\/\/schema.org","@graph":[{"@type":"Article","@id":"https:\/\/web.oirsa.org\/archivos\/3118#article","isPartOf":{"@id":"https:\/\/web.oirsa.org\/archivos\/3118"},"author":{"name":"sigfredoramirez","@id":"https:\/\/web.oirsa.org\/#\/schema\/person\/698e7776162ddf630ab36c5946d818ab"},"headline":"Se conmemora d\u00eda regional de la Sanidad Agropecuaria en El Salvador","datePublished":"2021-12-10T18:39:58+00:00","dateModified":"2021-12-10T18:39:59+00:00","mainEntityOfPage":{"@id":"https:\/\/web.oirsa.org\/archivos\/3118"},"wordCount":439,"commentCount":0,"publisher":{"@id":"https:\/\/web.oirsa.org\/#organization"},"image":{"@id":"https:\/\/web.oirsa.org\/archivos\/3118#primaryimage"},"thumbnailUrl":"https:\/\/web.oirsa.org\/wp-content\/uploads\/2021\/12\/ElSalvadorsanidad3.jpg","articleSection":["Noticias"],"inLanguage":"en-US","potentialAction":[{"@type":"CommentAction","name":"Comment","target":["https:\/\/web.oirsa.org\/archivos\/3118#respond"]}]},{"@type":"WebPage","@id":"https:\/\/web.oirsa.org\/archivos\/3118","url":"https:\/\/web.oirsa.org\/archivos\/3118","name":"Se conmemora d\u00eda regional de la Sanidad Agropecuaria en El Salvador - OIRSA","isPartOf":{"@id":"https:\/\/web.oirsa.org\/#website"},"primaryImageOfPage":{"@id":"https:\/\/web.oirsa.org\/archivos\/3118#primaryimage"},"image":{"@id":"https:\/\/web.oirsa.org\/archivos\/3118#primaryimage"},"thumbnailUrl":"https:\/\/web.oirsa.org\/wp-content\/uploads\/2021\/12\/ElSalvadorsanidad3.jpg","datePublished":"2021-12-10T18:39:58+00:00","dateModified":"2021-12-10T18:39:59+00:00","description":"En el \u00faltimo a\u00f1o se destacan los esfuerzos en la vigilancia de plagas que afectan la agricultura nacional como la roya en los cafetales y la langosta","breadcrumb":{"@id":"https:\/\/web.oirsa.org\/archivos\/3118#breadcrumb"},"inLanguage":"en-US","potentialAction":[{"@type":"ReadAction","target":["https:\/\/web.oirsa.org\/archivos\/3118"]}]},{"@type":"ImageObject","inLanguage":"en-US","@id":"https:\/\/web.oirsa.org\/archivos\/3118#primaryimage","url":"https:\/\/web.oirsa.org\/wp-content\/uploads\/2021\/12\/ElSalvadorsanidad3.jpg","contentUrl":"https:\/\/web.oirsa.org\/wp-content\/uploads\/2021\/12\/ElSalvadorsanidad3.jpg"},{"@type":"BreadcrumbList","@id":"https:\/\/web.oirsa.org\/archivos\/3118#breadcrumb","itemListElement":[{"@type":"ListItem","position":1,"name":"Portada","item":"https:\/\/web.oirsa.org\/"},{"@type":"ListItem","position":2,"name":"Se conmemora d\u00eda regional de la Sanidad Agropecuaria en El Salvador"}]},{"@type":"WebSite","@id":"https:\/\/web.oirsa.org\/#website","url":"https:\/\/web.oirsa.org\/","name":"OIRSA","description":"Organismo Internacional Regional de Sanidad Agropecuaria","publisher":{"@id":"https:\/\/web.oirsa.org\/#organization"},"potentialAction":[{"@type":"SearchAction","target":{"@type":"EntryPoint","urlTemplate":"https:\/\/web.oirsa.org\/?s={search_term_string}"},"query-input":{"@type":"PropertyValueSpecification","valueRequired":true,"valueName":"search_term_string"}}],"inLanguage":"en-US"},{"@type":"Organization","@id":"https:\/\/web.oirsa.org\/#organization","name":"OIRSA","url":"https:\/\/web.oirsa.org\/","logo":{"@type":"ImageObject","inLanguage":"en-US","@id":"https:\/\/web.oirsa.org\/#\/schema\/logo\/image\/","url":"https:\/\/web.oirsa.org\/wp-content\/uploads\/2024\/01\/cropped-LOGO-OIRSA-2023.png","contentUrl":"https:\/\/web.oirsa.org\/wp-content\/uploads\/2024\/01\/cropped-LOGO-OIRSA-2023.png","width":512,"height":512,"caption":"OIRSA"},"image":{"@id":"https:\/\/web.oirsa.org\/#\/schema\/logo\/image\/"},"sameAs":["https:\/\/www.facebook.com\/OIRSAoficial","https:\/\/x.com\/OIRSAoficial"]},{"@type":"Person","@id":"https:\/\/web.oirsa.org\/#\/schema\/person\/698e7776162ddf630ab36c5946d818ab","name":"sigfredoramirez","image":{"@type":"ImageObject","inLanguage":"en-US","@id":"https:\/\/secure.gravatar.com\/avatar\/cff1a22def7b03563530f2ba16145a6b6b5acbabc1f530f59eb045d7e21222e2?s=96&d=identicon&r=g","url":"https:\/\/secure.gravatar.com\/avatar\/cff1a22def7b03563530f2ba16145a6b6b5acbabc1f530f59eb045d7e21222e2?s=96&d=identicon&r=g","contentUrl":"https:\/\/secure.gravatar.com\/avatar\/cff1a22def7b03563530f2ba16145a6b6b5acbabc1f530f59eb045d7e21222e2?s=96&d=identicon&r=g","caption":"sigfredoramirez"}}]}},"jetpack_featured_media_url":"","jetpack_sharing_enabled":true,"_links":{"self":[{"href":"https:\/\/web.oirsa.org\/en\/wp-json\/wp\/v2\/posts\/3118","targetHints":{"allow":["GET"]}}],"collection":[{"href":"https:\/\/web.oirsa.org\/en\/wp-json\/wp\/v2\/posts"}],"about":[{"href":"https:\/\/web.oirsa.org\/en\/wp-json\/wp\/v2\/types\/post"}],"author":[{"embeddable":true,"href":"https:\/\/web.oirsa.org\/en\/wp-json\/wp\/v2\/users\/213237738"}],"replies":[{"embeddable":true,"href":"https:\/\/web.oirsa.org\/en\/wp-json\/wp\/v2\/comments?post=3118"}],"version-history":[{"count":2,"href":"https:\/\/web.oirsa.org\/en\/wp-json\/wp\/v2\/posts\/3118\/revisions"}],"predecessor-version":[{"id":3121,"href":"https:\/\/web.oirsa.org\/en\/wp-json\/wp\/v2\/posts\/3118\/revisions\/3121"}],"wp:attachment":[{"href":"https:\/\/web.oirsa.org\/en\/wp-json\/wp\/v2\/media?parent=3118"}],"wp:term":[{"taxonomy":"category","embeddable":true,"href":"https:\/\/web.oirsa.org\/en\/wp-json\/wp\/v2\/categories?post=3118"},{"taxonomy":"post_tag","embeddable":true,"href":"https:\/\/web.oirsa.org\/en\/wp-json\/wp\/v2\/tags?post=3118"}],"curies":[{"name":"wp","href":"https:\/\/api.w.org\/{rel}","templated":true}]}}