{"id":2999,"date":"2021-12-08T16:19:13","date_gmt":"2021-12-08T22:19:13","guid":{"rendered":"http:\/\/10.103.20.84\/?p=2999"},"modified":"2021-12-08T16:19:14","modified_gmt":"2021-12-08T22:19:14","slug":"exponen-prevencion-a-foc-r4t-en-7o-congreso-tecnico-bananero-de-colombia","status":"publish","type":"post","link":"https:\/\/web.oirsa.org\/en\/archivos\/2999","title":{"rendered":"Exponen prevenci\u00f3n a Foc R4T en 7\u00ba Congreso T\u00e9cnico Bananero de Colombia"},"content":{"rendered":"<p class=\"wp-block-paragraph\"><em>El director regional de Sanidad Vegetal del OIRSA, Carlos Ur\u00edas, present\u00f3 la prevenci\u00f3n en Mesoam\u00e9rica ante la amenaza de la marchitez por Fusarium de las mus\u00e1ceas Foc R4T.<\/em><\/p>\n\n\n\n<div class=\"wp-block-image\"><figure class=\"alignright size-full is-resized\"><img data-recalc-dims=\"1\" loading=\"lazy\" decoding=\"async\" src=\"https:\/\/i0.wp.com\/web.oirsa.org\/wp-content\/uploads\/2021\/12\/ColombiaUrias.jpg?resize=525%2C233&ssl=1\" alt=\"\" class=\"wp-image-3000\" width=\"525\" height=\"233\" srcset=\"https:\/\/i0.wp.com\/web.oirsa.org\/wp-content\/uploads\/2021\/12\/ColombiaUrias.jpg?w=900&ssl=1 900w, https:\/\/i0.wp.com\/web.oirsa.org\/wp-content\/uploads\/2021\/12\/ColombiaUrias.jpg?resize=300%2C133&ssl=1 300w, https:\/\/i0.wp.com\/web.oirsa.org\/wp-content\/uploads\/2021\/12\/ColombiaUrias.jpg?resize=768%2C341&ssl=1 768w\" sizes=\"auto, (max-width: 525px) 100vw, 525px\" \/><\/figure><\/div>\n\n\n\n<p class=\"wp-block-paragraph\"><strong>Viernes, 25 de agosto de 2017<\/strong>. Las l\u00edneas de acci\u00f3n del comando regional para la evaluaci\u00f3n de sistemas de exclusi\u00f3n y manejo de brotes \u2013que el OIRSA ha conformado junto a\u00a0<a href=\"https:\/\/www.embrapa.br\/\">EMBRAPA<\/a>\u00a0de Brasil y al\u00a0<a href=\"https:\/\/www.gob.mx\/senasica\">SENASICA\u00a0<\/a>de M\u00e9xico\u2013 fueron presentadas durante\u00a0<a href=\"http:\/\/www.augura.com.co\/cenibanano\/vii-congreso-tecnico-bananero\/memorias-%E2%80%A2-vii-congreso-tecnico-bananero-de-colombia\/\">el VII Congreso T\u00e9cnico Bananero de Colombia<\/a>. Una actividad que se desarroll\u00f3 del 10 al 11 de agosto de 2017 en la ciudad de Santa Marta.<\/p>\n\n\n\n<p class=\"wp-block-paragraph\">El director regional de Sanidad Vegetal del OIRSA, Carlos Ur\u00edas, expuso\u00a0<a href=\"http:\/\/www.augura.com.co\/wp-content\/uploads\/2017\/08\/9.-COMO-SE-ESTA-PREPARANDO-LA-REGION-ANTE-LA-AMENAZA-DE-Foc-R4T-LA-EXPERIENCIA-DE-OIRSA.pdf\">los planes de acci\u00f3n para la prevenci\u00f3n de la enfermedad<\/a>. El Foc R4T no est\u00e1 presente en el continente americano, pero es de alto riesgo para los pa\u00edses miembros del OIRSA. Por ello, deben tomar las medidas fitosanitarias pertinentes. El OIRSA ha elaborado un Plan de Contingencia ante un posible brote.<\/p>\n\n\n\n<p class=\"wp-block-paragraph\">The\u00a0<a href=\"http:\/\/www.augura.com.co\/\">Asociaci\u00f3n de Bananeros de Colombia (AUGURA<\/a>) fue el organizador del congreso y representa al 78% de los bananeros colombianos que exportan el producto. El congreso fue un espacio de intercambio de experiencias sobre temas relevantes para la agroindustria bananera. El evento cont\u00f3 con la participaci\u00f3n de especialistas en temas como nutrici\u00f3n, riego, drenaje, cambio clim\u00e1tico y fitosanidad del cultivo.<\/p>","protected":false},"excerpt":{"rendered":"<p>El director regional de Sanidad Vegetal del OIRSA, Carlos Ur\u00edas, present\u00f3 la prevenci\u00f3n en Mesoam\u00e9rica ante la amenaza de la [&hellip;]<\/p>\n","protected":false},"author":213237738,"featured_media":0,"comment_status":"open","ping_status":"open","sticky":false,"template":"","format":"standard","meta":{"_coblocks_attr":"","_coblocks_dimensions":"","_coblocks_responsive_height":"","_coblocks_accordion_ie_support":"","_crdt_document":"","_jetpack_memberships_contains_paid_content":false,"footnotes":""},"categories":[121903],"tags":[],"class_list":["post-2999","post","type-post","status-publish","format-standard","hentry","category-noticias"],"yoast_head":"<!-- This site is optimized with the Yoast SEO plugin v27.5 - https:\/\/yoast.com\/product\/yoast-seo-wordpress\/ -->\n<title>Exponen prevenci\u00f3n a Foc R4T en 7\u00ba Congreso T\u00e9cnico Bananero de Colombia - OIRSA<\/title>\n<meta name=\"description\" content=\"El director regional de Sanidad Vegetal del OIRSA, Carlos Ur\u00edas, present\u00f3 la prevenci\u00f3n en Mesoam\u00e9rica ante la amenaza de la marchitez por Fusarium de las\" \/>\n<meta name=\"robots\" content=\"index, follow, max-snippet:-1, max-image-preview:large, max-video-preview:-1\" \/>\n<link rel=\"canonical\" href=\"https:\/\/web.oirsa.org\/en\/archivos\/2999\/\" \/>\n<meta property=\"og:locale\" content=\"en_US\" \/>\n<meta property=\"og:type\" content=\"article\" \/>\n<meta property=\"og:title\" content=\"Exponen prevenci\u00f3n a Foc R4T en 7\u00ba Congreso T\u00e9cnico Bananero de Colombia - OIRSA\" \/>\n<meta property=\"og:description\" content=\"El director regional de Sanidad Vegetal del OIRSA, Carlos Ur\u00edas, present\u00f3 la prevenci\u00f3n en Mesoam\u00e9rica ante la amenaza de la marchitez por Fusarium de las\" \/>\n<meta property=\"og:url\" content=\"https:\/\/web.oirsa.org\/en\/archivos\/2999\/\" \/>\n<meta property=\"og:site_name\" content=\"OIRSA\" \/>\n<meta property=\"article:publisher\" content=\"https:\/\/www.facebook.com\/OIRSAoficial\" \/>\n<meta property=\"article:published_time\" content=\"2021-12-08T22:19:13+00:00\" \/>\n<meta property=\"article:modified_time\" content=\"2021-12-08T22:19:14+00:00\" \/>\n<meta property=\"og:image\" content=\"https:\/\/web.oirsa.org\/wp-content\/uploads\/2021\/12\/ColombiaUrias.jpg\" \/>\n<meta name=\"author\" content=\"sigfredoramirez\" \/>\n<meta name=\"twitter:card\" content=\"summary_large_image\" \/>\n<meta name=\"twitter:creator\" content=\"@OIRSAoficial\" \/>\n<meta name=\"twitter:site\" content=\"@OIRSAoficial\" \/>\n<meta name=\"twitter:label1\" content=\"Written by\" \/>\n\t<meta name=\"twitter:data1\" content=\"sigfredoramirez\" \/>\n\t<meta name=\"twitter:label2\" content=\"Est. reading time\" \/>\n\t<meta name=\"twitter:data2\" content=\"1 minute\" \/>\n<script type=\"application\/ld+json\" class=\"yoast-schema-graph\">{\"@context\":\"https:\\\/\\\/schema.org\",\"@graph\":[{\"@type\":\"Article\",\"@id\":\"https:\\\/\\\/web.oirsa.org\\\/archivos\\\/2999#article\",\"isPartOf\":{\"@id\":\"https:\\\/\\\/web.oirsa.org\\\/archivos\\\/2999\"},\"author\":{\"name\":\"sigfredoramirez\",\"@id\":\"https:\\\/\\\/web.oirsa.org\\\/#\\\/schema\\\/person\\\/698e7776162ddf630ab36c5946d818ab\"},\"headline\":\"Exponen prevenci\u00f3n a Foc R4T en 7\u00ba Congreso T\u00e9cnico Bananero de Colombia\",\"datePublished\":\"2021-12-08T22:19:13+00:00\",\"dateModified\":\"2021-12-08T22:19:14+00:00\",\"mainEntityOfPage\":{\"@id\":\"https:\\\/\\\/web.oirsa.org\\\/archivos\\\/2999\"},\"wordCount\":253,\"commentCount\":0,\"publisher\":{\"@id\":\"https:\\\/\\\/web.oirsa.org\\\/#organization\"},\"image\":{\"@id\":\"https:\\\/\\\/web.oirsa.org\\\/archivos\\\/2999#primaryimage\"},\"thumbnailUrl\":\"https:\\\/\\\/web.oirsa.org\\\/wp-content\\\/uploads\\\/2021\\\/12\\\/ColombiaUrias.jpg\",\"articleSection\":[\"Noticias\"],\"inLanguage\":\"en-US\",\"potentialAction\":[{\"@type\":\"CommentAction\",\"name\":\"Comment\",\"target\":[\"https:\\\/\\\/web.oirsa.org\\\/archivos\\\/2999#respond\"]}]},{\"@type\":\"WebPage\",\"@id\":\"https:\\\/\\\/web.oirsa.org\\\/archivos\\\/2999\",\"url\":\"https:\\\/\\\/web.oirsa.org\\\/archivos\\\/2999\",\"name\":\"Exponen prevenci\u00f3n a Foc R4T en 7\u00ba Congreso T\u00e9cnico Bananero de Colombia - OIRSA\",\"isPartOf\":{\"@id\":\"https:\\\/\\\/web.oirsa.org\\\/#website\"},\"primaryImageOfPage\":{\"@id\":\"https:\\\/\\\/web.oirsa.org\\\/archivos\\\/2999#primaryimage\"},\"image\":{\"@id\":\"https:\\\/\\\/web.oirsa.org\\\/archivos\\\/2999#primaryimage\"},\"thumbnailUrl\":\"https:\\\/\\\/web.oirsa.org\\\/wp-content\\\/uploads\\\/2021\\\/12\\\/ColombiaUrias.jpg\",\"datePublished\":\"2021-12-08T22:19:13+00:00\",\"dateModified\":\"2021-12-08T22:19:14+00:00\",\"description\":\"El director regional de Sanidad Vegetal del OIRSA, Carlos Ur\u00edas, present\u00f3 la prevenci\u00f3n en Mesoam\u00e9rica ante la amenaza de la marchitez por Fusarium de las\",\"breadcrumb\":{\"@id\":\"https:\\\/\\\/web.oirsa.org\\\/archivos\\\/2999#breadcrumb\"},\"inLanguage\":\"en-US\",\"potentialAction\":[{\"@type\":\"ReadAction\",\"target\":[\"https:\\\/\\\/web.oirsa.org\\\/archivos\\\/2999\"]}]},{\"@type\":\"ImageObject\",\"inLanguage\":\"en-US\",\"@id\":\"https:\\\/\\\/web.oirsa.org\\\/archivos\\\/2999#primaryimage\",\"url\":\"https:\\\/\\\/web.oirsa.org\\\/wp-content\\\/uploads\\\/2021\\\/12\\\/ColombiaUrias.jpg\",\"contentUrl\":\"https:\\\/\\\/web.oirsa.org\\\/wp-content\\\/uploads\\\/2021\\\/12\\\/ColombiaUrias.jpg\"},{\"@type\":\"BreadcrumbList\",\"@id\":\"https:\\\/\\\/web.oirsa.org\\\/archivos\\\/2999#breadcrumb\",\"itemListElement\":[{\"@type\":\"ListItem\",\"position\":1,\"name\":\"Portada\",\"item\":\"https:\\\/\\\/web.oirsa.org\\\/\"},{\"@type\":\"ListItem\",\"position\":2,\"name\":\"Exponen prevenci\u00f3n a Foc R4T en 7\u00ba Congreso T\u00e9cnico Bananero de Colombia\"}]},{\"@type\":\"WebSite\",\"@id\":\"https:\\\/\\\/web.oirsa.org\\\/#website\",\"url\":\"https:\\\/\\\/web.oirsa.org\\\/\",\"name\":\"OIRSA\",\"description\":\"Organismo Internacional Regional de Sanidad Agropecuaria\",\"publisher\":{\"@id\":\"https:\\\/\\\/web.oirsa.org\\\/#organization\"},\"potentialAction\":[{\"@type\":\"SearchAction\",\"target\":{\"@type\":\"EntryPoint\",\"urlTemplate\":\"https:\\\/\\\/web.oirsa.org\\\/?s={search_term_string}\"},\"query-input\":{\"@type\":\"PropertyValueSpecification\",\"valueRequired\":true,\"valueName\":\"search_term_string\"}}],\"inLanguage\":\"en-US\"},{\"@type\":\"Organization\",\"@id\":\"https:\\\/\\\/web.oirsa.org\\\/#organization\",\"name\":\"OIRSA\",\"url\":\"https:\\\/\\\/web.oirsa.org\\\/\",\"logo\":{\"@type\":\"ImageObject\",\"inLanguage\":\"en-US\",\"@id\":\"https:\\\/\\\/web.oirsa.org\\\/#\\\/schema\\\/logo\\\/image\\\/\",\"url\":\"https:\\\/\\\/web.oirsa.org\\\/wp-content\\\/uploads\\\/2024\\\/01\\\/cropped-LOGO-OIRSA-2023.png\",\"contentUrl\":\"https:\\\/\\\/web.oirsa.org\\\/wp-content\\\/uploads\\\/2024\\\/01\\\/cropped-LOGO-OIRSA-2023.png\",\"width\":512,\"height\":512,\"caption\":\"OIRSA\"},\"image\":{\"@id\":\"https:\\\/\\\/web.oirsa.org\\\/#\\\/schema\\\/logo\\\/image\\\/\"},\"sameAs\":[\"https:\\\/\\\/www.facebook.com\\\/OIRSAoficial\",\"https:\\\/\\\/x.com\\\/OIRSAoficial\"]},{\"@type\":\"Person\",\"@id\":\"https:\\\/\\\/web.oirsa.org\\\/#\\\/schema\\\/person\\\/698e7776162ddf630ab36c5946d818ab\",\"name\":\"sigfredoramirez\",\"image\":{\"@type\":\"ImageObject\",\"inLanguage\":\"en-US\",\"@id\":\"https:\\\/\\\/secure.gravatar.com\\\/avatar\\\/cff1a22def7b03563530f2ba16145a6b6b5acbabc1f530f59eb045d7e21222e2?s=96&d=identicon&r=g\",\"url\":\"https:\\\/\\\/secure.gravatar.com\\\/avatar\\\/cff1a22def7b03563530f2ba16145a6b6b5acbabc1f530f59eb045d7e21222e2?s=96&d=identicon&r=g\",\"contentUrl\":\"https:\\\/\\\/secure.gravatar.com\\\/avatar\\\/cff1a22def7b03563530f2ba16145a6b6b5acbabc1f530f59eb045d7e21222e2?s=96&d=identicon&r=g\",\"caption\":\"sigfredoramirez\"}}]}<\/script>\n<!-- \/ Yoast SEO plugin. -->","yoast_head_json":{"title":"Exponen prevenci\u00f3n a Foc R4T en 7\u00ba Congreso T\u00e9cnico Bananero de Colombia - OIRSA","description":"El director regional de Sanidad Vegetal del OIRSA, Carlos Ur\u00edas, present\u00f3 la prevenci\u00f3n en Mesoam\u00e9rica ante la amenaza de la marchitez por Fusarium de las","robots":{"index":"index","follow":"follow","max-snippet":"max-snippet:-1","max-image-preview":"max-image-preview:large","max-video-preview":"max-video-preview:-1"},"canonical":"https:\/\/web.oirsa.org\/en\/archivos\/2999\/","og_locale":"en_US","og_type":"article","og_title":"Exponen prevenci\u00f3n a Foc R4T en 7\u00ba Congreso T\u00e9cnico Bananero de Colombia - OIRSA","og_description":"El director regional de Sanidad Vegetal del OIRSA, Carlos Ur\u00edas, present\u00f3 la prevenci\u00f3n en Mesoam\u00e9rica ante la amenaza de la marchitez por Fusarium de las","og_url":"https:\/\/web.oirsa.org\/en\/archivos\/2999\/","og_site_name":"OIRSA","article_publisher":"https:\/\/www.facebook.com\/OIRSAoficial","article_published_time":"2021-12-08T22:19:13+00:00","article_modified_time":"2021-12-08T22:19:14+00:00","og_image":[{"url":"https:\/\/web.oirsa.org\/wp-content\/uploads\/2021\/12\/ColombiaUrias.jpg","type":"","width":"","height":""}],"author":"sigfredoramirez","twitter_card":"summary_large_image","twitter_creator":"@OIRSAoficial","twitter_site":"@OIRSAoficial","twitter_misc":{"Written by":"sigfredoramirez","Est. reading time":"1 minute"},"schema":{"@context":"https:\/\/schema.org","@graph":[{"@type":"Article","@id":"https:\/\/web.oirsa.org\/archivos\/2999#article","isPartOf":{"@id":"https:\/\/web.oirsa.org\/archivos\/2999"},"author":{"name":"sigfredoramirez","@id":"https:\/\/web.oirsa.org\/#\/schema\/person\/698e7776162ddf630ab36c5946d818ab"},"headline":"Exponen prevenci\u00f3n a Foc R4T en 7\u00ba Congreso T\u00e9cnico Bananero de Colombia","datePublished":"2021-12-08T22:19:13+00:00","dateModified":"2021-12-08T22:19:14+00:00","mainEntityOfPage":{"@id":"https:\/\/web.oirsa.org\/archivos\/2999"},"wordCount":253,"commentCount":0,"publisher":{"@id":"https:\/\/web.oirsa.org\/#organization"},"image":{"@id":"https:\/\/web.oirsa.org\/archivos\/2999#primaryimage"},"thumbnailUrl":"https:\/\/web.oirsa.org\/wp-content\/uploads\/2021\/12\/ColombiaUrias.jpg","articleSection":["Noticias"],"inLanguage":"en-US","potentialAction":[{"@type":"CommentAction","name":"Comment","target":["https:\/\/web.oirsa.org\/archivos\/2999#respond"]}]},{"@type":"WebPage","@id":"https:\/\/web.oirsa.org\/archivos\/2999","url":"https:\/\/web.oirsa.org\/archivos\/2999","name":"Exponen prevenci\u00f3n a Foc R4T en 7\u00ba Congreso T\u00e9cnico Bananero de Colombia - OIRSA","isPartOf":{"@id":"https:\/\/web.oirsa.org\/#website"},"primaryImageOfPage":{"@id":"https:\/\/web.oirsa.org\/archivos\/2999#primaryimage"},"image":{"@id":"https:\/\/web.oirsa.org\/archivos\/2999#primaryimage"},"thumbnailUrl":"https:\/\/web.oirsa.org\/wp-content\/uploads\/2021\/12\/ColombiaUrias.jpg","datePublished":"2021-12-08T22:19:13+00:00","dateModified":"2021-12-08T22:19:14+00:00","description":"El director regional de Sanidad Vegetal del OIRSA, Carlos Ur\u00edas, present\u00f3 la prevenci\u00f3n en Mesoam\u00e9rica ante la amenaza de la marchitez por Fusarium de las","breadcrumb":{"@id":"https:\/\/web.oirsa.org\/archivos\/2999#breadcrumb"},"inLanguage":"en-US","potentialAction":[{"@type":"ReadAction","target":["https:\/\/web.oirsa.org\/archivos\/2999"]}]},{"@type":"ImageObject","inLanguage":"en-US","@id":"https:\/\/web.oirsa.org\/archivos\/2999#primaryimage","url":"https:\/\/web.oirsa.org\/wp-content\/uploads\/2021\/12\/ColombiaUrias.jpg","contentUrl":"https:\/\/web.oirsa.org\/wp-content\/uploads\/2021\/12\/ColombiaUrias.jpg"},{"@type":"BreadcrumbList","@id":"https:\/\/web.oirsa.org\/archivos\/2999#breadcrumb","itemListElement":[{"@type":"ListItem","position":1,"name":"Portada","item":"https:\/\/web.oirsa.org\/"},{"@type":"ListItem","position":2,"name":"Exponen prevenci\u00f3n a Foc R4T en 7\u00ba Congreso T\u00e9cnico Bananero de Colombia"}]},{"@type":"WebSite","@id":"https:\/\/web.oirsa.org\/#website","url":"https:\/\/web.oirsa.org\/","name":"OIRSA","description":"Organismo Internacional Regional de Sanidad Agropecuaria","publisher":{"@id":"https:\/\/web.oirsa.org\/#organization"},"potentialAction":[{"@type":"SearchAction","target":{"@type":"EntryPoint","urlTemplate":"https:\/\/web.oirsa.org\/?s={search_term_string}"},"query-input":{"@type":"PropertyValueSpecification","valueRequired":true,"valueName":"search_term_string"}}],"inLanguage":"en-US"},{"@type":"Organization","@id":"https:\/\/web.oirsa.org\/#organization","name":"OIRSA","url":"https:\/\/web.oirsa.org\/","logo":{"@type":"ImageObject","inLanguage":"en-US","@id":"https:\/\/web.oirsa.org\/#\/schema\/logo\/image\/","url":"https:\/\/web.oirsa.org\/wp-content\/uploads\/2024\/01\/cropped-LOGO-OIRSA-2023.png","contentUrl":"https:\/\/web.oirsa.org\/wp-content\/uploads\/2024\/01\/cropped-LOGO-OIRSA-2023.png","width":512,"height":512,"caption":"OIRSA"},"image":{"@id":"https:\/\/web.oirsa.org\/#\/schema\/logo\/image\/"},"sameAs":["https:\/\/www.facebook.com\/OIRSAoficial","https:\/\/x.com\/OIRSAoficial"]},{"@type":"Person","@id":"https:\/\/web.oirsa.org\/#\/schema\/person\/698e7776162ddf630ab36c5946d818ab","name":"sigfredoramirez","image":{"@type":"ImageObject","inLanguage":"en-US","@id":"https:\/\/secure.gravatar.com\/avatar\/cff1a22def7b03563530f2ba16145a6b6b5acbabc1f530f59eb045d7e21222e2?s=96&d=identicon&r=g","url":"https:\/\/secure.gravatar.com\/avatar\/cff1a22def7b03563530f2ba16145a6b6b5acbabc1f530f59eb045d7e21222e2?s=96&d=identicon&r=g","contentUrl":"https:\/\/secure.gravatar.com\/avatar\/cff1a22def7b03563530f2ba16145a6b6b5acbabc1f530f59eb045d7e21222e2?s=96&d=identicon&r=g","caption":"sigfredoramirez"}}]}},"jetpack_featured_media_url":"","jetpack_sharing_enabled":true,"_links":{"self":[{"href":"https:\/\/web.oirsa.org\/en\/wp-json\/wp\/v2\/posts\/2999","targetHints":{"allow":["GET"]}}],"collection":[{"href":"https:\/\/web.oirsa.org\/en\/wp-json\/wp\/v2\/posts"}],"about":[{"href":"https:\/\/web.oirsa.org\/en\/wp-json\/wp\/v2\/types\/post"}],"author":[{"embeddable":true,"href":"https:\/\/web.oirsa.org\/en\/wp-json\/wp\/v2\/users\/213237738"}],"replies":[{"embeddable":true,"href":"https:\/\/web.oirsa.org\/en\/wp-json\/wp\/v2\/comments?post=2999"}],"version-history":[{"count":1,"href":"https:\/\/web.oirsa.org\/en\/wp-json\/wp\/v2\/posts\/2999\/revisions"}],"predecessor-version":[{"id":3001,"href":"https:\/\/web.oirsa.org\/en\/wp-json\/wp\/v2\/posts\/2999\/revisions\/3001"}],"wp:attachment":[{"href":"https:\/\/web.oirsa.org\/en\/wp-json\/wp\/v2\/media?parent=2999"}],"wp:term":[{"taxonomy":"category","embeddable":true,"href":"https:\/\/web.oirsa.org\/en\/wp-json\/wp\/v2\/categories?post=2999"},{"taxonomy":"post_tag","embeddable":true,"href":"https:\/\/web.oirsa.org\/en\/wp-json\/wp\/v2\/tags?post=2999"}],"curies":[{"name":"wp","href":"https:\/\/api.w.org\/{rel}","templated":true}]}}