{"id":2978,"date":"2021-12-08T16:08:27","date_gmt":"2021-12-08T22:08:27","guid":{"rendered":"http:\/\/10.103.20.84\/?p=2978"},"modified":"2021-12-08T16:08:28","modified_gmt":"2021-12-08T22:08:28","slug":"costa-rica-oirsa-expone-relacion-entre-sanidad-agropecuaria-y-objetivos-de-desarrollo-sostenible","status":"publish","type":"post","link":"https:\/\/web.oirsa.org\/en\/archivos\/2978","title":{"rendered":"Costa Rica: OIRSA expone relaci\u00f3n entre sanidad agropecuaria y objetivos de desarrollo sostenible"},"content":{"rendered":"<p class=\"wp-block-paragraph\"><em>El director ejecutivo del Organismo, Efra\u00edn Medina, realiz\u00f3 una presentaci\u00f3n en el marco de la celebraci\u00f3n del 75 aniversario del Ministerio de Agricultura y Ganader\u00eda (MAG) del pa\u00eds.<\/em><\/p>\n\n\n\n<div class=\"wp-block-image\"><figure class=\"alignright size-full is-resized\"><img data-recalc-dims=\"1\" loading=\"lazy\" decoding=\"async\" src=\"https:\/\/i0.wp.com\/web.oirsa.org\/wp-content\/uploads\/2021\/12\/ReconocimientoMAG1.jpg?resize=434%2C193&#038;ssl=1\" alt=\"\" class=\"wp-image-2979\" width=\"434\" height=\"193\" srcset=\"https:\/\/i0.wp.com\/web.oirsa.org\/wp-content\/uploads\/2021\/12\/ReconocimientoMAG1.jpg?w=900&amp;ssl=1 900w, https:\/\/i0.wp.com\/web.oirsa.org\/wp-content\/uploads\/2021\/12\/ReconocimientoMAG1.jpg?resize=300%2C133&amp;ssl=1 300w, https:\/\/i0.wp.com\/web.oirsa.org\/wp-content\/uploads\/2021\/12\/ReconocimientoMAG1.jpg?resize=768%2C341&amp;ssl=1 768w\" sizes=\"auto, (max-width: 434px) 100vw, 434px\" \/><\/figure><\/div>\n\n\n\n<p class=\"wp-block-paragraph\"><strong>Jueves, 17 de agosto de 2017<\/strong>. El director ejecutivo del OIRSA, Efra\u00edn Medina, realiz\u00f3 una presentaci\u00f3n sobre la sanidad agropecuaria y su relaci\u00f3n con los objetivos de desarrollo sostenible, en el marco del 75 aniversario de la fundaci\u00f3n&nbsp;<a href=\"https:\/\/www.facebook.com\/MAGCOSTARICA\/\">del Ministerio de Agricultura y Ganader\u00eda (MAG) de Costa Rica<\/a>. La actividad se efectu\u00f3 el pasado 14 de agosto de 2017.<\/p>\n\n\n\n<p class=\"wp-block-paragraph\">Durante la presentaci\u00f3n \u2013desarrollada en la sala de exministros del MAG\u2013, Medina ahond\u00f3 en la sanidad agropecuaria como pilar estrat\u00e9gico que permite el cumplimiento de l<a href=\"http:\/\/www.un.org\/sustainabledevelopment\/es\/objetivos-de-desarrollo-sostenible\/\">os objetivos de desarrollo sostenible establecidos por Naciones Unidas&nbsp;<\/a>como hambre cero, salud y bienestar, agua limpia y saneamiento, acci\u00f3n por el clima, y vida de ecosistemas terrestres.<\/p>\n\n\n\n<p class=\"wp-block-paragraph\">La exposici\u00f3n fue parte de una serie de actividades y conferencias magistrales que realiza el MAG durante el mes de agosto, para conmemorar el 75 aniversario de su fundaci\u00f3n, y en las que han participado el&nbsp;<a href=\"http:\/\/www.inta.go.cr\/\">Instituto Nacional de Innovaci\u00f3n y Transferencia en Tecnolog\u00eda Agropecuaria (INTA)<\/a>, la FAO, el IICA, OIRSA, entre otros.&nbsp; &nbsp;&nbsp;<\/p>\n\n\n\n<p class=\"wp-block-paragraph\">En el marco del aniversario, el director del OIRSA entreg\u00f3 un testimonio de reconocimiento al MAG por su contribuci\u00f3n al desarrollo agropecuario y rural del pa\u00eds; y el apoyo a los productores del agro costarricense para su productividad y diversificaci\u00f3n; impulsando el acceso y competitividad en mercados nacionales e internacionales.<\/p>","protected":false},"excerpt":{"rendered":"<p>El director ejecutivo del Organismo, Efra\u00edn Medina, realiz\u00f3 una presentaci\u00f3n en el marco de la celebraci\u00f3n del 75 aniversario del [&hellip;]<\/p>\n","protected":false},"author":213237738,"featured_media":0,"comment_status":"open","ping_status":"open","sticky":false,"template":"","format":"standard","meta":{"_coblocks_attr":"","_coblocks_dimensions":"","_coblocks_responsive_height":"","_coblocks_accordion_ie_support":"","_crdt_document":"","_jetpack_memberships_contains_paid_content":false,"footnotes":""},"categories":[121903],"tags":[],"class_list":["post-2978","post","type-post","status-publish","format-standard","hentry","category-noticias"],"yoast_head":"<!-- This site is optimized with the Yoast SEO plugin v27.4 - https:\/\/yoast.com\/product\/yoast-seo-wordpress\/ -->\n<title>Costa Rica: OIRSA expone relaci\u00f3n entre sanidad agropecuaria y objetivos de desarrollo sostenible - OIRSA<\/title>\n<meta name=\"description\" content=\"El director ejecutivo del Organismo, Efra\u00edn Medina, realiz\u00f3 una presentaci\u00f3n en el marco de la celebraci\u00f3n del 75 aniversario del Ministerio de\" \/>\n<meta name=\"robots\" content=\"index, follow, max-snippet:-1, max-image-preview:large, max-video-preview:-1\" \/>\n<link rel=\"canonical\" href=\"https:\/\/web.oirsa.org\/en\/archivos\/2978\/\" \/>\n<meta property=\"og:locale\" content=\"en_US\" \/>\n<meta property=\"og:type\" content=\"article\" \/>\n<meta property=\"og:title\" content=\"Costa Rica: OIRSA expone relaci\u00f3n entre sanidad agropecuaria y objetivos de desarrollo sostenible - OIRSA\" \/>\n<meta property=\"og:description\" content=\"El director ejecutivo del Organismo, Efra\u00edn Medina, realiz\u00f3 una presentaci\u00f3n en el marco de la celebraci\u00f3n del 75 aniversario del Ministerio de\" \/>\n<meta property=\"og:url\" content=\"https:\/\/web.oirsa.org\/en\/archivos\/2978\/\" \/>\n<meta property=\"og:site_name\" content=\"OIRSA\" \/>\n<meta property=\"article:publisher\" content=\"https:\/\/www.facebook.com\/OIRSAoficial\" \/>\n<meta property=\"article:published_time\" content=\"2021-12-08T22:08:27+00:00\" \/>\n<meta property=\"article:modified_time\" content=\"2021-12-08T22:08:28+00:00\" \/>\n<meta property=\"og:image\" content=\"https:\/\/web.oirsa.org\/wp-content\/uploads\/2021\/12\/ReconocimientoMAG1.jpg\" \/>\n<meta name=\"author\" content=\"sigfredoramirez\" \/>\n<meta name=\"twitter:card\" content=\"summary_large_image\" \/>\n<meta name=\"twitter:creator\" content=\"@OIRSAoficial\" \/>\n<meta name=\"twitter:site\" content=\"@OIRSAoficial\" \/>\n<meta name=\"twitter:label1\" content=\"Written by\" \/>\n\t<meta name=\"twitter:data1\" content=\"sigfredoramirez\" \/>\n\t<meta name=\"twitter:label2\" content=\"Est. reading time\" \/>\n\t<meta name=\"twitter:data2\" content=\"1 minute\" \/>\n<script type=\"application\/ld+json\" class=\"yoast-schema-graph\">{\"@context\":\"https:\\\/\\\/schema.org\",\"@graph\":[{\"@type\":\"Article\",\"@id\":\"https:\\\/\\\/web.oirsa.org\\\/archivos\\\/2978#article\",\"isPartOf\":{\"@id\":\"https:\\\/\\\/web.oirsa.org\\\/archivos\\\/2978\"},\"author\":{\"name\":\"sigfredoramirez\",\"@id\":\"https:\\\/\\\/web.oirsa.org\\\/#\\\/schema\\\/person\\\/698e7776162ddf630ab36c5946d818ab\"},\"headline\":\"Costa Rica: OIRSA expone relaci\u00f3n entre sanidad agropecuaria y objetivos de desarrollo sostenible\",\"datePublished\":\"2021-12-08T22:08:27+00:00\",\"dateModified\":\"2021-12-08T22:08:28+00:00\",\"mainEntityOfPage\":{\"@id\":\"https:\\\/\\\/web.oirsa.org\\\/archivos\\\/2978\"},\"wordCount\":276,\"commentCount\":0,\"publisher\":{\"@id\":\"https:\\\/\\\/web.oirsa.org\\\/#organization\"},\"image\":{\"@id\":\"https:\\\/\\\/web.oirsa.org\\\/archivos\\\/2978#primaryimage\"},\"thumbnailUrl\":\"https:\\\/\\\/web.oirsa.org\\\/wp-content\\\/uploads\\\/2021\\\/12\\\/ReconocimientoMAG1.jpg\",\"articleSection\":[\"Noticias\"],\"inLanguage\":\"en-US\",\"potentialAction\":[{\"@type\":\"CommentAction\",\"name\":\"Comment\",\"target\":[\"https:\\\/\\\/web.oirsa.org\\\/archivos\\\/2978#respond\"]}]},{\"@type\":\"WebPage\",\"@id\":\"https:\\\/\\\/web.oirsa.org\\\/archivos\\\/2978\",\"url\":\"https:\\\/\\\/web.oirsa.org\\\/archivos\\\/2978\",\"name\":\"Costa Rica: OIRSA expone relaci\u00f3n entre sanidad agropecuaria y objetivos de desarrollo sostenible - OIRSA\",\"isPartOf\":{\"@id\":\"https:\\\/\\\/web.oirsa.org\\\/#website\"},\"primaryImageOfPage\":{\"@id\":\"https:\\\/\\\/web.oirsa.org\\\/archivos\\\/2978#primaryimage\"},\"image\":{\"@id\":\"https:\\\/\\\/web.oirsa.org\\\/archivos\\\/2978#primaryimage\"},\"thumbnailUrl\":\"https:\\\/\\\/web.oirsa.org\\\/wp-content\\\/uploads\\\/2021\\\/12\\\/ReconocimientoMAG1.jpg\",\"datePublished\":\"2021-12-08T22:08:27+00:00\",\"dateModified\":\"2021-12-08T22:08:28+00:00\",\"description\":\"El director ejecutivo del Organismo, Efra\u00edn Medina, realiz\u00f3 una presentaci\u00f3n en el marco de la celebraci\u00f3n del 75 aniversario del Ministerio de\",\"breadcrumb\":{\"@id\":\"https:\\\/\\\/web.oirsa.org\\\/archivos\\\/2978#breadcrumb\"},\"inLanguage\":\"en-US\",\"potentialAction\":[{\"@type\":\"ReadAction\",\"target\":[\"https:\\\/\\\/web.oirsa.org\\\/archivos\\\/2978\"]}]},{\"@type\":\"ImageObject\",\"inLanguage\":\"en-US\",\"@id\":\"https:\\\/\\\/web.oirsa.org\\\/archivos\\\/2978#primaryimage\",\"url\":\"https:\\\/\\\/web.oirsa.org\\\/wp-content\\\/uploads\\\/2021\\\/12\\\/ReconocimientoMAG1.jpg\",\"contentUrl\":\"https:\\\/\\\/web.oirsa.org\\\/wp-content\\\/uploads\\\/2021\\\/12\\\/ReconocimientoMAG1.jpg\"},{\"@type\":\"BreadcrumbList\",\"@id\":\"https:\\\/\\\/web.oirsa.org\\\/archivos\\\/2978#breadcrumb\",\"itemListElement\":[{\"@type\":\"ListItem\",\"position\":1,\"name\":\"Portada\",\"item\":\"https:\\\/\\\/web.oirsa.org\\\/\"},{\"@type\":\"ListItem\",\"position\":2,\"name\":\"Costa Rica: OIRSA expone relaci\u00f3n entre sanidad agropecuaria y objetivos de desarrollo sostenible\"}]},{\"@type\":\"WebSite\",\"@id\":\"https:\\\/\\\/web.oirsa.org\\\/#website\",\"url\":\"https:\\\/\\\/web.oirsa.org\\\/\",\"name\":\"OIRSA\",\"description\":\"Organismo Internacional Regional de Sanidad Agropecuaria\",\"publisher\":{\"@id\":\"https:\\\/\\\/web.oirsa.org\\\/#organization\"},\"potentialAction\":[{\"@type\":\"SearchAction\",\"target\":{\"@type\":\"EntryPoint\",\"urlTemplate\":\"https:\\\/\\\/web.oirsa.org\\\/?s={search_term_string}\"},\"query-input\":{\"@type\":\"PropertyValueSpecification\",\"valueRequired\":true,\"valueName\":\"search_term_string\"}}],\"inLanguage\":\"en-US\"},{\"@type\":\"Organization\",\"@id\":\"https:\\\/\\\/web.oirsa.org\\\/#organization\",\"name\":\"OIRSA\",\"url\":\"https:\\\/\\\/web.oirsa.org\\\/\",\"logo\":{\"@type\":\"ImageObject\",\"inLanguage\":\"en-US\",\"@id\":\"https:\\\/\\\/web.oirsa.org\\\/#\\\/schema\\\/logo\\\/image\\\/\",\"url\":\"https:\\\/\\\/web.oirsa.org\\\/wp-content\\\/uploads\\\/2024\\\/01\\\/cropped-LOGO-OIRSA-2023.png\",\"contentUrl\":\"https:\\\/\\\/web.oirsa.org\\\/wp-content\\\/uploads\\\/2024\\\/01\\\/cropped-LOGO-OIRSA-2023.png\",\"width\":512,\"height\":512,\"caption\":\"OIRSA\"},\"image\":{\"@id\":\"https:\\\/\\\/web.oirsa.org\\\/#\\\/schema\\\/logo\\\/image\\\/\"},\"sameAs\":[\"https:\\\/\\\/www.facebook.com\\\/OIRSAoficial\",\"https:\\\/\\\/x.com\\\/OIRSAoficial\"]},{\"@type\":\"Person\",\"@id\":\"https:\\\/\\\/web.oirsa.org\\\/#\\\/schema\\\/person\\\/698e7776162ddf630ab36c5946d818ab\",\"name\":\"sigfredoramirez\",\"image\":{\"@type\":\"ImageObject\",\"inLanguage\":\"en-US\",\"@id\":\"https:\\\/\\\/secure.gravatar.com\\\/avatar\\\/cff1a22def7b03563530f2ba16145a6b6b5acbabc1f530f59eb045d7e21222e2?s=96&d=identicon&r=g\",\"url\":\"https:\\\/\\\/secure.gravatar.com\\\/avatar\\\/cff1a22def7b03563530f2ba16145a6b6b5acbabc1f530f59eb045d7e21222e2?s=96&d=identicon&r=g\",\"contentUrl\":\"https:\\\/\\\/secure.gravatar.com\\\/avatar\\\/cff1a22def7b03563530f2ba16145a6b6b5acbabc1f530f59eb045d7e21222e2?s=96&d=identicon&r=g\",\"caption\":\"sigfredoramirez\"}}]}<\/script>\n<!-- \/ Yoast SEO plugin. -->","yoast_head_json":{"title":"Costa Rica: OIRSA expone relaci\u00f3n entre sanidad agropecuaria y objetivos de desarrollo sostenible - OIRSA","description":"El director ejecutivo del Organismo, Efra\u00edn Medina, realiz\u00f3 una presentaci\u00f3n en el marco de la celebraci\u00f3n del 75 aniversario del Ministerio de","robots":{"index":"index","follow":"follow","max-snippet":"max-snippet:-1","max-image-preview":"max-image-preview:large","max-video-preview":"max-video-preview:-1"},"canonical":"https:\/\/web.oirsa.org\/en\/archivos\/2978\/","og_locale":"en_US","og_type":"article","og_title":"Costa Rica: OIRSA expone relaci\u00f3n entre sanidad agropecuaria y objetivos de desarrollo sostenible - OIRSA","og_description":"El director ejecutivo del Organismo, Efra\u00edn Medina, realiz\u00f3 una presentaci\u00f3n en el marco de la celebraci\u00f3n del 75 aniversario del Ministerio de","og_url":"https:\/\/web.oirsa.org\/en\/archivos\/2978\/","og_site_name":"OIRSA","article_publisher":"https:\/\/www.facebook.com\/OIRSAoficial","article_published_time":"2021-12-08T22:08:27+00:00","article_modified_time":"2021-12-08T22:08:28+00:00","og_image":[{"url":"https:\/\/web.oirsa.org\/wp-content\/uploads\/2021\/12\/ReconocimientoMAG1.jpg","type":"","width":"","height":""}],"author":"sigfredoramirez","twitter_card":"summary_large_image","twitter_creator":"@OIRSAoficial","twitter_site":"@OIRSAoficial","twitter_misc":{"Written by":"sigfredoramirez","Est. reading time":"1 minute"},"schema":{"@context":"https:\/\/schema.org","@graph":[{"@type":"Article","@id":"https:\/\/web.oirsa.org\/archivos\/2978#article","isPartOf":{"@id":"https:\/\/web.oirsa.org\/archivos\/2978"},"author":{"name":"sigfredoramirez","@id":"https:\/\/web.oirsa.org\/#\/schema\/person\/698e7776162ddf630ab36c5946d818ab"},"headline":"Costa Rica: OIRSA expone relaci\u00f3n entre sanidad agropecuaria y objetivos de desarrollo sostenible","datePublished":"2021-12-08T22:08:27+00:00","dateModified":"2021-12-08T22:08:28+00:00","mainEntityOfPage":{"@id":"https:\/\/web.oirsa.org\/archivos\/2978"},"wordCount":276,"commentCount":0,"publisher":{"@id":"https:\/\/web.oirsa.org\/#organization"},"image":{"@id":"https:\/\/web.oirsa.org\/archivos\/2978#primaryimage"},"thumbnailUrl":"https:\/\/web.oirsa.org\/wp-content\/uploads\/2021\/12\/ReconocimientoMAG1.jpg","articleSection":["Noticias"],"inLanguage":"en-US","potentialAction":[{"@type":"CommentAction","name":"Comment","target":["https:\/\/web.oirsa.org\/archivos\/2978#respond"]}]},{"@type":"WebPage","@id":"https:\/\/web.oirsa.org\/archivos\/2978","url":"https:\/\/web.oirsa.org\/archivos\/2978","name":"Costa Rica: OIRSA expone relaci\u00f3n entre sanidad agropecuaria y objetivos de desarrollo sostenible - OIRSA","isPartOf":{"@id":"https:\/\/web.oirsa.org\/#website"},"primaryImageOfPage":{"@id":"https:\/\/web.oirsa.org\/archivos\/2978#primaryimage"},"image":{"@id":"https:\/\/web.oirsa.org\/archivos\/2978#primaryimage"},"thumbnailUrl":"https:\/\/web.oirsa.org\/wp-content\/uploads\/2021\/12\/ReconocimientoMAG1.jpg","datePublished":"2021-12-08T22:08:27+00:00","dateModified":"2021-12-08T22:08:28+00:00","description":"El director ejecutivo del Organismo, Efra\u00edn Medina, realiz\u00f3 una presentaci\u00f3n en el marco de la celebraci\u00f3n del 75 aniversario del Ministerio de","breadcrumb":{"@id":"https:\/\/web.oirsa.org\/archivos\/2978#breadcrumb"},"inLanguage":"en-US","potentialAction":[{"@type":"ReadAction","target":["https:\/\/web.oirsa.org\/archivos\/2978"]}]},{"@type":"ImageObject","inLanguage":"en-US","@id":"https:\/\/web.oirsa.org\/archivos\/2978#primaryimage","url":"https:\/\/web.oirsa.org\/wp-content\/uploads\/2021\/12\/ReconocimientoMAG1.jpg","contentUrl":"https:\/\/web.oirsa.org\/wp-content\/uploads\/2021\/12\/ReconocimientoMAG1.jpg"},{"@type":"BreadcrumbList","@id":"https:\/\/web.oirsa.org\/archivos\/2978#breadcrumb","itemListElement":[{"@type":"ListItem","position":1,"name":"Portada","item":"https:\/\/web.oirsa.org\/"},{"@type":"ListItem","position":2,"name":"Costa Rica: OIRSA expone relaci\u00f3n entre sanidad agropecuaria y objetivos de desarrollo sostenible"}]},{"@type":"WebSite","@id":"https:\/\/web.oirsa.org\/#website","url":"https:\/\/web.oirsa.org\/","name":"OIRSA","description":"Organismo Internacional Regional de Sanidad Agropecuaria","publisher":{"@id":"https:\/\/web.oirsa.org\/#organization"},"potentialAction":[{"@type":"SearchAction","target":{"@type":"EntryPoint","urlTemplate":"https:\/\/web.oirsa.org\/?s={search_term_string}"},"query-input":{"@type":"PropertyValueSpecification","valueRequired":true,"valueName":"search_term_string"}}],"inLanguage":"en-US"},{"@type":"Organization","@id":"https:\/\/web.oirsa.org\/#organization","name":"OIRSA","url":"https:\/\/web.oirsa.org\/","logo":{"@type":"ImageObject","inLanguage":"en-US","@id":"https:\/\/web.oirsa.org\/#\/schema\/logo\/image\/","url":"https:\/\/web.oirsa.org\/wp-content\/uploads\/2024\/01\/cropped-LOGO-OIRSA-2023.png","contentUrl":"https:\/\/web.oirsa.org\/wp-content\/uploads\/2024\/01\/cropped-LOGO-OIRSA-2023.png","width":512,"height":512,"caption":"OIRSA"},"image":{"@id":"https:\/\/web.oirsa.org\/#\/schema\/logo\/image\/"},"sameAs":["https:\/\/www.facebook.com\/OIRSAoficial","https:\/\/x.com\/OIRSAoficial"]},{"@type":"Person","@id":"https:\/\/web.oirsa.org\/#\/schema\/person\/698e7776162ddf630ab36c5946d818ab","name":"sigfredoramirez","image":{"@type":"ImageObject","inLanguage":"en-US","@id":"https:\/\/secure.gravatar.com\/avatar\/cff1a22def7b03563530f2ba16145a6b6b5acbabc1f530f59eb045d7e21222e2?s=96&d=identicon&r=g","url":"https:\/\/secure.gravatar.com\/avatar\/cff1a22def7b03563530f2ba16145a6b6b5acbabc1f530f59eb045d7e21222e2?s=96&d=identicon&r=g","contentUrl":"https:\/\/secure.gravatar.com\/avatar\/cff1a22def7b03563530f2ba16145a6b6b5acbabc1f530f59eb045d7e21222e2?s=96&d=identicon&r=g","caption":"sigfredoramirez"}}]}},"jetpack_featured_media_url":"","jetpack_sharing_enabled":true,"_links":{"self":[{"href":"https:\/\/web.oirsa.org\/en\/wp-json\/wp\/v2\/posts\/2978","targetHints":{"allow":["GET"]}}],"collection":[{"href":"https:\/\/web.oirsa.org\/en\/wp-json\/wp\/v2\/posts"}],"about":[{"href":"https:\/\/web.oirsa.org\/en\/wp-json\/wp\/v2\/types\/post"}],"author":[{"embeddable":true,"href":"https:\/\/web.oirsa.org\/en\/wp-json\/wp\/v2\/users\/213237738"}],"replies":[{"embeddable":true,"href":"https:\/\/web.oirsa.org\/en\/wp-json\/wp\/v2\/comments?post=2978"}],"version-history":[{"count":2,"href":"https:\/\/web.oirsa.org\/en\/wp-json\/wp\/v2\/posts\/2978\/revisions"}],"predecessor-version":[{"id":2981,"href":"https:\/\/web.oirsa.org\/en\/wp-json\/wp\/v2\/posts\/2978\/revisions\/2981"}],"wp:attachment":[{"href":"https:\/\/web.oirsa.org\/en\/wp-json\/wp\/v2\/media?parent=2978"}],"wp:term":[{"taxonomy":"category","embeddable":true,"href":"https:\/\/web.oirsa.org\/en\/wp-json\/wp\/v2\/categories?post=2978"},{"taxonomy":"post_tag","embeddable":true,"href":"https:\/\/web.oirsa.org\/en\/wp-json\/wp\/v2\/tags?post=2978"}],"curies":[{"name":"wp","href":"https:\/\/api.w.org\/{rel}","templated":true}]}}