{"id":2950,"date":"2021-12-08T11:51:39","date_gmt":"2021-12-08T17:51:39","guid":{"rendered":"http:\/\/10.103.20.84\/?p=2950"},"modified":"2021-12-08T11:51:40","modified_gmt":"2021-12-08T17:51:40","slug":"desarrollan-6-reunion-extraordinaria-de-comision-sudamericana-contra-fiebre-aftosa","status":"publish","type":"post","link":"https:\/\/web.oirsa.org\/en\/archivos\/2950","title":{"rendered":"Desarrollan 6\u00b0 reuni\u00f3n extraordinaria de Comisi\u00f3n Sudamericana contra Fiebre Aftosa"},"content":{"rendered":"<p class=\"wp-block-paragraph\"><em>El OIRSA particip\u00f3 en actividad en la que se conoci\u00f3 de las medidas sanitarias tomadas por las autoridades de Colombia ante el reaparecimiento de focos de fiebre aftosa en el pa\u00eds.<\/em><\/p>\n\n\n\n<div class=\"wp-block-image\"><figure class=\"alignright size-full is-resized\"><img data-recalc-dims=\"1\" loading=\"lazy\" decoding=\"async\" src=\"https:\/\/i0.wp.com\/web.oirsa.org\/wp-content\/uploads\/2021\/12\/AftosaBrasil.jpg?resize=525%2C233&#038;ssl=1\" alt=\"\" class=\"wp-image-2951\" width=\"525\" height=\"233\" srcset=\"https:\/\/i0.wp.com\/web.oirsa.org\/wp-content\/uploads\/2021\/12\/AftosaBrasil.jpg?w=900&amp;ssl=1 900w, https:\/\/i0.wp.com\/web.oirsa.org\/wp-content\/uploads\/2021\/12\/AftosaBrasil.jpg?resize=300%2C133&amp;ssl=1 300w, https:\/\/i0.wp.com\/web.oirsa.org\/wp-content\/uploads\/2021\/12\/AftosaBrasil.jpg?resize=768%2C341&amp;ssl=1 768w\" sizes=\"auto, (max-width: 525px) 100vw, 525px\" \/><\/figure><\/div>\n\n\n\n<p class=\"wp-block-paragraph\"><strong>Martes, 25 de julio de 2017<\/strong>. El director regional de Salud Animal, Luis Espinoza, particip\u00f3 en calidad de observador en la sexta reuni\u00f3n extraordinaria de&nbsp;<a href=\"http:\/\/www.paho.org\/panaftosa\/index.php?option=com_content&amp;view=article&amp;id=115:ique-es-cosalfa&amp;catid=756:aft-19-reuniao-ordinaria\">la Comisi\u00f3n Sudamericana para la Lucha contra la Fiebre Aftosa (COSALFA)<\/a>. Una actividad que se realiz\u00f3 el pasado viernes, 21 de julio de 2017 en la ciudad de Brasilia, Brasil.<\/p>\n\n\n\n<p class=\"wp-block-paragraph\">El principal objetivo de la reuni\u00f3n fue conocer las medidas sanitarias que el Instituto Colombiano Agropecuario (ICA) ha desplegado en la contenci\u00f3n de la\u00a0emergencia declarada en el pa\u00eds ante el reaparecimiento de focos de fiebre aftosa serotipo \u201cO\u201d\u00a0localizados en los departamentos de Arauca, Cundinamarca y Norte de Santander.<\/p>\n\n\n\n<p class=\"wp-block-paragraph\">Colombia describi\u00f3 en forma cronol\u00f3gica como han sido comunicados los casos a la OIE. Una caracter\u00edstica de los focos es que afecta principalmente a animales j\u00f3venes menores de dos a\u00f1os.&nbsp;<a href=\"http:\/\/globovision.com\/article\/detectan-brote-de-fiebre-aftosa-en-frontera-colombo-venezolana\">Venezuela inform\u00f3 que no se ha detectado la enfermedad en la zona fronteriza y en el resto del pa\u00eds<\/a>. Asimismo, Brasil, Ecuador y Venezuela presentaron las medidas de prevenci\u00f3n establecidas en las zonas fronterizas para prevenci\u00f3n de la enfermedad.<\/p>\n\n\n\n<p class=\"wp-block-paragraph\">La Comisi\u00f3n emiti\u00f3 cuatro recomendaciones para apoyar a Colombia y Venezuela. Colombia debe incrementar el control de movimiento de animales en la zona fronteriza, realizar estudios serol\u00f3gicos de niveles de protecci\u00f3n de vacuna (anticuerpos). Las actividades inician la pr\u00f3xima semana y se utilizar\u00e1n los fondos aprobados para el\u00a0<a href=\"http:\/\/www.paho.org\/panaftosa\/index.php?option=com_content&amp;view=article&amp;id=55%3Aprograma-hemisferico-de-erradicacion-de-la-fiebre-aftosa-&amp;catid=758%3Aaft-21-phefa&amp;Itemid=281\">Plan Hemisf\u00e9rico de Erradicaci\u00f3n de Fiebre Aftosa (PHEFA)\u00a0<\/a>del continente americano, y ser\u00e1n coordinadas por PANAFTOSA y la OIE.<\/p>","protected":false},"excerpt":{"rendered":"<p>El OIRSA particip\u00f3 en actividad en la que se conoci\u00f3 de las medidas sanitarias tomadas por las autoridades de Colombia [&hellip;]<\/p>\n","protected":false},"author":213237738,"featured_media":0,"comment_status":"open","ping_status":"open","sticky":false,"template":"","format":"standard","meta":{"_coblocks_attr":"","_coblocks_dimensions":"","_coblocks_responsive_height":"","_coblocks_accordion_ie_support":"","_crdt_document":"","_jetpack_memberships_contains_paid_content":false,"footnotes":""},"categories":[121903],"tags":[],"class_list":["post-2950","post","type-post","status-publish","format-standard","hentry","category-noticias"],"yoast_head":"<!-- This site is optimized with the Yoast SEO plugin v27.5 - https:\/\/yoast.com\/product\/yoast-seo-wordpress\/ -->\n<title>Desarrollan 6\u00b0 reuni\u00f3n extraordinaria de Comisi\u00f3n Sudamericana contra Fiebre Aftosa - OIRSA<\/title>\n<meta name=\"description\" content=\"El OIRSA particip\u00f3 en actividad en la que se conoci\u00f3 de las medidas sanitarias tomadas por las autoridades de Colombia ante el reaparecimiento de focos de\" \/>\n<meta name=\"robots\" content=\"index, follow, max-snippet:-1, max-image-preview:large, max-video-preview:-1\" \/>\n<link rel=\"canonical\" href=\"https:\/\/web.oirsa.org\/en\/archivos\/2950\/\" \/>\n<meta property=\"og:locale\" content=\"en_US\" \/>\n<meta property=\"og:type\" content=\"article\" \/>\n<meta property=\"og:title\" content=\"Desarrollan 6\u00b0 reuni\u00f3n extraordinaria de Comisi\u00f3n Sudamericana contra Fiebre Aftosa - OIRSA\" \/>\n<meta property=\"og:description\" content=\"El OIRSA particip\u00f3 en actividad en la que se conoci\u00f3 de las medidas sanitarias tomadas por las autoridades de Colombia ante el reaparecimiento de focos de\" \/>\n<meta property=\"og:url\" content=\"https:\/\/web.oirsa.org\/en\/archivos\/2950\/\" \/>\n<meta property=\"og:site_name\" content=\"OIRSA\" \/>\n<meta property=\"article:publisher\" content=\"https:\/\/www.facebook.com\/OIRSAoficial\" \/>\n<meta property=\"article:published_time\" content=\"2021-12-08T17:51:39+00:00\" \/>\n<meta property=\"article:modified_time\" content=\"2021-12-08T17:51:40+00:00\" \/>\n<meta property=\"og:image\" content=\"https:\/\/web.oirsa.org\/wp-content\/uploads\/2021\/12\/AftosaBrasil.jpg\" \/>\n<meta name=\"author\" content=\"sigfredoramirez\" \/>\n<meta name=\"twitter:card\" content=\"summary_large_image\" \/>\n<meta name=\"twitter:creator\" content=\"@OIRSAoficial\" \/>\n<meta name=\"twitter:site\" content=\"@OIRSAoficial\" \/>\n<meta name=\"twitter:label1\" content=\"Written by\" \/>\n\t<meta name=\"twitter:data1\" content=\"sigfredoramirez\" \/>\n\t<meta name=\"twitter:label2\" content=\"Est. reading time\" \/>\n\t<meta name=\"twitter:data2\" content=\"1 minute\" \/>\n<script type=\"application\/ld+json\" class=\"yoast-schema-graph\">{\"@context\":\"https:\\\/\\\/schema.org\",\"@graph\":[{\"@type\":\"Article\",\"@id\":\"https:\\\/\\\/web.oirsa.org\\\/archivos\\\/2950#article\",\"isPartOf\":{\"@id\":\"https:\\\/\\\/web.oirsa.org\\\/archivos\\\/2950\"},\"author\":{\"name\":\"sigfredoramirez\",\"@id\":\"https:\\\/\\\/web.oirsa.org\\\/#\\\/schema\\\/person\\\/698e7776162ddf630ab36c5946d818ab\"},\"headline\":\"Desarrollan 6\u00b0 reuni\u00f3n extraordinaria de Comisi\u00f3n Sudamericana contra Fiebre Aftosa\",\"datePublished\":\"2021-12-08T17:51:39+00:00\",\"dateModified\":\"2021-12-08T17:51:40+00:00\",\"mainEntityOfPage\":{\"@id\":\"https:\\\/\\\/web.oirsa.org\\\/archivos\\\/2950\"},\"wordCount\":302,\"commentCount\":0,\"publisher\":{\"@id\":\"https:\\\/\\\/web.oirsa.org\\\/#organization\"},\"image\":{\"@id\":\"https:\\\/\\\/web.oirsa.org\\\/archivos\\\/2950#primaryimage\"},\"thumbnailUrl\":\"https:\\\/\\\/web.oirsa.org\\\/wp-content\\\/uploads\\\/2021\\\/12\\\/AftosaBrasil.jpg\",\"articleSection\":[\"Noticias\"],\"inLanguage\":\"en-US\",\"potentialAction\":[{\"@type\":\"CommentAction\",\"name\":\"Comment\",\"target\":[\"https:\\\/\\\/web.oirsa.org\\\/archivos\\\/2950#respond\"]}]},{\"@type\":\"WebPage\",\"@id\":\"https:\\\/\\\/web.oirsa.org\\\/archivos\\\/2950\",\"url\":\"https:\\\/\\\/web.oirsa.org\\\/archivos\\\/2950\",\"name\":\"Desarrollan 6\u00b0 reuni\u00f3n extraordinaria de Comisi\u00f3n Sudamericana contra Fiebre Aftosa - OIRSA\",\"isPartOf\":{\"@id\":\"https:\\\/\\\/web.oirsa.org\\\/#website\"},\"primaryImageOfPage\":{\"@id\":\"https:\\\/\\\/web.oirsa.org\\\/archivos\\\/2950#primaryimage\"},\"image\":{\"@id\":\"https:\\\/\\\/web.oirsa.org\\\/archivos\\\/2950#primaryimage\"},\"thumbnailUrl\":\"https:\\\/\\\/web.oirsa.org\\\/wp-content\\\/uploads\\\/2021\\\/12\\\/AftosaBrasil.jpg\",\"datePublished\":\"2021-12-08T17:51:39+00:00\",\"dateModified\":\"2021-12-08T17:51:40+00:00\",\"description\":\"El OIRSA particip\u00f3 en actividad en la que se conoci\u00f3 de las medidas sanitarias tomadas por las autoridades de Colombia ante el reaparecimiento de focos de\",\"breadcrumb\":{\"@id\":\"https:\\\/\\\/web.oirsa.org\\\/archivos\\\/2950#breadcrumb\"},\"inLanguage\":\"en-US\",\"potentialAction\":[{\"@type\":\"ReadAction\",\"target\":[\"https:\\\/\\\/web.oirsa.org\\\/archivos\\\/2950\"]}]},{\"@type\":\"ImageObject\",\"inLanguage\":\"en-US\",\"@id\":\"https:\\\/\\\/web.oirsa.org\\\/archivos\\\/2950#primaryimage\",\"url\":\"https:\\\/\\\/web.oirsa.org\\\/wp-content\\\/uploads\\\/2021\\\/12\\\/AftosaBrasil.jpg\",\"contentUrl\":\"https:\\\/\\\/web.oirsa.org\\\/wp-content\\\/uploads\\\/2021\\\/12\\\/AftosaBrasil.jpg\"},{\"@type\":\"BreadcrumbList\",\"@id\":\"https:\\\/\\\/web.oirsa.org\\\/archivos\\\/2950#breadcrumb\",\"itemListElement\":[{\"@type\":\"ListItem\",\"position\":1,\"name\":\"Portada\",\"item\":\"https:\\\/\\\/web.oirsa.org\\\/\"},{\"@type\":\"ListItem\",\"position\":2,\"name\":\"Desarrollan 6\u00b0 reuni\u00f3n extraordinaria de Comisi\u00f3n Sudamericana contra Fiebre Aftosa\"}]},{\"@type\":\"WebSite\",\"@id\":\"https:\\\/\\\/web.oirsa.org\\\/#website\",\"url\":\"https:\\\/\\\/web.oirsa.org\\\/\",\"name\":\"OIRSA\",\"description\":\"Organismo Internacional Regional de Sanidad Agropecuaria\",\"publisher\":{\"@id\":\"https:\\\/\\\/web.oirsa.org\\\/#organization\"},\"potentialAction\":[{\"@type\":\"SearchAction\",\"target\":{\"@type\":\"EntryPoint\",\"urlTemplate\":\"https:\\\/\\\/web.oirsa.org\\\/?s={search_term_string}\"},\"query-input\":{\"@type\":\"PropertyValueSpecification\",\"valueRequired\":true,\"valueName\":\"search_term_string\"}}],\"inLanguage\":\"en-US\"},{\"@type\":\"Organization\",\"@id\":\"https:\\\/\\\/web.oirsa.org\\\/#organization\",\"name\":\"OIRSA\",\"url\":\"https:\\\/\\\/web.oirsa.org\\\/\",\"logo\":{\"@type\":\"ImageObject\",\"inLanguage\":\"en-US\",\"@id\":\"https:\\\/\\\/web.oirsa.org\\\/#\\\/schema\\\/logo\\\/image\\\/\",\"url\":\"https:\\\/\\\/web.oirsa.org\\\/wp-content\\\/uploads\\\/2024\\\/01\\\/cropped-LOGO-OIRSA-2023.png\",\"contentUrl\":\"https:\\\/\\\/web.oirsa.org\\\/wp-content\\\/uploads\\\/2024\\\/01\\\/cropped-LOGO-OIRSA-2023.png\",\"width\":512,\"height\":512,\"caption\":\"OIRSA\"},\"image\":{\"@id\":\"https:\\\/\\\/web.oirsa.org\\\/#\\\/schema\\\/logo\\\/image\\\/\"},\"sameAs\":[\"https:\\\/\\\/www.facebook.com\\\/OIRSAoficial\",\"https:\\\/\\\/x.com\\\/OIRSAoficial\"]},{\"@type\":\"Person\",\"@id\":\"https:\\\/\\\/web.oirsa.org\\\/#\\\/schema\\\/person\\\/698e7776162ddf630ab36c5946d818ab\",\"name\":\"sigfredoramirez\",\"image\":{\"@type\":\"ImageObject\",\"inLanguage\":\"en-US\",\"@id\":\"https:\\\/\\\/secure.gravatar.com\\\/avatar\\\/cff1a22def7b03563530f2ba16145a6b6b5acbabc1f530f59eb045d7e21222e2?s=96&d=identicon&r=g\",\"url\":\"https:\\\/\\\/secure.gravatar.com\\\/avatar\\\/cff1a22def7b03563530f2ba16145a6b6b5acbabc1f530f59eb045d7e21222e2?s=96&d=identicon&r=g\",\"contentUrl\":\"https:\\\/\\\/secure.gravatar.com\\\/avatar\\\/cff1a22def7b03563530f2ba16145a6b6b5acbabc1f530f59eb045d7e21222e2?s=96&d=identicon&r=g\",\"caption\":\"sigfredoramirez\"}}]}<\/script>\n<!-- \/ Yoast SEO plugin. -->","yoast_head_json":{"title":"Desarrollan 6\u00b0 reuni\u00f3n extraordinaria de Comisi\u00f3n Sudamericana contra Fiebre Aftosa - OIRSA","description":"El OIRSA particip\u00f3 en actividad en la que se conoci\u00f3 de las medidas sanitarias tomadas por las autoridades de Colombia ante el reaparecimiento de focos de","robots":{"index":"index","follow":"follow","max-snippet":"max-snippet:-1","max-image-preview":"max-image-preview:large","max-video-preview":"max-video-preview:-1"},"canonical":"https:\/\/web.oirsa.org\/en\/archivos\/2950\/","og_locale":"en_US","og_type":"article","og_title":"Desarrollan 6\u00b0 reuni\u00f3n extraordinaria de Comisi\u00f3n Sudamericana contra Fiebre Aftosa - OIRSA","og_description":"El OIRSA particip\u00f3 en actividad en la que se conoci\u00f3 de las medidas sanitarias tomadas por las autoridades de Colombia ante el reaparecimiento de focos de","og_url":"https:\/\/web.oirsa.org\/en\/archivos\/2950\/","og_site_name":"OIRSA","article_publisher":"https:\/\/www.facebook.com\/OIRSAoficial","article_published_time":"2021-12-08T17:51:39+00:00","article_modified_time":"2021-12-08T17:51:40+00:00","og_image":[{"url":"https:\/\/web.oirsa.org\/wp-content\/uploads\/2021\/12\/AftosaBrasil.jpg","type":"","width":"","height":""}],"author":"sigfredoramirez","twitter_card":"summary_large_image","twitter_creator":"@OIRSAoficial","twitter_site":"@OIRSAoficial","twitter_misc":{"Written by":"sigfredoramirez","Est. reading time":"1 minute"},"schema":{"@context":"https:\/\/schema.org","@graph":[{"@type":"Article","@id":"https:\/\/web.oirsa.org\/archivos\/2950#article","isPartOf":{"@id":"https:\/\/web.oirsa.org\/archivos\/2950"},"author":{"name":"sigfredoramirez","@id":"https:\/\/web.oirsa.org\/#\/schema\/person\/698e7776162ddf630ab36c5946d818ab"},"headline":"Desarrollan 6\u00b0 reuni\u00f3n extraordinaria de Comisi\u00f3n Sudamericana contra Fiebre Aftosa","datePublished":"2021-12-08T17:51:39+00:00","dateModified":"2021-12-08T17:51:40+00:00","mainEntityOfPage":{"@id":"https:\/\/web.oirsa.org\/archivos\/2950"},"wordCount":302,"commentCount":0,"publisher":{"@id":"https:\/\/web.oirsa.org\/#organization"},"image":{"@id":"https:\/\/web.oirsa.org\/archivos\/2950#primaryimage"},"thumbnailUrl":"https:\/\/web.oirsa.org\/wp-content\/uploads\/2021\/12\/AftosaBrasil.jpg","articleSection":["Noticias"],"inLanguage":"en-US","potentialAction":[{"@type":"CommentAction","name":"Comment","target":["https:\/\/web.oirsa.org\/archivos\/2950#respond"]}]},{"@type":"WebPage","@id":"https:\/\/web.oirsa.org\/archivos\/2950","url":"https:\/\/web.oirsa.org\/archivos\/2950","name":"Desarrollan 6\u00b0 reuni\u00f3n extraordinaria de Comisi\u00f3n Sudamericana contra Fiebre Aftosa - OIRSA","isPartOf":{"@id":"https:\/\/web.oirsa.org\/#website"},"primaryImageOfPage":{"@id":"https:\/\/web.oirsa.org\/archivos\/2950#primaryimage"},"image":{"@id":"https:\/\/web.oirsa.org\/archivos\/2950#primaryimage"},"thumbnailUrl":"https:\/\/web.oirsa.org\/wp-content\/uploads\/2021\/12\/AftosaBrasil.jpg","datePublished":"2021-12-08T17:51:39+00:00","dateModified":"2021-12-08T17:51:40+00:00","description":"El OIRSA particip\u00f3 en actividad en la que se conoci\u00f3 de las medidas sanitarias tomadas por las autoridades de Colombia ante el reaparecimiento de focos de","breadcrumb":{"@id":"https:\/\/web.oirsa.org\/archivos\/2950#breadcrumb"},"inLanguage":"en-US","potentialAction":[{"@type":"ReadAction","target":["https:\/\/web.oirsa.org\/archivos\/2950"]}]},{"@type":"ImageObject","inLanguage":"en-US","@id":"https:\/\/web.oirsa.org\/archivos\/2950#primaryimage","url":"https:\/\/web.oirsa.org\/wp-content\/uploads\/2021\/12\/AftosaBrasil.jpg","contentUrl":"https:\/\/web.oirsa.org\/wp-content\/uploads\/2021\/12\/AftosaBrasil.jpg"},{"@type":"BreadcrumbList","@id":"https:\/\/web.oirsa.org\/archivos\/2950#breadcrumb","itemListElement":[{"@type":"ListItem","position":1,"name":"Portada","item":"https:\/\/web.oirsa.org\/"},{"@type":"ListItem","position":2,"name":"Desarrollan 6\u00b0 reuni\u00f3n extraordinaria de Comisi\u00f3n Sudamericana contra Fiebre Aftosa"}]},{"@type":"WebSite","@id":"https:\/\/web.oirsa.org\/#website","url":"https:\/\/web.oirsa.org\/","name":"OIRSA","description":"Organismo Internacional Regional de Sanidad Agropecuaria","publisher":{"@id":"https:\/\/web.oirsa.org\/#organization"},"potentialAction":[{"@type":"SearchAction","target":{"@type":"EntryPoint","urlTemplate":"https:\/\/web.oirsa.org\/?s={search_term_string}"},"query-input":{"@type":"PropertyValueSpecification","valueRequired":true,"valueName":"search_term_string"}}],"inLanguage":"en-US"},{"@type":"Organization","@id":"https:\/\/web.oirsa.org\/#organization","name":"OIRSA","url":"https:\/\/web.oirsa.org\/","logo":{"@type":"ImageObject","inLanguage":"en-US","@id":"https:\/\/web.oirsa.org\/#\/schema\/logo\/image\/","url":"https:\/\/web.oirsa.org\/wp-content\/uploads\/2024\/01\/cropped-LOGO-OIRSA-2023.png","contentUrl":"https:\/\/web.oirsa.org\/wp-content\/uploads\/2024\/01\/cropped-LOGO-OIRSA-2023.png","width":512,"height":512,"caption":"OIRSA"},"image":{"@id":"https:\/\/web.oirsa.org\/#\/schema\/logo\/image\/"},"sameAs":["https:\/\/www.facebook.com\/OIRSAoficial","https:\/\/x.com\/OIRSAoficial"]},{"@type":"Person","@id":"https:\/\/web.oirsa.org\/#\/schema\/person\/698e7776162ddf630ab36c5946d818ab","name":"sigfredoramirez","image":{"@type":"ImageObject","inLanguage":"en-US","@id":"https:\/\/secure.gravatar.com\/avatar\/cff1a22def7b03563530f2ba16145a6b6b5acbabc1f530f59eb045d7e21222e2?s=96&d=identicon&r=g","url":"https:\/\/secure.gravatar.com\/avatar\/cff1a22def7b03563530f2ba16145a6b6b5acbabc1f530f59eb045d7e21222e2?s=96&d=identicon&r=g","contentUrl":"https:\/\/secure.gravatar.com\/avatar\/cff1a22def7b03563530f2ba16145a6b6b5acbabc1f530f59eb045d7e21222e2?s=96&d=identicon&r=g","caption":"sigfredoramirez"}}]}},"jetpack_featured_media_url":"","jetpack_sharing_enabled":true,"_links":{"self":[{"href":"https:\/\/web.oirsa.org\/en\/wp-json\/wp\/v2\/posts\/2950","targetHints":{"allow":["GET"]}}],"collection":[{"href":"https:\/\/web.oirsa.org\/en\/wp-json\/wp\/v2\/posts"}],"about":[{"href":"https:\/\/web.oirsa.org\/en\/wp-json\/wp\/v2\/types\/post"}],"author":[{"embeddable":true,"href":"https:\/\/web.oirsa.org\/en\/wp-json\/wp\/v2\/users\/213237738"}],"replies":[{"embeddable":true,"href":"https:\/\/web.oirsa.org\/en\/wp-json\/wp\/v2\/comments?post=2950"}],"version-history":[{"count":1,"href":"https:\/\/web.oirsa.org\/en\/wp-json\/wp\/v2\/posts\/2950\/revisions"}],"predecessor-version":[{"id":2952,"href":"https:\/\/web.oirsa.org\/en\/wp-json\/wp\/v2\/posts\/2950\/revisions\/2952"}],"wp:attachment":[{"href":"https:\/\/web.oirsa.org\/en\/wp-json\/wp\/v2\/media?parent=2950"}],"wp:term":[{"taxonomy":"category","embeddable":true,"href":"https:\/\/web.oirsa.org\/en\/wp-json\/wp\/v2\/categories?post=2950"},{"taxonomy":"post_tag","embeddable":true,"href":"https:\/\/web.oirsa.org\/en\/wp-json\/wp\/v2\/tags?post=2950"}],"curies":[{"name":"wp","href":"https:\/\/api.w.org\/{rel}","templated":true}]}}