{"id":2783,"date":"2021-12-07T15:03:55","date_gmt":"2021-12-07T21:03:55","guid":{"rendered":"http:\/\/10.103.20.84\/?p=2783"},"modified":"2021-12-07T15:03:56","modified_gmt":"2021-12-07T21:03:56","slug":"se-integra-mesa-de-variables-climaticas-y-sanidad-agropecuaria-en-belize","status":"publish","type":"post","link":"https:\/\/web.oirsa.org\/en\/archivos\/2783","title":{"rendered":"Se integra mesa de Variables Clim\u00e1ticas y Sanidad Agropecuaria en Belize"},"content":{"rendered":"<p class=\"wp-block-paragraph\">Constituyen mesa t\u00e9cnica para el an\u00e1lisis de los riesgos de plagas y enfermedades \u2013en plantas y animales\u2013 asociados a condiciones climatol\u00f3gicas.<\/p>\n\n\n\n<p class=\"wp-block-paragraph\"><strong>Jueves, 1\u00ba de junio de 2017.<\/strong> El OIRSA particip\u00f3 en la reuni\u00f3n de trabajo para integrar la mesa t\u00e9cnica \u2013o Nodo Nacional\u2013 de Variables Clim\u00e1ticas y Sanidad Agropecuaria de Belize. Una instancia con el prop\u00f3sito de <a href=\"https:\/\/web.oirsa.org\/en\/2021\/12\/06\/establecen-programa-regional-de-variabilidad-climatica-y-sanidad-agropecuaria\/\" data-type=\"URL\" data-id=\"https:\/\/web.oirsa.org\/2021\/12\/06\/establecen-programa-regional-de-variabilidad-climatica-y-sanidad-agropecuaria\/\" target=\"_blank\" rel=\"noreferrer noopener\">facilitar informaci\u00f3n estrat\u00e9gica para el desarrollo de acciones concretas de prevenci\u00f3n, mitigaci\u00f3n y adaptaci\u00f3n al cambio y variabilidad clim\u00e1tica.<\/a><\/p>\n\n\n\n<div class=\"wp-block-image\"><figure class=\"alignright size-full is-resized\"><img data-recalc-dims=\"1\" loading=\"lazy\" decoding=\"async\" src=\"https:\/\/i0.wp.com\/web.oirsa.org\/wp-content\/uploads\/2021\/12\/BelizeClima.jpg?resize=473%2C210&#038;ssl=1\" alt=\"\" class=\"wp-image-2787\" width=\"473\" height=\"210\" srcset=\"https:\/\/i0.wp.com\/web.oirsa.org\/wp-content\/uploads\/2021\/12\/BelizeClima.jpg?w=900&amp;ssl=1 900w, https:\/\/i0.wp.com\/web.oirsa.org\/wp-content\/uploads\/2021\/12\/BelizeClima.jpg?resize=300%2C133&amp;ssl=1 300w, https:\/\/i0.wp.com\/web.oirsa.org\/wp-content\/uploads\/2021\/12\/BelizeClima.jpg?resize=768%2C341&amp;ssl=1 768w\" sizes=\"auto, (max-width: 473px) 100vw, 473px\" \/><\/figure><\/div>\n\n\n\n<p class=\"wp-block-paragraph\">La reuni\u00f3n ocurri\u00f3 el pasado 30 de mayo de 2017 en la ciudad de Belmop\u00e1n, Belize. El Nodo Nacional qued\u00f3 integrado por la representante del Servicio Meteorol\u00f3gico del pa\u00eds, Shanea Young; el director de Salud Animal, Belarmino Esquivel; el director de Servicios Cuarentenarios, Margarito Garc\u00eda; el director de Sanidad Vegetal, Francisco Gutierr\u00e9z; el director de Cambio Clim\u00e1tico y Producci\u00f3n Sostenible, Victoriano Pascual; y el representante del OIRSA en el pa\u00eds, Ferm\u00edn Blanco.<\/p>\n\n\n\n<p class=\"wp-block-paragraph\">En la reuni\u00f3n tambi\u00e9n particip\u00f3 el jefe de Planificaci\u00f3n del OIRSA, Estuardo Roca. El Nodo Nacional de Belize se establece <a href=\"https:\/\/web.oirsa.org\/en\/2021\/12\/06\/ministros-de-agricultura-de-mexico-centroamerica-y-republica-dominicana-toman-medidas-de-prevencion-por-plagas-asociadas-a-cambio-climatico\/\" data-type=\"URL\" data-id=\"https:\/\/web.oirsa.org\/2021\/12\/06\/ministros-de-agricultura-de-mexico-centroamerica-y-republica-dominicana-toman-medidas-de-prevencion-por-plagas-asociadas-a-cambio-climatico\/\" target=\"_blank\" rel=\"noreferrer noopener\">en el marco del Programa Regional de Variables Clim\u00e1ticas y Sanidad Agropecuaria, que fue aprobado por el Comit\u00e9 Internacional Regional de Sanidad Agropecuaria (CIRSA) <\/a>\u2013integrado por los ministerios y secretarios de Agricultura y Ganader\u00eda de la regi\u00f3n\u2013 en noviembre de 2016.<\/p>\n\n\n\n<p class=\"wp-block-paragraph\">En una primera instancia, el Nodo acord\u00f3 trabajar con el Centro de Investigaciones para el Cultivo de la Ca\u00f1a de Az\u00facar de Belize para la elaboraci\u00f3n de un mapa de riesgo productivo, en funci\u00f3n del clima, por la plaga del Salivazo de la Ca\u00f1a, que actualmente constituye el principal problema fitosanitario de la industria azucarera en el pa\u00eds.<\/p>","protected":false},"excerpt":{"rendered":"<p>Constituyen mesa t\u00e9cnica para el an\u00e1lisis de los riesgos de plagas y enfermedades \u2013en plantas y animales\u2013 asociados a condiciones [&hellip;]<\/p>\n","protected":false},"author":213237738,"featured_media":0,"comment_status":"open","ping_status":"open","sticky":false,"template":"","format":"standard","meta":{"_coblocks_attr":"","_coblocks_dimensions":"","_coblocks_responsive_height":"","_coblocks_accordion_ie_support":"","_crdt_document":"","_jetpack_memberships_contains_paid_content":false,"footnotes":""},"categories":[121903],"tags":[],"class_list":["post-2783","post","type-post","status-publish","format-standard","hentry","category-noticias"],"yoast_head":"<!-- This site is optimized with the Yoast SEO plugin v27.5 - https:\/\/yoast.com\/product\/yoast-seo-wordpress\/ -->\n<title>Se integra mesa de Variables Clim\u00e1ticas y Sanidad Agropecuaria en Belize - OIRSA<\/title>\n<meta name=\"description\" content=\"Constituyen mesa t\u00e9cnica para el an\u00e1lisis de los riesgos de plagas y enfermedades \u2013en plantas y animales\u2013 asociados a condiciones climatol\u00f3gicas. Jueves,\" \/>\n<meta name=\"robots\" content=\"index, follow, max-snippet:-1, max-image-preview:large, max-video-preview:-1\" \/>\n<link rel=\"canonical\" href=\"https:\/\/web.oirsa.org\/en\/archivos\/2783\/\" \/>\n<meta property=\"og:locale\" content=\"en_US\" \/>\n<meta property=\"og:type\" content=\"article\" \/>\n<meta property=\"og:title\" content=\"Se integra mesa de Variables Clim\u00e1ticas y Sanidad Agropecuaria en Belize - OIRSA\" \/>\n<meta property=\"og:description\" content=\"Constituyen mesa t\u00e9cnica para el an\u00e1lisis de los riesgos de plagas y enfermedades \u2013en plantas y animales\u2013 asociados a condiciones climatol\u00f3gicas. Jueves,\" \/>\n<meta property=\"og:url\" content=\"https:\/\/web.oirsa.org\/en\/archivos\/2783\/\" \/>\n<meta property=\"og:site_name\" content=\"OIRSA\" \/>\n<meta property=\"article:publisher\" content=\"https:\/\/www.facebook.com\/OIRSAoficial\" \/>\n<meta property=\"article:published_time\" content=\"2021-12-07T21:03:55+00:00\" \/>\n<meta property=\"article:modified_time\" content=\"2021-12-07T21:03:56+00:00\" \/>\n<meta property=\"og:image\" content=\"https:\/\/web.oirsa.org\/wp-content\/uploads\/2021\/12\/BelizeClima.jpg\" \/>\n<meta name=\"author\" content=\"sigfredoramirez\" \/>\n<meta name=\"twitter:card\" content=\"summary_large_image\" \/>\n<meta name=\"twitter:creator\" content=\"@OIRSAoficial\" \/>\n<meta name=\"twitter:site\" content=\"@OIRSAoficial\" \/>\n<meta name=\"twitter:label1\" content=\"Written by\" \/>\n\t<meta name=\"twitter:data1\" content=\"sigfredoramirez\" \/>\n\t<meta name=\"twitter:label2\" content=\"Est. reading time\" \/>\n\t<meta name=\"twitter:data2\" content=\"1 minute\" \/>\n<script type=\"application\/ld+json\" class=\"yoast-schema-graph\">{\"@context\":\"https:\\\/\\\/schema.org\",\"@graph\":[{\"@type\":\"Article\",\"@id\":\"https:\\\/\\\/web.oirsa.org\\\/archivos\\\/2783#article\",\"isPartOf\":{\"@id\":\"https:\\\/\\\/web.oirsa.org\\\/archivos\\\/2783\"},\"author\":{\"name\":\"sigfredoramirez\",\"@id\":\"https:\\\/\\\/web.oirsa.org\\\/#\\\/schema\\\/person\\\/698e7776162ddf630ab36c5946d818ab\"},\"headline\":\"Se integra mesa de Variables Clim\u00e1ticas y Sanidad Agropecuaria en Belize\",\"datePublished\":\"2021-12-07T21:03:55+00:00\",\"dateModified\":\"2021-12-07T21:03:56+00:00\",\"mainEntityOfPage\":{\"@id\":\"https:\\\/\\\/web.oirsa.org\\\/archivos\\\/2783\"},\"wordCount\":309,\"commentCount\":0,\"publisher\":{\"@id\":\"https:\\\/\\\/web.oirsa.org\\\/#organization\"},\"image\":{\"@id\":\"https:\\\/\\\/web.oirsa.org\\\/archivos\\\/2783#primaryimage\"},\"thumbnailUrl\":\"https:\\\/\\\/web.oirsa.org\\\/wp-content\\\/uploads\\\/2021\\\/12\\\/BelizeClima.jpg\",\"articleSection\":[\"Noticias\"],\"inLanguage\":\"en-US\",\"potentialAction\":[{\"@type\":\"CommentAction\",\"name\":\"Comment\",\"target\":[\"https:\\\/\\\/web.oirsa.org\\\/archivos\\\/2783#respond\"]}]},{\"@type\":\"WebPage\",\"@id\":\"https:\\\/\\\/web.oirsa.org\\\/archivos\\\/2783\",\"url\":\"https:\\\/\\\/web.oirsa.org\\\/archivos\\\/2783\",\"name\":\"Se integra mesa de Variables Clim\u00e1ticas y Sanidad Agropecuaria en Belize - OIRSA\",\"isPartOf\":{\"@id\":\"https:\\\/\\\/web.oirsa.org\\\/#website\"},\"primaryImageOfPage\":{\"@id\":\"https:\\\/\\\/web.oirsa.org\\\/archivos\\\/2783#primaryimage\"},\"image\":{\"@id\":\"https:\\\/\\\/web.oirsa.org\\\/archivos\\\/2783#primaryimage\"},\"thumbnailUrl\":\"https:\\\/\\\/web.oirsa.org\\\/wp-content\\\/uploads\\\/2021\\\/12\\\/BelizeClima.jpg\",\"datePublished\":\"2021-12-07T21:03:55+00:00\",\"dateModified\":\"2021-12-07T21:03:56+00:00\",\"description\":\"Constituyen mesa t\u00e9cnica para el an\u00e1lisis de los riesgos de plagas y enfermedades \u2013en plantas y animales\u2013 asociados a condiciones climatol\u00f3gicas. Jueves,\",\"breadcrumb\":{\"@id\":\"https:\\\/\\\/web.oirsa.org\\\/archivos\\\/2783#breadcrumb\"},\"inLanguage\":\"en-US\",\"potentialAction\":[{\"@type\":\"ReadAction\",\"target\":[\"https:\\\/\\\/web.oirsa.org\\\/archivos\\\/2783\"]}]},{\"@type\":\"ImageObject\",\"inLanguage\":\"en-US\",\"@id\":\"https:\\\/\\\/web.oirsa.org\\\/archivos\\\/2783#primaryimage\",\"url\":\"https:\\\/\\\/web.oirsa.org\\\/wp-content\\\/uploads\\\/2021\\\/12\\\/BelizeClima.jpg\",\"contentUrl\":\"https:\\\/\\\/web.oirsa.org\\\/wp-content\\\/uploads\\\/2021\\\/12\\\/BelizeClima.jpg\"},{\"@type\":\"BreadcrumbList\",\"@id\":\"https:\\\/\\\/web.oirsa.org\\\/archivos\\\/2783#breadcrumb\",\"itemListElement\":[{\"@type\":\"ListItem\",\"position\":1,\"name\":\"Portada\",\"item\":\"https:\\\/\\\/web.oirsa.org\\\/\"},{\"@type\":\"ListItem\",\"position\":2,\"name\":\"Se integra mesa de Variables Clim\u00e1ticas y Sanidad Agropecuaria en Belize\"}]},{\"@type\":\"WebSite\",\"@id\":\"https:\\\/\\\/web.oirsa.org\\\/#website\",\"url\":\"https:\\\/\\\/web.oirsa.org\\\/\",\"name\":\"OIRSA\",\"description\":\"Organismo Internacional Regional de Sanidad Agropecuaria\",\"publisher\":{\"@id\":\"https:\\\/\\\/web.oirsa.org\\\/#organization\"},\"potentialAction\":[{\"@type\":\"SearchAction\",\"target\":{\"@type\":\"EntryPoint\",\"urlTemplate\":\"https:\\\/\\\/web.oirsa.org\\\/?s={search_term_string}\"},\"query-input\":{\"@type\":\"PropertyValueSpecification\",\"valueRequired\":true,\"valueName\":\"search_term_string\"}}],\"inLanguage\":\"en-US\"},{\"@type\":\"Organization\",\"@id\":\"https:\\\/\\\/web.oirsa.org\\\/#organization\",\"name\":\"OIRSA\",\"url\":\"https:\\\/\\\/web.oirsa.org\\\/\",\"logo\":{\"@type\":\"ImageObject\",\"inLanguage\":\"en-US\",\"@id\":\"https:\\\/\\\/web.oirsa.org\\\/#\\\/schema\\\/logo\\\/image\\\/\",\"url\":\"https:\\\/\\\/web.oirsa.org\\\/wp-content\\\/uploads\\\/2024\\\/01\\\/cropped-LOGO-OIRSA-2023.png\",\"contentUrl\":\"https:\\\/\\\/web.oirsa.org\\\/wp-content\\\/uploads\\\/2024\\\/01\\\/cropped-LOGO-OIRSA-2023.png\",\"width\":512,\"height\":512,\"caption\":\"OIRSA\"},\"image\":{\"@id\":\"https:\\\/\\\/web.oirsa.org\\\/#\\\/schema\\\/logo\\\/image\\\/\"},\"sameAs\":[\"https:\\\/\\\/www.facebook.com\\\/OIRSAoficial\",\"https:\\\/\\\/x.com\\\/OIRSAoficial\"]},{\"@type\":\"Person\",\"@id\":\"https:\\\/\\\/web.oirsa.org\\\/#\\\/schema\\\/person\\\/698e7776162ddf630ab36c5946d818ab\",\"name\":\"sigfredoramirez\",\"image\":{\"@type\":\"ImageObject\",\"inLanguage\":\"en-US\",\"@id\":\"https:\\\/\\\/secure.gravatar.com\\\/avatar\\\/cff1a22def7b03563530f2ba16145a6b6b5acbabc1f530f59eb045d7e21222e2?s=96&d=identicon&r=g\",\"url\":\"https:\\\/\\\/secure.gravatar.com\\\/avatar\\\/cff1a22def7b03563530f2ba16145a6b6b5acbabc1f530f59eb045d7e21222e2?s=96&d=identicon&r=g\",\"contentUrl\":\"https:\\\/\\\/secure.gravatar.com\\\/avatar\\\/cff1a22def7b03563530f2ba16145a6b6b5acbabc1f530f59eb045d7e21222e2?s=96&d=identicon&r=g\",\"caption\":\"sigfredoramirez\"}}]}<\/script>\n<!-- \/ Yoast SEO plugin. -->","yoast_head_json":{"title":"Se integra mesa de Variables Clim\u00e1ticas y Sanidad Agropecuaria en Belize - OIRSA","description":"Constituyen mesa t\u00e9cnica para el an\u00e1lisis de los riesgos de plagas y enfermedades \u2013en plantas y animales\u2013 asociados a condiciones climatol\u00f3gicas. Jueves,","robots":{"index":"index","follow":"follow","max-snippet":"max-snippet:-1","max-image-preview":"max-image-preview:large","max-video-preview":"max-video-preview:-1"},"canonical":"https:\/\/web.oirsa.org\/en\/archivos\/2783\/","og_locale":"en_US","og_type":"article","og_title":"Se integra mesa de Variables Clim\u00e1ticas y Sanidad Agropecuaria en Belize - OIRSA","og_description":"Constituyen mesa t\u00e9cnica para el an\u00e1lisis de los riesgos de plagas y enfermedades \u2013en plantas y animales\u2013 asociados a condiciones climatol\u00f3gicas. Jueves,","og_url":"https:\/\/web.oirsa.org\/en\/archivos\/2783\/","og_site_name":"OIRSA","article_publisher":"https:\/\/www.facebook.com\/OIRSAoficial","article_published_time":"2021-12-07T21:03:55+00:00","article_modified_time":"2021-12-07T21:03:56+00:00","og_image":[{"url":"https:\/\/web.oirsa.org\/wp-content\/uploads\/2021\/12\/BelizeClima.jpg","type":"","width":"","height":""}],"author":"sigfredoramirez","twitter_card":"summary_large_image","twitter_creator":"@OIRSAoficial","twitter_site":"@OIRSAoficial","twitter_misc":{"Written by":"sigfredoramirez","Est. reading time":"1 minute"},"schema":{"@context":"https:\/\/schema.org","@graph":[{"@type":"Article","@id":"https:\/\/web.oirsa.org\/archivos\/2783#article","isPartOf":{"@id":"https:\/\/web.oirsa.org\/archivos\/2783"},"author":{"name":"sigfredoramirez","@id":"https:\/\/web.oirsa.org\/#\/schema\/person\/698e7776162ddf630ab36c5946d818ab"},"headline":"Se integra mesa de Variables Clim\u00e1ticas y Sanidad Agropecuaria en Belize","datePublished":"2021-12-07T21:03:55+00:00","dateModified":"2021-12-07T21:03:56+00:00","mainEntityOfPage":{"@id":"https:\/\/web.oirsa.org\/archivos\/2783"},"wordCount":309,"commentCount":0,"publisher":{"@id":"https:\/\/web.oirsa.org\/#organization"},"image":{"@id":"https:\/\/web.oirsa.org\/archivos\/2783#primaryimage"},"thumbnailUrl":"https:\/\/web.oirsa.org\/wp-content\/uploads\/2021\/12\/BelizeClima.jpg","articleSection":["Noticias"],"inLanguage":"en-US","potentialAction":[{"@type":"CommentAction","name":"Comment","target":["https:\/\/web.oirsa.org\/archivos\/2783#respond"]}]},{"@type":"WebPage","@id":"https:\/\/web.oirsa.org\/archivos\/2783","url":"https:\/\/web.oirsa.org\/archivos\/2783","name":"Se integra mesa de Variables Clim\u00e1ticas y Sanidad Agropecuaria en Belize - OIRSA","isPartOf":{"@id":"https:\/\/web.oirsa.org\/#website"},"primaryImageOfPage":{"@id":"https:\/\/web.oirsa.org\/archivos\/2783#primaryimage"},"image":{"@id":"https:\/\/web.oirsa.org\/archivos\/2783#primaryimage"},"thumbnailUrl":"https:\/\/web.oirsa.org\/wp-content\/uploads\/2021\/12\/BelizeClima.jpg","datePublished":"2021-12-07T21:03:55+00:00","dateModified":"2021-12-07T21:03:56+00:00","description":"Constituyen mesa t\u00e9cnica para el an\u00e1lisis de los riesgos de plagas y enfermedades \u2013en plantas y animales\u2013 asociados a condiciones climatol\u00f3gicas. Jueves,","breadcrumb":{"@id":"https:\/\/web.oirsa.org\/archivos\/2783#breadcrumb"},"inLanguage":"en-US","potentialAction":[{"@type":"ReadAction","target":["https:\/\/web.oirsa.org\/archivos\/2783"]}]},{"@type":"ImageObject","inLanguage":"en-US","@id":"https:\/\/web.oirsa.org\/archivos\/2783#primaryimage","url":"https:\/\/web.oirsa.org\/wp-content\/uploads\/2021\/12\/BelizeClima.jpg","contentUrl":"https:\/\/web.oirsa.org\/wp-content\/uploads\/2021\/12\/BelizeClima.jpg"},{"@type":"BreadcrumbList","@id":"https:\/\/web.oirsa.org\/archivos\/2783#breadcrumb","itemListElement":[{"@type":"ListItem","position":1,"name":"Portada","item":"https:\/\/web.oirsa.org\/"},{"@type":"ListItem","position":2,"name":"Se integra mesa de Variables Clim\u00e1ticas y Sanidad Agropecuaria en Belize"}]},{"@type":"WebSite","@id":"https:\/\/web.oirsa.org\/#website","url":"https:\/\/web.oirsa.org\/","name":"OIRSA","description":"Organismo Internacional Regional de Sanidad Agropecuaria","publisher":{"@id":"https:\/\/web.oirsa.org\/#organization"},"potentialAction":[{"@type":"SearchAction","target":{"@type":"EntryPoint","urlTemplate":"https:\/\/web.oirsa.org\/?s={search_term_string}"},"query-input":{"@type":"PropertyValueSpecification","valueRequired":true,"valueName":"search_term_string"}}],"inLanguage":"en-US"},{"@type":"Organization","@id":"https:\/\/web.oirsa.org\/#organization","name":"OIRSA","url":"https:\/\/web.oirsa.org\/","logo":{"@type":"ImageObject","inLanguage":"en-US","@id":"https:\/\/web.oirsa.org\/#\/schema\/logo\/image\/","url":"https:\/\/web.oirsa.org\/wp-content\/uploads\/2024\/01\/cropped-LOGO-OIRSA-2023.png","contentUrl":"https:\/\/web.oirsa.org\/wp-content\/uploads\/2024\/01\/cropped-LOGO-OIRSA-2023.png","width":512,"height":512,"caption":"OIRSA"},"image":{"@id":"https:\/\/web.oirsa.org\/#\/schema\/logo\/image\/"},"sameAs":["https:\/\/www.facebook.com\/OIRSAoficial","https:\/\/x.com\/OIRSAoficial"]},{"@type":"Person","@id":"https:\/\/web.oirsa.org\/#\/schema\/person\/698e7776162ddf630ab36c5946d818ab","name":"sigfredoramirez","image":{"@type":"ImageObject","inLanguage":"en-US","@id":"https:\/\/secure.gravatar.com\/avatar\/cff1a22def7b03563530f2ba16145a6b6b5acbabc1f530f59eb045d7e21222e2?s=96&d=identicon&r=g","url":"https:\/\/secure.gravatar.com\/avatar\/cff1a22def7b03563530f2ba16145a6b6b5acbabc1f530f59eb045d7e21222e2?s=96&d=identicon&r=g","contentUrl":"https:\/\/secure.gravatar.com\/avatar\/cff1a22def7b03563530f2ba16145a6b6b5acbabc1f530f59eb045d7e21222e2?s=96&d=identicon&r=g","caption":"sigfredoramirez"}}]}},"jetpack_featured_media_url":"","jetpack_sharing_enabled":true,"_links":{"self":[{"href":"https:\/\/web.oirsa.org\/en\/wp-json\/wp\/v2\/posts\/2783","targetHints":{"allow":["GET"]}}],"collection":[{"href":"https:\/\/web.oirsa.org\/en\/wp-json\/wp\/v2\/posts"}],"about":[{"href":"https:\/\/web.oirsa.org\/en\/wp-json\/wp\/v2\/types\/post"}],"author":[{"embeddable":true,"href":"https:\/\/web.oirsa.org\/en\/wp-json\/wp\/v2\/users\/213237738"}],"replies":[{"embeddable":true,"href":"https:\/\/web.oirsa.org\/en\/wp-json\/wp\/v2\/comments?post=2783"}],"version-history":[{"count":5,"href":"https:\/\/web.oirsa.org\/en\/wp-json\/wp\/v2\/posts\/2783\/revisions"}],"predecessor-version":[{"id":2789,"href":"https:\/\/web.oirsa.org\/en\/wp-json\/wp\/v2\/posts\/2783\/revisions\/2789"}],"wp:attachment":[{"href":"https:\/\/web.oirsa.org\/en\/wp-json\/wp\/v2\/media?parent=2783"}],"wp:term":[{"taxonomy":"category","embeddable":true,"href":"https:\/\/web.oirsa.org\/en\/wp-json\/wp\/v2\/categories?post=2783"},{"taxonomy":"post_tag","embeddable":true,"href":"https:\/\/web.oirsa.org\/en\/wp-json\/wp\/v2\/tags?post=2783"}],"curies":[{"name":"wp","href":"https:\/\/api.w.org\/{rel}","templated":true}]}}