{"id":2538,"date":"2021-12-07T10:23:34","date_gmt":"2021-12-07T16:23:34","guid":{"rendered":"http:\/\/10.103.20.84\/?p=2538"},"modified":"2021-12-07T10:23:35","modified_gmt":"2021-12-07T16:23:35","slug":"oirsa-expone-avance-en-su-trabajo-a-vicepresidente-de-costa-rica","status":"publish","type":"post","link":"https:\/\/web.oirsa.org\/en\/archivos\/2538","title":{"rendered":"OIRSA expone avance en su trabajo a vicepresidente de Costa Rica"},"content":{"rendered":"<div class=\"wp-block-image\"><figure class=\"alignright size-large is-resized\"><img data-recalc-dims=\"1\" loading=\"lazy\" decoding=\"async\" src=\"https:\/\/i0.wp.com\/web.oirsa.org\/wp-content\/uploads\/2021\/12\/Vice-Costa-Rica.jpg?resize=381%2C169&#038;ssl=1\" alt=\"\" class=\"wp-image-2539\" width=\"381\" height=\"169\" srcset=\"https:\/\/i0.wp.com\/web.oirsa.org\/wp-content\/uploads\/2021\/12\/Vice-Costa-Rica.jpg?resize=1024%2C455&amp;ssl=1 1024w, https:\/\/i0.wp.com\/web.oirsa.org\/wp-content\/uploads\/2021\/12\/Vice-Costa-Rica.jpg?resize=300%2C133&amp;ssl=1 300w, https:\/\/i0.wp.com\/web.oirsa.org\/wp-content\/uploads\/2021\/12\/Vice-Costa-Rica.jpg?resize=768%2C341&amp;ssl=1 768w, https:\/\/i0.wp.com\/web.oirsa.org\/wp-content\/uploads\/2021\/12\/Vice-Costa-Rica.jpg?resize=1200%2C533&amp;ssl=1 1200w, https:\/\/i0.wp.com\/web.oirsa.org\/wp-content\/uploads\/2021\/12\/Vice-Costa-Rica.jpg?w=1296&amp;ssl=1 1296w\" sizes=\"auto, (max-width: 381px) 100vw, 381px\" \/><\/figure><\/div>\n\n\n\n<p class=\"wp-block-paragraph\"><strong>Martes, 17 de Enero de 2017.<\/strong>&nbsp;El vicepresidente y ministro de Hacienda de Costa Rica, Helio Fallas, conoci\u00f3 de la labor que realiza el OIRSA en cuanto a los servicios cuarentenarios, facilitaci\u00f3n del comercio, la inocuidad de los alimentos y la sanidad vegetal de su pa\u00eds. Una exposici\u00f3n de cortes\u00eda que fue realizada por el director ejecutivo del Organismo, Efra\u00edn Medina; acompa\u00f1ado por el director t\u00e9cnico del OIRSA, Octavio Carranza; el director regional de Tratamientos Cuarentenarios, Ra\u00fal Rodas; la representante del Organismo en Costa Rica, Gabriela Z\u00fa\u00f1iga; y el asesor legal del OIRSA, Daniel Alem\u00e1n.&nbsp;&nbsp;<\/p>\n\n\n\n<p class=\"wp-block-paragraph\">La reuni\u00f3n se realiz\u00f3 el pasado 16 de enero de 2017 en El Salvador. En el \u00e1mbito de la facilitaci\u00f3n comercial, Medina dectac\u00f3 que en Costa Rica se ha trabajado de manera conjunta con el Servicio Fitosanitario del Estado, en apoyo al sector exportador nacional en el comercio de productos como madera de teca en rollo, que se exporta desde Costa Rica a la India, mediante la realizaci\u00f3n de tratamientos cuarentenarios, que son exigidos por este pa\u00eds como requisito para poder recibir este tipo de madera.<\/p>\n\n\n\n<p class=\"wp-block-paragraph\">Asimismo, se facilita al sector importador nacional el ingreso al pa\u00eds de frutas y hortalizas, mediante la aplicaci\u00f3n de tratamientos cuarentenarios que disminuyan el riesgo del ingreso de plagas y enfermedades de importancia econ\u00f3mica y cuarentenaria para el pa\u00eds. Mientras que OIRSA tambi\u00e9n ha apoyado al Servicio Nacional de Salud Animal (SENASA) en el mejoramiento de la infraestructura sanitaria, dando apoyo t\u00e9cnico y financiero para la reparaci\u00f3n de infraestructura de tratamientos cuarentenarios en Puerto Mo\u00edn, Muelle Alem\u00e1n y frontera terrestre de Paso Canoas.<\/p>\n\n\n\n<p class=\"wp-block-paragraph\">Por otro lado, en el \u00e1rea de inocuidad de alimentos se est\u00e1 trabajando en el apoyo al sector de procesamiento y almacenamiento de productos y subproductos de origen animal, mediante el convenio de cooperaci\u00f3n con SENASA, con el servicio oficializado de inspecci\u00f3n veterinaria, para el cumplimiento de la normativa nacional e internacional&nbsp; de car\u00e1cter sanitario para el comercio.<\/p>\n\n\n\n<p class=\"wp-block-paragraph\">En el \u00e1rea de producci\u00f3n de cultivos se ha estado trabajando en el establecimiento de espacios de coordinaci\u00f3n entre distintos actores p\u00fablicos y privados, tales como el Servicio Fitosanitario del Estado, la Universidad de Costa Rica, la Corporaci\u00f3n Bananera Nacional y la Direcci\u00f3n Regional de Sanidad Vegetal de OIRSA para la prevenci\u00f3n de la entrada a Costa Rica de la enfermedad del&nbsp;<em>Fusarium oxysporum<\/em>&nbsp;raza 4 , severa enfermedad que ataca el banano.<\/p>","protected":false},"excerpt":{"rendered":"<p>Martes, 17 de Enero de 2017.&nbsp;El vicepresidente y ministro de Hacienda de Costa Rica, Helio Fallas, conoci\u00f3 de la labor [&hellip;]<\/p>\n","protected":false},"author":213237738,"featured_media":0,"comment_status":"open","ping_status":"open","sticky":false,"template":"","format":"standard","meta":{"_coblocks_attr":"","_coblocks_dimensions":"","_coblocks_responsive_height":"","_coblocks_accordion_ie_support":"","_crdt_document":"","_jetpack_memberships_contains_paid_content":false,"footnotes":""},"categories":[121903],"tags":[],"class_list":["post-2538","post","type-post","status-publish","format-standard","hentry","category-noticias"],"yoast_head":"<!-- This site is optimized with the Yoast SEO plugin v27.5 - https:\/\/yoast.com\/product\/yoast-seo-wordpress\/ -->\n<title>OIRSA expone avance en su trabajo a vicepresidente de Costa Rica - OIRSA<\/title>\n<meta name=\"description\" content=\"Martes, 17 de Enero de 2017.&nbsp;El vicepresidente y ministro de Hacienda de Costa Rica, Helio Fallas, conoci\u00f3 de la labor que realiza el OIRSA en cuanto\" \/>\n<meta name=\"robots\" content=\"index, follow, max-snippet:-1, max-image-preview:large, max-video-preview:-1\" \/>\n<link rel=\"canonical\" href=\"https:\/\/web.oirsa.org\/en\/archivos\/2538\/\" \/>\n<meta property=\"og:locale\" content=\"en_US\" \/>\n<meta property=\"og:type\" content=\"article\" \/>\n<meta property=\"og:title\" content=\"OIRSA expone avance en su trabajo a vicepresidente de Costa Rica - OIRSA\" \/>\n<meta property=\"og:description\" content=\"Martes, 17 de Enero de 2017.&nbsp;El vicepresidente y ministro de Hacienda de Costa Rica, Helio Fallas, conoci\u00f3 de la labor que realiza el OIRSA en cuanto\" \/>\n<meta property=\"og:url\" content=\"https:\/\/web.oirsa.org\/en\/archivos\/2538\/\" \/>\n<meta property=\"og:site_name\" content=\"OIRSA\" \/>\n<meta property=\"article:publisher\" content=\"https:\/\/www.facebook.com\/OIRSAoficial\" \/>\n<meta property=\"article:published_time\" content=\"2021-12-07T16:23:34+00:00\" \/>\n<meta property=\"article:modified_time\" content=\"2021-12-07T16:23:35+00:00\" \/>\n<meta property=\"og:image\" content=\"https:\/\/web.oirsa.org\/wp-content\/uploads\/2021\/12\/Vice-Costa-Rica-1024x455.jpg\" \/>\n<meta name=\"author\" content=\"sigfredoramirez\" \/>\n<meta name=\"twitter:card\" content=\"summary_large_image\" \/>\n<meta name=\"twitter:creator\" content=\"@OIRSAoficial\" \/>\n<meta name=\"twitter:site\" content=\"@OIRSAoficial\" \/>\n<meta name=\"twitter:label1\" content=\"Written by\" \/>\n\t<meta name=\"twitter:data1\" content=\"sigfredoramirez\" \/>\n\t<meta name=\"twitter:label2\" content=\"Est. reading time\" \/>\n\t<meta name=\"twitter:data2\" content=\"2 minutes\" \/>\n<script type=\"application\/ld+json\" class=\"yoast-schema-graph\">{\"@context\":\"https:\\\/\\\/schema.org\",\"@graph\":[{\"@type\":\"Article\",\"@id\":\"https:\\\/\\\/web.oirsa.org\\\/archivos\\\/2538#article\",\"isPartOf\":{\"@id\":\"https:\\\/\\\/web.oirsa.org\\\/archivos\\\/2538\"},\"author\":{\"name\":\"sigfredoramirez\",\"@id\":\"https:\\\/\\\/web.oirsa.org\\\/#\\\/schema\\\/person\\\/698e7776162ddf630ab36c5946d818ab\"},\"headline\":\"OIRSA expone avance en su trabajo a vicepresidente de Costa Rica\",\"datePublished\":\"2021-12-07T16:23:34+00:00\",\"dateModified\":\"2021-12-07T16:23:35+00:00\",\"mainEntityOfPage\":{\"@id\":\"https:\\\/\\\/web.oirsa.org\\\/archivos\\\/2538\"},\"wordCount\":438,\"commentCount\":0,\"publisher\":{\"@id\":\"https:\\\/\\\/web.oirsa.org\\\/#organization\"},\"image\":{\"@id\":\"https:\\\/\\\/web.oirsa.org\\\/archivos\\\/2538#primaryimage\"},\"thumbnailUrl\":\"https:\\\/\\\/web.oirsa.org\\\/wp-content\\\/uploads\\\/2021\\\/12\\\/Vice-Costa-Rica-1024x455.jpg\",\"articleSection\":[\"Noticias\"],\"inLanguage\":\"en-US\",\"potentialAction\":[{\"@type\":\"CommentAction\",\"name\":\"Comment\",\"target\":[\"https:\\\/\\\/web.oirsa.org\\\/archivos\\\/2538#respond\"]}]},{\"@type\":\"WebPage\",\"@id\":\"https:\\\/\\\/web.oirsa.org\\\/archivos\\\/2538\",\"url\":\"https:\\\/\\\/web.oirsa.org\\\/archivos\\\/2538\",\"name\":\"OIRSA expone avance en su trabajo a vicepresidente de Costa Rica - OIRSA\",\"isPartOf\":{\"@id\":\"https:\\\/\\\/web.oirsa.org\\\/#website\"},\"primaryImageOfPage\":{\"@id\":\"https:\\\/\\\/web.oirsa.org\\\/archivos\\\/2538#primaryimage\"},\"image\":{\"@id\":\"https:\\\/\\\/web.oirsa.org\\\/archivos\\\/2538#primaryimage\"},\"thumbnailUrl\":\"https:\\\/\\\/web.oirsa.org\\\/wp-content\\\/uploads\\\/2021\\\/12\\\/Vice-Costa-Rica-1024x455.jpg\",\"datePublished\":\"2021-12-07T16:23:34+00:00\",\"dateModified\":\"2021-12-07T16:23:35+00:00\",\"description\":\"Martes, 17 de Enero de 2017.&nbsp;El vicepresidente y ministro de Hacienda de Costa Rica, Helio Fallas, conoci\u00f3 de la labor que realiza el OIRSA en cuanto\",\"breadcrumb\":{\"@id\":\"https:\\\/\\\/web.oirsa.org\\\/archivos\\\/2538#breadcrumb\"},\"inLanguage\":\"en-US\",\"potentialAction\":[{\"@type\":\"ReadAction\",\"target\":[\"https:\\\/\\\/web.oirsa.org\\\/archivos\\\/2538\"]}]},{\"@type\":\"ImageObject\",\"inLanguage\":\"en-US\",\"@id\":\"https:\\\/\\\/web.oirsa.org\\\/archivos\\\/2538#primaryimage\",\"url\":\"https:\\\/\\\/web.oirsa.org\\\/wp-content\\\/uploads\\\/2021\\\/12\\\/Vice-Costa-Rica-1024x455.jpg\",\"contentUrl\":\"https:\\\/\\\/web.oirsa.org\\\/wp-content\\\/uploads\\\/2021\\\/12\\\/Vice-Costa-Rica-1024x455.jpg\"},{\"@type\":\"BreadcrumbList\",\"@id\":\"https:\\\/\\\/web.oirsa.org\\\/archivos\\\/2538#breadcrumb\",\"itemListElement\":[{\"@type\":\"ListItem\",\"position\":1,\"name\":\"Portada\",\"item\":\"https:\\\/\\\/web.oirsa.org\\\/\"},{\"@type\":\"ListItem\",\"position\":2,\"name\":\"OIRSA expone avance en su trabajo a vicepresidente de Costa Rica\"}]},{\"@type\":\"WebSite\",\"@id\":\"https:\\\/\\\/web.oirsa.org\\\/#website\",\"url\":\"https:\\\/\\\/web.oirsa.org\\\/\",\"name\":\"OIRSA\",\"description\":\"Organismo Internacional Regional de Sanidad Agropecuaria\",\"publisher\":{\"@id\":\"https:\\\/\\\/web.oirsa.org\\\/#organization\"},\"potentialAction\":[{\"@type\":\"SearchAction\",\"target\":{\"@type\":\"EntryPoint\",\"urlTemplate\":\"https:\\\/\\\/web.oirsa.org\\\/?s={search_term_string}\"},\"query-input\":{\"@type\":\"PropertyValueSpecification\",\"valueRequired\":true,\"valueName\":\"search_term_string\"}}],\"inLanguage\":\"en-US\"},{\"@type\":\"Organization\",\"@id\":\"https:\\\/\\\/web.oirsa.org\\\/#organization\",\"name\":\"OIRSA\",\"url\":\"https:\\\/\\\/web.oirsa.org\\\/\",\"logo\":{\"@type\":\"ImageObject\",\"inLanguage\":\"en-US\",\"@id\":\"https:\\\/\\\/web.oirsa.org\\\/#\\\/schema\\\/logo\\\/image\\\/\",\"url\":\"https:\\\/\\\/web.oirsa.org\\\/wp-content\\\/uploads\\\/2024\\\/01\\\/cropped-LOGO-OIRSA-2023.png\",\"contentUrl\":\"https:\\\/\\\/web.oirsa.org\\\/wp-content\\\/uploads\\\/2024\\\/01\\\/cropped-LOGO-OIRSA-2023.png\",\"width\":512,\"height\":512,\"caption\":\"OIRSA\"},\"image\":{\"@id\":\"https:\\\/\\\/web.oirsa.org\\\/#\\\/schema\\\/logo\\\/image\\\/\"},\"sameAs\":[\"https:\\\/\\\/www.facebook.com\\\/OIRSAoficial\",\"https:\\\/\\\/x.com\\\/OIRSAoficial\"]},{\"@type\":\"Person\",\"@id\":\"https:\\\/\\\/web.oirsa.org\\\/#\\\/schema\\\/person\\\/698e7776162ddf630ab36c5946d818ab\",\"name\":\"sigfredoramirez\",\"image\":{\"@type\":\"ImageObject\",\"inLanguage\":\"en-US\",\"@id\":\"https:\\\/\\\/secure.gravatar.com\\\/avatar\\\/cff1a22def7b03563530f2ba16145a6b6b5acbabc1f530f59eb045d7e21222e2?s=96&d=identicon&r=g\",\"url\":\"https:\\\/\\\/secure.gravatar.com\\\/avatar\\\/cff1a22def7b03563530f2ba16145a6b6b5acbabc1f530f59eb045d7e21222e2?s=96&d=identicon&r=g\",\"contentUrl\":\"https:\\\/\\\/secure.gravatar.com\\\/avatar\\\/cff1a22def7b03563530f2ba16145a6b6b5acbabc1f530f59eb045d7e21222e2?s=96&d=identicon&r=g\",\"caption\":\"sigfredoramirez\"}}]}<\/script>\n<!-- \/ Yoast SEO plugin. -->","yoast_head_json":{"title":"OIRSA expone avance en su trabajo a vicepresidente de Costa Rica - OIRSA","description":"Martes, 17 de Enero de 2017.&nbsp;El vicepresidente y ministro de Hacienda de Costa Rica, Helio Fallas, conoci\u00f3 de la labor que realiza el OIRSA en cuanto","robots":{"index":"index","follow":"follow","max-snippet":"max-snippet:-1","max-image-preview":"max-image-preview:large","max-video-preview":"max-video-preview:-1"},"canonical":"https:\/\/web.oirsa.org\/en\/archivos\/2538\/","og_locale":"en_US","og_type":"article","og_title":"OIRSA expone avance en su trabajo a vicepresidente de Costa Rica - OIRSA","og_description":"Martes, 17 de Enero de 2017.&nbsp;El vicepresidente y ministro de Hacienda de Costa Rica, Helio Fallas, conoci\u00f3 de la labor que realiza el OIRSA en cuanto","og_url":"https:\/\/web.oirsa.org\/en\/archivos\/2538\/","og_site_name":"OIRSA","article_publisher":"https:\/\/www.facebook.com\/OIRSAoficial","article_published_time":"2021-12-07T16:23:34+00:00","article_modified_time":"2021-12-07T16:23:35+00:00","og_image":[{"url":"https:\/\/web.oirsa.org\/wp-content\/uploads\/2021\/12\/Vice-Costa-Rica-1024x455.jpg","type":"","width":"","height":""}],"author":"sigfredoramirez","twitter_card":"summary_large_image","twitter_creator":"@OIRSAoficial","twitter_site":"@OIRSAoficial","twitter_misc":{"Written by":"sigfredoramirez","Est. reading time":"2 minutes"},"schema":{"@context":"https:\/\/schema.org","@graph":[{"@type":"Article","@id":"https:\/\/web.oirsa.org\/archivos\/2538#article","isPartOf":{"@id":"https:\/\/web.oirsa.org\/archivos\/2538"},"author":{"name":"sigfredoramirez","@id":"https:\/\/web.oirsa.org\/#\/schema\/person\/698e7776162ddf630ab36c5946d818ab"},"headline":"OIRSA expone avance en su trabajo a vicepresidente de Costa Rica","datePublished":"2021-12-07T16:23:34+00:00","dateModified":"2021-12-07T16:23:35+00:00","mainEntityOfPage":{"@id":"https:\/\/web.oirsa.org\/archivos\/2538"},"wordCount":438,"commentCount":0,"publisher":{"@id":"https:\/\/web.oirsa.org\/#organization"},"image":{"@id":"https:\/\/web.oirsa.org\/archivos\/2538#primaryimage"},"thumbnailUrl":"https:\/\/web.oirsa.org\/wp-content\/uploads\/2021\/12\/Vice-Costa-Rica-1024x455.jpg","articleSection":["Noticias"],"inLanguage":"en-US","potentialAction":[{"@type":"CommentAction","name":"Comment","target":["https:\/\/web.oirsa.org\/archivos\/2538#respond"]}]},{"@type":"WebPage","@id":"https:\/\/web.oirsa.org\/archivos\/2538","url":"https:\/\/web.oirsa.org\/archivos\/2538","name":"OIRSA expone avance en su trabajo a vicepresidente de Costa Rica - OIRSA","isPartOf":{"@id":"https:\/\/web.oirsa.org\/#website"},"primaryImageOfPage":{"@id":"https:\/\/web.oirsa.org\/archivos\/2538#primaryimage"},"image":{"@id":"https:\/\/web.oirsa.org\/archivos\/2538#primaryimage"},"thumbnailUrl":"https:\/\/web.oirsa.org\/wp-content\/uploads\/2021\/12\/Vice-Costa-Rica-1024x455.jpg","datePublished":"2021-12-07T16:23:34+00:00","dateModified":"2021-12-07T16:23:35+00:00","description":"Martes, 17 de Enero de 2017.&nbsp;El vicepresidente y ministro de Hacienda de Costa Rica, Helio Fallas, conoci\u00f3 de la labor que realiza el OIRSA en cuanto","breadcrumb":{"@id":"https:\/\/web.oirsa.org\/archivos\/2538#breadcrumb"},"inLanguage":"en-US","potentialAction":[{"@type":"ReadAction","target":["https:\/\/web.oirsa.org\/archivos\/2538"]}]},{"@type":"ImageObject","inLanguage":"en-US","@id":"https:\/\/web.oirsa.org\/archivos\/2538#primaryimage","url":"https:\/\/web.oirsa.org\/wp-content\/uploads\/2021\/12\/Vice-Costa-Rica-1024x455.jpg","contentUrl":"https:\/\/web.oirsa.org\/wp-content\/uploads\/2021\/12\/Vice-Costa-Rica-1024x455.jpg"},{"@type":"BreadcrumbList","@id":"https:\/\/web.oirsa.org\/archivos\/2538#breadcrumb","itemListElement":[{"@type":"ListItem","position":1,"name":"Portada","item":"https:\/\/web.oirsa.org\/"},{"@type":"ListItem","position":2,"name":"OIRSA expone avance en su trabajo a vicepresidente de Costa Rica"}]},{"@type":"WebSite","@id":"https:\/\/web.oirsa.org\/#website","url":"https:\/\/web.oirsa.org\/","name":"OIRSA","description":"Organismo Internacional Regional de Sanidad Agropecuaria","publisher":{"@id":"https:\/\/web.oirsa.org\/#organization"},"potentialAction":[{"@type":"SearchAction","target":{"@type":"EntryPoint","urlTemplate":"https:\/\/web.oirsa.org\/?s={search_term_string}"},"query-input":{"@type":"PropertyValueSpecification","valueRequired":true,"valueName":"search_term_string"}}],"inLanguage":"en-US"},{"@type":"Organization","@id":"https:\/\/web.oirsa.org\/#organization","name":"OIRSA","url":"https:\/\/web.oirsa.org\/","logo":{"@type":"ImageObject","inLanguage":"en-US","@id":"https:\/\/web.oirsa.org\/#\/schema\/logo\/image\/","url":"https:\/\/web.oirsa.org\/wp-content\/uploads\/2024\/01\/cropped-LOGO-OIRSA-2023.png","contentUrl":"https:\/\/web.oirsa.org\/wp-content\/uploads\/2024\/01\/cropped-LOGO-OIRSA-2023.png","width":512,"height":512,"caption":"OIRSA"},"image":{"@id":"https:\/\/web.oirsa.org\/#\/schema\/logo\/image\/"},"sameAs":["https:\/\/www.facebook.com\/OIRSAoficial","https:\/\/x.com\/OIRSAoficial"]},{"@type":"Person","@id":"https:\/\/web.oirsa.org\/#\/schema\/person\/698e7776162ddf630ab36c5946d818ab","name":"sigfredoramirez","image":{"@type":"ImageObject","inLanguage":"en-US","@id":"https:\/\/secure.gravatar.com\/avatar\/cff1a22def7b03563530f2ba16145a6b6b5acbabc1f530f59eb045d7e21222e2?s=96&d=identicon&r=g","url":"https:\/\/secure.gravatar.com\/avatar\/cff1a22def7b03563530f2ba16145a6b6b5acbabc1f530f59eb045d7e21222e2?s=96&d=identicon&r=g","contentUrl":"https:\/\/secure.gravatar.com\/avatar\/cff1a22def7b03563530f2ba16145a6b6b5acbabc1f530f59eb045d7e21222e2?s=96&d=identicon&r=g","caption":"sigfredoramirez"}}]}},"jetpack_featured_media_url":"","jetpack_sharing_enabled":true,"_links":{"self":[{"href":"https:\/\/web.oirsa.org\/en\/wp-json\/wp\/v2\/posts\/2538","targetHints":{"allow":["GET"]}}],"collection":[{"href":"https:\/\/web.oirsa.org\/en\/wp-json\/wp\/v2\/posts"}],"about":[{"href":"https:\/\/web.oirsa.org\/en\/wp-json\/wp\/v2\/types\/post"}],"author":[{"embeddable":true,"href":"https:\/\/web.oirsa.org\/en\/wp-json\/wp\/v2\/users\/213237738"}],"replies":[{"embeddable":true,"href":"https:\/\/web.oirsa.org\/en\/wp-json\/wp\/v2\/comments?post=2538"}],"version-history":[{"count":1,"href":"https:\/\/web.oirsa.org\/en\/wp-json\/wp\/v2\/posts\/2538\/revisions"}],"predecessor-version":[{"id":2540,"href":"https:\/\/web.oirsa.org\/en\/wp-json\/wp\/v2\/posts\/2538\/revisions\/2540"}],"wp:attachment":[{"href":"https:\/\/web.oirsa.org\/en\/wp-json\/wp\/v2\/media?parent=2538"}],"wp:term":[{"taxonomy":"category","embeddable":true,"href":"https:\/\/web.oirsa.org\/en\/wp-json\/wp\/v2\/categories?post=2538"},{"taxonomy":"post_tag","embeddable":true,"href":"https:\/\/web.oirsa.org\/en\/wp-json\/wp\/v2\/tags?post=2538"}],"curies":[{"name":"wp","href":"https:\/\/api.w.org\/{rel}","templated":true}]}}