{"id":2270,"date":"2021-12-06T17:46:34","date_gmt":"2021-12-06T23:46:34","guid":{"rendered":"http:\/\/10.103.20.84\/?p=2270"},"modified":"2021-12-07T08:19:24","modified_gmt":"2021-12-07T14:19:24","slug":"mexico-conmemora-dia-regional-de-la-sanidad-agropecuaria","status":"publish","type":"post","link":"https:\/\/web.oirsa.org\/en\/archivos\/2270","title":{"rendered":"M\u00e9xico conmemora d\u00eda regional de la Sanidad Agropecuaria"},"content":{"rendered":"<p class=\"wp-block-paragraph\"><em><strong>En el \u00faltimo a\u00f1o se destacan el reconocimiento del gobierno de Canad\u00e1 a M\u00e9xico como pa\u00eds libre de Fiebre Porcina Cl\u00e1sica; la negociaci\u00f3n para la inclusi\u00f3n al Acuerdo de Asociaci\u00f3n Transpac\u00edfico, que redituar\u00e1 el acceso de productos agroalimentarios a m\u00e1s mercados. M\u00e9xico es uno de los cinco pa\u00edses con mejor estatus en sanidad agroalimentaria del mundo.<\/strong><\/em><\/p>\n\n\n\n<div class=\"wp-block-image\"><figure class=\"alignright size-full is-resized\"><img data-recalc-dims=\"1\" loading=\"lazy\" decoding=\"async\" src=\"https:\/\/i0.wp.com\/web.oirsa.org\/wp-content\/uploads\/2021\/12\/DiaSanidadMexico.jpg?resize=525%2C233&#038;ssl=1\" alt=\"\" class=\"wp-image-2271\" width=\"525\" height=\"233\" srcset=\"https:\/\/i0.wp.com\/web.oirsa.org\/wp-content\/uploads\/2021\/12\/DiaSanidadMexico.jpg?w=900&amp;ssl=1 900w, https:\/\/i0.wp.com\/web.oirsa.org\/wp-content\/uploads\/2021\/12\/DiaSanidadMexico.jpg?resize=300%2C133&amp;ssl=1 300w, https:\/\/i0.wp.com\/web.oirsa.org\/wp-content\/uploads\/2021\/12\/DiaSanidadMexico.jpg?resize=768%2C341&amp;ssl=1 768w\" sizes=\"auto, (max-width: 525px) 100vw, 525px\" \/><\/figure><\/div>\n\n\n\n<p class=\"wp-block-paragraph\">M\u00e9xico conmemora oficialmente el d\u00eda regional de la Sanidad Agropecuaria. Una fecha en la que se celebran los esfuerzos que realizan hombres y mujeres por salvaguardar una agricultura y ganader\u00eda libre de plagas y enfermedades. Este es un trabajo en equipo que busca preservar el patrimonio productivo de las presentes y futuras generaciones, garantizar la seguridad alimentaria y facilitar el comercio.<\/p>\n\n\n\n<p class=\"wp-block-paragraph\">La conmemoraci\u00f3n del d\u00eda regional de la Sanidad Agropecuaria es efectuada en una serie de eventos en M\u00e9xico, Centroam\u00e9rica y la Rep\u00fablica Dominicana. En M\u00e9xico, el acto central de la celebraci\u00f3n fue presidido por el director del Servicio Nacional de Sanidad, Inocuidad y Calidad Agroalimentaria (SENASICA), Enrique S\u00e1nchez Cruz; y el representante del OIRSA en el pa\u00eds, H\u00e9ctor S\u00e1nchez Anguiano. &nbsp;<\/p>\n\n\n\n<p class=\"wp-block-paragraph\">Al acto asistieron productores, acad\u00e9micos, representantes de organismos internacionales y funcionarios del OIRSA que trabajan en las \u00e1reas de sanidad vegetal, salud animal, inocuidad de los alimentos y servicios cuarentenarios. En defensa del patrimonio agropecuario de istmo, un 29 de octubre hace 63 a\u00f1os, los ministerios de Agricultura y Ganader\u00eda de M\u00e9xico y Centroam\u00e9rica fundaron el OIRSA, al que posteriormente se sumaron Rep. Dominicana y Belize.<\/p>\n\n\n\n<p class=\"wp-block-paragraph\">Desde entonces, el Organismo apoya a sus nueve estados miembros en la protecci\u00f3n y desarrollo de sus recursos agropecuarios, a fin de garantizar una producci\u00f3n alimentaria sana y segura para el bienestar de la poblaci\u00f3n humana. Adem\u00e1s, el Organismo trabaja de cerca con los servicios nacionales de cuarentena agropecuaria, que constituyen la primera l\u00ednea de defensa para garantizar el status fito y zoosanitario de los pa\u00edses.<\/p>\n\n\n\n<p class=\"wp-block-paragraph\">De acuerdo a las estad\u00edsticas del Banco Mundial, la agricultura y su valor agregado en M\u00e9xico y los pa\u00edses centroamericanos tiene una importancia fundamental. Se calcula que el 55% de la superficie mexicana corresponden a tierras agr\u00edcolas.\u00a0<strong>Asimismo, parte del patrimonio agropecuario del pa\u00eds, seg\u00fan la Secretar\u00eda de Agricultura, Ganader\u00eda, Desarrollo Rural, Pesca y Alimentaci\u00f3n (SAGARPA), se contabiliza en<\/strong>\u00a040 millones de cabezas de ganado, y cada a\u00f1o se producen dos millones de toneladas de carne de cerdo y 125 millones de huevos al d\u00eda. Estas acciones en conjunto permiten que M\u00e9xico se sit\u00fae en el lugar n\u00famero 12 de producci\u00f3n, entre 194 pa\u00edses, y la meta es que en 2018 se sit\u00fae en el lugar n\u00famero 11, entre estas naciones.<\/p>","protected":false},"excerpt":{"rendered":"<p>En el \u00faltimo a\u00f1o se destacan el reconocimiento del gobierno de Canad\u00e1 a M\u00e9xico como pa\u00eds libre de Fiebre Porcina [&hellip;]<\/p>\n","protected":false},"author":213237738,"featured_media":0,"comment_status":"open","ping_status":"open","sticky":false,"template":"","format":"standard","meta":{"_coblocks_attr":"","_coblocks_dimensions":"","_coblocks_responsive_height":"","_coblocks_accordion_ie_support":"","_crdt_document":"","_jetpack_memberships_contains_paid_content":false,"footnotes":""},"categories":[121903],"tags":[],"class_list":["post-2270","post","type-post","status-publish","format-standard","hentry","category-noticias"],"yoast_head":"<!-- This site is optimized with the Yoast SEO plugin v27.5 - https:\/\/yoast.com\/product\/yoast-seo-wordpress\/ -->\n<title>M\u00e9xico conmemora d\u00eda regional de la Sanidad Agropecuaria - OIRSA<\/title>\n<meta name=\"description\" content=\"En el \u00faltimo a\u00f1o se destacan el reconocimiento del gobierno de Canad\u00e1 a M\u00e9xico como pa\u00eds libre de Fiebre Porcina Cl\u00e1sica; la negociaci\u00f3n para la inclusi\u00f3n\" \/>\n<meta name=\"robots\" content=\"index, follow, max-snippet:-1, max-image-preview:large, max-video-preview:-1\" \/>\n<link rel=\"canonical\" href=\"https:\/\/web.oirsa.org\/en\/archivos\/2270\/\" \/>\n<meta property=\"og:locale\" content=\"en_US\" \/>\n<meta property=\"og:type\" content=\"article\" \/>\n<meta property=\"og:title\" content=\"M\u00e9xico conmemora d\u00eda regional de la Sanidad Agropecuaria - OIRSA\" \/>\n<meta property=\"og:description\" content=\"En el \u00faltimo a\u00f1o se destacan el reconocimiento del gobierno de Canad\u00e1 a M\u00e9xico como pa\u00eds libre de Fiebre Porcina Cl\u00e1sica; la negociaci\u00f3n para la inclusi\u00f3n\" \/>\n<meta property=\"og:url\" content=\"https:\/\/web.oirsa.org\/en\/archivos\/2270\/\" \/>\n<meta property=\"og:site_name\" content=\"OIRSA\" \/>\n<meta property=\"article:publisher\" content=\"https:\/\/www.facebook.com\/OIRSAoficial\" \/>\n<meta property=\"article:published_time\" content=\"2021-12-06T23:46:34+00:00\" \/>\n<meta property=\"article:modified_time\" content=\"2021-12-07T14:19:24+00:00\" \/>\n<meta property=\"og:image\" content=\"https:\/\/web.oirsa.org\/wp-content\/uploads\/2021\/12\/DiaSanidadMexico.jpg\" \/>\n<meta name=\"author\" content=\"sigfredoramirez\" \/>\n<meta name=\"twitter:card\" content=\"summary_large_image\" \/>\n<meta name=\"twitter:creator\" content=\"@OIRSAoficial\" \/>\n<meta name=\"twitter:site\" content=\"@OIRSAoficial\" \/>\n<meta name=\"twitter:label1\" content=\"Written by\" \/>\n\t<meta name=\"twitter:data1\" content=\"sigfredoramirez\" \/>\n\t<meta name=\"twitter:label2\" content=\"Est. reading time\" \/>\n\t<meta name=\"twitter:data2\" content=\"2 minutes\" \/>\n<script type=\"application\/ld+json\" class=\"yoast-schema-graph\">{\"@context\":\"https:\\\/\\\/schema.org\",\"@graph\":[{\"@type\":\"Article\",\"@id\":\"https:\\\/\\\/web.oirsa.org\\\/archivos\\\/2270#article\",\"isPartOf\":{\"@id\":\"https:\\\/\\\/web.oirsa.org\\\/archivos\\\/2270\"},\"author\":{\"name\":\"sigfredoramirez\",\"@id\":\"https:\\\/\\\/web.oirsa.org\\\/#\\\/schema\\\/person\\\/698e7776162ddf630ab36c5946d818ab\"},\"headline\":\"M\u00e9xico conmemora d\u00eda regional de la Sanidad Agropecuaria\",\"datePublished\":\"2021-12-06T23:46:34+00:00\",\"dateModified\":\"2021-12-07T14:19:24+00:00\",\"mainEntityOfPage\":{\"@id\":\"https:\\\/\\\/web.oirsa.org\\\/archivos\\\/2270\"},\"wordCount\":486,\"commentCount\":0,\"publisher\":{\"@id\":\"https:\\\/\\\/web.oirsa.org\\\/#organization\"},\"image\":{\"@id\":\"https:\\\/\\\/web.oirsa.org\\\/archivos\\\/2270#primaryimage\"},\"thumbnailUrl\":\"https:\\\/\\\/web.oirsa.org\\\/wp-content\\\/uploads\\\/2021\\\/12\\\/DiaSanidadMexico.jpg\",\"articleSection\":[\"Noticias\"],\"inLanguage\":\"en-US\",\"potentialAction\":[{\"@type\":\"CommentAction\",\"name\":\"Comment\",\"target\":[\"https:\\\/\\\/web.oirsa.org\\\/archivos\\\/2270#respond\"]}]},{\"@type\":\"WebPage\",\"@id\":\"https:\\\/\\\/web.oirsa.org\\\/archivos\\\/2270\",\"url\":\"https:\\\/\\\/web.oirsa.org\\\/archivos\\\/2270\",\"name\":\"M\u00e9xico conmemora d\u00eda regional de la Sanidad Agropecuaria - OIRSA\",\"isPartOf\":{\"@id\":\"https:\\\/\\\/web.oirsa.org\\\/#website\"},\"primaryImageOfPage\":{\"@id\":\"https:\\\/\\\/web.oirsa.org\\\/archivos\\\/2270#primaryimage\"},\"image\":{\"@id\":\"https:\\\/\\\/web.oirsa.org\\\/archivos\\\/2270#primaryimage\"},\"thumbnailUrl\":\"https:\\\/\\\/web.oirsa.org\\\/wp-content\\\/uploads\\\/2021\\\/12\\\/DiaSanidadMexico.jpg\",\"datePublished\":\"2021-12-06T23:46:34+00:00\",\"dateModified\":\"2021-12-07T14:19:24+00:00\",\"description\":\"En el \u00faltimo a\u00f1o se destacan el reconocimiento del gobierno de Canad\u00e1 a M\u00e9xico como pa\u00eds libre de Fiebre Porcina Cl\u00e1sica; la negociaci\u00f3n para la inclusi\u00f3n\",\"breadcrumb\":{\"@id\":\"https:\\\/\\\/web.oirsa.org\\\/archivos\\\/2270#breadcrumb\"},\"inLanguage\":\"en-US\",\"potentialAction\":[{\"@type\":\"ReadAction\",\"target\":[\"https:\\\/\\\/web.oirsa.org\\\/archivos\\\/2270\"]}]},{\"@type\":\"ImageObject\",\"inLanguage\":\"en-US\",\"@id\":\"https:\\\/\\\/web.oirsa.org\\\/archivos\\\/2270#primaryimage\",\"url\":\"https:\\\/\\\/web.oirsa.org\\\/wp-content\\\/uploads\\\/2021\\\/12\\\/DiaSanidadMexico.jpg\",\"contentUrl\":\"https:\\\/\\\/web.oirsa.org\\\/wp-content\\\/uploads\\\/2021\\\/12\\\/DiaSanidadMexico.jpg\"},{\"@type\":\"BreadcrumbList\",\"@id\":\"https:\\\/\\\/web.oirsa.org\\\/archivos\\\/2270#breadcrumb\",\"itemListElement\":[{\"@type\":\"ListItem\",\"position\":1,\"name\":\"Portada\",\"item\":\"https:\\\/\\\/web.oirsa.org\\\/\"},{\"@type\":\"ListItem\",\"position\":2,\"name\":\"M\u00e9xico conmemora d\u00eda regional de la Sanidad Agropecuaria\"}]},{\"@type\":\"WebSite\",\"@id\":\"https:\\\/\\\/web.oirsa.org\\\/#website\",\"url\":\"https:\\\/\\\/web.oirsa.org\\\/\",\"name\":\"OIRSA\",\"description\":\"Organismo Internacional Regional de Sanidad Agropecuaria\",\"publisher\":{\"@id\":\"https:\\\/\\\/web.oirsa.org\\\/#organization\"},\"potentialAction\":[{\"@type\":\"SearchAction\",\"target\":{\"@type\":\"EntryPoint\",\"urlTemplate\":\"https:\\\/\\\/web.oirsa.org\\\/?s={search_term_string}\"},\"query-input\":{\"@type\":\"PropertyValueSpecification\",\"valueRequired\":true,\"valueName\":\"search_term_string\"}}],\"inLanguage\":\"en-US\"},{\"@type\":\"Organization\",\"@id\":\"https:\\\/\\\/web.oirsa.org\\\/#organization\",\"name\":\"OIRSA\",\"url\":\"https:\\\/\\\/web.oirsa.org\\\/\",\"logo\":{\"@type\":\"ImageObject\",\"inLanguage\":\"en-US\",\"@id\":\"https:\\\/\\\/web.oirsa.org\\\/#\\\/schema\\\/logo\\\/image\\\/\",\"url\":\"https:\\\/\\\/web.oirsa.org\\\/wp-content\\\/uploads\\\/2024\\\/01\\\/cropped-LOGO-OIRSA-2023.png\",\"contentUrl\":\"https:\\\/\\\/web.oirsa.org\\\/wp-content\\\/uploads\\\/2024\\\/01\\\/cropped-LOGO-OIRSA-2023.png\",\"width\":512,\"height\":512,\"caption\":\"OIRSA\"},\"image\":{\"@id\":\"https:\\\/\\\/web.oirsa.org\\\/#\\\/schema\\\/logo\\\/image\\\/\"},\"sameAs\":[\"https:\\\/\\\/www.facebook.com\\\/OIRSAoficial\",\"https:\\\/\\\/x.com\\\/OIRSAoficial\"]},{\"@type\":\"Person\",\"@id\":\"https:\\\/\\\/web.oirsa.org\\\/#\\\/schema\\\/person\\\/698e7776162ddf630ab36c5946d818ab\",\"name\":\"sigfredoramirez\",\"image\":{\"@type\":\"ImageObject\",\"inLanguage\":\"en-US\",\"@id\":\"https:\\\/\\\/secure.gravatar.com\\\/avatar\\\/cff1a22def7b03563530f2ba16145a6b6b5acbabc1f530f59eb045d7e21222e2?s=96&d=identicon&r=g\",\"url\":\"https:\\\/\\\/secure.gravatar.com\\\/avatar\\\/cff1a22def7b03563530f2ba16145a6b6b5acbabc1f530f59eb045d7e21222e2?s=96&d=identicon&r=g\",\"contentUrl\":\"https:\\\/\\\/secure.gravatar.com\\\/avatar\\\/cff1a22def7b03563530f2ba16145a6b6b5acbabc1f530f59eb045d7e21222e2?s=96&d=identicon&r=g\",\"caption\":\"sigfredoramirez\"}}]}<\/script>\n<!-- \/ Yoast SEO plugin. -->","yoast_head_json":{"title":"M\u00e9xico conmemora d\u00eda regional de la Sanidad Agropecuaria - OIRSA","description":"En el \u00faltimo a\u00f1o se destacan el reconocimiento del gobierno de Canad\u00e1 a M\u00e9xico como pa\u00eds libre de Fiebre Porcina Cl\u00e1sica; la negociaci\u00f3n para la inclusi\u00f3n","robots":{"index":"index","follow":"follow","max-snippet":"max-snippet:-1","max-image-preview":"max-image-preview:large","max-video-preview":"max-video-preview:-1"},"canonical":"https:\/\/web.oirsa.org\/en\/archivos\/2270\/","og_locale":"en_US","og_type":"article","og_title":"M\u00e9xico conmemora d\u00eda regional de la Sanidad Agropecuaria - OIRSA","og_description":"En el \u00faltimo a\u00f1o se destacan el reconocimiento del gobierno de Canad\u00e1 a M\u00e9xico como pa\u00eds libre de Fiebre Porcina Cl\u00e1sica; la negociaci\u00f3n para la inclusi\u00f3n","og_url":"https:\/\/web.oirsa.org\/en\/archivos\/2270\/","og_site_name":"OIRSA","article_publisher":"https:\/\/www.facebook.com\/OIRSAoficial","article_published_time":"2021-12-06T23:46:34+00:00","article_modified_time":"2021-12-07T14:19:24+00:00","og_image":[{"url":"https:\/\/web.oirsa.org\/wp-content\/uploads\/2021\/12\/DiaSanidadMexico.jpg","type":"","width":"","height":""}],"author":"sigfredoramirez","twitter_card":"summary_large_image","twitter_creator":"@OIRSAoficial","twitter_site":"@OIRSAoficial","twitter_misc":{"Written by":"sigfredoramirez","Est. reading time":"2 minutes"},"schema":{"@context":"https:\/\/schema.org","@graph":[{"@type":"Article","@id":"https:\/\/web.oirsa.org\/archivos\/2270#article","isPartOf":{"@id":"https:\/\/web.oirsa.org\/archivos\/2270"},"author":{"name":"sigfredoramirez","@id":"https:\/\/web.oirsa.org\/#\/schema\/person\/698e7776162ddf630ab36c5946d818ab"},"headline":"M\u00e9xico conmemora d\u00eda regional de la Sanidad Agropecuaria","datePublished":"2021-12-06T23:46:34+00:00","dateModified":"2021-12-07T14:19:24+00:00","mainEntityOfPage":{"@id":"https:\/\/web.oirsa.org\/archivos\/2270"},"wordCount":486,"commentCount":0,"publisher":{"@id":"https:\/\/web.oirsa.org\/#organization"},"image":{"@id":"https:\/\/web.oirsa.org\/archivos\/2270#primaryimage"},"thumbnailUrl":"https:\/\/web.oirsa.org\/wp-content\/uploads\/2021\/12\/DiaSanidadMexico.jpg","articleSection":["Noticias"],"inLanguage":"en-US","potentialAction":[{"@type":"CommentAction","name":"Comment","target":["https:\/\/web.oirsa.org\/archivos\/2270#respond"]}]},{"@type":"WebPage","@id":"https:\/\/web.oirsa.org\/archivos\/2270","url":"https:\/\/web.oirsa.org\/archivos\/2270","name":"M\u00e9xico conmemora d\u00eda regional de la Sanidad Agropecuaria - OIRSA","isPartOf":{"@id":"https:\/\/web.oirsa.org\/#website"},"primaryImageOfPage":{"@id":"https:\/\/web.oirsa.org\/archivos\/2270#primaryimage"},"image":{"@id":"https:\/\/web.oirsa.org\/archivos\/2270#primaryimage"},"thumbnailUrl":"https:\/\/web.oirsa.org\/wp-content\/uploads\/2021\/12\/DiaSanidadMexico.jpg","datePublished":"2021-12-06T23:46:34+00:00","dateModified":"2021-12-07T14:19:24+00:00","description":"En el \u00faltimo a\u00f1o se destacan el reconocimiento del gobierno de Canad\u00e1 a M\u00e9xico como pa\u00eds libre de Fiebre Porcina Cl\u00e1sica; la negociaci\u00f3n para la inclusi\u00f3n","breadcrumb":{"@id":"https:\/\/web.oirsa.org\/archivos\/2270#breadcrumb"},"inLanguage":"en-US","potentialAction":[{"@type":"ReadAction","target":["https:\/\/web.oirsa.org\/archivos\/2270"]}]},{"@type":"ImageObject","inLanguage":"en-US","@id":"https:\/\/web.oirsa.org\/archivos\/2270#primaryimage","url":"https:\/\/web.oirsa.org\/wp-content\/uploads\/2021\/12\/DiaSanidadMexico.jpg","contentUrl":"https:\/\/web.oirsa.org\/wp-content\/uploads\/2021\/12\/DiaSanidadMexico.jpg"},{"@type":"BreadcrumbList","@id":"https:\/\/web.oirsa.org\/archivos\/2270#breadcrumb","itemListElement":[{"@type":"ListItem","position":1,"name":"Portada","item":"https:\/\/web.oirsa.org\/"},{"@type":"ListItem","position":2,"name":"M\u00e9xico conmemora d\u00eda regional de la Sanidad Agropecuaria"}]},{"@type":"WebSite","@id":"https:\/\/web.oirsa.org\/#website","url":"https:\/\/web.oirsa.org\/","name":"OIRSA","description":"Organismo Internacional Regional de Sanidad Agropecuaria","publisher":{"@id":"https:\/\/web.oirsa.org\/#organization"},"potentialAction":[{"@type":"SearchAction","target":{"@type":"EntryPoint","urlTemplate":"https:\/\/web.oirsa.org\/?s={search_term_string}"},"query-input":{"@type":"PropertyValueSpecification","valueRequired":true,"valueName":"search_term_string"}}],"inLanguage":"en-US"},{"@type":"Organization","@id":"https:\/\/web.oirsa.org\/#organization","name":"OIRSA","url":"https:\/\/web.oirsa.org\/","logo":{"@type":"ImageObject","inLanguage":"en-US","@id":"https:\/\/web.oirsa.org\/#\/schema\/logo\/image\/","url":"https:\/\/web.oirsa.org\/wp-content\/uploads\/2024\/01\/cropped-LOGO-OIRSA-2023.png","contentUrl":"https:\/\/web.oirsa.org\/wp-content\/uploads\/2024\/01\/cropped-LOGO-OIRSA-2023.png","width":512,"height":512,"caption":"OIRSA"},"image":{"@id":"https:\/\/web.oirsa.org\/#\/schema\/logo\/image\/"},"sameAs":["https:\/\/www.facebook.com\/OIRSAoficial","https:\/\/x.com\/OIRSAoficial"]},{"@type":"Person","@id":"https:\/\/web.oirsa.org\/#\/schema\/person\/698e7776162ddf630ab36c5946d818ab","name":"sigfredoramirez","image":{"@type":"ImageObject","inLanguage":"en-US","@id":"https:\/\/secure.gravatar.com\/avatar\/cff1a22def7b03563530f2ba16145a6b6b5acbabc1f530f59eb045d7e21222e2?s=96&d=identicon&r=g","url":"https:\/\/secure.gravatar.com\/avatar\/cff1a22def7b03563530f2ba16145a6b6b5acbabc1f530f59eb045d7e21222e2?s=96&d=identicon&r=g","contentUrl":"https:\/\/secure.gravatar.com\/avatar\/cff1a22def7b03563530f2ba16145a6b6b5acbabc1f530f59eb045d7e21222e2?s=96&d=identicon&r=g","caption":"sigfredoramirez"}}]}},"jetpack_featured_media_url":"","jetpack_sharing_enabled":true,"_links":{"self":[{"href":"https:\/\/web.oirsa.org\/en\/wp-json\/wp\/v2\/posts\/2270","targetHints":{"allow":["GET"]}}],"collection":[{"href":"https:\/\/web.oirsa.org\/en\/wp-json\/wp\/v2\/posts"}],"about":[{"href":"https:\/\/web.oirsa.org\/en\/wp-json\/wp\/v2\/types\/post"}],"author":[{"embeddable":true,"href":"https:\/\/web.oirsa.org\/en\/wp-json\/wp\/v2\/users\/213237738"}],"replies":[{"embeddable":true,"href":"https:\/\/web.oirsa.org\/en\/wp-json\/wp\/v2\/comments?post=2270"}],"version-history":[{"count":2,"href":"https:\/\/web.oirsa.org\/en\/wp-json\/wp\/v2\/posts\/2270\/revisions"}],"predecessor-version":[{"id":2399,"href":"https:\/\/web.oirsa.org\/en\/wp-json\/wp\/v2\/posts\/2270\/revisions\/2399"}],"wp:attachment":[{"href":"https:\/\/web.oirsa.org\/en\/wp-json\/wp\/v2\/media?parent=2270"}],"wp:term":[{"taxonomy":"category","embeddable":true,"href":"https:\/\/web.oirsa.org\/en\/wp-json\/wp\/v2\/categories?post=2270"},{"taxonomy":"post_tag","embeddable":true,"href":"https:\/\/web.oirsa.org\/en\/wp-json\/wp\/v2\/tags?post=2270"}],"curies":[{"name":"wp","href":"https:\/\/api.w.org\/{rel}","templated":true}]}}