{"id":2177,"date":"2021-12-06T16:11:32","date_gmt":"2021-12-06T22:11:32","guid":{"rendered":"http:\/\/10.103.20.84\/?p=2177"},"modified":"2021-12-07T09:20:56","modified_gmt":"2021-12-07T15:20:56","slug":"panama-se-efectua-taller-regional-de-convencion-internacional-de-proteccion-fitosanitaria-cipf","status":"publish","type":"post","link":"https:\/\/web.oirsa.org\/en\/archivos\/2177","title":{"rendered":"Panam\u00e1: se efect\u00faa taller regional de Convenci\u00f3n Internacional de Protecci\u00f3n Fitosanitaria (CIPF)"},"content":{"rendered":"<p class=\"wp-block-paragraph\">El viceministro de Desarrollo Agropecuario de Panam\u00e1, Esteban Gir\u00f3n; el director regional de Sanidad Vegetal del OIRSA, Carlos Ur\u00edas; la oficial de la FAO para Mesoam\u00e9rica, Raiza Llauger; y el representante del IICA-Panam\u00e1,&nbsp; Gerardo Escudero; fueron parte de la mesa de honor que inaugur\u00f3 el taller regional de la CIPF en Latinoam\u00e9rica. Una actividad que se realiza en la capital paname\u00f1a del 23 al 26 de agosto del 2016.<\/p>\n\n\n\n<p class=\"wp-block-paragraph\">En el taller participan los Organismos de Protecci\u00f3n Fitosanitaria de los pa\u00edses de Am\u00e9rica Latina y Organismos Internacionales colaboradores como la FAO, OIRSA, IICA y COSAVE. El taller contempla la tarea inmediata de revisar borradores de normas internacionales de medidas fitosanitarias, tratamientos y protocolos de diagn\u00f3sticos de plagas.<\/p>\n\n\n\n<div class=\"wp-block-image\"><figure class=\"alignright size-full is-resized\"><img data-recalc-dims=\"1\" loading=\"lazy\" decoding=\"async\" src=\"https:\/\/i0.wp.com\/web.oirsa.org\/wp-content\/uploads\/2021\/12\/CIPF-panama.jpg?resize=525%2C233&#038;ssl=1\" alt=\"\" class=\"wp-image-2178\" width=\"525\" height=\"233\" srcset=\"https:\/\/i0.wp.com\/web.oirsa.org\/wp-content\/uploads\/2021\/12\/CIPF-panama.jpg?w=900&amp;ssl=1 900w, https:\/\/i0.wp.com\/web.oirsa.org\/wp-content\/uploads\/2021\/12\/CIPF-panama.jpg?resize=300%2C133&amp;ssl=1 300w, https:\/\/i0.wp.com\/web.oirsa.org\/wp-content\/uploads\/2021\/12\/CIPF-panama.jpg?resize=768%2C341&amp;ssl=1 768w\" sizes=\"auto, (max-width: 525px) 100vw, 525px\" \/><\/figure><\/div>\n\n\n\n<p class=\"wp-block-paragraph\">Entre los temas de inter\u00e9s para la regi\u00f3n abordados en el taller est\u00e1n una presentaci\u00f3n de la Secretar\u00eda de la CIPF sobre avances en la certificaci\u00f3n electr\u00f3nica e-Phyto, informaci\u00f3n relevante sobre la 11\u00aa reuni\u00f3n de la Comisi\u00f3n de Medidas Fitosanitarias, el Sistema de Comentarios en L\u00ednea (OCS) y procedimiento del establecimiento de est\u00e1ndares revisados para el a\u00f1o 2016, entre otros.<\/p>\n\n\n\n<p class=\"wp-block-paragraph\">Asimismo, entre los participantes del taller se va a realizar el an\u00e1lisis y discusi\u00f3n sobre los proyectos de Normas Internacionales para Medidas Fitosanitarias (NIMF) prioritarios para la regi\u00f3n: el proyecto de enmiendas a la NIMF 5 de 2016 sobre el Glosario de T\u00e9rminos Fitosanitarios, el proyecto de revisi\u00f3n de la NIMF 6 sobre los sistemas nacionales de vigilancia, los requerimientos para el uso de Tratamiento con Temperatura como una Medida Fitosanitaria, entre otras.&nbsp;<\/p>","protected":false},"excerpt":{"rendered":"<p>El viceministro de Desarrollo Agropecuario de Panam\u00e1, Esteban Gir\u00f3n; el director regional de Sanidad Vegetal del OIRSA, Carlos Ur\u00edas; la [&hellip;]<\/p>\n","protected":false},"author":213237738,"featured_media":0,"comment_status":"open","ping_status":"open","sticky":false,"template":"","format":"standard","meta":{"_coblocks_attr":"","_coblocks_dimensions":"","_coblocks_responsive_height":"","_coblocks_accordion_ie_support":"","_crdt_document":"","_jetpack_memberships_contains_paid_content":false,"footnotes":""},"categories":[121903],"tags":[],"class_list":["post-2177","post","type-post","status-publish","format-standard","hentry","category-noticias"],"yoast_head":"<!-- This site is optimized with the Yoast SEO plugin v27.4 - https:\/\/yoast.com\/product\/yoast-seo-wordpress\/ -->\n<title>Panam\u00e1: se efect\u00faa taller regional de Convenci\u00f3n Internacional de Protecci\u00f3n Fitosanitaria (CIPF) - OIRSA<\/title>\n<meta name=\"description\" content=\"El viceministro de Desarrollo Agropecuario de Panam\u00e1, Esteban Gir\u00f3n; el director regional de Sanidad Vegetal del OIRSA, Carlos Ur\u00edas; la oficial de la FAO\" \/>\n<meta name=\"robots\" content=\"index, follow, max-snippet:-1, max-image-preview:large, max-video-preview:-1\" \/>\n<link rel=\"canonical\" href=\"https:\/\/web.oirsa.org\/en\/archivos\/2177\/\" \/>\n<meta property=\"og:locale\" content=\"en_US\" \/>\n<meta property=\"og:type\" content=\"article\" \/>\n<meta property=\"og:title\" content=\"Panam\u00e1: se efect\u00faa taller regional de Convenci\u00f3n Internacional de Protecci\u00f3n Fitosanitaria (CIPF) - OIRSA\" \/>\n<meta property=\"og:description\" content=\"El viceministro de Desarrollo Agropecuario de Panam\u00e1, Esteban Gir\u00f3n; el director regional de Sanidad Vegetal del OIRSA, Carlos Ur\u00edas; la oficial de la FAO\" \/>\n<meta property=\"og:url\" content=\"https:\/\/web.oirsa.org\/en\/archivos\/2177\/\" \/>\n<meta property=\"og:site_name\" content=\"OIRSA\" \/>\n<meta property=\"article:publisher\" content=\"https:\/\/www.facebook.com\/OIRSAoficial\" \/>\n<meta property=\"article:published_time\" content=\"2021-12-06T22:11:32+00:00\" \/>\n<meta property=\"article:modified_time\" content=\"2021-12-07T15:20:56+00:00\" \/>\n<meta property=\"og:image\" content=\"https:\/\/web.oirsa.org\/wp-content\/uploads\/2021\/12\/CIPF-panama.jpg\" \/>\n<meta name=\"author\" content=\"sigfredoramirez\" \/>\n<meta name=\"twitter:card\" content=\"summary_large_image\" \/>\n<meta name=\"twitter:creator\" content=\"@OIRSAoficial\" \/>\n<meta name=\"twitter:site\" content=\"@OIRSAoficial\" \/>\n<meta name=\"twitter:label1\" content=\"Written by\" \/>\n\t<meta name=\"twitter:data1\" content=\"sigfredoramirez\" \/>\n\t<meta name=\"twitter:label2\" content=\"Est. reading time\" \/>\n\t<meta name=\"twitter:data2\" content=\"1 minute\" \/>\n<script type=\"application\/ld+json\" class=\"yoast-schema-graph\">{\"@context\":\"https:\\\/\\\/schema.org\",\"@graph\":[{\"@type\":\"Article\",\"@id\":\"https:\\\/\\\/web.oirsa.org\\\/archivos\\\/2177#article\",\"isPartOf\":{\"@id\":\"https:\\\/\\\/web.oirsa.org\\\/archivos\\\/2177\"},\"author\":{\"name\":\"sigfredoramirez\",\"@id\":\"https:\\\/\\\/web.oirsa.org\\\/#\\\/schema\\\/person\\\/698e7776162ddf630ab36c5946d818ab\"},\"headline\":\"Panam\u00e1: se efect\u00faa taller regional de Convenci\u00f3n Internacional de Protecci\u00f3n Fitosanitaria (CIPF)\",\"datePublished\":\"2021-12-06T22:11:32+00:00\",\"dateModified\":\"2021-12-07T15:20:56+00:00\",\"mainEntityOfPage\":{\"@id\":\"https:\\\/\\\/web.oirsa.org\\\/archivos\\\/2177\"},\"wordCount\":286,\"commentCount\":0,\"publisher\":{\"@id\":\"https:\\\/\\\/web.oirsa.org\\\/#organization\"},\"image\":{\"@id\":\"https:\\\/\\\/web.oirsa.org\\\/archivos\\\/2177#primaryimage\"},\"thumbnailUrl\":\"https:\\\/\\\/web.oirsa.org\\\/wp-content\\\/uploads\\\/2021\\\/12\\\/CIPF-panama.jpg\",\"articleSection\":[\"Noticias\"],\"inLanguage\":\"en-US\",\"potentialAction\":[{\"@type\":\"CommentAction\",\"name\":\"Comment\",\"target\":[\"https:\\\/\\\/web.oirsa.org\\\/archivos\\\/2177#respond\"]}]},{\"@type\":\"WebPage\",\"@id\":\"https:\\\/\\\/web.oirsa.org\\\/archivos\\\/2177\",\"url\":\"https:\\\/\\\/web.oirsa.org\\\/archivos\\\/2177\",\"name\":\"Panam\u00e1: se efect\u00faa taller regional de Convenci\u00f3n Internacional de Protecci\u00f3n Fitosanitaria (CIPF) - OIRSA\",\"isPartOf\":{\"@id\":\"https:\\\/\\\/web.oirsa.org\\\/#website\"},\"primaryImageOfPage\":{\"@id\":\"https:\\\/\\\/web.oirsa.org\\\/archivos\\\/2177#primaryimage\"},\"image\":{\"@id\":\"https:\\\/\\\/web.oirsa.org\\\/archivos\\\/2177#primaryimage\"},\"thumbnailUrl\":\"https:\\\/\\\/web.oirsa.org\\\/wp-content\\\/uploads\\\/2021\\\/12\\\/CIPF-panama.jpg\",\"datePublished\":\"2021-12-06T22:11:32+00:00\",\"dateModified\":\"2021-12-07T15:20:56+00:00\",\"description\":\"El viceministro de Desarrollo Agropecuario de Panam\u00e1, Esteban Gir\u00f3n; el director regional de Sanidad Vegetal del OIRSA, Carlos Ur\u00edas; la oficial de la FAO\",\"breadcrumb\":{\"@id\":\"https:\\\/\\\/web.oirsa.org\\\/archivos\\\/2177#breadcrumb\"},\"inLanguage\":\"en-US\",\"potentialAction\":[{\"@type\":\"ReadAction\",\"target\":[\"https:\\\/\\\/web.oirsa.org\\\/archivos\\\/2177\"]}]},{\"@type\":\"ImageObject\",\"inLanguage\":\"en-US\",\"@id\":\"https:\\\/\\\/web.oirsa.org\\\/archivos\\\/2177#primaryimage\",\"url\":\"https:\\\/\\\/web.oirsa.org\\\/wp-content\\\/uploads\\\/2021\\\/12\\\/CIPF-panama.jpg\",\"contentUrl\":\"https:\\\/\\\/web.oirsa.org\\\/wp-content\\\/uploads\\\/2021\\\/12\\\/CIPF-panama.jpg\"},{\"@type\":\"BreadcrumbList\",\"@id\":\"https:\\\/\\\/web.oirsa.org\\\/archivos\\\/2177#breadcrumb\",\"itemListElement\":[{\"@type\":\"ListItem\",\"position\":1,\"name\":\"Portada\",\"item\":\"https:\\\/\\\/web.oirsa.org\\\/\"},{\"@type\":\"ListItem\",\"position\":2,\"name\":\"Panam\u00e1: se efect\u00faa taller regional de Convenci\u00f3n Internacional de Protecci\u00f3n Fitosanitaria (CIPF)\"}]},{\"@type\":\"WebSite\",\"@id\":\"https:\\\/\\\/web.oirsa.org\\\/#website\",\"url\":\"https:\\\/\\\/web.oirsa.org\\\/\",\"name\":\"OIRSA\",\"description\":\"Organismo Internacional Regional de Sanidad Agropecuaria\",\"publisher\":{\"@id\":\"https:\\\/\\\/web.oirsa.org\\\/#organization\"},\"potentialAction\":[{\"@type\":\"SearchAction\",\"target\":{\"@type\":\"EntryPoint\",\"urlTemplate\":\"https:\\\/\\\/web.oirsa.org\\\/?s={search_term_string}\"},\"query-input\":{\"@type\":\"PropertyValueSpecification\",\"valueRequired\":true,\"valueName\":\"search_term_string\"}}],\"inLanguage\":\"en-US\"},{\"@type\":\"Organization\",\"@id\":\"https:\\\/\\\/web.oirsa.org\\\/#organization\",\"name\":\"OIRSA\",\"url\":\"https:\\\/\\\/web.oirsa.org\\\/\",\"logo\":{\"@type\":\"ImageObject\",\"inLanguage\":\"en-US\",\"@id\":\"https:\\\/\\\/web.oirsa.org\\\/#\\\/schema\\\/logo\\\/image\\\/\",\"url\":\"https:\\\/\\\/web.oirsa.org\\\/wp-content\\\/uploads\\\/2024\\\/01\\\/cropped-LOGO-OIRSA-2023.png\",\"contentUrl\":\"https:\\\/\\\/web.oirsa.org\\\/wp-content\\\/uploads\\\/2024\\\/01\\\/cropped-LOGO-OIRSA-2023.png\",\"width\":512,\"height\":512,\"caption\":\"OIRSA\"},\"image\":{\"@id\":\"https:\\\/\\\/web.oirsa.org\\\/#\\\/schema\\\/logo\\\/image\\\/\"},\"sameAs\":[\"https:\\\/\\\/www.facebook.com\\\/OIRSAoficial\",\"https:\\\/\\\/x.com\\\/OIRSAoficial\"]},{\"@type\":\"Person\",\"@id\":\"https:\\\/\\\/web.oirsa.org\\\/#\\\/schema\\\/person\\\/698e7776162ddf630ab36c5946d818ab\",\"name\":\"sigfredoramirez\",\"image\":{\"@type\":\"ImageObject\",\"inLanguage\":\"en-US\",\"@id\":\"https:\\\/\\\/secure.gravatar.com\\\/avatar\\\/cff1a22def7b03563530f2ba16145a6b6b5acbabc1f530f59eb045d7e21222e2?s=96&d=identicon&r=g\",\"url\":\"https:\\\/\\\/secure.gravatar.com\\\/avatar\\\/cff1a22def7b03563530f2ba16145a6b6b5acbabc1f530f59eb045d7e21222e2?s=96&d=identicon&r=g\",\"contentUrl\":\"https:\\\/\\\/secure.gravatar.com\\\/avatar\\\/cff1a22def7b03563530f2ba16145a6b6b5acbabc1f530f59eb045d7e21222e2?s=96&d=identicon&r=g\",\"caption\":\"sigfredoramirez\"}}]}<\/script>\n<!-- \/ Yoast SEO plugin. -->","yoast_head_json":{"title":"Panam\u00e1: se efect\u00faa taller regional de Convenci\u00f3n Internacional de Protecci\u00f3n Fitosanitaria (CIPF) - OIRSA","description":"El viceministro de Desarrollo Agropecuario de Panam\u00e1, Esteban Gir\u00f3n; el director regional de Sanidad Vegetal del OIRSA, Carlos Ur\u00edas; la oficial de la FAO","robots":{"index":"index","follow":"follow","max-snippet":"max-snippet:-1","max-image-preview":"max-image-preview:large","max-video-preview":"max-video-preview:-1"},"canonical":"https:\/\/web.oirsa.org\/en\/archivos\/2177\/","og_locale":"en_US","og_type":"article","og_title":"Panam\u00e1: se efect\u00faa taller regional de Convenci\u00f3n Internacional de Protecci\u00f3n Fitosanitaria (CIPF) - OIRSA","og_description":"El viceministro de Desarrollo Agropecuario de Panam\u00e1, Esteban Gir\u00f3n; el director regional de Sanidad Vegetal del OIRSA, Carlos Ur\u00edas; la oficial de la FAO","og_url":"https:\/\/web.oirsa.org\/en\/archivos\/2177\/","og_site_name":"OIRSA","article_publisher":"https:\/\/www.facebook.com\/OIRSAoficial","article_published_time":"2021-12-06T22:11:32+00:00","article_modified_time":"2021-12-07T15:20:56+00:00","og_image":[{"url":"https:\/\/web.oirsa.org\/wp-content\/uploads\/2021\/12\/CIPF-panama.jpg","type":"","width":"","height":""}],"author":"sigfredoramirez","twitter_card":"summary_large_image","twitter_creator":"@OIRSAoficial","twitter_site":"@OIRSAoficial","twitter_misc":{"Written by":"sigfredoramirez","Est. reading time":"1 minute"},"schema":{"@context":"https:\/\/schema.org","@graph":[{"@type":"Article","@id":"https:\/\/web.oirsa.org\/archivos\/2177#article","isPartOf":{"@id":"https:\/\/web.oirsa.org\/archivos\/2177"},"author":{"name":"sigfredoramirez","@id":"https:\/\/web.oirsa.org\/#\/schema\/person\/698e7776162ddf630ab36c5946d818ab"},"headline":"Panam\u00e1: se efect\u00faa taller regional de Convenci\u00f3n Internacional de Protecci\u00f3n Fitosanitaria (CIPF)","datePublished":"2021-12-06T22:11:32+00:00","dateModified":"2021-12-07T15:20:56+00:00","mainEntityOfPage":{"@id":"https:\/\/web.oirsa.org\/archivos\/2177"},"wordCount":286,"commentCount":0,"publisher":{"@id":"https:\/\/web.oirsa.org\/#organization"},"image":{"@id":"https:\/\/web.oirsa.org\/archivos\/2177#primaryimage"},"thumbnailUrl":"https:\/\/web.oirsa.org\/wp-content\/uploads\/2021\/12\/CIPF-panama.jpg","articleSection":["Noticias"],"inLanguage":"en-US","potentialAction":[{"@type":"CommentAction","name":"Comment","target":["https:\/\/web.oirsa.org\/archivos\/2177#respond"]}]},{"@type":"WebPage","@id":"https:\/\/web.oirsa.org\/archivos\/2177","url":"https:\/\/web.oirsa.org\/archivos\/2177","name":"Panam\u00e1: se efect\u00faa taller regional de Convenci\u00f3n Internacional de Protecci\u00f3n Fitosanitaria (CIPF) - OIRSA","isPartOf":{"@id":"https:\/\/web.oirsa.org\/#website"},"primaryImageOfPage":{"@id":"https:\/\/web.oirsa.org\/archivos\/2177#primaryimage"},"image":{"@id":"https:\/\/web.oirsa.org\/archivos\/2177#primaryimage"},"thumbnailUrl":"https:\/\/web.oirsa.org\/wp-content\/uploads\/2021\/12\/CIPF-panama.jpg","datePublished":"2021-12-06T22:11:32+00:00","dateModified":"2021-12-07T15:20:56+00:00","description":"El viceministro de Desarrollo Agropecuario de Panam\u00e1, Esteban Gir\u00f3n; el director regional de Sanidad Vegetal del OIRSA, Carlos Ur\u00edas; la oficial de la FAO","breadcrumb":{"@id":"https:\/\/web.oirsa.org\/archivos\/2177#breadcrumb"},"inLanguage":"en-US","potentialAction":[{"@type":"ReadAction","target":["https:\/\/web.oirsa.org\/archivos\/2177"]}]},{"@type":"ImageObject","inLanguage":"en-US","@id":"https:\/\/web.oirsa.org\/archivos\/2177#primaryimage","url":"https:\/\/web.oirsa.org\/wp-content\/uploads\/2021\/12\/CIPF-panama.jpg","contentUrl":"https:\/\/web.oirsa.org\/wp-content\/uploads\/2021\/12\/CIPF-panama.jpg"},{"@type":"BreadcrumbList","@id":"https:\/\/web.oirsa.org\/archivos\/2177#breadcrumb","itemListElement":[{"@type":"ListItem","position":1,"name":"Portada","item":"https:\/\/web.oirsa.org\/"},{"@type":"ListItem","position":2,"name":"Panam\u00e1: se efect\u00faa taller regional de Convenci\u00f3n Internacional de Protecci\u00f3n Fitosanitaria (CIPF)"}]},{"@type":"WebSite","@id":"https:\/\/web.oirsa.org\/#website","url":"https:\/\/web.oirsa.org\/","name":"OIRSA","description":"Organismo Internacional Regional de Sanidad Agropecuaria","publisher":{"@id":"https:\/\/web.oirsa.org\/#organization"},"potentialAction":[{"@type":"SearchAction","target":{"@type":"EntryPoint","urlTemplate":"https:\/\/web.oirsa.org\/?s={search_term_string}"},"query-input":{"@type":"PropertyValueSpecification","valueRequired":true,"valueName":"search_term_string"}}],"inLanguage":"en-US"},{"@type":"Organization","@id":"https:\/\/web.oirsa.org\/#organization","name":"OIRSA","url":"https:\/\/web.oirsa.org\/","logo":{"@type":"ImageObject","inLanguage":"en-US","@id":"https:\/\/web.oirsa.org\/#\/schema\/logo\/image\/","url":"https:\/\/web.oirsa.org\/wp-content\/uploads\/2024\/01\/cropped-LOGO-OIRSA-2023.png","contentUrl":"https:\/\/web.oirsa.org\/wp-content\/uploads\/2024\/01\/cropped-LOGO-OIRSA-2023.png","width":512,"height":512,"caption":"OIRSA"},"image":{"@id":"https:\/\/web.oirsa.org\/#\/schema\/logo\/image\/"},"sameAs":["https:\/\/www.facebook.com\/OIRSAoficial","https:\/\/x.com\/OIRSAoficial"]},{"@type":"Person","@id":"https:\/\/web.oirsa.org\/#\/schema\/person\/698e7776162ddf630ab36c5946d818ab","name":"sigfredoramirez","image":{"@type":"ImageObject","inLanguage":"en-US","@id":"https:\/\/secure.gravatar.com\/avatar\/cff1a22def7b03563530f2ba16145a6b6b5acbabc1f530f59eb045d7e21222e2?s=96&d=identicon&r=g","url":"https:\/\/secure.gravatar.com\/avatar\/cff1a22def7b03563530f2ba16145a6b6b5acbabc1f530f59eb045d7e21222e2?s=96&d=identicon&r=g","contentUrl":"https:\/\/secure.gravatar.com\/avatar\/cff1a22def7b03563530f2ba16145a6b6b5acbabc1f530f59eb045d7e21222e2?s=96&d=identicon&r=g","caption":"sigfredoramirez"}}]}},"jetpack_featured_media_url":"","jetpack_sharing_enabled":true,"_links":{"self":[{"href":"https:\/\/web.oirsa.org\/en\/wp-json\/wp\/v2\/posts\/2177","targetHints":{"allow":["GET"]}}],"collection":[{"href":"https:\/\/web.oirsa.org\/en\/wp-json\/wp\/v2\/posts"}],"about":[{"href":"https:\/\/web.oirsa.org\/en\/wp-json\/wp\/v2\/types\/post"}],"author":[{"embeddable":true,"href":"https:\/\/web.oirsa.org\/en\/wp-json\/wp\/v2\/users\/213237738"}],"replies":[{"embeddable":true,"href":"https:\/\/web.oirsa.org\/en\/wp-json\/wp\/v2\/comments?post=2177"}],"version-history":[{"count":3,"href":"https:\/\/web.oirsa.org\/en\/wp-json\/wp\/v2\/posts\/2177\/revisions"}],"predecessor-version":[{"id":2445,"href":"https:\/\/web.oirsa.org\/en\/wp-json\/wp\/v2\/posts\/2177\/revisions\/2445"}],"wp:attachment":[{"href":"https:\/\/web.oirsa.org\/en\/wp-json\/wp\/v2\/media?parent=2177"}],"wp:term":[{"taxonomy":"category","embeddable":true,"href":"https:\/\/web.oirsa.org\/en\/wp-json\/wp\/v2\/categories?post=2177"},{"taxonomy":"post_tag","embeddable":true,"href":"https:\/\/web.oirsa.org\/en\/wp-json\/wp\/v2\/tags?post=2177"}],"curies":[{"name":"wp","href":"https:\/\/api.w.org\/{rel}","templated":true}]}}