{"id":17532,"date":"2025-06-18T11:17:29","date_gmt":"2025-06-18T17:17:29","guid":{"rendered":"https:\/\/web.oirsa.org\/?p=17532"},"modified":"2025-06-18T11:18:33","modified_gmt":"2025-06-18T17:18:33","slug":"asistente-para-direccion-ejecutiva-el-salvador","status":"publish","type":"post","link":"https:\/\/web.oirsa.org\/en\/archivos\/17532","title":{"rendered":"Asistente para Direcci\u00f3n Ejecutiva \u2013 El Salvador"},"content":{"rendered":"<p class=\"wp-block-paragraph\">El Organismo Internacional Regional de Sanidad Agropecuaria (OIRSA) requiere contratar asistente para la Direcci\u00f3n Ejecutiva del Organismo en su Sede Regional en la ciudad de San Salvador, El Salvador. <\/p>\r\n\r\n<p>&nbsp;<\/p>\r\n\r\n<p class=\"wp-block-paragraph\"><strong>DESCRIPCI\u00d3N DEL PERFIL <\/strong><\/p>\r\n\r\n\r\n\r\n<p class=\"wp-block-paragraph\">Dar apoyo en procesos administrativos a la Direcci\u00f3n Ejecutiva y eventos protocolarios: planificaci\u00f3n de la agenda del director ejecutivo, recepci\u00f3n de<strong> <\/strong>documentos de las diferentes \u00e1reas del Organismo y archivo de estas; elaboraci\u00f3n de correspondencia interna y externa, entre otras. <\/p>\r\n\r\n<p>&nbsp;<\/p>\r\n\r\n<p class=\"wp-block-paragraph\"><strong>REQUISITOS DEL PUESTO <\/strong><\/p>\r\n\r\n\r\n\r\n<ol class=\"wp-block-list\">\r\n<li><strong>Nivel educativo<\/strong>: graduado universitario en Licenciatura en Administraci\u00f3n de Empresas, Relaciones Internacionales, Econom\u00eda o \u00e1reas af\u00edn.<\/li>\r\n\r\n\r\n\r\n<li><strong>Experiencia<\/strong>: (Dos) 2 a\u00f1os en puestos similares.<\/li>\r\n\r\n\r\n\r\n<li><strong>Idiomas<\/strong>: Dominio del idioma ingl\u00e9s.<\/li>\r\n\r\n\r\n\r\n<li><strong>Nacionalidad<\/strong>: salvadore\u00f1o (a). <\/li>\r\n<\/ol>\r\n\r\n<p>&nbsp;<\/p>\r\n\r\n<p class=\"wp-block-paragraph\"><strong>COMPETENCIAS <\/strong> <\/p>\r\n\r\n\r\n\r\n<ol class=\"wp-block-list\">\r\n<li>Excelente Presentaci\u00f3n. <\/li>\r\n\r\n\r\n\r\n<li>Experiencia en coordinaci\u00f3n y ejecuci\u00f3n de eventos protocolarios. <\/li>\r\n\r\n\r\n\r\n<li>Habilidad para redactar informes gerenciales. <\/li>\r\n\r\n\r\n\r\n<li>Excelentes relaciones interpersonales. <\/li>\r\n\r\n\r\n\r\n<li>Organizado y con capacidad para planificar su trabajo. <\/li>\r\n\r\n\r\n\r\n<li>Capacidad para expresar ideas por escrito y verbalmente. <\/li>\r\n\r\n\r\n\r\n<li>Proactivo y con sentido de servicio al cliente. <\/li>\r\n\r\n\r\n\r\n<li>Habilidad para trabajar en equipo. <\/li>\r\n\r\n\r\n\r\n<li>Manejo de paquetes de computaci\u00f3n: Microsoft Office. <\/li>\r\n<\/ol>\r\n\r\n<p>&nbsp;<\/p>\r\n\r\n<p class=\"wp-block-paragraph\"><strong>SE OFRECE <\/strong><\/p>\r\n\r\n\r\n\r\n<ul class=\"wp-block-list\">\r\n<li>Plaza permanente con per\u00edodo de prueba.<\/li>\r\n\r\n\r\n\r\n<li>Atractivo paquete de compensaciones.<\/li>\r\n\r\n\r\n\r\n<li>Estabilidad laboral. <\/li>\r\n<\/ul>\r\n\r\n<p>&nbsp;<\/p>\r\n\r\n<p class=\"wp-block-paragraph\"><strong>C\u00d3MO APLICAR <\/strong> <\/p>\r\n\r\n\r\n\r\n<p class=\"wp-block-paragraph\">Si su inter\u00e9s es formar parte del equipo del OIRSA, remitir curr\u00edculo reciente a la siguiente cuenta institucional: <a href=\"mailto:contrataciones@oirsa.org\"><strong>contrataciones@oirsa.org<\/strong><\/a><strong> <\/strong>indicando en el asunto del correo: <strong>\u201cAsistente Direcci\u00f3n Ejecutiva\u201d<\/strong>, recibi\u00e9ndose aplicaciones hasta el d\u00eda 27 de junio de 2025.<\/p>","protected":false},"excerpt":{"rendered":"<p>El Organismo Internacional Regional de Sanidad Agropecuaria (OIRSA) requiere contratar asistente para la Direcci\u00f3n Ejecutiva del Organismo en su Sede [&hellip;]<\/p>\n","protected":false},"author":213237738,"featured_media":16903,"comment_status":"closed","ping_status":"open","sticky":false,"template":"","format":"standard","meta":{"_coblocks_attr":"","_coblocks_dimensions":"","_coblocks_responsive_height":"","_coblocks_accordion_ie_support":"","_crdt_document":"","_jetpack_memberships_contains_paid_content":false,"footnotes":""},"categories":[121901],"tags":[],"class_list":["post-17532","post","type-post","status-publish","format-standard","has-post-thumbnail","hentry","category-empleos"],"yoast_head":"<!-- This site is optimized with the Yoast SEO plugin v27.5 - https:\/\/yoast.com\/product\/yoast-seo-wordpress\/ -->\n<title>Asistente para Direcci\u00f3n Ejecutiva \u2013 El Salvador - OIRSA<\/title>\n<meta name=\"description\" content=\"El Organismo Internacional Regional de Sanidad Agropecuaria (OIRSA) requiere contratar asistente para la Direcci\u00f3n Ejecutiva del Organismo en su Sede\" \/>\n<meta name=\"robots\" content=\"index, follow, max-snippet:-1, max-image-preview:large, max-video-preview:-1\" \/>\n<link rel=\"canonical\" href=\"https:\/\/web.oirsa.org\/en\/archivos\/17532\/\" \/>\n<meta property=\"og:locale\" content=\"en_US\" \/>\n<meta property=\"og:type\" content=\"article\" \/>\n<meta property=\"og:title\" content=\"Asistente para Direcci\u00f3n Ejecutiva \u2013 El Salvador - OIRSA\" \/>\n<meta property=\"og:description\" content=\"El Organismo Internacional Regional de Sanidad Agropecuaria (OIRSA) requiere contratar asistente para la Direcci\u00f3n Ejecutiva del Organismo en su Sede\" \/>\n<meta property=\"og:url\" content=\"https:\/\/web.oirsa.org\/en\/archivos\/17532\/\" \/>\n<meta property=\"og:site_name\" content=\"OIRSA\" \/>\n<meta property=\"article:publisher\" content=\"https:\/\/www.facebook.com\/OIRSAoficial\" \/>\n<meta property=\"article:published_time\" content=\"2025-06-18T17:17:29+00:00\" \/>\n<meta property=\"article:modified_time\" content=\"2025-06-18T17:18:33+00:00\" \/>\n<meta property=\"og:image\" content=\"https:\/\/web.oirsa.org\/wp-content\/uploads\/2025\/01\/profesionales-copia-scaled.jpg\" \/>\n\t<meta property=\"og:image:width\" content=\"2560\" \/>\n\t<meta property=\"og:image:height\" content=\"1440\" \/>\n\t<meta property=\"og:image:type\" content=\"image\/jpeg\" \/>\n<meta name=\"author\" content=\"sigfredoramirez\" \/>\n<meta name=\"twitter:card\" content=\"summary_large_image\" \/>\n<meta name=\"twitter:creator\" content=\"@OIRSAoficial\" \/>\n<meta name=\"twitter:site\" content=\"@OIRSAoficial\" \/>\n<meta name=\"twitter:label1\" content=\"Written by\" \/>\n\t<meta name=\"twitter:data1\" content=\"sigfredoramirez\" \/>\n\t<meta name=\"twitter:label2\" content=\"Est. reading time\" \/>\n\t<meta name=\"twitter:data2\" content=\"2 minutes\" \/>\n<script type=\"application\/ld+json\" class=\"yoast-schema-graph\">{\"@context\":\"https:\\\/\\\/schema.org\",\"@graph\":[{\"@type\":\"Article\",\"@id\":\"https:\\\/\\\/web.oirsa.org\\\/archivos\\\/17532#article\",\"isPartOf\":{\"@id\":\"https:\\\/\\\/web.oirsa.org\\\/archivos\\\/17532\"},\"author\":{\"name\":\"sigfredoramirez\",\"@id\":\"https:\\\/\\\/web.oirsa.org\\\/#\\\/schema\\\/person\\\/698e7776162ddf630ab36c5946d818ab\"},\"headline\":\"Asistente para Direcci\u00f3n Ejecutiva \u2013 El Salvador\",\"datePublished\":\"2025-06-18T17:17:29+00:00\",\"dateModified\":\"2025-06-18T17:18:33+00:00\",\"mainEntityOfPage\":{\"@id\":\"https:\\\/\\\/web.oirsa.org\\\/archivos\\\/17532\"},\"wordCount\":249,\"publisher\":{\"@id\":\"https:\\\/\\\/web.oirsa.org\\\/#organization\"},\"image\":{\"@id\":\"https:\\\/\\\/web.oirsa.org\\\/archivos\\\/17532#primaryimage\"},\"thumbnailUrl\":\"https:\\\/\\\/i0.wp.com\\\/web.oirsa.org\\\/wp-content\\\/uploads\\\/2025\\\/01\\\/profesionales-copia-scaled.jpg?fit=2560%2C1440&ssl=1\",\"articleSection\":[\"Empleos\"],\"inLanguage\":\"en-US\"},{\"@type\":\"WebPage\",\"@id\":\"https:\\\/\\\/web.oirsa.org\\\/archivos\\\/17532\",\"url\":\"https:\\\/\\\/web.oirsa.org\\\/archivos\\\/17532\",\"name\":\"Asistente para Direcci\u00f3n Ejecutiva \u2013 El Salvador - OIRSA\",\"isPartOf\":{\"@id\":\"https:\\\/\\\/web.oirsa.org\\\/#website\"},\"primaryImageOfPage\":{\"@id\":\"https:\\\/\\\/web.oirsa.org\\\/archivos\\\/17532#primaryimage\"},\"image\":{\"@id\":\"https:\\\/\\\/web.oirsa.org\\\/archivos\\\/17532#primaryimage\"},\"thumbnailUrl\":\"https:\\\/\\\/i0.wp.com\\\/web.oirsa.org\\\/wp-content\\\/uploads\\\/2025\\\/01\\\/profesionales-copia-scaled.jpg?fit=2560%2C1440&ssl=1\",\"datePublished\":\"2025-06-18T17:17:29+00:00\",\"dateModified\":\"2025-06-18T17:18:33+00:00\",\"description\":\"El Organismo Internacional Regional de Sanidad Agropecuaria (OIRSA) requiere contratar asistente para la Direcci\u00f3n Ejecutiva del Organismo en su Sede\",\"breadcrumb\":{\"@id\":\"https:\\\/\\\/web.oirsa.org\\\/archivos\\\/17532#breadcrumb\"},\"inLanguage\":\"en-US\",\"potentialAction\":[{\"@type\":\"ReadAction\",\"target\":[\"https:\\\/\\\/web.oirsa.org\\\/archivos\\\/17532\"]}]},{\"@type\":\"ImageObject\",\"inLanguage\":\"en-US\",\"@id\":\"https:\\\/\\\/web.oirsa.org\\\/archivos\\\/17532#primaryimage\",\"url\":\"https:\\\/\\\/i0.wp.com\\\/web.oirsa.org\\\/wp-content\\\/uploads\\\/2025\\\/01\\\/profesionales-copia-scaled.jpg?fit=2560%2C1440&ssl=1\",\"contentUrl\":\"https:\\\/\\\/i0.wp.com\\\/web.oirsa.org\\\/wp-content\\\/uploads\\\/2025\\\/01\\\/profesionales-copia-scaled.jpg?fit=2560%2C1440&ssl=1\",\"width\":2560,\"height\":1440},{\"@type\":\"BreadcrumbList\",\"@id\":\"https:\\\/\\\/web.oirsa.org\\\/archivos\\\/17532#breadcrumb\",\"itemListElement\":[{\"@type\":\"ListItem\",\"position\":1,\"name\":\"Portada\",\"item\":\"https:\\\/\\\/web.oirsa.org\\\/\"},{\"@type\":\"ListItem\",\"position\":2,\"name\":\"Asistente para Direcci\u00f3n Ejecutiva \u2013 El Salvador\"}]},{\"@type\":\"WebSite\",\"@id\":\"https:\\\/\\\/web.oirsa.org\\\/#website\",\"url\":\"https:\\\/\\\/web.oirsa.org\\\/\",\"name\":\"OIRSA\",\"description\":\"Organismo Internacional Regional de Sanidad Agropecuaria\",\"publisher\":{\"@id\":\"https:\\\/\\\/web.oirsa.org\\\/#organization\"},\"potentialAction\":[{\"@type\":\"SearchAction\",\"target\":{\"@type\":\"EntryPoint\",\"urlTemplate\":\"https:\\\/\\\/web.oirsa.org\\\/?s={search_term_string}\"},\"query-input\":{\"@type\":\"PropertyValueSpecification\",\"valueRequired\":true,\"valueName\":\"search_term_string\"}}],\"inLanguage\":\"en-US\"},{\"@type\":\"Organization\",\"@id\":\"https:\\\/\\\/web.oirsa.org\\\/#organization\",\"name\":\"OIRSA\",\"url\":\"https:\\\/\\\/web.oirsa.org\\\/\",\"logo\":{\"@type\":\"ImageObject\",\"inLanguage\":\"en-US\",\"@id\":\"https:\\\/\\\/web.oirsa.org\\\/#\\\/schema\\\/logo\\\/image\\\/\",\"url\":\"https:\\\/\\\/web.oirsa.org\\\/wp-content\\\/uploads\\\/2024\\\/01\\\/cropped-LOGO-OIRSA-2023.png\",\"contentUrl\":\"https:\\\/\\\/web.oirsa.org\\\/wp-content\\\/uploads\\\/2024\\\/01\\\/cropped-LOGO-OIRSA-2023.png\",\"width\":512,\"height\":512,\"caption\":\"OIRSA\"},\"image\":{\"@id\":\"https:\\\/\\\/web.oirsa.org\\\/#\\\/schema\\\/logo\\\/image\\\/\"},\"sameAs\":[\"https:\\\/\\\/www.facebook.com\\\/OIRSAoficial\",\"https:\\\/\\\/x.com\\\/OIRSAoficial\"]},{\"@type\":\"Person\",\"@id\":\"https:\\\/\\\/web.oirsa.org\\\/#\\\/schema\\\/person\\\/698e7776162ddf630ab36c5946d818ab\",\"name\":\"sigfredoramirez\",\"image\":{\"@type\":\"ImageObject\",\"inLanguage\":\"en-US\",\"@id\":\"https:\\\/\\\/secure.gravatar.com\\\/avatar\\\/cff1a22def7b03563530f2ba16145a6b6b5acbabc1f530f59eb045d7e21222e2?s=96&d=identicon&r=g\",\"url\":\"https:\\\/\\\/secure.gravatar.com\\\/avatar\\\/cff1a22def7b03563530f2ba16145a6b6b5acbabc1f530f59eb045d7e21222e2?s=96&d=identicon&r=g\",\"contentUrl\":\"https:\\\/\\\/secure.gravatar.com\\\/avatar\\\/cff1a22def7b03563530f2ba16145a6b6b5acbabc1f530f59eb045d7e21222e2?s=96&d=identicon&r=g\",\"caption\":\"sigfredoramirez\"}}]}<\/script>\n<!-- \/ Yoast SEO plugin. -->","yoast_head_json":{"title":"Asistente para Direcci\u00f3n Ejecutiva \u2013 El Salvador - OIRSA","description":"El Organismo Internacional Regional de Sanidad Agropecuaria (OIRSA) requiere contratar asistente para la Direcci\u00f3n Ejecutiva del Organismo en su Sede","robots":{"index":"index","follow":"follow","max-snippet":"max-snippet:-1","max-image-preview":"max-image-preview:large","max-video-preview":"max-video-preview:-1"},"canonical":"https:\/\/web.oirsa.org\/en\/archivos\/17532\/","og_locale":"en_US","og_type":"article","og_title":"Asistente para Direcci\u00f3n Ejecutiva \u2013 El Salvador - OIRSA","og_description":"El Organismo Internacional Regional de Sanidad Agropecuaria (OIRSA) requiere contratar asistente para la Direcci\u00f3n Ejecutiva del Organismo en su Sede","og_url":"https:\/\/web.oirsa.org\/en\/archivos\/17532\/","og_site_name":"OIRSA","article_publisher":"https:\/\/www.facebook.com\/OIRSAoficial","article_published_time":"2025-06-18T17:17:29+00:00","article_modified_time":"2025-06-18T17:18:33+00:00","og_image":[{"width":2560,"height":1440,"url":"https:\/\/web.oirsa.org\/wp-content\/uploads\/2025\/01\/profesionales-copia-scaled.jpg","type":"image\/jpeg"}],"author":"sigfredoramirez","twitter_card":"summary_large_image","twitter_creator":"@OIRSAoficial","twitter_site":"@OIRSAoficial","twitter_misc":{"Written by":"sigfredoramirez","Est. reading time":"2 minutes"},"schema":{"@context":"https:\/\/schema.org","@graph":[{"@type":"Article","@id":"https:\/\/web.oirsa.org\/archivos\/17532#article","isPartOf":{"@id":"https:\/\/web.oirsa.org\/archivos\/17532"},"author":{"name":"sigfredoramirez","@id":"https:\/\/web.oirsa.org\/#\/schema\/person\/698e7776162ddf630ab36c5946d818ab"},"headline":"Asistente para Direcci\u00f3n Ejecutiva \u2013 El Salvador","datePublished":"2025-06-18T17:17:29+00:00","dateModified":"2025-06-18T17:18:33+00:00","mainEntityOfPage":{"@id":"https:\/\/web.oirsa.org\/archivos\/17532"},"wordCount":249,"publisher":{"@id":"https:\/\/web.oirsa.org\/#organization"},"image":{"@id":"https:\/\/web.oirsa.org\/archivos\/17532#primaryimage"},"thumbnailUrl":"https:\/\/i0.wp.com\/web.oirsa.org\/wp-content\/uploads\/2025\/01\/profesionales-copia-scaled.jpg?fit=2560%2C1440&ssl=1","articleSection":["Empleos"],"inLanguage":"en-US"},{"@type":"WebPage","@id":"https:\/\/web.oirsa.org\/archivos\/17532","url":"https:\/\/web.oirsa.org\/archivos\/17532","name":"Asistente para Direcci\u00f3n Ejecutiva \u2013 El Salvador - OIRSA","isPartOf":{"@id":"https:\/\/web.oirsa.org\/#website"},"primaryImageOfPage":{"@id":"https:\/\/web.oirsa.org\/archivos\/17532#primaryimage"},"image":{"@id":"https:\/\/web.oirsa.org\/archivos\/17532#primaryimage"},"thumbnailUrl":"https:\/\/i0.wp.com\/web.oirsa.org\/wp-content\/uploads\/2025\/01\/profesionales-copia-scaled.jpg?fit=2560%2C1440&ssl=1","datePublished":"2025-06-18T17:17:29+00:00","dateModified":"2025-06-18T17:18:33+00:00","description":"El Organismo Internacional Regional de Sanidad Agropecuaria (OIRSA) requiere contratar asistente para la Direcci\u00f3n Ejecutiva del Organismo en su Sede","breadcrumb":{"@id":"https:\/\/web.oirsa.org\/archivos\/17532#breadcrumb"},"inLanguage":"en-US","potentialAction":[{"@type":"ReadAction","target":["https:\/\/web.oirsa.org\/archivos\/17532"]}]},{"@type":"ImageObject","inLanguage":"en-US","@id":"https:\/\/web.oirsa.org\/archivos\/17532#primaryimage","url":"https:\/\/i0.wp.com\/web.oirsa.org\/wp-content\/uploads\/2025\/01\/profesionales-copia-scaled.jpg?fit=2560%2C1440&ssl=1","contentUrl":"https:\/\/i0.wp.com\/web.oirsa.org\/wp-content\/uploads\/2025\/01\/profesionales-copia-scaled.jpg?fit=2560%2C1440&ssl=1","width":2560,"height":1440},{"@type":"BreadcrumbList","@id":"https:\/\/web.oirsa.org\/archivos\/17532#breadcrumb","itemListElement":[{"@type":"ListItem","position":1,"name":"Portada","item":"https:\/\/web.oirsa.org\/"},{"@type":"ListItem","position":2,"name":"Asistente para Direcci\u00f3n Ejecutiva \u2013 El Salvador"}]},{"@type":"WebSite","@id":"https:\/\/web.oirsa.org\/#website","url":"https:\/\/web.oirsa.org\/","name":"OIRSA","description":"Organismo Internacional Regional de Sanidad Agropecuaria","publisher":{"@id":"https:\/\/web.oirsa.org\/#organization"},"potentialAction":[{"@type":"SearchAction","target":{"@type":"EntryPoint","urlTemplate":"https:\/\/web.oirsa.org\/?s={search_term_string}"},"query-input":{"@type":"PropertyValueSpecification","valueRequired":true,"valueName":"search_term_string"}}],"inLanguage":"en-US"},{"@type":"Organization","@id":"https:\/\/web.oirsa.org\/#organization","name":"OIRSA","url":"https:\/\/web.oirsa.org\/","logo":{"@type":"ImageObject","inLanguage":"en-US","@id":"https:\/\/web.oirsa.org\/#\/schema\/logo\/image\/","url":"https:\/\/web.oirsa.org\/wp-content\/uploads\/2024\/01\/cropped-LOGO-OIRSA-2023.png","contentUrl":"https:\/\/web.oirsa.org\/wp-content\/uploads\/2024\/01\/cropped-LOGO-OIRSA-2023.png","width":512,"height":512,"caption":"OIRSA"},"image":{"@id":"https:\/\/web.oirsa.org\/#\/schema\/logo\/image\/"},"sameAs":["https:\/\/www.facebook.com\/OIRSAoficial","https:\/\/x.com\/OIRSAoficial"]},{"@type":"Person","@id":"https:\/\/web.oirsa.org\/#\/schema\/person\/698e7776162ddf630ab36c5946d818ab","name":"sigfredoramirez","image":{"@type":"ImageObject","inLanguage":"en-US","@id":"https:\/\/secure.gravatar.com\/avatar\/cff1a22def7b03563530f2ba16145a6b6b5acbabc1f530f59eb045d7e21222e2?s=96&d=identicon&r=g","url":"https:\/\/secure.gravatar.com\/avatar\/cff1a22def7b03563530f2ba16145a6b6b5acbabc1f530f59eb045d7e21222e2?s=96&d=identicon&r=g","contentUrl":"https:\/\/secure.gravatar.com\/avatar\/cff1a22def7b03563530f2ba16145a6b6b5acbabc1f530f59eb045d7e21222e2?s=96&d=identicon&r=g","caption":"sigfredoramirez"}}]}},"jetpack_featured_media_url":"https:\/\/i0.wp.com\/web.oirsa.org\/wp-content\/uploads\/2025\/01\/profesionales-copia-scaled.jpg?fit=2560%2C1440&ssl=1","jetpack_sharing_enabled":true,"_links":{"self":[{"href":"https:\/\/web.oirsa.org\/en\/wp-json\/wp\/v2\/posts\/17532","targetHints":{"allow":["GET"]}}],"collection":[{"href":"https:\/\/web.oirsa.org\/en\/wp-json\/wp\/v2\/posts"}],"about":[{"href":"https:\/\/web.oirsa.org\/en\/wp-json\/wp\/v2\/types\/post"}],"author":[{"embeddable":true,"href":"https:\/\/web.oirsa.org\/en\/wp-json\/wp\/v2\/users\/213237738"}],"replies":[{"embeddable":true,"href":"https:\/\/web.oirsa.org\/en\/wp-json\/wp\/v2\/comments?post=17532"}],"version-history":[{"count":3,"href":"https:\/\/web.oirsa.org\/en\/wp-json\/wp\/v2\/posts\/17532\/revisions"}],"predecessor-version":[{"id":17535,"href":"https:\/\/web.oirsa.org\/en\/wp-json\/wp\/v2\/posts\/17532\/revisions\/17535"}],"wp:featuredmedia":[{"embeddable":true,"href":"https:\/\/web.oirsa.org\/en\/wp-json\/wp\/v2\/media\/16903"}],"wp:attachment":[{"href":"https:\/\/web.oirsa.org\/en\/wp-json\/wp\/v2\/media?parent=17532"}],"wp:term":[{"taxonomy":"category","embeddable":true,"href":"https:\/\/web.oirsa.org\/en\/wp-json\/wp\/v2\/categories?post=17532"},{"taxonomy":"post_tag","embeddable":true,"href":"https:\/\/web.oirsa.org\/en\/wp-json\/wp\/v2\/tags?post=17532"}],"curies":[{"name":"wp","href":"https:\/\/api.w.org\/{rel}","templated":true}]}}