{"id":17255,"date":"2025-03-13T11:25:07","date_gmt":"2025-03-13T17:25:07","guid":{"rendered":"https:\/\/web.oirsa.org\/?p=17255"},"modified":"2025-03-21T11:26:56","modified_gmt":"2025-03-21T17:26:56","slug":"el-salvador-se-desarrolla-la-reunion-ordinaria-de-la-comision-ejecutiva-del-cirsa","status":"publish","type":"post","link":"https:\/\/web.oirsa.org\/en\/archivos\/17255","title":{"rendered":"El Salvador: se desarrolla la reuni\u00f3n ordinaria de la Comisi\u00f3n Ejecutiva del CIRSA"},"content":{"rendered":"<p class=\"wp-block-paragraph\">Los viceministros de Agricultura y Ganader\u00eda -o delegados- de los pa\u00edses que conforman la regi\u00f3n del OIRSA se reunieron en el marco de la Comisi\u00f3n Ejecutiva del Comit\u00e9 Internacional Regional de Sanidad Agropecuaria. La actividad se realiz\u00f3 el 12 y 13 de marzo de 2025 en la sede del OIRSA en la ciudad de San Salvador, El Salvador.<\/p>\n\n\n\n<p class=\"wp-block-paragraph\">La Comisi\u00f3n Ejecutiva fue presidida por el coordinador general de Asuntos Internacionales de la Secretar\u00eda de Agricultura y Desarrollo Rural (SADER) de M\u00e9xico, Santiago Ruy S\u00e1nchez de Orellana, quien destac\u00f3 el trabajo conjunto que debe existir entre los Ministerios de Agricultura y Ganader\u00eda para combatir plagas y enfermedades que afectan al \u00e1mbito agropecuario.<\/p>\n\n\n\n<p class=\"wp-block-paragraph\">Por su parte, el viceministro de Agricultura y Ganader\u00eda de El Salvador, \u00d3scar Dom\u00ednguez, brind\u00f3 la bienvenida a los delegados de los distintos pa\u00edses y enfatiz\u00f3 la protecci\u00f3n del patrimonio de agricultores y ganaderos para garantizar la seguridad alimentaria de toda la regi\u00f3n.<\/p>\n\n\n\n<figure class=\"wp-block-gallery has-nested-images columns-default is-cropped wp-block-gallery-1 is-layout-flex wp-block-gallery-is-layout-flex\">\n<figure class=\"wp-block-image size-large\"><img data-recalc-dims=\"1\" loading=\"lazy\" decoding=\"async\" width=\"525\" height=\"330\" data-id=\"17261\" src=\"https:\/\/i0.wp.com\/web.oirsa.org\/wp-content\/uploads\/2025\/03\/Comision-Ejecutiva-del-OIRSA-2.jpg?resize=525%2C330&ssl=1\" alt=\"\" class=\"wp-image-17261\" srcset=\"https:\/\/i0.wp.com\/web.oirsa.org\/wp-content\/uploads\/2025\/03\/Comision-Ejecutiva-del-OIRSA-2-scaled.jpg?resize=1024%2C643&ssl=1 1024w, https:\/\/i0.wp.com\/web.oirsa.org\/wp-content\/uploads\/2025\/03\/Comision-Ejecutiva-del-OIRSA-2-scaled.jpg?resize=300%2C188&ssl=1 300w, https:\/\/i0.wp.com\/web.oirsa.org\/wp-content\/uploads\/2025\/03\/Comision-Ejecutiva-del-OIRSA-2-scaled.jpg?resize=768%2C482&ssl=1 768w, https:\/\/i0.wp.com\/web.oirsa.org\/wp-content\/uploads\/2025\/03\/Comision-Ejecutiva-del-OIRSA-2-scaled.jpg?resize=1536%2C965&ssl=1 1536w, https:\/\/i0.wp.com\/web.oirsa.org\/wp-content\/uploads\/2025\/03\/Comision-Ejecutiva-del-OIRSA-2-scaled.jpg?resize=2048%2C1286&ssl=1 2048w, https:\/\/i0.wp.com\/web.oirsa.org\/wp-content\/uploads\/2025\/03\/Comision-Ejecutiva-del-OIRSA-2-scaled.jpg?resize=18%2C12&ssl=1 18w\" sizes=\"auto, (max-width: 525px) 100vw, 525px\" \/><\/figure>\n\n\n\n<figure class=\"wp-block-image size-large\"><img data-recalc-dims=\"1\" loading=\"lazy\" decoding=\"async\" width=\"525\" height=\"317\" data-id=\"17259\" src=\"https:\/\/i0.wp.com\/web.oirsa.org\/wp-content\/uploads\/2025\/03\/Comision-Ejecutiva-del-OIRSA-3.jpg?resize=525%2C317&ssl=1\" alt=\"\" class=\"wp-image-17259\" srcset=\"https:\/\/i0.wp.com\/web.oirsa.org\/wp-content\/uploads\/2025\/03\/Comision-Ejecutiva-del-OIRSA-3-scaled.jpg?resize=1024%2C618&ssl=1 1024w, https:\/\/i0.wp.com\/web.oirsa.org\/wp-content\/uploads\/2025\/03\/Comision-Ejecutiva-del-OIRSA-3-scaled.jpg?resize=300%2C181&ssl=1 300w, https:\/\/i0.wp.com\/web.oirsa.org\/wp-content\/uploads\/2025\/03\/Comision-Ejecutiva-del-OIRSA-3-scaled.jpg?resize=768%2C464&ssl=1 768w, https:\/\/i0.wp.com\/web.oirsa.org\/wp-content\/uploads\/2025\/03\/Comision-Ejecutiva-del-OIRSA-3-scaled.jpg?resize=1536%2C927&ssl=1 1536w, https:\/\/i0.wp.com\/web.oirsa.org\/wp-content\/uploads\/2025\/03\/Comision-Ejecutiva-del-OIRSA-3-scaled.jpg?resize=2048%2C1237&ssl=1 2048w, https:\/\/i0.wp.com\/web.oirsa.org\/wp-content\/uploads\/2025\/03\/Comision-Ejecutiva-del-OIRSA-3-scaled.jpg?resize=18%2C12&ssl=1 18w\" sizes=\"auto, (max-width: 525px) 100vw, 525px\" \/><\/figure>\n\n\n\n<figure class=\"wp-block-image size-large\"><img data-recalc-dims=\"1\" loading=\"lazy\" decoding=\"async\" width=\"525\" height=\"332\" data-id=\"17260\" src=\"https:\/\/i0.wp.com\/web.oirsa.org\/wp-content\/uploads\/2025\/03\/Comision-Ejecutiva-del-OIRSA-4.jpg?resize=525%2C332&ssl=1\" alt=\"\" class=\"wp-image-17260\" srcset=\"https:\/\/i0.wp.com\/web.oirsa.org\/wp-content\/uploads\/2025\/03\/Comision-Ejecutiva-del-OIRSA-4-scaled.jpg?resize=1024%2C648&ssl=1 1024w, https:\/\/i0.wp.com\/web.oirsa.org\/wp-content\/uploads\/2025\/03\/Comision-Ejecutiva-del-OIRSA-4-scaled.jpg?resize=300%2C190&ssl=1 300w, https:\/\/i0.wp.com\/web.oirsa.org\/wp-content\/uploads\/2025\/03\/Comision-Ejecutiva-del-OIRSA-4-scaled.jpg?resize=768%2C486&ssl=1 768w, https:\/\/i0.wp.com\/web.oirsa.org\/wp-content\/uploads\/2025\/03\/Comision-Ejecutiva-del-OIRSA-4-scaled.jpg?resize=1536%2C973&ssl=1 1536w, https:\/\/i0.wp.com\/web.oirsa.org\/wp-content\/uploads\/2025\/03\/Comision-Ejecutiva-del-OIRSA-4-scaled.jpg?resize=2048%2C1297&ssl=1 2048w, https:\/\/i0.wp.com\/web.oirsa.org\/wp-content\/uploads\/2025\/03\/Comision-Ejecutiva-del-OIRSA-4-scaled.jpg?resize=18%2C12&ssl=1 18w\" sizes=\"auto, (max-width: 525px) 100vw, 525px\" \/><\/figure>\n\n\n\n<figure class=\"wp-block-image size-large\"><img data-recalc-dims=\"1\" loading=\"lazy\" decoding=\"async\" width=\"525\" height=\"335\" data-id=\"17257\" src=\"https:\/\/i0.wp.com\/web.oirsa.org\/wp-content\/uploads\/2025\/03\/Comision-Ejecutiva-del-OIRSA-5.jpg?resize=525%2C335&ssl=1\" alt=\"\" class=\"wp-image-17257\" srcset=\"https:\/\/i0.wp.com\/web.oirsa.org\/wp-content\/uploads\/2025\/03\/Comision-Ejecutiva-del-OIRSA-5-scaled.jpg?resize=1024%2C653&ssl=1 1024w, https:\/\/i0.wp.com\/web.oirsa.org\/wp-content\/uploads\/2025\/03\/Comision-Ejecutiva-del-OIRSA-5-scaled.jpg?resize=300%2C191&ssl=1 300w, https:\/\/i0.wp.com\/web.oirsa.org\/wp-content\/uploads\/2025\/03\/Comision-Ejecutiva-del-OIRSA-5-scaled.jpg?resize=768%2C490&ssl=1 768w, https:\/\/i0.wp.com\/web.oirsa.org\/wp-content\/uploads\/2025\/03\/Comision-Ejecutiva-del-OIRSA-5-scaled.jpg?resize=1536%2C980&ssl=1 1536w, https:\/\/i0.wp.com\/web.oirsa.org\/wp-content\/uploads\/2025\/03\/Comision-Ejecutiva-del-OIRSA-5-scaled.jpg?resize=2048%2C1306&ssl=1 2048w, https:\/\/i0.wp.com\/web.oirsa.org\/wp-content\/uploads\/2025\/03\/Comision-Ejecutiva-del-OIRSA-5-scaled.jpg?resize=18%2C12&ssl=1 18w\" sizes=\"auto, (max-width: 525px) 100vw, 525px\" \/><\/figure>\n\n\n\n<figure class=\"wp-block-image size-large\"><img data-recalc-dims=\"1\" loading=\"lazy\" decoding=\"async\" width=\"525\" height=\"332\" data-id=\"17258\" src=\"https:\/\/i0.wp.com\/web.oirsa.org\/wp-content\/uploads\/2025\/03\/Comision-Ejecutiva-del-OIRSA-6.jpg?resize=525%2C332&ssl=1\" alt=\"\" class=\"wp-image-17258\" srcset=\"https:\/\/i0.wp.com\/web.oirsa.org\/wp-content\/uploads\/2025\/03\/Comision-Ejecutiva-del-OIRSA-6-scaled.jpg?resize=1024%2C648&ssl=1 1024w, https:\/\/i0.wp.com\/web.oirsa.org\/wp-content\/uploads\/2025\/03\/Comision-Ejecutiva-del-OIRSA-6-scaled.jpg?resize=300%2C190&ssl=1 300w, https:\/\/i0.wp.com\/web.oirsa.org\/wp-content\/uploads\/2025\/03\/Comision-Ejecutiva-del-OIRSA-6-scaled.jpg?resize=768%2C486&ssl=1 768w, https:\/\/i0.wp.com\/web.oirsa.org\/wp-content\/uploads\/2025\/03\/Comision-Ejecutiva-del-OIRSA-6-scaled.jpg?resize=1536%2C972&ssl=1 1536w, https:\/\/i0.wp.com\/web.oirsa.org\/wp-content\/uploads\/2025\/03\/Comision-Ejecutiva-del-OIRSA-6-scaled.jpg?resize=2048%2C1296&ssl=1 2048w, https:\/\/i0.wp.com\/web.oirsa.org\/wp-content\/uploads\/2025\/03\/Comision-Ejecutiva-del-OIRSA-6-scaled.jpg?resize=18%2C12&ssl=1 18w\" sizes=\"auto, (max-width: 525px) 100vw, 525px\" \/><\/figure>\n\n\n\n<figure class=\"wp-block-image size-large\"><img data-recalc-dims=\"1\" loading=\"lazy\" decoding=\"async\" width=\"525\" height=\"298\" data-id=\"17262\" src=\"https:\/\/i0.wp.com\/web.oirsa.org\/wp-content\/uploads\/2025\/03\/Comision-Ejecutiva-del-OIRSA-7.jpg?resize=525%2C298&ssl=1\" alt=\"\" class=\"wp-image-17262\" srcset=\"https:\/\/i0.wp.com\/web.oirsa.org\/wp-content\/uploads\/2025\/03\/Comision-Ejecutiva-del-OIRSA-7-scaled.jpg?resize=1024%2C581&ssl=1 1024w, https:\/\/i0.wp.com\/web.oirsa.org\/wp-content\/uploads\/2025\/03\/Comision-Ejecutiva-del-OIRSA-7-scaled.jpg?resize=300%2C170&ssl=1 300w, https:\/\/i0.wp.com\/web.oirsa.org\/wp-content\/uploads\/2025\/03\/Comision-Ejecutiva-del-OIRSA-7-scaled.jpg?resize=768%2C436&ssl=1 768w, https:\/\/i0.wp.com\/web.oirsa.org\/wp-content\/uploads\/2025\/03\/Comision-Ejecutiva-del-OIRSA-7-scaled.jpg?resize=1536%2C871&ssl=1 1536w, https:\/\/i0.wp.com\/web.oirsa.org\/wp-content\/uploads\/2025\/03\/Comision-Ejecutiva-del-OIRSA-7-scaled.jpg?resize=2048%2C1162&ssl=1 2048w, https:\/\/i0.wp.com\/web.oirsa.org\/wp-content\/uploads\/2025\/03\/Comision-Ejecutiva-del-OIRSA-7-scaled.jpg?resize=18%2C10&ssl=1 18w\" sizes=\"auto, (max-width: 525px) 100vw, 525px\" \/><\/figure>\n\n\n\n<figure class=\"wp-block-image size-large\"><img data-recalc-dims=\"1\" loading=\"lazy\" decoding=\"async\" width=\"525\" height=\"282\" data-id=\"17263\" src=\"https:\/\/i0.wp.com\/web.oirsa.org\/wp-content\/uploads\/2025\/03\/Comision-Ejecutiva-del-OIRSA-8.jpg?resize=525%2C282&ssl=1\" alt=\"\" class=\"wp-image-17263\" srcset=\"https:\/\/i0.wp.com\/web.oirsa.org\/wp-content\/uploads\/2025\/03\/Comision-Ejecutiva-del-OIRSA-8-scaled.jpg?resize=1024%2C551&ssl=1 1024w, https:\/\/i0.wp.com\/web.oirsa.org\/wp-content\/uploads\/2025\/03\/Comision-Ejecutiva-del-OIRSA-8-scaled.jpg?resize=300%2C161&ssl=1 300w, https:\/\/i0.wp.com\/web.oirsa.org\/wp-content\/uploads\/2025\/03\/Comision-Ejecutiva-del-OIRSA-8-scaled.jpg?resize=768%2C413&ssl=1 768w, https:\/\/i0.wp.com\/web.oirsa.org\/wp-content\/uploads\/2025\/03\/Comision-Ejecutiva-del-OIRSA-8-scaled.jpg?resize=1536%2C826&ssl=1 1536w, https:\/\/i0.wp.com\/web.oirsa.org\/wp-content\/uploads\/2025\/03\/Comision-Ejecutiva-del-OIRSA-8-scaled.jpg?resize=2048%2C1102&ssl=1 2048w, https:\/\/i0.wp.com\/web.oirsa.org\/wp-content\/uploads\/2025\/03\/Comision-Ejecutiva-del-OIRSA-8-scaled.jpg?resize=18%2C10&ssl=1 18w\" sizes=\"auto, (max-width: 525px) 100vw, 525px\" \/><\/figure>\n<\/figure>\n\n\n\n<p class=\"wp-block-paragraph\">Durante la Comisi\u00f3n Ejecutiva del CIRSA se profundiz\u00f3 en planes de trabajo y proyectos en las \u00e1reas de Salud Animal, Sanidad Vegetal, Cuarentena Agropecuaria, Inocuidad de los Alimentos, Trazabilidad, Inteligencia Fito y zoosanitaria, y la gesti\u00f3n de nuevos proyectos. Asimismo, se present\u00f3 la situaci\u00f3n actual del Gusano Barrenador del Ganado en la regi\u00f3n.<\/p>","protected":false},"excerpt":{"rendered":"<p>Los viceministros de Agricultura y Ganader\u00eda -o delegados- de los pa\u00edses que conforman la regi\u00f3n del OIRSA se reunieron en [&hellip;]<\/p>\n","protected":false},"author":213237738,"featured_media":17256,"comment_status":"closed","ping_status":"open","sticky":false,"template":"","format":"standard","meta":{"_coblocks_attr":"","_coblocks_dimensions":"","_coblocks_responsive_height":"","_coblocks_accordion_ie_support":"","_crdt_document":"","_jetpack_memberships_contains_paid_content":false,"footnotes":""},"categories":[121903],"tags":[121991,121942],"class_list":["post-17255","post","type-post","status-publish","format-standard","has-post-thumbnail","hentry","category-noticias","tag-comision-ejecutiva-del-cirsa","tag-el-salvador"],"yoast_head":"<!-- This site is optimized with the Yoast SEO plugin v27.5 - https:\/\/yoast.com\/product\/yoast-seo-wordpress\/ -->\n<title>El Salvador: se desarrolla la reuni\u00f3n ordinaria de la Comisi\u00f3n Ejecutiva del CIRSA - OIRSA<\/title>\n<meta name=\"description\" content=\"Los viceministros de Agricultura y Ganader\u00eda -o delegados- de los pa\u00edses que conforman la regi\u00f3n del OIRSA se reunieron en el marco de la Comisi\u00f3n\" \/>\n<meta name=\"robots\" content=\"index, follow, max-snippet:-1, max-image-preview:large, max-video-preview:-1\" \/>\n<link rel=\"canonical\" href=\"https:\/\/web.oirsa.org\/en\/archivos\/17255\/\" \/>\n<meta property=\"og:locale\" content=\"en_US\" \/>\n<meta property=\"og:type\" content=\"article\" \/>\n<meta property=\"og:title\" content=\"El Salvador: se desarrolla la reuni\u00f3n ordinaria de la Comisi\u00f3n Ejecutiva del CIRSA - OIRSA\" \/>\n<meta property=\"og:description\" content=\"Los viceministros de Agricultura y Ganader\u00eda -o delegados- de los pa\u00edses que conforman la regi\u00f3n del OIRSA se reunieron en el marco de la Comisi\u00f3n\" \/>\n<meta property=\"og:url\" content=\"https:\/\/web.oirsa.org\/en\/archivos\/17255\/\" \/>\n<meta property=\"og:site_name\" content=\"OIRSA\" \/>\n<meta property=\"article:publisher\" content=\"https:\/\/www.facebook.com\/OIRSAoficial\" \/>\n<meta property=\"article:published_time\" content=\"2025-03-13T17:25:07+00:00\" \/>\n<meta property=\"article:modified_time\" content=\"2025-03-21T17:26:56+00:00\" \/>\n<meta property=\"og:image\" content=\"https:\/\/web.oirsa.org\/wp-content\/uploads\/2025\/03\/CE.jpg\" \/>\n\t<meta property=\"og:image:width\" content=\"1200\" \/>\n\t<meta property=\"og:image:height\" content=\"675\" \/>\n\t<meta property=\"og:image:type\" content=\"image\/jpeg\" \/>\n<meta name=\"author\" content=\"sigfredoramirez\" \/>\n<meta name=\"twitter:card\" content=\"summary_large_image\" \/>\n<meta name=\"twitter:creator\" content=\"@OIRSAoficial\" \/>\n<meta name=\"twitter:site\" content=\"@OIRSAoficial\" \/>\n<meta name=\"twitter:label1\" content=\"Written by\" \/>\n\t<meta name=\"twitter:data1\" content=\"sigfredoramirez\" \/>\n\t<meta name=\"twitter:label2\" content=\"Est. reading time\" \/>\n\t<meta name=\"twitter:data2\" content=\"3 minutes\" \/>\n<script type=\"application\/ld+json\" class=\"yoast-schema-graph\">{\"@context\":\"https:\\\/\\\/schema.org\",\"@graph\":[{\"@type\":\"Article\",\"@id\":\"https:\\\/\\\/web.oirsa.org\\\/archivos\\\/17255#article\",\"isPartOf\":{\"@id\":\"https:\\\/\\\/web.oirsa.org\\\/archivos\\\/17255\"},\"author\":{\"name\":\"sigfredoramirez\",\"@id\":\"https:\\\/\\\/web.oirsa.org\\\/#\\\/schema\\\/person\\\/698e7776162ddf630ab36c5946d818ab\"},\"headline\":\"El Salvador: se desarrolla la reuni\u00f3n ordinaria de la Comisi\u00f3n Ejecutiva del CIRSA\",\"datePublished\":\"2025-03-13T17:25:07+00:00\",\"dateModified\":\"2025-03-21T17:26:56+00:00\",\"mainEntityOfPage\":{\"@id\":\"https:\\\/\\\/web.oirsa.org\\\/archivos\\\/17255\"},\"wordCount\":237,\"publisher\":{\"@id\":\"https:\\\/\\\/web.oirsa.org\\\/#organization\"},\"image\":{\"@id\":\"https:\\\/\\\/web.oirsa.org\\\/archivos\\\/17255#primaryimage\"},\"thumbnailUrl\":\"https:\\\/\\\/i0.wp.com\\\/web.oirsa.org\\\/wp-content\\\/uploads\\\/2025\\\/03\\\/CE.jpg?fit=1200%2C675&ssl=1\",\"keywords\":[\"Comisi\u00f3n Ejecutiva del CIRSA\",\"El Salvador\"],\"articleSection\":[\"Noticias\"],\"inLanguage\":\"en-US\"},{\"@type\":\"WebPage\",\"@id\":\"https:\\\/\\\/web.oirsa.org\\\/archivos\\\/17255\",\"url\":\"https:\\\/\\\/web.oirsa.org\\\/archivos\\\/17255\",\"name\":\"El Salvador: se desarrolla la reuni\u00f3n ordinaria de la Comisi\u00f3n Ejecutiva del CIRSA - OIRSA\",\"isPartOf\":{\"@id\":\"https:\\\/\\\/web.oirsa.org\\\/#website\"},\"primaryImageOfPage\":{\"@id\":\"https:\\\/\\\/web.oirsa.org\\\/archivos\\\/17255#primaryimage\"},\"image\":{\"@id\":\"https:\\\/\\\/web.oirsa.org\\\/archivos\\\/17255#primaryimage\"},\"thumbnailUrl\":\"https:\\\/\\\/i0.wp.com\\\/web.oirsa.org\\\/wp-content\\\/uploads\\\/2025\\\/03\\\/CE.jpg?fit=1200%2C675&ssl=1\",\"datePublished\":\"2025-03-13T17:25:07+00:00\",\"dateModified\":\"2025-03-21T17:26:56+00:00\",\"description\":\"Los viceministros de Agricultura y Ganader\u00eda -o delegados- de los pa\u00edses que conforman la regi\u00f3n del OIRSA se reunieron en el marco de la Comisi\u00f3n\",\"breadcrumb\":{\"@id\":\"https:\\\/\\\/web.oirsa.org\\\/archivos\\\/17255#breadcrumb\"},\"inLanguage\":\"en-US\",\"potentialAction\":[{\"@type\":\"ReadAction\",\"target\":[\"https:\\\/\\\/web.oirsa.org\\\/archivos\\\/17255\"]}]},{\"@type\":\"ImageObject\",\"inLanguage\":\"en-US\",\"@id\":\"https:\\\/\\\/web.oirsa.org\\\/archivos\\\/17255#primaryimage\",\"url\":\"https:\\\/\\\/i0.wp.com\\\/web.oirsa.org\\\/wp-content\\\/uploads\\\/2025\\\/03\\\/CE.jpg?fit=1200%2C675&ssl=1\",\"contentUrl\":\"https:\\\/\\\/i0.wp.com\\\/web.oirsa.org\\\/wp-content\\\/uploads\\\/2025\\\/03\\\/CE.jpg?fit=1200%2C675&ssl=1\",\"width\":1200,\"height\":675},{\"@type\":\"BreadcrumbList\",\"@id\":\"https:\\\/\\\/web.oirsa.org\\\/archivos\\\/17255#breadcrumb\",\"itemListElement\":[{\"@type\":\"ListItem\",\"position\":1,\"name\":\"Portada\",\"item\":\"https:\\\/\\\/web.oirsa.org\\\/\"},{\"@type\":\"ListItem\",\"position\":2,\"name\":\"El Salvador: se desarrolla la reuni\u00f3n ordinaria de la Comisi\u00f3n Ejecutiva del CIRSA\"}]},{\"@type\":\"WebSite\",\"@id\":\"https:\\\/\\\/web.oirsa.org\\\/#website\",\"url\":\"https:\\\/\\\/web.oirsa.org\\\/\",\"name\":\"OIRSA\",\"description\":\"Organismo Internacional Regional de Sanidad Agropecuaria\",\"publisher\":{\"@id\":\"https:\\\/\\\/web.oirsa.org\\\/#organization\"},\"potentialAction\":[{\"@type\":\"SearchAction\",\"target\":{\"@type\":\"EntryPoint\",\"urlTemplate\":\"https:\\\/\\\/web.oirsa.org\\\/?s={search_term_string}\"},\"query-input\":{\"@type\":\"PropertyValueSpecification\",\"valueRequired\":true,\"valueName\":\"search_term_string\"}}],\"inLanguage\":\"en-US\"},{\"@type\":\"Organization\",\"@id\":\"https:\\\/\\\/web.oirsa.org\\\/#organization\",\"name\":\"OIRSA\",\"url\":\"https:\\\/\\\/web.oirsa.org\\\/\",\"logo\":{\"@type\":\"ImageObject\",\"inLanguage\":\"en-US\",\"@id\":\"https:\\\/\\\/web.oirsa.org\\\/#\\\/schema\\\/logo\\\/image\\\/\",\"url\":\"https:\\\/\\\/web.oirsa.org\\\/wp-content\\\/uploads\\\/2024\\\/01\\\/cropped-LOGO-OIRSA-2023.png\",\"contentUrl\":\"https:\\\/\\\/web.oirsa.org\\\/wp-content\\\/uploads\\\/2024\\\/01\\\/cropped-LOGO-OIRSA-2023.png\",\"width\":512,\"height\":512,\"caption\":\"OIRSA\"},\"image\":{\"@id\":\"https:\\\/\\\/web.oirsa.org\\\/#\\\/schema\\\/logo\\\/image\\\/\"},\"sameAs\":[\"https:\\\/\\\/www.facebook.com\\\/OIRSAoficial\",\"https:\\\/\\\/x.com\\\/OIRSAoficial\"]},{\"@type\":\"Person\",\"@id\":\"https:\\\/\\\/web.oirsa.org\\\/#\\\/schema\\\/person\\\/698e7776162ddf630ab36c5946d818ab\",\"name\":\"sigfredoramirez\",\"image\":{\"@type\":\"ImageObject\",\"inLanguage\":\"en-US\",\"@id\":\"https:\\\/\\\/secure.gravatar.com\\\/avatar\\\/cff1a22def7b03563530f2ba16145a6b6b5acbabc1f530f59eb045d7e21222e2?s=96&d=identicon&r=g\",\"url\":\"https:\\\/\\\/secure.gravatar.com\\\/avatar\\\/cff1a22def7b03563530f2ba16145a6b6b5acbabc1f530f59eb045d7e21222e2?s=96&d=identicon&r=g\",\"contentUrl\":\"https:\\\/\\\/secure.gravatar.com\\\/avatar\\\/cff1a22def7b03563530f2ba16145a6b6b5acbabc1f530f59eb045d7e21222e2?s=96&d=identicon&r=g\",\"caption\":\"sigfredoramirez\"}}]}<\/script>\n<!-- \/ Yoast SEO plugin. -->","yoast_head_json":{"title":"El Salvador: se desarrolla la reuni\u00f3n ordinaria de la Comisi\u00f3n Ejecutiva del CIRSA - OIRSA","description":"Los viceministros de Agricultura y Ganader\u00eda -o delegados- de los pa\u00edses que conforman la regi\u00f3n del OIRSA se reunieron en el marco de la Comisi\u00f3n","robots":{"index":"index","follow":"follow","max-snippet":"max-snippet:-1","max-image-preview":"max-image-preview:large","max-video-preview":"max-video-preview:-1"},"canonical":"https:\/\/web.oirsa.org\/en\/archivos\/17255\/","og_locale":"en_US","og_type":"article","og_title":"El Salvador: se desarrolla la reuni\u00f3n ordinaria de la Comisi\u00f3n Ejecutiva del CIRSA - OIRSA","og_description":"Los viceministros de Agricultura y Ganader\u00eda -o delegados- de los pa\u00edses que conforman la regi\u00f3n del OIRSA se reunieron en el marco de la Comisi\u00f3n","og_url":"https:\/\/web.oirsa.org\/en\/archivos\/17255\/","og_site_name":"OIRSA","article_publisher":"https:\/\/www.facebook.com\/OIRSAoficial","article_published_time":"2025-03-13T17:25:07+00:00","article_modified_time":"2025-03-21T17:26:56+00:00","og_image":[{"width":1200,"height":675,"url":"https:\/\/web.oirsa.org\/wp-content\/uploads\/2025\/03\/CE.jpg","type":"image\/jpeg"}],"author":"sigfredoramirez","twitter_card":"summary_large_image","twitter_creator":"@OIRSAoficial","twitter_site":"@OIRSAoficial","twitter_misc":{"Written by":"sigfredoramirez","Est. reading time":"3 minutes"},"schema":{"@context":"https:\/\/schema.org","@graph":[{"@type":"Article","@id":"https:\/\/web.oirsa.org\/archivos\/17255#article","isPartOf":{"@id":"https:\/\/web.oirsa.org\/archivos\/17255"},"author":{"name":"sigfredoramirez","@id":"https:\/\/web.oirsa.org\/#\/schema\/person\/698e7776162ddf630ab36c5946d818ab"},"headline":"El Salvador: se desarrolla la reuni\u00f3n ordinaria de la Comisi\u00f3n Ejecutiva del CIRSA","datePublished":"2025-03-13T17:25:07+00:00","dateModified":"2025-03-21T17:26:56+00:00","mainEntityOfPage":{"@id":"https:\/\/web.oirsa.org\/archivos\/17255"},"wordCount":237,"publisher":{"@id":"https:\/\/web.oirsa.org\/#organization"},"image":{"@id":"https:\/\/web.oirsa.org\/archivos\/17255#primaryimage"},"thumbnailUrl":"https:\/\/i0.wp.com\/web.oirsa.org\/wp-content\/uploads\/2025\/03\/CE.jpg?fit=1200%2C675&ssl=1","keywords":["Comisi\u00f3n Ejecutiva del CIRSA","El Salvador"],"articleSection":["Noticias"],"inLanguage":"en-US"},{"@type":"WebPage","@id":"https:\/\/web.oirsa.org\/archivos\/17255","url":"https:\/\/web.oirsa.org\/archivos\/17255","name":"El Salvador: se desarrolla la reuni\u00f3n ordinaria de la Comisi\u00f3n Ejecutiva del CIRSA - OIRSA","isPartOf":{"@id":"https:\/\/web.oirsa.org\/#website"},"primaryImageOfPage":{"@id":"https:\/\/web.oirsa.org\/archivos\/17255#primaryimage"},"image":{"@id":"https:\/\/web.oirsa.org\/archivos\/17255#primaryimage"},"thumbnailUrl":"https:\/\/i0.wp.com\/web.oirsa.org\/wp-content\/uploads\/2025\/03\/CE.jpg?fit=1200%2C675&ssl=1","datePublished":"2025-03-13T17:25:07+00:00","dateModified":"2025-03-21T17:26:56+00:00","description":"Los viceministros de Agricultura y Ganader\u00eda -o delegados- de los pa\u00edses que conforman la regi\u00f3n del OIRSA se reunieron en el marco de la Comisi\u00f3n","breadcrumb":{"@id":"https:\/\/web.oirsa.org\/archivos\/17255#breadcrumb"},"inLanguage":"en-US","potentialAction":[{"@type":"ReadAction","target":["https:\/\/web.oirsa.org\/archivos\/17255"]}]},{"@type":"ImageObject","inLanguage":"en-US","@id":"https:\/\/web.oirsa.org\/archivos\/17255#primaryimage","url":"https:\/\/i0.wp.com\/web.oirsa.org\/wp-content\/uploads\/2025\/03\/CE.jpg?fit=1200%2C675&ssl=1","contentUrl":"https:\/\/i0.wp.com\/web.oirsa.org\/wp-content\/uploads\/2025\/03\/CE.jpg?fit=1200%2C675&ssl=1","width":1200,"height":675},{"@type":"BreadcrumbList","@id":"https:\/\/web.oirsa.org\/archivos\/17255#breadcrumb","itemListElement":[{"@type":"ListItem","position":1,"name":"Portada","item":"https:\/\/web.oirsa.org\/"},{"@type":"ListItem","position":2,"name":"El Salvador: se desarrolla la reuni\u00f3n ordinaria de la Comisi\u00f3n Ejecutiva del CIRSA"}]},{"@type":"WebSite","@id":"https:\/\/web.oirsa.org\/#website","url":"https:\/\/web.oirsa.org\/","name":"OIRSA","description":"Organismo Internacional Regional de Sanidad Agropecuaria","publisher":{"@id":"https:\/\/web.oirsa.org\/#organization"},"potentialAction":[{"@type":"SearchAction","target":{"@type":"EntryPoint","urlTemplate":"https:\/\/web.oirsa.org\/?s={search_term_string}"},"query-input":{"@type":"PropertyValueSpecification","valueRequired":true,"valueName":"search_term_string"}}],"inLanguage":"en-US"},{"@type":"Organization","@id":"https:\/\/web.oirsa.org\/#organization","name":"OIRSA","url":"https:\/\/web.oirsa.org\/","logo":{"@type":"ImageObject","inLanguage":"en-US","@id":"https:\/\/web.oirsa.org\/#\/schema\/logo\/image\/","url":"https:\/\/web.oirsa.org\/wp-content\/uploads\/2024\/01\/cropped-LOGO-OIRSA-2023.png","contentUrl":"https:\/\/web.oirsa.org\/wp-content\/uploads\/2024\/01\/cropped-LOGO-OIRSA-2023.png","width":512,"height":512,"caption":"OIRSA"},"image":{"@id":"https:\/\/web.oirsa.org\/#\/schema\/logo\/image\/"},"sameAs":["https:\/\/www.facebook.com\/OIRSAoficial","https:\/\/x.com\/OIRSAoficial"]},{"@type":"Person","@id":"https:\/\/web.oirsa.org\/#\/schema\/person\/698e7776162ddf630ab36c5946d818ab","name":"sigfredoramirez","image":{"@type":"ImageObject","inLanguage":"en-US","@id":"https:\/\/secure.gravatar.com\/avatar\/cff1a22def7b03563530f2ba16145a6b6b5acbabc1f530f59eb045d7e21222e2?s=96&d=identicon&r=g","url":"https:\/\/secure.gravatar.com\/avatar\/cff1a22def7b03563530f2ba16145a6b6b5acbabc1f530f59eb045d7e21222e2?s=96&d=identicon&r=g","contentUrl":"https:\/\/secure.gravatar.com\/avatar\/cff1a22def7b03563530f2ba16145a6b6b5acbabc1f530f59eb045d7e21222e2?s=96&d=identicon&r=g","caption":"sigfredoramirez"}}]}},"jetpack_featured_media_url":"https:\/\/i0.wp.com\/web.oirsa.org\/wp-content\/uploads\/2025\/03\/CE.jpg?fit=1200%2C675&ssl=1","jetpack_sharing_enabled":true,"_links":{"self":[{"href":"https:\/\/web.oirsa.org\/en\/wp-json\/wp\/v2\/posts\/17255","targetHints":{"allow":["GET"]}}],"collection":[{"href":"https:\/\/web.oirsa.org\/en\/wp-json\/wp\/v2\/posts"}],"about":[{"href":"https:\/\/web.oirsa.org\/en\/wp-json\/wp\/v2\/types\/post"}],"author":[{"embeddable":true,"href":"https:\/\/web.oirsa.org\/en\/wp-json\/wp\/v2\/users\/213237738"}],"replies":[{"embeddable":true,"href":"https:\/\/web.oirsa.org\/en\/wp-json\/wp\/v2\/comments?post=17255"}],"version-history":[{"count":1,"href":"https:\/\/web.oirsa.org\/en\/wp-json\/wp\/v2\/posts\/17255\/revisions"}],"predecessor-version":[{"id":17264,"href":"https:\/\/web.oirsa.org\/en\/wp-json\/wp\/v2\/posts\/17255\/revisions\/17264"}],"wp:featuredmedia":[{"embeddable":true,"href":"https:\/\/web.oirsa.org\/en\/wp-json\/wp\/v2\/media\/17256"}],"wp:attachment":[{"href":"https:\/\/web.oirsa.org\/en\/wp-json\/wp\/v2\/media?parent=17255"}],"wp:term":[{"taxonomy":"category","embeddable":true,"href":"https:\/\/web.oirsa.org\/en\/wp-json\/wp\/v2\/categories?post=17255"},{"taxonomy":"post_tag","embeddable":true,"href":"https:\/\/web.oirsa.org\/en\/wp-json\/wp\/v2\/tags?post=17255"}],"curies":[{"name":"wp","href":"https:\/\/api.w.org\/{rel}","templated":true}]}}