{"id":14487,"date":"2024-02-16T16:51:32","date_gmt":"2024-02-16T22:51:32","guid":{"rendered":"https:\/\/web.oirsa.org\/?p=14487"},"modified":"2024-02-16T16:54:31","modified_gmt":"2024-02-16T22:54:31","slug":"se-aproxima-el-iii-foro-internacional-de-citricos-en-honduras","status":"publish","type":"post","link":"https:\/\/web.oirsa.org\/en\/archivos\/14487","title":{"rendered":"Se aproxima el III Foro Internacional de C\u00edtricos en Honduras"},"content":{"rendered":"<p class=\"wp-block-paragraph\">Como un espacio acad\u00e9mico y profesional de intercambio de informaci\u00f3n y conocimiento, que sirvan para la actualizaci\u00f3n de los actores involucrados en el sector citr\u00edcola de Honduras, se realizar\u00e1, en la ciudad de San Pedro Sula, el III Foro Internacional de C\u00edtricos. La actividad es organizada por el OIRSA en coordinaci\u00f3n con la Secretar\u00eda de Agricultura y Ganader\u00eda (SAG) y el Servicio Nacional de Sanidad e Inocuidad Agroalimentaria (SENASA) y la Organizaci\u00f3n de las Naciones para la Alimentaci\u00f3n y la Agricultura (FAO).<\/p>\n\n\n\n<p class=\"wp-block-paragraph\"><\/p>\n\n\n\n<p class=\"wp-block-paragraph\">Este foro contempla temas centrales:<\/p>\n\n\n\n<ol class=\"wp-block-list\">\n<li>El HLB, en virtud de la envergadura que representa para los pa\u00edses productores de c\u00edtricos.<\/li>\n\n\n\n<li>Plagas de importancia cuarentenaria y otros aspectos fitosanitarios.<\/li>\n\n\n\n<li>El mercado de c\u00edtricos, nuevas tecnolog\u00edas de producci\u00f3n y sus tendencias.<\/li>\n<\/ol>\n\n\n\n<p class=\"wp-block-paragraph\"><\/p>\n\n\n\n<p class=\"wp-block-paragraph\">Esta actividad tendr\u00e1 una duraci\u00f3n de dos d\u00edas, ser\u00e1n jornadas completas de conferencias y mesas de discusi\u00f3n, contando para ello con la participaci\u00f3n de disertantes internacionales. (Consulta el <a href=\"https:\/\/web.oirsa.org\/wp-content\/uploads\/2024\/02\/3er-Foro-Internacional-de-Citricos-Programa-1f2024-1.pdf\">Programa completo<\/a> del Foro)<\/p>\n\n\n\n<p class=\"wp-block-paragraph\"><strong>Feria citr\u00edcola<\/strong><\/p>\n\n\n\n<p class=\"wp-block-paragraph\">Tambi\u00e9n habr\u00e1 espacio para la presentaci\u00f3n de casas comerciales y sus productos orientados a la cadena citr\u00edcola, organizaciones de productores, programas y proyectos agr\u00edcolas, mediante una EXPOC\u00cdTRICO.<\/p>\n\n\n\n<p class=\"wp-block-paragraph\">El coordinador nacional del Foro, Jos\u00e9 Luis Maradiaga, invit\u00f3 a las casas comerciales, que producen y distribuyen insumos agr\u00edcolas, a sumarse a esta iniciativa que re\u00fane a productores, gobierno, sector empresarial y conferencias internacional que ser\u00e1n parte de la III edici\u00f3n.<\/p>\n\n\n<p><iframe loading=\"lazy\" style=\"border: none; overflow: hidden;\" src=\"https:\/\/www.facebook.com\/plugins\/post.php?href=https%3A%2F%2Fwww.facebook.com%2FOIRSAoficial%2Fposts%2Fpfbid0nuJbFxKC4stVmfE5iorZ7KJ7dsyg7kVmMQzyDiwVefTjJf2wF52AEMY8UisKF1yDl&show_text=true&width=500\" width=\"500\" height=\"659\" frameborder=\"0\" scrolling=\"no\" allowfullscreen=\"allowfullscreen\"><\/iframe><\/p>\n\n\n<p class=\"wp-block-paragraph\"><strong>Insumos y maquinaria agr\u00edcola<\/strong><\/p>\n\n\n\n<p class=\"wp-block-paragraph\">Tambi\u00e9n explic\u00f3 que, en el evento, participar\u00e1n unas 300 personas entre ellas: productores, la academia, los colegios profesionales agr\u00edcolas, empresas dedicadas a la producci\u00f3n y comercializaci\u00f3n de insumos agr\u00edcolas, gobierno, ONG, Programas y Proyectos que trabajan en el agro.<\/p>\n\n\n\n<p class=\"wp-block-paragraph\">La a metodolog\u00eda se basar\u00e1 en conferencias magistrales, paneles de discusi\u00f3n entre expertos y una EXPOCITRICO, que presentar\u00e1 innovaci\u00f3n y tecnolog\u00eda por parte de las empresas nacionales e internacionales que comercializan insumos y maquinaria agr\u00edcola.<\/p>","protected":false},"excerpt":{"rendered":"<p>Como un espacio acad\u00e9mico y profesional de intercambio de informaci\u00f3n y conocimiento, que sirvan para la actualizaci\u00f3n de los actores [&hellip;]<\/p>\n","protected":false},"author":213237738,"featured_media":14490,"comment_status":"closed","ping_status":"open","sticky":false,"template":"","format":"standard","meta":{"_coblocks_attr":"","_coblocks_dimensions":"","_coblocks_responsive_height":"","_coblocks_accordion_ie_support":"","_crdt_document":"","_jetpack_memberships_contains_paid_content":false,"footnotes":""},"categories":[121903],"tags":[121966,121947,121938],"class_list":["post-14487","post","type-post","status-publish","format-standard","has-post-thumbnail","hentry","category-noticias","tag-hlb","tag-honduras","tag-sanidad-vegetal"],"yoast_head":"<!-- This site is optimized with the Yoast SEO plugin v27.5 - https:\/\/yoast.com\/product\/yoast-seo-wordpress\/ -->\n<title>Se aproxima el III Foro Internacional de C\u00edtricos en Honduras - OIRSA<\/title>\n<meta name=\"description\" content=\"Como un espacio acad\u00e9mico y profesional de intercambio de informaci\u00f3n y conocimiento, que sirvan para la actualizaci\u00f3n de los actores involucrados en el\" \/>\n<meta name=\"robots\" content=\"index, follow, max-snippet:-1, max-image-preview:large, max-video-preview:-1\" \/>\n<link rel=\"canonical\" href=\"https:\/\/web.oirsa.org\/en\/archivos\/14487\/\" \/>\n<meta property=\"og:locale\" content=\"en_US\" \/>\n<meta property=\"og:type\" content=\"article\" \/>\n<meta property=\"og:title\" content=\"Se aproxima el III Foro Internacional de C\u00edtricos en Honduras - OIRSA\" \/>\n<meta property=\"og:description\" content=\"Como un espacio acad\u00e9mico y profesional de intercambio de informaci\u00f3n y conocimiento, que sirvan para la actualizaci\u00f3n de los actores involucrados en el\" \/>\n<meta property=\"og:url\" content=\"https:\/\/web.oirsa.org\/en\/archivos\/14487\/\" \/>\n<meta property=\"og:site_name\" content=\"OIRSA\" \/>\n<meta property=\"article:publisher\" content=\"https:\/\/www.facebook.com\/OIRSAoficial\" \/>\n<meta property=\"article:published_time\" content=\"2024-02-16T22:51:32+00:00\" \/>\n<meta property=\"article:modified_time\" content=\"2024-02-16T22:54:31+00:00\" \/>\n<meta property=\"og:image\" content=\"https:\/\/i0.wp.com\/web.oirsa.org\/wp-content\/uploads\/2024\/02\/citri.jpg?fit=1200%2C675&ssl=1\" \/>\n\t<meta property=\"og:image:width\" content=\"1200\" \/>\n\t<meta property=\"og:image:height\" content=\"675\" \/>\n\t<meta property=\"og:image:type\" content=\"image\/jpeg\" \/>\n<meta name=\"author\" content=\"sigfredoramirez\" \/>\n<meta name=\"twitter:card\" content=\"summary_large_image\" \/>\n<meta name=\"twitter:creator\" content=\"@OIRSAoficial\" \/>\n<meta name=\"twitter:site\" content=\"@OIRSAoficial\" \/>\n<meta name=\"twitter:label1\" content=\"Written by\" \/>\n\t<meta name=\"twitter:data1\" content=\"sigfredoramirez\" \/>\n\t<meta name=\"twitter:label2\" content=\"Est. reading time\" \/>\n\t<meta name=\"twitter:data2\" content=\"2 minutes\" \/>\n<script type=\"application\/ld+json\" class=\"yoast-schema-graph\">{\"@context\":\"https:\\\/\\\/schema.org\",\"@graph\":[{\"@type\":\"Article\",\"@id\":\"https:\\\/\\\/web.oirsa.org\\\/archivos\\\/14487#article\",\"isPartOf\":{\"@id\":\"https:\\\/\\\/web.oirsa.org\\\/archivos\\\/14487\"},\"author\":{\"name\":\"sigfredoramirez\",\"@id\":\"https:\\\/\\\/web.oirsa.org\\\/#\\\/schema\\\/person\\\/698e7776162ddf630ab36c5946d818ab\"},\"headline\":\"Se aproxima el III Foro Internacional de C\u00edtricos en Honduras\",\"datePublished\":\"2024-02-16T22:51:32+00:00\",\"dateModified\":\"2024-02-16T22:54:31+00:00\",\"mainEntityOfPage\":{\"@id\":\"https:\\\/\\\/web.oirsa.org\\\/archivos\\\/14487\"},\"wordCount\":353,\"publisher\":{\"@id\":\"https:\\\/\\\/web.oirsa.org\\\/#organization\"},\"image\":{\"@id\":\"https:\\\/\\\/web.oirsa.org\\\/archivos\\\/14487#primaryimage\"},\"thumbnailUrl\":\"https:\\\/\\\/i0.wp.com\\\/web.oirsa.org\\\/wp-content\\\/uploads\\\/2024\\\/02\\\/citri.jpg?fit=1200%2C675&ssl=1\",\"keywords\":[\"HLB\",\"Honduras\",\"Sanidad Vegetal\"],\"articleSection\":[\"Noticias\"],\"inLanguage\":\"en-US\"},{\"@type\":\"WebPage\",\"@id\":\"https:\\\/\\\/web.oirsa.org\\\/archivos\\\/14487\",\"url\":\"https:\\\/\\\/web.oirsa.org\\\/archivos\\\/14487\",\"name\":\"Se aproxima el III Foro Internacional de C\u00edtricos en Honduras - OIRSA\",\"isPartOf\":{\"@id\":\"https:\\\/\\\/web.oirsa.org\\\/#website\"},\"primaryImageOfPage\":{\"@id\":\"https:\\\/\\\/web.oirsa.org\\\/archivos\\\/14487#primaryimage\"},\"image\":{\"@id\":\"https:\\\/\\\/web.oirsa.org\\\/archivos\\\/14487#primaryimage\"},\"thumbnailUrl\":\"https:\\\/\\\/i0.wp.com\\\/web.oirsa.org\\\/wp-content\\\/uploads\\\/2024\\\/02\\\/citri.jpg?fit=1200%2C675&ssl=1\",\"datePublished\":\"2024-02-16T22:51:32+00:00\",\"dateModified\":\"2024-02-16T22:54:31+00:00\",\"description\":\"Como un espacio acad\u00e9mico y profesional de intercambio de informaci\u00f3n y conocimiento, que sirvan para la actualizaci\u00f3n de los actores involucrados en el\",\"breadcrumb\":{\"@id\":\"https:\\\/\\\/web.oirsa.org\\\/archivos\\\/14487#breadcrumb\"},\"inLanguage\":\"en-US\",\"potentialAction\":[{\"@type\":\"ReadAction\",\"target\":[\"https:\\\/\\\/web.oirsa.org\\\/archivos\\\/14487\"]}]},{\"@type\":\"ImageObject\",\"inLanguage\":\"en-US\",\"@id\":\"https:\\\/\\\/web.oirsa.org\\\/archivos\\\/14487#primaryimage\",\"url\":\"https:\\\/\\\/i0.wp.com\\\/web.oirsa.org\\\/wp-content\\\/uploads\\\/2024\\\/02\\\/citri.jpg?fit=1200%2C675&ssl=1\",\"contentUrl\":\"https:\\\/\\\/i0.wp.com\\\/web.oirsa.org\\\/wp-content\\\/uploads\\\/2024\\\/02\\\/citri.jpg?fit=1200%2C675&ssl=1\",\"width\":1200,\"height\":675},{\"@type\":\"BreadcrumbList\",\"@id\":\"https:\\\/\\\/web.oirsa.org\\\/archivos\\\/14487#breadcrumb\",\"itemListElement\":[{\"@type\":\"ListItem\",\"position\":1,\"name\":\"Portada\",\"item\":\"https:\\\/\\\/web.oirsa.org\\\/\"},{\"@type\":\"ListItem\",\"position\":2,\"name\":\"Se aproxima el III Foro Internacional de C\u00edtricos en Honduras\"}]},{\"@type\":\"WebSite\",\"@id\":\"https:\\\/\\\/web.oirsa.org\\\/#website\",\"url\":\"https:\\\/\\\/web.oirsa.org\\\/\",\"name\":\"OIRSA\",\"description\":\"Organismo Internacional Regional de Sanidad Agropecuaria\",\"publisher\":{\"@id\":\"https:\\\/\\\/web.oirsa.org\\\/#organization\"},\"potentialAction\":[{\"@type\":\"SearchAction\",\"target\":{\"@type\":\"EntryPoint\",\"urlTemplate\":\"https:\\\/\\\/web.oirsa.org\\\/?s={search_term_string}\"},\"query-input\":{\"@type\":\"PropertyValueSpecification\",\"valueRequired\":true,\"valueName\":\"search_term_string\"}}],\"inLanguage\":\"en-US\"},{\"@type\":\"Organization\",\"@id\":\"https:\\\/\\\/web.oirsa.org\\\/#organization\",\"name\":\"OIRSA\",\"url\":\"https:\\\/\\\/web.oirsa.org\\\/\",\"logo\":{\"@type\":\"ImageObject\",\"inLanguage\":\"en-US\",\"@id\":\"https:\\\/\\\/web.oirsa.org\\\/#\\\/schema\\\/logo\\\/image\\\/\",\"url\":\"https:\\\/\\\/web.oirsa.org\\\/wp-content\\\/uploads\\\/2024\\\/01\\\/cropped-LOGO-OIRSA-2023.png\",\"contentUrl\":\"https:\\\/\\\/web.oirsa.org\\\/wp-content\\\/uploads\\\/2024\\\/01\\\/cropped-LOGO-OIRSA-2023.png\",\"width\":512,\"height\":512,\"caption\":\"OIRSA\"},\"image\":{\"@id\":\"https:\\\/\\\/web.oirsa.org\\\/#\\\/schema\\\/logo\\\/image\\\/\"},\"sameAs\":[\"https:\\\/\\\/www.facebook.com\\\/OIRSAoficial\",\"https:\\\/\\\/x.com\\\/OIRSAoficial\"]},{\"@type\":\"Person\",\"@id\":\"https:\\\/\\\/web.oirsa.org\\\/#\\\/schema\\\/person\\\/698e7776162ddf630ab36c5946d818ab\",\"name\":\"sigfredoramirez\",\"image\":{\"@type\":\"ImageObject\",\"inLanguage\":\"en-US\",\"@id\":\"https:\\\/\\\/secure.gravatar.com\\\/avatar\\\/cff1a22def7b03563530f2ba16145a6b6b5acbabc1f530f59eb045d7e21222e2?s=96&d=identicon&r=g\",\"url\":\"https:\\\/\\\/secure.gravatar.com\\\/avatar\\\/cff1a22def7b03563530f2ba16145a6b6b5acbabc1f530f59eb045d7e21222e2?s=96&d=identicon&r=g\",\"contentUrl\":\"https:\\\/\\\/secure.gravatar.com\\\/avatar\\\/cff1a22def7b03563530f2ba16145a6b6b5acbabc1f530f59eb045d7e21222e2?s=96&d=identicon&r=g\",\"caption\":\"sigfredoramirez\"}}]}<\/script>\n<!-- \/ Yoast SEO plugin. -->","yoast_head_json":{"title":"Se aproxima el III Foro Internacional de C\u00edtricos en Honduras - OIRSA","description":"Como un espacio acad\u00e9mico y profesional de intercambio de informaci\u00f3n y conocimiento, que sirvan para la actualizaci\u00f3n de los actores involucrados en el","robots":{"index":"index","follow":"follow","max-snippet":"max-snippet:-1","max-image-preview":"max-image-preview:large","max-video-preview":"max-video-preview:-1"},"canonical":"https:\/\/web.oirsa.org\/en\/archivos\/14487\/","og_locale":"en_US","og_type":"article","og_title":"Se aproxima el III Foro Internacional de C\u00edtricos en Honduras - OIRSA","og_description":"Como un espacio acad\u00e9mico y profesional de intercambio de informaci\u00f3n y conocimiento, que sirvan para la actualizaci\u00f3n de los actores involucrados en el","og_url":"https:\/\/web.oirsa.org\/en\/archivos\/14487\/","og_site_name":"OIRSA","article_publisher":"https:\/\/www.facebook.com\/OIRSAoficial","article_published_time":"2024-02-16T22:51:32+00:00","article_modified_time":"2024-02-16T22:54:31+00:00","og_image":[{"width":1200,"height":675,"url":"https:\/\/i0.wp.com\/web.oirsa.org\/wp-content\/uploads\/2024\/02\/citri.jpg?fit=1200%2C675&ssl=1","type":"image\/jpeg"}],"author":"sigfredoramirez","twitter_card":"summary_large_image","twitter_creator":"@OIRSAoficial","twitter_site":"@OIRSAoficial","twitter_misc":{"Written by":"sigfredoramirez","Est. reading time":"2 minutes"},"schema":{"@context":"https:\/\/schema.org","@graph":[{"@type":"Article","@id":"https:\/\/web.oirsa.org\/archivos\/14487#article","isPartOf":{"@id":"https:\/\/web.oirsa.org\/archivos\/14487"},"author":{"name":"sigfredoramirez","@id":"https:\/\/web.oirsa.org\/#\/schema\/person\/698e7776162ddf630ab36c5946d818ab"},"headline":"Se aproxima el III Foro Internacional de C\u00edtricos en Honduras","datePublished":"2024-02-16T22:51:32+00:00","dateModified":"2024-02-16T22:54:31+00:00","mainEntityOfPage":{"@id":"https:\/\/web.oirsa.org\/archivos\/14487"},"wordCount":353,"publisher":{"@id":"https:\/\/web.oirsa.org\/#organization"},"image":{"@id":"https:\/\/web.oirsa.org\/archivos\/14487#primaryimage"},"thumbnailUrl":"https:\/\/i0.wp.com\/web.oirsa.org\/wp-content\/uploads\/2024\/02\/citri.jpg?fit=1200%2C675&ssl=1","keywords":["HLB","Honduras","Sanidad Vegetal"],"articleSection":["Noticias"],"inLanguage":"en-US"},{"@type":"WebPage","@id":"https:\/\/web.oirsa.org\/archivos\/14487","url":"https:\/\/web.oirsa.org\/archivos\/14487","name":"Se aproxima el III Foro Internacional de C\u00edtricos en Honduras - OIRSA","isPartOf":{"@id":"https:\/\/web.oirsa.org\/#website"},"primaryImageOfPage":{"@id":"https:\/\/web.oirsa.org\/archivos\/14487#primaryimage"},"image":{"@id":"https:\/\/web.oirsa.org\/archivos\/14487#primaryimage"},"thumbnailUrl":"https:\/\/i0.wp.com\/web.oirsa.org\/wp-content\/uploads\/2024\/02\/citri.jpg?fit=1200%2C675&ssl=1","datePublished":"2024-02-16T22:51:32+00:00","dateModified":"2024-02-16T22:54:31+00:00","description":"Como un espacio acad\u00e9mico y profesional de intercambio de informaci\u00f3n y conocimiento, que sirvan para la actualizaci\u00f3n de los actores involucrados en el","breadcrumb":{"@id":"https:\/\/web.oirsa.org\/archivos\/14487#breadcrumb"},"inLanguage":"en-US","potentialAction":[{"@type":"ReadAction","target":["https:\/\/web.oirsa.org\/archivos\/14487"]}]},{"@type":"ImageObject","inLanguage":"en-US","@id":"https:\/\/web.oirsa.org\/archivos\/14487#primaryimage","url":"https:\/\/i0.wp.com\/web.oirsa.org\/wp-content\/uploads\/2024\/02\/citri.jpg?fit=1200%2C675&ssl=1","contentUrl":"https:\/\/i0.wp.com\/web.oirsa.org\/wp-content\/uploads\/2024\/02\/citri.jpg?fit=1200%2C675&ssl=1","width":1200,"height":675},{"@type":"BreadcrumbList","@id":"https:\/\/web.oirsa.org\/archivos\/14487#breadcrumb","itemListElement":[{"@type":"ListItem","position":1,"name":"Portada","item":"https:\/\/web.oirsa.org\/"},{"@type":"ListItem","position":2,"name":"Se aproxima el III Foro Internacional de C\u00edtricos en Honduras"}]},{"@type":"WebSite","@id":"https:\/\/web.oirsa.org\/#website","url":"https:\/\/web.oirsa.org\/","name":"OIRSA","description":"Organismo Internacional Regional de Sanidad Agropecuaria","publisher":{"@id":"https:\/\/web.oirsa.org\/#organization"},"potentialAction":[{"@type":"SearchAction","target":{"@type":"EntryPoint","urlTemplate":"https:\/\/web.oirsa.org\/?s={search_term_string}"},"query-input":{"@type":"PropertyValueSpecification","valueRequired":true,"valueName":"search_term_string"}}],"inLanguage":"en-US"},{"@type":"Organization","@id":"https:\/\/web.oirsa.org\/#organization","name":"OIRSA","url":"https:\/\/web.oirsa.org\/","logo":{"@type":"ImageObject","inLanguage":"en-US","@id":"https:\/\/web.oirsa.org\/#\/schema\/logo\/image\/","url":"https:\/\/web.oirsa.org\/wp-content\/uploads\/2024\/01\/cropped-LOGO-OIRSA-2023.png","contentUrl":"https:\/\/web.oirsa.org\/wp-content\/uploads\/2024\/01\/cropped-LOGO-OIRSA-2023.png","width":512,"height":512,"caption":"OIRSA"},"image":{"@id":"https:\/\/web.oirsa.org\/#\/schema\/logo\/image\/"},"sameAs":["https:\/\/www.facebook.com\/OIRSAoficial","https:\/\/x.com\/OIRSAoficial"]},{"@type":"Person","@id":"https:\/\/web.oirsa.org\/#\/schema\/person\/698e7776162ddf630ab36c5946d818ab","name":"sigfredoramirez","image":{"@type":"ImageObject","inLanguage":"en-US","@id":"https:\/\/secure.gravatar.com\/avatar\/cff1a22def7b03563530f2ba16145a6b6b5acbabc1f530f59eb045d7e21222e2?s=96&d=identicon&r=g","url":"https:\/\/secure.gravatar.com\/avatar\/cff1a22def7b03563530f2ba16145a6b6b5acbabc1f530f59eb045d7e21222e2?s=96&d=identicon&r=g","contentUrl":"https:\/\/secure.gravatar.com\/avatar\/cff1a22def7b03563530f2ba16145a6b6b5acbabc1f530f59eb045d7e21222e2?s=96&d=identicon&r=g","caption":"sigfredoramirez"}}]}},"jetpack_featured_media_url":"https:\/\/i0.wp.com\/web.oirsa.org\/wp-content\/uploads\/2024\/02\/citri.jpg?fit=1200%2C675&ssl=1","jetpack_sharing_enabled":true,"_links":{"self":[{"href":"https:\/\/web.oirsa.org\/en\/wp-json\/wp\/v2\/posts\/14487","targetHints":{"allow":["GET"]}}],"collection":[{"href":"https:\/\/web.oirsa.org\/en\/wp-json\/wp\/v2\/posts"}],"about":[{"href":"https:\/\/web.oirsa.org\/en\/wp-json\/wp\/v2\/types\/post"}],"author":[{"embeddable":true,"href":"https:\/\/web.oirsa.org\/en\/wp-json\/wp\/v2\/users\/213237738"}],"replies":[{"embeddable":true,"href":"https:\/\/web.oirsa.org\/en\/wp-json\/wp\/v2\/comments?post=14487"}],"version-history":[{"count":3,"href":"https:\/\/web.oirsa.org\/en\/wp-json\/wp\/v2\/posts\/14487\/revisions"}],"predecessor-version":[{"id":14494,"href":"https:\/\/web.oirsa.org\/en\/wp-json\/wp\/v2\/posts\/14487\/revisions\/14494"}],"wp:featuredmedia":[{"embeddable":true,"href":"https:\/\/web.oirsa.org\/en\/wp-json\/wp\/v2\/media\/14490"}],"wp:attachment":[{"href":"https:\/\/web.oirsa.org\/en\/wp-json\/wp\/v2\/media?parent=14487"}],"wp:term":[{"taxonomy":"category","embeddable":true,"href":"https:\/\/web.oirsa.org\/en\/wp-json\/wp\/v2\/categories?post=14487"},{"taxonomy":"post_tag","embeddable":true,"href":"https:\/\/web.oirsa.org\/en\/wp-json\/wp\/v2\/tags?post=14487"}],"curies":[{"name":"wp","href":"https:\/\/api.w.org\/{rel}","templated":true}]}}