{"id":12767,"date":"2023-09-04T15:54:03","date_gmt":"2023-09-04T21:54:03","guid":{"rendered":"http:\/\/10.103.20.84\/?p=12767"},"modified":"2023-10-15T17:32:09","modified_gmt":"2023-10-15T23:32:09","slug":"tecnicos-de-america-latina-participan-en-taller-regional-sobre-certificacion-electronica-fitosanitaria-ephyto","status":"publish","type":"post","link":"https:\/\/web.oirsa.org\/en\/archivos\/12767","title":{"rendered":"T\u00e9cnicos de Am\u00e9rica Latina participan en Taller Regional sobre Certificaci\u00f3n Electr\u00f3nica Fitosanitaria (ePhyto)"},"content":{"rendered":"<p class=\"wp-block-paragraph\"><em>Rep\u00fablica Dominicana fue la sede del taller en el que se destac\u00f3 a ePhyto por sus beneficios al comercio de productos agr\u00edcolas, manteniendo un alto nivel de protecci\u00f3n fitosanitaria.<\/em><\/p>\n\n\n\n<p class=\"wp-block-paragraph\">El ministro de Agricultura de la Rep\u00fablica Dominicana, Limber Cruz, brind\u00f3 una cordial bienvenida a los participantes de Am\u00e9rica Latina y el Caribe que asistieron, de manera presencial, al Taller Regional de Certificaci\u00f3n Electr\u00f3nica Fitosanitaria (ePhyto). Una actividad que se realiz\u00f3 del 28 al 31 de agosto de 2023, en la localidad de Juan Dolio, San Pedro Macor\u00eds, Rep\u00fablica Dominicana.<\/p>\n\n\n\n<p class=\"wp-block-paragraph\">El taller tambi\u00e9n fue transmitido por el canal del OIRSA en YouTube. El acto inaugural de la actividad cont\u00f3 con la participaci\u00f3n de funcionarios de la Convenci\u00f3n Internacional de Protecci\u00f3n Fitosanitaria (CIPF), el Comit\u00e9 de Sanidad Vegetal del Cono Sur (COSAVE), la Organizaci\u00f3n Norteamericana de Protecci\u00f3n a las Plantas (NAPPO) y el OIRSA.\u00a0<\/p>\n\n\n\n<p class=\"wp-block-paragraph\">El director ejecutivo del OIRSA, Ra\u00fal Rodas, indic\u00f3 que el objetivo del taller era compartir experiencias y dialogar sobre desaf\u00edos en la aplicaci\u00f3n de certificados electr\u00f3nicos, para encontrar soluciones que faciliten el comercio y mejoren la Sanidad Vegetal en la regi\u00f3n de Am\u00e9rica Latina y el Caribe.<\/p>\n\n\n\n<figure class=\"wp-block-embed is-type-video is-provider-youtube wp-block-embed-youtube wp-embed-aspect-16-9 wp-has-aspect-ratio\"><div class=\"wp-block-embed__wrapper\">\n<iframe loading=\"lazy\" title=\"Taller Regional sobre Certificaci\u00f3n Electr\u00f3nica Fitosanitaria (ePhyto) - Idioma espa\u00f1ol -.\" width=\"525\" height=\"295\" src=\"https:\/\/www.youtube.com\/embed\/JU3UQoSuDGk?start=2682&feature=oembed\" frameborder=\"0\" allow=\"accelerometer; autoplay; clipboard-write; encrypted-media; gyroscope; picture-in-picture; web-share\" referrerpolicy=\"strict-origin-when-cross-origin\" allowfullscreen><\/iframe>\n<\/div><\/figure>\n\n\n\n<p class=\"wp-block-paragraph\">Asimismo, se contempl\u00f3 brindar informaci\u00f3n \u00fatil a los participantes sobre el desarrollo del sistema de certificados electr\u00f3nicos a trav\u00e9s de canales bilaterales o multilaterales. Esta informaci\u00f3n es importante para analizar y decidir sobre el establecimiento de sus sistemas, y oportunidades que representa esta nueva tecnolog\u00eda en sus negocios.<\/p>\n\n\n\n<p class=\"wp-block-paragraph\">\u201cEl certificado electr\u00f3nico ePhyto es una herramienta innovadora que puede ser implementada en cualquier pa\u00eds y hace el comercio m\u00e1s seguro, r\u00e1pido y barato\u201d, precis\u00f3 el secretario de la CIPF, Osama El-Lissy. Mientras que la directora ejecutiva de NAPPO, Stephanie Bloem, destac\u00f3 la experiencia de M\u00e9xico en la implementaci\u00f3n de la certificaci\u00f3n electr\u00f3nica fitosanitaria, y ser uno de los pa\u00edses l\u00edderes en el \u00e1mbito.<\/p>\n\n\n\n<p class=\"wp-block-paragraph\">\u201cLos pa\u00edses de Sudam\u00e9rica estamos a disposici\u00f3n para avanzar en la conexi\u00f3n a ePhyto, me parece excelente la proyecci\u00f3n de que todos los pa\u00edses de la regi\u00f3n del OIRSA usen el esquema, en modalidad\u00a0<em>paperless<\/em>, para finales de 2023\u201d, indic\u00f3, por su parte, el presidente del COSAVE, Diego Quiroga.<\/p>\n\n\n\n<p class=\"wp-block-paragraph\">En la Rep\u00fablica Dominicana, Rosa L\u00e1zala, directora de Sanidad Vegetal del Ministerio de Agricultura; Ana Luc\u00eda Melo, representante del OIRSA en el pa\u00eds; Rosa Tejada del Departamento de Cooperaci\u00f3n Internacional de Agricultura y Gianluca Nuzzo de IPPC; presidieron la inauguraci\u00f3n presencial del Taller Regional de ePhyto.<\/p>","protected":false},"excerpt":{"rendered":"<p>Rep\u00fablica Dominicana fue la sede del taller en el que se destac\u00f3 a ePhyto por sus beneficios al comercio de [&hellip;]<\/p>\n","protected":false},"author":213237738,"featured_media":12768,"comment_status":"closed","ping_status":"open","sticky":false,"template":"","format":"standard","meta":{"_coblocks_attr":"","_coblocks_dimensions":"","_coblocks_responsive_height":"","_coblocks_accordion_ie_support":"","_crdt_document":"","_jetpack_memberships_contains_paid_content":false,"footnotes":""},"categories":[121903],"tags":[121948,121938],"class_list":["post-12767","post","type-post","status-publish","format-standard","has-post-thumbnail","hentry","category-noticias","tag-republica-dominicana","tag-sanidad-vegetal"],"yoast_head":"<!-- This site is optimized with the Yoast SEO plugin v27.5 - https:\/\/yoast.com\/product\/yoast-seo-wordpress\/ -->\n<title>T\u00e9cnicos de Am\u00e9rica Latina participan en Taller Regional sobre Certificaci\u00f3n Electr\u00f3nica Fitosanitaria (ePhyto) - OIRSA<\/title>\n<meta name=\"description\" content=\"Rep\u00fablica Dominicana fue la sede del taller en el que se destac\u00f3 a ePhyto por sus beneficios al comercio de productos agr\u00edcolas, manteniendo un alto nivel\" \/>\n<meta name=\"robots\" content=\"index, follow, max-snippet:-1, max-image-preview:large, max-video-preview:-1\" \/>\n<link rel=\"canonical\" href=\"https:\/\/web.oirsa.org\/en\/archivos\/12767\/\" \/>\n<meta property=\"og:locale\" content=\"en_US\" \/>\n<meta property=\"og:type\" content=\"article\" \/>\n<meta property=\"og:title\" content=\"T\u00e9cnicos de Am\u00e9rica Latina participan en Taller Regional sobre Certificaci\u00f3n Electr\u00f3nica Fitosanitaria (ePhyto) - OIRSA\" \/>\n<meta property=\"og:description\" content=\"Rep\u00fablica Dominicana fue la sede del taller en el que se destac\u00f3 a ePhyto por sus beneficios al comercio de productos agr\u00edcolas, manteniendo un alto nivel\" \/>\n<meta property=\"og:url\" content=\"https:\/\/web.oirsa.org\/en\/archivos\/12767\/\" \/>\n<meta property=\"og:site_name\" content=\"OIRSA\" \/>\n<meta property=\"article:publisher\" content=\"https:\/\/www.facebook.com\/OIRSAoficial\" \/>\n<meta property=\"article:published_time\" content=\"2023-09-04T21:54:03+00:00\" \/>\n<meta property=\"article:modified_time\" content=\"2023-10-15T23:32:09+00:00\" \/>\n<meta property=\"og:image\" content=\"https:\/\/i0.wp.com\/web.oirsa.org\/wp-content\/uploads\/2023\/10\/TallerEphytoWeb.jpg?fit=1200%2C675&ssl=1\" \/>\n\t<meta property=\"og:image:width\" content=\"1200\" \/>\n\t<meta property=\"og:image:height\" content=\"675\" \/>\n\t<meta property=\"og:image:type\" content=\"image\/jpeg\" \/>\n<meta name=\"author\" content=\"sigfredoramirez\" \/>\n<meta name=\"twitter:card\" content=\"summary_large_image\" \/>\n<meta name=\"twitter:creator\" content=\"@OIRSAoficial\" \/>\n<meta name=\"twitter:site\" content=\"@OIRSAoficial\" \/>\n<meta name=\"twitter:label1\" content=\"Written by\" \/>\n\t<meta name=\"twitter:data1\" content=\"sigfredoramirez\" \/>\n\t<meta name=\"twitter:label2\" content=\"Est. reading time\" \/>\n\t<meta name=\"twitter:data2\" content=\"2 minutes\" \/>\n<script type=\"application\/ld+json\" class=\"yoast-schema-graph\">{\"@context\":\"https:\\\/\\\/schema.org\",\"@graph\":[{\"@type\":\"Article\",\"@id\":\"https:\\\/\\\/web.oirsa.org\\\/archivos\\\/12767#article\",\"isPartOf\":{\"@id\":\"https:\\\/\\\/web.oirsa.org\\\/archivos\\\/12767\"},\"author\":{\"name\":\"sigfredoramirez\",\"@id\":\"https:\\\/\\\/web.oirsa.org\\\/#\\\/schema\\\/person\\\/698e7776162ddf630ab36c5946d818ab\"},\"headline\":\"T\u00e9cnicos de Am\u00e9rica Latina participan en Taller Regional sobre Certificaci\u00f3n Electr\u00f3nica Fitosanitaria (ePhyto)\",\"datePublished\":\"2023-09-04T21:54:03+00:00\",\"dateModified\":\"2023-10-15T23:32:09+00:00\",\"mainEntityOfPage\":{\"@id\":\"https:\\\/\\\/web.oirsa.org\\\/archivos\\\/12767\"},\"wordCount\":471,\"publisher\":{\"@id\":\"https:\\\/\\\/web.oirsa.org\\\/#organization\"},\"image\":{\"@id\":\"https:\\\/\\\/web.oirsa.org\\\/archivos\\\/12767#primaryimage\"},\"thumbnailUrl\":\"https:\\\/\\\/i0.wp.com\\\/web.oirsa.org\\\/wp-content\\\/uploads\\\/2023\\\/10\\\/TallerEphytoWeb.jpg?fit=1200%2C675&ssl=1\",\"keywords\":[\"Rep\u00fablica Dominicana\",\"Sanidad Vegetal\"],\"articleSection\":[\"Noticias\"],\"inLanguage\":\"en-US\"},{\"@type\":\"WebPage\",\"@id\":\"https:\\\/\\\/web.oirsa.org\\\/archivos\\\/12767\",\"url\":\"https:\\\/\\\/web.oirsa.org\\\/archivos\\\/12767\",\"name\":\"T\u00e9cnicos de Am\u00e9rica Latina participan en Taller Regional sobre Certificaci\u00f3n Electr\u00f3nica Fitosanitaria (ePhyto) - OIRSA\",\"isPartOf\":{\"@id\":\"https:\\\/\\\/web.oirsa.org\\\/#website\"},\"primaryImageOfPage\":{\"@id\":\"https:\\\/\\\/web.oirsa.org\\\/archivos\\\/12767#primaryimage\"},\"image\":{\"@id\":\"https:\\\/\\\/web.oirsa.org\\\/archivos\\\/12767#primaryimage\"},\"thumbnailUrl\":\"https:\\\/\\\/i0.wp.com\\\/web.oirsa.org\\\/wp-content\\\/uploads\\\/2023\\\/10\\\/TallerEphytoWeb.jpg?fit=1200%2C675&ssl=1\",\"datePublished\":\"2023-09-04T21:54:03+00:00\",\"dateModified\":\"2023-10-15T23:32:09+00:00\",\"description\":\"Rep\u00fablica Dominicana fue la sede del taller en el que se destac\u00f3 a ePhyto por sus beneficios al comercio de productos agr\u00edcolas, manteniendo un alto nivel\",\"breadcrumb\":{\"@id\":\"https:\\\/\\\/web.oirsa.org\\\/archivos\\\/12767#breadcrumb\"},\"inLanguage\":\"en-US\",\"potentialAction\":[{\"@type\":\"ReadAction\",\"target\":[\"https:\\\/\\\/web.oirsa.org\\\/archivos\\\/12767\"]}]},{\"@type\":\"ImageObject\",\"inLanguage\":\"en-US\",\"@id\":\"https:\\\/\\\/web.oirsa.org\\\/archivos\\\/12767#primaryimage\",\"url\":\"https:\\\/\\\/i0.wp.com\\\/web.oirsa.org\\\/wp-content\\\/uploads\\\/2023\\\/10\\\/TallerEphytoWeb.jpg?fit=1200%2C675&ssl=1\",\"contentUrl\":\"https:\\\/\\\/i0.wp.com\\\/web.oirsa.org\\\/wp-content\\\/uploads\\\/2023\\\/10\\\/TallerEphytoWeb.jpg?fit=1200%2C675&ssl=1\",\"width\":1200,\"height\":675},{\"@type\":\"BreadcrumbList\",\"@id\":\"https:\\\/\\\/web.oirsa.org\\\/archivos\\\/12767#breadcrumb\",\"itemListElement\":[{\"@type\":\"ListItem\",\"position\":1,\"name\":\"Portada\",\"item\":\"https:\\\/\\\/web.oirsa.org\\\/\"},{\"@type\":\"ListItem\",\"position\":2,\"name\":\"T\u00e9cnicos de Am\u00e9rica Latina participan en Taller Regional sobre Certificaci\u00f3n Electr\u00f3nica Fitosanitaria (ePhyto)\"}]},{\"@type\":\"WebSite\",\"@id\":\"https:\\\/\\\/web.oirsa.org\\\/#website\",\"url\":\"https:\\\/\\\/web.oirsa.org\\\/\",\"name\":\"OIRSA\",\"description\":\"Organismo Internacional Regional de Sanidad Agropecuaria\",\"publisher\":{\"@id\":\"https:\\\/\\\/web.oirsa.org\\\/#organization\"},\"potentialAction\":[{\"@type\":\"SearchAction\",\"target\":{\"@type\":\"EntryPoint\",\"urlTemplate\":\"https:\\\/\\\/web.oirsa.org\\\/?s={search_term_string}\"},\"query-input\":{\"@type\":\"PropertyValueSpecification\",\"valueRequired\":true,\"valueName\":\"search_term_string\"}}],\"inLanguage\":\"en-US\"},{\"@type\":\"Organization\",\"@id\":\"https:\\\/\\\/web.oirsa.org\\\/#organization\",\"name\":\"OIRSA\",\"url\":\"https:\\\/\\\/web.oirsa.org\\\/\",\"logo\":{\"@type\":\"ImageObject\",\"inLanguage\":\"en-US\",\"@id\":\"https:\\\/\\\/web.oirsa.org\\\/#\\\/schema\\\/logo\\\/image\\\/\",\"url\":\"https:\\\/\\\/web.oirsa.org\\\/wp-content\\\/uploads\\\/2024\\\/01\\\/cropped-LOGO-OIRSA-2023.png\",\"contentUrl\":\"https:\\\/\\\/web.oirsa.org\\\/wp-content\\\/uploads\\\/2024\\\/01\\\/cropped-LOGO-OIRSA-2023.png\",\"width\":512,\"height\":512,\"caption\":\"OIRSA\"},\"image\":{\"@id\":\"https:\\\/\\\/web.oirsa.org\\\/#\\\/schema\\\/logo\\\/image\\\/\"},\"sameAs\":[\"https:\\\/\\\/www.facebook.com\\\/OIRSAoficial\",\"https:\\\/\\\/x.com\\\/OIRSAoficial\"]},{\"@type\":\"Person\",\"@id\":\"https:\\\/\\\/web.oirsa.org\\\/#\\\/schema\\\/person\\\/698e7776162ddf630ab36c5946d818ab\",\"name\":\"sigfredoramirez\",\"image\":{\"@type\":\"ImageObject\",\"inLanguage\":\"en-US\",\"@id\":\"https:\\\/\\\/secure.gravatar.com\\\/avatar\\\/cff1a22def7b03563530f2ba16145a6b6b5acbabc1f530f59eb045d7e21222e2?s=96&d=identicon&r=g\",\"url\":\"https:\\\/\\\/secure.gravatar.com\\\/avatar\\\/cff1a22def7b03563530f2ba16145a6b6b5acbabc1f530f59eb045d7e21222e2?s=96&d=identicon&r=g\",\"contentUrl\":\"https:\\\/\\\/secure.gravatar.com\\\/avatar\\\/cff1a22def7b03563530f2ba16145a6b6b5acbabc1f530f59eb045d7e21222e2?s=96&d=identicon&r=g\",\"caption\":\"sigfredoramirez\"}}]}<\/script>\n<!-- \/ Yoast SEO plugin. -->","yoast_head_json":{"title":"T\u00e9cnicos de Am\u00e9rica Latina participan en Taller Regional sobre Certificaci\u00f3n Electr\u00f3nica Fitosanitaria (ePhyto) - OIRSA","description":"Rep\u00fablica Dominicana fue la sede del taller en el que se destac\u00f3 a ePhyto por sus beneficios al comercio de productos agr\u00edcolas, manteniendo un alto nivel","robots":{"index":"index","follow":"follow","max-snippet":"max-snippet:-1","max-image-preview":"max-image-preview:large","max-video-preview":"max-video-preview:-1"},"canonical":"https:\/\/web.oirsa.org\/en\/archivos\/12767\/","og_locale":"en_US","og_type":"article","og_title":"T\u00e9cnicos de Am\u00e9rica Latina participan en Taller Regional sobre Certificaci\u00f3n Electr\u00f3nica Fitosanitaria (ePhyto) - OIRSA","og_description":"Rep\u00fablica Dominicana fue la sede del taller en el que se destac\u00f3 a ePhyto por sus beneficios al comercio de productos agr\u00edcolas, manteniendo un alto nivel","og_url":"https:\/\/web.oirsa.org\/en\/archivos\/12767\/","og_site_name":"OIRSA","article_publisher":"https:\/\/www.facebook.com\/OIRSAoficial","article_published_time":"2023-09-04T21:54:03+00:00","article_modified_time":"2023-10-15T23:32:09+00:00","og_image":[{"width":1200,"height":675,"url":"https:\/\/i0.wp.com\/web.oirsa.org\/wp-content\/uploads\/2023\/10\/TallerEphytoWeb.jpg?fit=1200%2C675&ssl=1","type":"image\/jpeg"}],"author":"sigfredoramirez","twitter_card":"summary_large_image","twitter_creator":"@OIRSAoficial","twitter_site":"@OIRSAoficial","twitter_misc":{"Written by":"sigfredoramirez","Est. reading time":"2 minutes"},"schema":{"@context":"https:\/\/schema.org","@graph":[{"@type":"Article","@id":"https:\/\/web.oirsa.org\/archivos\/12767#article","isPartOf":{"@id":"https:\/\/web.oirsa.org\/archivos\/12767"},"author":{"name":"sigfredoramirez","@id":"https:\/\/web.oirsa.org\/#\/schema\/person\/698e7776162ddf630ab36c5946d818ab"},"headline":"T\u00e9cnicos de Am\u00e9rica Latina participan en Taller Regional sobre Certificaci\u00f3n Electr\u00f3nica Fitosanitaria (ePhyto)","datePublished":"2023-09-04T21:54:03+00:00","dateModified":"2023-10-15T23:32:09+00:00","mainEntityOfPage":{"@id":"https:\/\/web.oirsa.org\/archivos\/12767"},"wordCount":471,"publisher":{"@id":"https:\/\/web.oirsa.org\/#organization"},"image":{"@id":"https:\/\/web.oirsa.org\/archivos\/12767#primaryimage"},"thumbnailUrl":"https:\/\/i0.wp.com\/web.oirsa.org\/wp-content\/uploads\/2023\/10\/TallerEphytoWeb.jpg?fit=1200%2C675&ssl=1","keywords":["Rep\u00fablica Dominicana","Sanidad Vegetal"],"articleSection":["Noticias"],"inLanguage":"en-US"},{"@type":"WebPage","@id":"https:\/\/web.oirsa.org\/archivos\/12767","url":"https:\/\/web.oirsa.org\/archivos\/12767","name":"T\u00e9cnicos de Am\u00e9rica Latina participan en Taller Regional sobre Certificaci\u00f3n Electr\u00f3nica Fitosanitaria (ePhyto) - OIRSA","isPartOf":{"@id":"https:\/\/web.oirsa.org\/#website"},"primaryImageOfPage":{"@id":"https:\/\/web.oirsa.org\/archivos\/12767#primaryimage"},"image":{"@id":"https:\/\/web.oirsa.org\/archivos\/12767#primaryimage"},"thumbnailUrl":"https:\/\/i0.wp.com\/web.oirsa.org\/wp-content\/uploads\/2023\/10\/TallerEphytoWeb.jpg?fit=1200%2C675&ssl=1","datePublished":"2023-09-04T21:54:03+00:00","dateModified":"2023-10-15T23:32:09+00:00","description":"Rep\u00fablica Dominicana fue la sede del taller en el que se destac\u00f3 a ePhyto por sus beneficios al comercio de productos agr\u00edcolas, manteniendo un alto nivel","breadcrumb":{"@id":"https:\/\/web.oirsa.org\/archivos\/12767#breadcrumb"},"inLanguage":"en-US","potentialAction":[{"@type":"ReadAction","target":["https:\/\/web.oirsa.org\/archivos\/12767"]}]},{"@type":"ImageObject","inLanguage":"en-US","@id":"https:\/\/web.oirsa.org\/archivos\/12767#primaryimage","url":"https:\/\/i0.wp.com\/web.oirsa.org\/wp-content\/uploads\/2023\/10\/TallerEphytoWeb.jpg?fit=1200%2C675&ssl=1","contentUrl":"https:\/\/i0.wp.com\/web.oirsa.org\/wp-content\/uploads\/2023\/10\/TallerEphytoWeb.jpg?fit=1200%2C675&ssl=1","width":1200,"height":675},{"@type":"BreadcrumbList","@id":"https:\/\/web.oirsa.org\/archivos\/12767#breadcrumb","itemListElement":[{"@type":"ListItem","position":1,"name":"Portada","item":"https:\/\/web.oirsa.org\/"},{"@type":"ListItem","position":2,"name":"T\u00e9cnicos de Am\u00e9rica Latina participan en Taller Regional sobre Certificaci\u00f3n Electr\u00f3nica Fitosanitaria (ePhyto)"}]},{"@type":"WebSite","@id":"https:\/\/web.oirsa.org\/#website","url":"https:\/\/web.oirsa.org\/","name":"OIRSA","description":"Organismo Internacional Regional de Sanidad Agropecuaria","publisher":{"@id":"https:\/\/web.oirsa.org\/#organization"},"potentialAction":[{"@type":"SearchAction","target":{"@type":"EntryPoint","urlTemplate":"https:\/\/web.oirsa.org\/?s={search_term_string}"},"query-input":{"@type":"PropertyValueSpecification","valueRequired":true,"valueName":"search_term_string"}}],"inLanguage":"en-US"},{"@type":"Organization","@id":"https:\/\/web.oirsa.org\/#organization","name":"OIRSA","url":"https:\/\/web.oirsa.org\/","logo":{"@type":"ImageObject","inLanguage":"en-US","@id":"https:\/\/web.oirsa.org\/#\/schema\/logo\/image\/","url":"https:\/\/web.oirsa.org\/wp-content\/uploads\/2024\/01\/cropped-LOGO-OIRSA-2023.png","contentUrl":"https:\/\/web.oirsa.org\/wp-content\/uploads\/2024\/01\/cropped-LOGO-OIRSA-2023.png","width":512,"height":512,"caption":"OIRSA"},"image":{"@id":"https:\/\/web.oirsa.org\/#\/schema\/logo\/image\/"},"sameAs":["https:\/\/www.facebook.com\/OIRSAoficial","https:\/\/x.com\/OIRSAoficial"]},{"@type":"Person","@id":"https:\/\/web.oirsa.org\/#\/schema\/person\/698e7776162ddf630ab36c5946d818ab","name":"sigfredoramirez","image":{"@type":"ImageObject","inLanguage":"en-US","@id":"https:\/\/secure.gravatar.com\/avatar\/cff1a22def7b03563530f2ba16145a6b6b5acbabc1f530f59eb045d7e21222e2?s=96&d=identicon&r=g","url":"https:\/\/secure.gravatar.com\/avatar\/cff1a22def7b03563530f2ba16145a6b6b5acbabc1f530f59eb045d7e21222e2?s=96&d=identicon&r=g","contentUrl":"https:\/\/secure.gravatar.com\/avatar\/cff1a22def7b03563530f2ba16145a6b6b5acbabc1f530f59eb045d7e21222e2?s=96&d=identicon&r=g","caption":"sigfredoramirez"}}]}},"jetpack_featured_media_url":"https:\/\/i0.wp.com\/web.oirsa.org\/wp-content\/uploads\/2023\/10\/TallerEphytoWeb.jpg?fit=1200%2C675&ssl=1","jetpack_sharing_enabled":true,"_links":{"self":[{"href":"https:\/\/web.oirsa.org\/en\/wp-json\/wp\/v2\/posts\/12767","targetHints":{"allow":["GET"]}}],"collection":[{"href":"https:\/\/web.oirsa.org\/en\/wp-json\/wp\/v2\/posts"}],"about":[{"href":"https:\/\/web.oirsa.org\/en\/wp-json\/wp\/v2\/types\/post"}],"author":[{"embeddable":true,"href":"https:\/\/web.oirsa.org\/en\/wp-json\/wp\/v2\/users\/213237738"}],"replies":[{"embeddable":true,"href":"https:\/\/web.oirsa.org\/en\/wp-json\/wp\/v2\/comments?post=12767"}],"version-history":[{"count":4,"href":"https:\/\/web.oirsa.org\/en\/wp-json\/wp\/v2\/posts\/12767\/revisions"}],"predecessor-version":[{"id":12903,"href":"https:\/\/web.oirsa.org\/en\/wp-json\/wp\/v2\/posts\/12767\/revisions\/12903"}],"wp:featuredmedia":[{"embeddable":true,"href":"https:\/\/web.oirsa.org\/en\/wp-json\/wp\/v2\/media\/12768"}],"wp:attachment":[{"href":"https:\/\/web.oirsa.org\/en\/wp-json\/wp\/v2\/media?parent=12767"}],"wp:term":[{"taxonomy":"category","embeddable":true,"href":"https:\/\/web.oirsa.org\/en\/wp-json\/wp\/v2\/categories?post=12767"},{"taxonomy":"post_tag","embeddable":true,"href":"https:\/\/web.oirsa.org\/en\/wp-json\/wp\/v2\/tags?post=12767"}],"curies":[{"name":"wp","href":"https:\/\/api.w.org\/{rel}","templated":true}]}}