{"id":10190,"date":"2023-06-08T15:59:12","date_gmt":"2023-06-08T21:59:12","guid":{"rendered":"http:\/\/10.103.20.84\/?p=10190"},"modified":"2023-06-13T13:59:20","modified_gmt":"2023-06-13T19:59:20","slug":"convocan-a-premio-regional-de-periodismo-agropecuario","status":"publish","type":"post","link":"https:\/\/web.oirsa.org\/en\/archivos\/10190","title":{"rendered":"Convocan a Premio Regional de Periodismo Agropecuario"},"content":{"rendered":"<p class=\"wp-block-paragraph\"><em>Concurso period\u00edstico se realiza en el marco del 70 aniversario de fundaci\u00f3n del Organismo Internacional Regional de Sanidad Agropecuaria <\/em><\/p>\n\n\n\n<p class=\"has-text-align-center wp-block-paragraph\"><strong>BASES DEL CONCURSO<\/strong><\/p>\n\n\n\n<p class=\"wp-block-paragraph\"><\/p>\n\n\n\n<p class=\"has-text-align-center wp-block-paragraph\"><strong>Objetivo del Premio Regional de Periodismo Agropecuario<\/strong><\/p>\n\n\n\n<p class=\"wp-block-paragraph\">Promover la protecci\u00f3n a los cultivos, la prevenci\u00f3n de enfermedades de animales de granja, los esfuerzos por garantizar la inocuidad alimentaria y, sobre todo, destacar el combate a plagas y enfermedades que da\u00f1an la agricultura y ganader\u00eda como un trabajo estrat\u00e9gico para el desarrollo de M\u00e9xico, Belice, Centroam\u00e9rica y la Rep\u00fablica Dominicana.<\/p>\n\n\n\n<p class=\"wp-block-paragraph\">Lo anterior a trav\u00e9s de premiar la realizaci\u00f3n de coberturas y reportajes period\u00edsticos que posicionen tem\u00e1ticas referentes a la sanidad agropecuaria y en las que trabaja el Organismo Internacional Regional de Sanidad Agropecuaria (OIRSA) en apoyo a los Ministerios y Secretar\u00edas de Agricultura y Ganader\u00eda de sus nueve pa\u00edses miembros, como la prevenci\u00f3n de plagas y enfermedades ante su aumento por el cambio clim\u00e1tico, los sistemas de alerta temprana en cultivos, la labor de los binomios caninos para prevenir el ingreso de productos que pongan en riesgo el estatus fito y zoosanitario, entre otros. \u00a0<\/p>\n\n\n\n<p class=\"wp-block-paragraph\">El premio regional se realiza en el marco de la conmemoraci\u00f3n de los 70 a\u00f1os del OIRSA, organismo que trabaja en la protecci\u00f3n y desarrollo de los recursos agropecuarios de los Estados que lo conforman, para garantizar una producci\u00f3n alimentaria sana y segura y facilitar el comercio internacional de productos y subproductos agropecuarios. \u00a0<\/p>\n\n\n<div class=\"wp-block-image\">\n<figure class=\"aligncenter size-large\"><img data-recalc-dims=\"1\" loading=\"lazy\" decoding=\"async\" width=\"525\" height=\"295\" src=\"https:\/\/i0.wp.com\/web.oirsa.org\/wp-content\/uploads\/2023\/06\/Premio-Regional.jpg?resize=525%2C295&ssl=1\" alt=\"\" class=\"wp-image-10228\" srcset=\"https:\/\/i0.wp.com\/web.oirsa.org\/wp-content\/uploads\/2023\/06\/Premio-Regional.jpg?resize=1024%2C576&ssl=1 1024w, https:\/\/i0.wp.com\/web.oirsa.org\/wp-content\/uploads\/2023\/06\/Premio-Regional.jpg?resize=300%2C169&ssl=1 300w, https:\/\/i0.wp.com\/web.oirsa.org\/wp-content\/uploads\/2023\/06\/Premio-Regional.jpg?resize=768%2C432&ssl=1 768w, https:\/\/i0.wp.com\/web.oirsa.org\/wp-content\/uploads\/2023\/06\/Premio-Regional.jpg?w=1200&ssl=1 1200w\" sizes=\"auto, (max-width: 525px) 100vw, 525px\" \/><\/figure>\n<\/div>\n\n\n<p class=\"has-text-align-center wp-block-paragraph\"><strong>Alcance del concurso<\/strong> <\/p>\n\n\n\n<p class=\"wp-block-paragraph\">El premio est\u00e1 abierto a todos los periodistas de M\u00e9xico, Belice, Guatemala, Honduras, El Salvador, Nicaragua, Costa Rica, Panam\u00e1 y la Rep\u00fablica Dominicana, cuyos trabajos period\u00edsticos (notas, reportajes, cr\u00f3nicas, entre otros) hayan sido publicados entre el 1\u00ba de junio y el 31 de agosto del 2023. Sus publicaciones deben de haber sido difundidas en un medio centroamericano, dominicano o internacional (en formato de prensa escrita, radial, digital o televisi\u00f3n).<\/p>\n\n\n\n<p class=\"wp-block-paragraph\"><\/p>\n\n\n\n<p class=\"has-text-align-center wp-block-paragraph\"><strong>Condicionantes del Premio de Periodismo<\/strong><\/p>\n\n\n\n<ol class=\"wp-block-list\" type=\"a\">\n<li>Los trabajos pueden presentarse de forma individual o grupal.<\/li>\n\n\n\n<li>Un trabajo no podr\u00e1 ser postulado en m\u00e1s de una ocasi\u00f3n. <\/li>\n\n\n\n<li>Cuando se presenten varios trabajos como parte del mismo proceso, ser\u00e1n aceptados como una \u00fanica postulaci\u00f3n.<\/li>\n\n\n\n<li>Se otorgar\u00e1 premio solo a los tres primeros lugares del concurso.<\/li>\n\n\n\n<li>Todos los concursantes deber\u00e1n garantizar que los trabajos son de su exclusiva autor\u00eda y originalidad.<\/li>\n<\/ol>\n\n\n\n<p class=\"wp-block-paragraph\"><\/p>\n\n\n\n<p class=\"has-text-align-center wp-block-paragraph\"><strong>Postulaci\u00f3n de trabajos<\/strong><\/p>\n\n\n\n<p class=\"wp-block-paragraph\">Para participar en el concurso, el material period\u00edstico debe ser enviado al correo institucional: <a href=\"mailto:comunicaciones@oirsa.org\">comunicaciones@oirsa.org<\/a>, indicando en el asunto del mismo: \u201c<strong>Concurso de periodismo agropecuario<\/strong>\u201d, recibi\u00e9ndose aplicaciones hasta el viernes, 8 de septiembre del 2023, con hora l\u00edmite de cierre a las 23:59, hora de Centroam\u00e9rica.\u00a0 \u00a0\u00a0<\/p>\n\n\n\n<ul class=\"wp-block-list\" type=\"a\">\n<li>En el caso de peri\u00f3dicos, revistas y otros medios impresos, cada participante debe enviar una versi\u00f3n escaneada del trabajo impreso y un documento en formato Word con el texto de la publicaci\u00f3n. Los trabajos deben ser presentados tal y como fueron difundidos originalmente, no participan adaptaciones o reediciones. Asimismo, en otro documento, una ficha en formato Word con nombre completo del autor o los autores, documento de identidad, direcci\u00f3n de residencia, n\u00famero telef\u00f3nico, breve rese\u00f1a de su hoja de vida y un breve resumen en el que el periodista explique el enfoque y el contenido de la pieza que postula para el premio. \u00a0\u00a0\u00a0<\/li>\n<\/ul>\n\n\n\n<p class=\"wp-block-paragraph\"><\/p>\n\n\n\n<ul class=\"wp-block-list\" type=\"a\">\n<li>Para el caso del material de medios televisivos, el video de la nota en formato mp4, en alta resoluci\u00f3n, a trav\u00e9s de un enlace en el servicio de Microsoft OneDrive. A su vez, una ficha en formato Word en la que se detalle el canal, la fecha y hora a la que fue transmitida y el noticiero o la franja informativa. Tambi\u00e9n otro documento con el nombre completo del autor o autores, documento de identidad, direcci\u00f3n de residencia, n\u00famero telef\u00f3nico, breve rese\u00f1a de su hoja de vida y un breve resumen en el que el periodista explique el enfoque y el contenido de la nota.<\/li>\n<\/ul>\n\n\n\n<p class=\"wp-block-paragraph\"><\/p>\n\n\n\n<ul class=\"wp-block-list\" type=\"a\">\n<li>Del mismo modo, para producciones radiof\u00f3nicas, enviar el archivo de audio en formato mp3 y una ficha en formato Word en la que se detalle la radioemisora, la fecha y hora a la que fue transmitida al aire y el noticiero o la franja informativa de la que fue parte. Asimismo, nombre completo del autor, documento de identidad, direcci\u00f3n de residencia, n\u00famero telef\u00f3nico, breve rese\u00f1a de su hoja de vida y un breve resumen en el que el periodista explique el enfoque y el contenido de la nota.<\/li>\n<\/ul>\n\n\n\n<p class=\"wp-block-paragraph\"><\/p>\n\n\n\n<ul class=\"wp-block-list\" type=\"a\">\n<li>En el caso de medios digitales, mandar un enlace a la publicaci\u00f3n en l\u00ednea y documento, una ficha en formato Word con nombre completo del autor o los autores, documento de identidad, direcci\u00f3n de residencia, n\u00famero telef\u00f3nico, breve rese\u00f1a de su hoja de vida y un breve resumen en el que el periodista explique el enfoque y el contenido de la pieza que postula para el premio. \u00a0\u00a0\u00a0\u00a0<\/li>\n<\/ul>\n\n\n\n<p class=\"has-text-align-center wp-block-paragraph\"><strong>El jurado<\/strong><\/p>\n\n\n\n<p class=\"wp-block-paragraph\">Los trabajos ser\u00e1n valorados por un jurado integrado por tres miembros que se regir\u00e1n por los siguientes criterios:<\/p>\n\n\n\n<p class=\"wp-block-paragraph\">a.\u00a0 Originalidad, enfoque y planteamiento del tema\u2026 30%<\/p>\n\n\n\n<p class=\"wp-block-paragraph\">b. Investigaci\u00f3n period\u00edstica\u2026 30%<\/p>\n\n\n\n<p class=\"wp-block-paragraph\">c.\u00a0 Diversidad y relevancia de las fuentes consultadas\u2026 30%<\/p>\n\n\n\n<p class=\"wp-block-paragraph\">d. Fotograf\u00eda, infograf\u00eda, ilustraciones, gr\u00e1ficos y datos estad\u00edsticos\u2026 10%<\/p>\n\n\n\n<p class=\"wp-block-paragraph\">           El jurado tomar\u00e1 sus decisiones por mayor\u00eda, las cuales ser\u00e1n inapelables.<\/p>\n\n\n\n<p class=\"wp-block-paragraph\"><\/p>\n\n\n\n<p class=\"has-text-align-center wp-block-paragraph\"><strong>Premios<\/strong><\/p>\n\n\n\n<div class=\"wp-block-columns is-layout-flex wp-container-core-columns-is-layout-8f761849 wp-block-columns-is-layout-flex\">\n<div class=\"wp-block-column is-layout-flow wp-block-column-is-layout-flow\"><\/div>\n\n\n\n<div class=\"wp-block-column is-layout-flow wp-block-column-is-layout-flow\">\n<figure class=\"wp-block-image size-large\"><img data-recalc-dims=\"1\" loading=\"lazy\" decoding=\"async\" width=\"525\" height=\"177\" src=\"https:\/\/i0.wp.com\/web.oirsa.org\/wp-content\/uploads\/2023\/06\/Logo-70-anos-horizontal-1.jpg?resize=525%2C177&ssl=1\" alt=\"\" class=\"wp-image-10222\" srcset=\"https:\/\/i0.wp.com\/web.oirsa.org\/wp-content\/uploads\/2023\/06\/Logo-70-anos-horizontal-1.jpg?resize=1024%2C345&ssl=1 1024w, https:\/\/i0.wp.com\/web.oirsa.org\/wp-content\/uploads\/2023\/06\/Logo-70-anos-horizontal-1.jpg?resize=300%2C101&ssl=1 300w, https:\/\/i0.wp.com\/web.oirsa.org\/wp-content\/uploads\/2023\/06\/Logo-70-anos-horizontal-1.jpg?resize=768%2C259&ssl=1 768w, https:\/\/i0.wp.com\/web.oirsa.org\/wp-content\/uploads\/2023\/06\/Logo-70-anos-horizontal-1.jpg?resize=1536%2C518&ssl=1 1536w, https:\/\/i0.wp.com\/web.oirsa.org\/wp-content\/uploads\/2023\/06\/Logo-70-anos-horizontal-1.jpg?resize=2048%2C690&ssl=1 2048w, https:\/\/i0.wp.com\/web.oirsa.org\/wp-content\/uploads\/2023\/06\/Logo-70-anos-horizontal-1.jpg?resize=1200%2C405&ssl=1 1200w\" sizes=\"auto, (max-width: 525px) 100vw, 525px\" \/><\/figure>\n<\/div>\n\n\n\n<div class=\"wp-block-column is-layout-flow wp-block-column-is-layout-flow\"><\/div>\n<\/div>\n\n\n\n<p class=\"wp-block-paragraph\"><\/p>\n\n\n\n<ol class=\"wp-block-list\" type=\"1\">\n<li>Se reconocer\u00e1 el primer lugar con una computadora Apple MacBook Air de 13.3 pulgadas y un certificado de honor. El ganador viajar\u00e1 al acto conmemorativo por los 70 a\u00f1os del OIRSA que se realizar\u00e1 en la ciudad de San Salvador, El Salvador, el 31 de octubre de 2023. Si el ganador es un trabajo grupal, solo un representante viajar\u00e1 a la ceremonia de premiaci\u00f3n y ser\u00e1 depositario de una computadora.<\/li>\n\n\n\n<li>El segundo lugar recibir\u00e1 una c\u00e1mara fotogr\u00e1fica y un diploma de reconocimiento por su labor.<\/li>\n\n\n\n<li>El tercer lugar recibir\u00e1 un IPad marca Apple y su respectivo diploma de reconocimiento.<\/li>\n<\/ol>\n\n\n\n<p class=\"wp-block-paragraph\"><\/p>\n\n\n\n<p class=\"has-text-align-center wp-block-paragraph\"><strong>Derechos y difusi\u00f3n<\/strong><\/p>\n\n\n\n<p class=\"wp-block-paragraph\">Los trabajos ganadores podr\u00e1n ser presentados en actividades del OIRSA, para lo cual el autor cede los derechos patrimoniales al Organismo para poder explotar el material por tiempo indefinido, tanto a nivel nacional como internacional, siempre reconociendo el nombre del autor. <\/p>\n\n\n\n<p class=\"wp-block-paragraph\"><\/p>\n\n\n\n<p class=\"has-text-align-center wp-block-paragraph\"><strong>Aceptaci\u00f3n de las bases<\/strong><\/p>\n\n\n\n<ol class=\"wp-block-list\" type=\"a\">\n<li>La inscripci\u00f3n de los trabajos supone la aceptaci\u00f3n de estas bases, as\u00ed como de las decisiones del jurado e implica la renuncia a cualquier reclamo.<\/li>\n\n\n\n<li>Los asuntos no previstos en las bases ser\u00e1n resueltos por el jurado.<\/li>\n\n\n\n<li>Cualquier trabajo que no cumpla con lo establecido en estas bases ser\u00e1 descalificado.<\/li>\n\n\n\n<li>El jurado del concurso presupone que las personas que inscriban los trabajos detentan los derechos para hacerlo y que todos los datos que se incluyen en la inscripci\u00f3n son verdaderos.<\/li>\n\n\n\n<li>En el concurso no pueden participar empleados del OIRSA, organismos internacionales ni de los Ministerios y Secretar\u00edas de Agricultura y Ganader\u00eda de los pa\u00edses miembros del Organismo.<\/li>\n<\/ol>\n\n\n\n<p class=\"wp-block-paragraph\"><\/p>\n\n\n\n<p class=\"has-text-align-center wp-block-paragraph\"><strong>M\u00e1s informaci\u00f3n<\/strong><\/p>\n\n\n\n<p class=\"wp-block-paragraph\">Para m\u00e1s informaci\u00f3n sobre el premio regional de periodismo agropecuario puede escribir al correo: <a href=\"mailto:comunicaciones@oirsa.org\">comunicaciones@oirsa.org<\/a><\/p>","protected":false},"excerpt":{"rendered":"<p>Concurso period\u00edstico se realiza en el marco del 70 aniversario de fundaci\u00f3n del Organismo Internacional Regional de Sanidad Agropecuaria BASES [&hellip;]<\/p>\n","protected":false},"author":213237738,"featured_media":10207,"comment_status":"closed","ping_status":"open","sticky":false,"template":"","format":"standard","meta":{"_coblocks_attr":"","_coblocks_dimensions":"","_coblocks_responsive_height":"","_coblocks_accordion_ie_support":"","_crdt_document":"","_jetpack_memberships_contains_paid_content":false,"footnotes":""},"categories":[121903],"tags":[],"class_list":["post-10190","post","type-post","status-publish","format-standard","has-post-thumbnail","hentry","category-noticias"],"yoast_head":"<!-- This site is optimized with the Yoast SEO plugin v27.5 - https:\/\/yoast.com\/product\/yoast-seo-wordpress\/ -->\n<title>Convocan a Premio Regional de Periodismo Agropecuario - OIRSA<\/title>\n<meta name=\"description\" content=\"Concurso period\u00edstico se realiza en el marco del 70 aniversario de fundaci\u00f3n del Organismo Internacional Regional de Sanidad Agropecuaria BASES DEL\" \/>\n<meta name=\"robots\" content=\"index, follow, max-snippet:-1, max-image-preview:large, max-video-preview:-1\" \/>\n<link rel=\"canonical\" href=\"https:\/\/web.oirsa.org\/en\/archivos\/10190\/\" \/>\n<meta property=\"og:locale\" content=\"en_US\" \/>\n<meta property=\"og:type\" content=\"article\" \/>\n<meta property=\"og:title\" content=\"Convocan a Premio Regional de Periodismo Agropecuario - OIRSA\" \/>\n<meta property=\"og:description\" content=\"Concurso period\u00edstico se realiza en el marco del 70 aniversario de fundaci\u00f3n del Organismo Internacional Regional de Sanidad Agropecuaria BASES DEL\" \/>\n<meta property=\"og:url\" content=\"https:\/\/web.oirsa.org\/en\/archivos\/10190\/\" \/>\n<meta property=\"og:site_name\" content=\"OIRSA\" \/>\n<meta property=\"article:publisher\" content=\"https:\/\/www.facebook.com\/OIRSAoficial\" \/>\n<meta property=\"article:published_time\" content=\"2023-06-08T21:59:12+00:00\" \/>\n<meta property=\"article:modified_time\" content=\"2023-06-13T19:59:20+00:00\" \/>\n<meta property=\"og:image\" content=\"https:\/\/i0.wp.com\/web.oirsa.org\/wp-content\/uploads\/2023\/06\/Concurso.jpg?fit=1200%2C675&ssl=1\" \/>\n\t<meta property=\"og:image:width\" content=\"1200\" \/>\n\t<meta property=\"og:image:height\" content=\"675\" \/>\n\t<meta property=\"og:image:type\" content=\"image\/jpeg\" \/>\n<meta name=\"author\" content=\"sigfredoramirez\" \/>\n<meta name=\"twitter:card\" content=\"summary_large_image\" \/>\n<meta name=\"twitter:creator\" content=\"@OIRSAoficial\" \/>\n<meta name=\"twitter:site\" content=\"@OIRSAoficial\" \/>\n<meta name=\"twitter:label1\" content=\"Written by\" \/>\n\t<meta name=\"twitter:data1\" content=\"sigfredoramirez\" \/>\n\t<meta name=\"twitter:label2\" content=\"Est. reading time\" \/>\n\t<meta name=\"twitter:data2\" content=\"6 minutes\" \/>\n<script type=\"application\/ld+json\" class=\"yoast-schema-graph\">{\"@context\":\"https:\\\/\\\/schema.org\",\"@graph\":[{\"@type\":\"Article\",\"@id\":\"https:\\\/\\\/web.oirsa.org\\\/archivos\\\/10190#article\",\"isPartOf\":{\"@id\":\"https:\\\/\\\/web.oirsa.org\\\/archivos\\\/10190\"},\"author\":{\"name\":\"sigfredoramirez\",\"@id\":\"https:\\\/\\\/web.oirsa.org\\\/#\\\/schema\\\/person\\\/698e7776162ddf630ab36c5946d818ab\"},\"headline\":\"Convocan a Premio Regional de Periodismo Agropecuario\",\"datePublished\":\"2023-06-08T21:59:12+00:00\",\"dateModified\":\"2023-06-13T19:59:20+00:00\",\"mainEntityOfPage\":{\"@id\":\"https:\\\/\\\/web.oirsa.org\\\/archivos\\\/10190\"},\"wordCount\":1213,\"publisher\":{\"@id\":\"https:\\\/\\\/web.oirsa.org\\\/#organization\"},\"image\":{\"@id\":\"https:\\\/\\\/web.oirsa.org\\\/archivos\\\/10190#primaryimage\"},\"thumbnailUrl\":\"https:\\\/\\\/i0.wp.com\\\/web.oirsa.org\\\/wp-content\\\/uploads\\\/2023\\\/06\\\/Concurso.jpg?fit=1200%2C675&ssl=1\",\"articleSection\":[\"Noticias\"],\"inLanguage\":\"en-US\"},{\"@type\":\"WebPage\",\"@id\":\"https:\\\/\\\/web.oirsa.org\\\/archivos\\\/10190\",\"url\":\"https:\\\/\\\/web.oirsa.org\\\/archivos\\\/10190\",\"name\":\"Convocan a Premio Regional de Periodismo Agropecuario - OIRSA\",\"isPartOf\":{\"@id\":\"https:\\\/\\\/web.oirsa.org\\\/#website\"},\"primaryImageOfPage\":{\"@id\":\"https:\\\/\\\/web.oirsa.org\\\/archivos\\\/10190#primaryimage\"},\"image\":{\"@id\":\"https:\\\/\\\/web.oirsa.org\\\/archivos\\\/10190#primaryimage\"},\"thumbnailUrl\":\"https:\\\/\\\/i0.wp.com\\\/web.oirsa.org\\\/wp-content\\\/uploads\\\/2023\\\/06\\\/Concurso.jpg?fit=1200%2C675&ssl=1\",\"datePublished\":\"2023-06-08T21:59:12+00:00\",\"dateModified\":\"2023-06-13T19:59:20+00:00\",\"description\":\"Concurso period\u00edstico se realiza en el marco del 70 aniversario de fundaci\u00f3n del Organismo Internacional Regional de Sanidad Agropecuaria BASES DEL\",\"breadcrumb\":{\"@id\":\"https:\\\/\\\/web.oirsa.org\\\/archivos\\\/10190#breadcrumb\"},\"inLanguage\":\"en-US\",\"potentialAction\":[{\"@type\":\"ReadAction\",\"target\":[\"https:\\\/\\\/web.oirsa.org\\\/archivos\\\/10190\"]}]},{\"@type\":\"ImageObject\",\"inLanguage\":\"en-US\",\"@id\":\"https:\\\/\\\/web.oirsa.org\\\/archivos\\\/10190#primaryimage\",\"url\":\"https:\\\/\\\/i0.wp.com\\\/web.oirsa.org\\\/wp-content\\\/uploads\\\/2023\\\/06\\\/Concurso.jpg?fit=1200%2C675&ssl=1\",\"contentUrl\":\"https:\\\/\\\/i0.wp.com\\\/web.oirsa.org\\\/wp-content\\\/uploads\\\/2023\\\/06\\\/Concurso.jpg?fit=1200%2C675&ssl=1\",\"width\":1200,\"height\":675},{\"@type\":\"BreadcrumbList\",\"@id\":\"https:\\\/\\\/web.oirsa.org\\\/archivos\\\/10190#breadcrumb\",\"itemListElement\":[{\"@type\":\"ListItem\",\"position\":1,\"name\":\"Portada\",\"item\":\"https:\\\/\\\/web.oirsa.org\\\/\"},{\"@type\":\"ListItem\",\"position\":2,\"name\":\"Convocan a Premio Regional de Periodismo Agropecuario\"}]},{\"@type\":\"WebSite\",\"@id\":\"https:\\\/\\\/web.oirsa.org\\\/#website\",\"url\":\"https:\\\/\\\/web.oirsa.org\\\/\",\"name\":\"OIRSA\",\"description\":\"Organismo Internacional Regional de Sanidad Agropecuaria\",\"publisher\":{\"@id\":\"https:\\\/\\\/web.oirsa.org\\\/#organization\"},\"potentialAction\":[{\"@type\":\"SearchAction\",\"target\":{\"@type\":\"EntryPoint\",\"urlTemplate\":\"https:\\\/\\\/web.oirsa.org\\\/?s={search_term_string}\"},\"query-input\":{\"@type\":\"PropertyValueSpecification\",\"valueRequired\":true,\"valueName\":\"search_term_string\"}}],\"inLanguage\":\"en-US\"},{\"@type\":\"Organization\",\"@id\":\"https:\\\/\\\/web.oirsa.org\\\/#organization\",\"name\":\"OIRSA\",\"url\":\"https:\\\/\\\/web.oirsa.org\\\/\",\"logo\":{\"@type\":\"ImageObject\",\"inLanguage\":\"en-US\",\"@id\":\"https:\\\/\\\/web.oirsa.org\\\/#\\\/schema\\\/logo\\\/image\\\/\",\"url\":\"https:\\\/\\\/web.oirsa.org\\\/wp-content\\\/uploads\\\/2024\\\/01\\\/cropped-LOGO-OIRSA-2023.png\",\"contentUrl\":\"https:\\\/\\\/web.oirsa.org\\\/wp-content\\\/uploads\\\/2024\\\/01\\\/cropped-LOGO-OIRSA-2023.png\",\"width\":512,\"height\":512,\"caption\":\"OIRSA\"},\"image\":{\"@id\":\"https:\\\/\\\/web.oirsa.org\\\/#\\\/schema\\\/logo\\\/image\\\/\"},\"sameAs\":[\"https:\\\/\\\/www.facebook.com\\\/OIRSAoficial\",\"https:\\\/\\\/x.com\\\/OIRSAoficial\"]},{\"@type\":\"Person\",\"@id\":\"https:\\\/\\\/web.oirsa.org\\\/#\\\/schema\\\/person\\\/698e7776162ddf630ab36c5946d818ab\",\"name\":\"sigfredoramirez\",\"image\":{\"@type\":\"ImageObject\",\"inLanguage\":\"en-US\",\"@id\":\"https:\\\/\\\/secure.gravatar.com\\\/avatar\\\/cff1a22def7b03563530f2ba16145a6b6b5acbabc1f530f59eb045d7e21222e2?s=96&d=identicon&r=g\",\"url\":\"https:\\\/\\\/secure.gravatar.com\\\/avatar\\\/cff1a22def7b03563530f2ba16145a6b6b5acbabc1f530f59eb045d7e21222e2?s=96&d=identicon&r=g\",\"contentUrl\":\"https:\\\/\\\/secure.gravatar.com\\\/avatar\\\/cff1a22def7b03563530f2ba16145a6b6b5acbabc1f530f59eb045d7e21222e2?s=96&d=identicon&r=g\",\"caption\":\"sigfredoramirez\"}}]}<\/script>\n<!-- \/ Yoast SEO plugin. -->","yoast_head_json":{"title":"Convocan a Premio Regional de Periodismo Agropecuario - OIRSA","description":"Concurso period\u00edstico se realiza en el marco del 70 aniversario de fundaci\u00f3n del Organismo Internacional Regional de Sanidad Agropecuaria BASES DEL","robots":{"index":"index","follow":"follow","max-snippet":"max-snippet:-1","max-image-preview":"max-image-preview:large","max-video-preview":"max-video-preview:-1"},"canonical":"https:\/\/web.oirsa.org\/en\/archivos\/10190\/","og_locale":"en_US","og_type":"article","og_title":"Convocan a Premio Regional de Periodismo Agropecuario - OIRSA","og_description":"Concurso period\u00edstico se realiza en el marco del 70 aniversario de fundaci\u00f3n del Organismo Internacional Regional de Sanidad Agropecuaria BASES DEL","og_url":"https:\/\/web.oirsa.org\/en\/archivos\/10190\/","og_site_name":"OIRSA","article_publisher":"https:\/\/www.facebook.com\/OIRSAoficial","article_published_time":"2023-06-08T21:59:12+00:00","article_modified_time":"2023-06-13T19:59:20+00:00","og_image":[{"width":1200,"height":675,"url":"https:\/\/i0.wp.com\/web.oirsa.org\/wp-content\/uploads\/2023\/06\/Concurso.jpg?fit=1200%2C675&ssl=1","type":"image\/jpeg"}],"author":"sigfredoramirez","twitter_card":"summary_large_image","twitter_creator":"@OIRSAoficial","twitter_site":"@OIRSAoficial","twitter_misc":{"Written by":"sigfredoramirez","Est. reading time":"6 minutes"},"schema":{"@context":"https:\/\/schema.org","@graph":[{"@type":"Article","@id":"https:\/\/web.oirsa.org\/archivos\/10190#article","isPartOf":{"@id":"https:\/\/web.oirsa.org\/archivos\/10190"},"author":{"name":"sigfredoramirez","@id":"https:\/\/web.oirsa.org\/#\/schema\/person\/698e7776162ddf630ab36c5946d818ab"},"headline":"Convocan a Premio Regional de Periodismo Agropecuario","datePublished":"2023-06-08T21:59:12+00:00","dateModified":"2023-06-13T19:59:20+00:00","mainEntityOfPage":{"@id":"https:\/\/web.oirsa.org\/archivos\/10190"},"wordCount":1213,"publisher":{"@id":"https:\/\/web.oirsa.org\/#organization"},"image":{"@id":"https:\/\/web.oirsa.org\/archivos\/10190#primaryimage"},"thumbnailUrl":"https:\/\/i0.wp.com\/web.oirsa.org\/wp-content\/uploads\/2023\/06\/Concurso.jpg?fit=1200%2C675&ssl=1","articleSection":["Noticias"],"inLanguage":"en-US"},{"@type":"WebPage","@id":"https:\/\/web.oirsa.org\/archivos\/10190","url":"https:\/\/web.oirsa.org\/archivos\/10190","name":"Convocan a Premio Regional de Periodismo Agropecuario - OIRSA","isPartOf":{"@id":"https:\/\/web.oirsa.org\/#website"},"primaryImageOfPage":{"@id":"https:\/\/web.oirsa.org\/archivos\/10190#primaryimage"},"image":{"@id":"https:\/\/web.oirsa.org\/archivos\/10190#primaryimage"},"thumbnailUrl":"https:\/\/i0.wp.com\/web.oirsa.org\/wp-content\/uploads\/2023\/06\/Concurso.jpg?fit=1200%2C675&ssl=1","datePublished":"2023-06-08T21:59:12+00:00","dateModified":"2023-06-13T19:59:20+00:00","description":"Concurso period\u00edstico se realiza en el marco del 70 aniversario de fundaci\u00f3n del Organismo Internacional Regional de Sanidad Agropecuaria BASES DEL","breadcrumb":{"@id":"https:\/\/web.oirsa.org\/archivos\/10190#breadcrumb"},"inLanguage":"en-US","potentialAction":[{"@type":"ReadAction","target":["https:\/\/web.oirsa.org\/archivos\/10190"]}]},{"@type":"ImageObject","inLanguage":"en-US","@id":"https:\/\/web.oirsa.org\/archivos\/10190#primaryimage","url":"https:\/\/i0.wp.com\/web.oirsa.org\/wp-content\/uploads\/2023\/06\/Concurso.jpg?fit=1200%2C675&ssl=1","contentUrl":"https:\/\/i0.wp.com\/web.oirsa.org\/wp-content\/uploads\/2023\/06\/Concurso.jpg?fit=1200%2C675&ssl=1","width":1200,"height":675},{"@type":"BreadcrumbList","@id":"https:\/\/web.oirsa.org\/archivos\/10190#breadcrumb","itemListElement":[{"@type":"ListItem","position":1,"name":"Portada","item":"https:\/\/web.oirsa.org\/"},{"@type":"ListItem","position":2,"name":"Convocan a Premio Regional de Periodismo Agropecuario"}]},{"@type":"WebSite","@id":"https:\/\/web.oirsa.org\/#website","url":"https:\/\/web.oirsa.org\/","name":"OIRSA","description":"Organismo Internacional Regional de Sanidad Agropecuaria","publisher":{"@id":"https:\/\/web.oirsa.org\/#organization"},"potentialAction":[{"@type":"SearchAction","target":{"@type":"EntryPoint","urlTemplate":"https:\/\/web.oirsa.org\/?s={search_term_string}"},"query-input":{"@type":"PropertyValueSpecification","valueRequired":true,"valueName":"search_term_string"}}],"inLanguage":"en-US"},{"@type":"Organization","@id":"https:\/\/web.oirsa.org\/#organization","name":"OIRSA","url":"https:\/\/web.oirsa.org\/","logo":{"@type":"ImageObject","inLanguage":"en-US","@id":"https:\/\/web.oirsa.org\/#\/schema\/logo\/image\/","url":"https:\/\/web.oirsa.org\/wp-content\/uploads\/2024\/01\/cropped-LOGO-OIRSA-2023.png","contentUrl":"https:\/\/web.oirsa.org\/wp-content\/uploads\/2024\/01\/cropped-LOGO-OIRSA-2023.png","width":512,"height":512,"caption":"OIRSA"},"image":{"@id":"https:\/\/web.oirsa.org\/#\/schema\/logo\/image\/"},"sameAs":["https:\/\/www.facebook.com\/OIRSAoficial","https:\/\/x.com\/OIRSAoficial"]},{"@type":"Person","@id":"https:\/\/web.oirsa.org\/#\/schema\/person\/698e7776162ddf630ab36c5946d818ab","name":"sigfredoramirez","image":{"@type":"ImageObject","inLanguage":"en-US","@id":"https:\/\/secure.gravatar.com\/avatar\/cff1a22def7b03563530f2ba16145a6b6b5acbabc1f530f59eb045d7e21222e2?s=96&d=identicon&r=g","url":"https:\/\/secure.gravatar.com\/avatar\/cff1a22def7b03563530f2ba16145a6b6b5acbabc1f530f59eb045d7e21222e2?s=96&d=identicon&r=g","contentUrl":"https:\/\/secure.gravatar.com\/avatar\/cff1a22def7b03563530f2ba16145a6b6b5acbabc1f530f59eb045d7e21222e2?s=96&d=identicon&r=g","caption":"sigfredoramirez"}}]}},"jetpack_featured_media_url":"https:\/\/i0.wp.com\/web.oirsa.org\/wp-content\/uploads\/2023\/06\/Concurso.jpg?fit=1200%2C675&ssl=1","jetpack_sharing_enabled":true,"_links":{"self":[{"href":"https:\/\/web.oirsa.org\/en\/wp-json\/wp\/v2\/posts\/10190","targetHints":{"allow":["GET"]}}],"collection":[{"href":"https:\/\/web.oirsa.org\/en\/wp-json\/wp\/v2\/posts"}],"about":[{"href":"https:\/\/web.oirsa.org\/en\/wp-json\/wp\/v2\/types\/post"}],"author":[{"embeddable":true,"href":"https:\/\/web.oirsa.org\/en\/wp-json\/wp\/v2\/users\/213237738"}],"replies":[{"embeddable":true,"href":"https:\/\/web.oirsa.org\/en\/wp-json\/wp\/v2\/comments?post=10190"}],"version-history":[{"count":31,"href":"https:\/\/web.oirsa.org\/en\/wp-json\/wp\/v2\/posts\/10190\/revisions"}],"predecessor-version":[{"id":10274,"href":"https:\/\/web.oirsa.org\/en\/wp-json\/wp\/v2\/posts\/10190\/revisions\/10274"}],"wp:featuredmedia":[{"embeddable":true,"href":"https:\/\/web.oirsa.org\/en\/wp-json\/wp\/v2\/media\/10207"}],"wp:attachment":[{"href":"https:\/\/web.oirsa.org\/en\/wp-json\/wp\/v2\/media?parent=10190"}],"wp:term":[{"taxonomy":"category","embeddable":true,"href":"https:\/\/web.oirsa.org\/en\/wp-json\/wp\/v2\/categories?post=10190"},{"taxonomy":"post_tag","embeddable":true,"href":"https:\/\/web.oirsa.org\/en\/wp-json\/wp\/v2\/tags?post=10190"}],"curies":[{"name":"wp","href":"https:\/\/api.w.org\/{rel}","templated":true}]}}